{"id":224213,"date":"2026-02-24T10:05:21","date_gmt":"2026-02-24T13:05:21","guid":{"rendered":"https:\/\/portaltela.pt\/noticias\/2026\/02\/24\/medico-julgado-por-facilitar-utentes-do-privado-a-consultas-no-sns\/"},"modified":"2026-02-24T10:05:21","modified_gmt":"2026-02-24T13:05:21","slug":"medico-julgado-por-facilitar-utentes-do-privado-a-consultas-no-sns","status":"publish","type":"post","link":"https:\/\/portaltela.pt\/noticias\/2026\/02\/24\/medico-julgado-por-facilitar-utentes-do-privado-a-consultas-no-sns\/","title":{"rendered":"M\u00e9dico julgado por facilitar utentes do privado a consultas no SNS"},"content":{"rendered":"<p>Um m\u00e9dico oftalmologista de 65 anos vai a julgamento no Tribunal da Guarda por abuso de poder. Acusam-no de ter feito com que utentes que atendia em cl\u00ednicas privadas pudessem furar a fila do servi\u00e7o p\u00fablico de oftalmologia do Hospital da Guarda, para serem atendidos mais rapidamente. Os factos remontam a 2020 a 2024.<\/p>\n<p>O m\u00e9dico exercia em tr\u00eas unidades de sa\u00fade: Guarda, Seia e M\u00eada. Segundo o Jornal de Not\u00edcias, marcava consultas no SNS para pacientes privados, que pagavam entre 60 e 80 euros por consulta. Em vez de esperar na fila p\u00fablica, estes eram atendidos em cerca de um m\u00eas, quando a fila p\u00fablica excedia um ano.<\/p>\n<p>No final de 2021, a lista de espera para oftalmologia na Guarda excedia as 1.700 pessoas. O juiz de instru\u00e7\u00e3o entendeu haver fortes ind\u00edcios de abuso das fun\u00e7\u00f5es para favorecer pacientes privados, motivado por interesses econ\u00f3micos e diverg\u00eancias com a administra\u00e7\u00e3o. O arguido ter\u00e1 ambi\u00e7\u00f5es de integrar a dire\u00e7\u00e3o da unidade.<\/p>\n<p>O m\u00e9dico n\u00e3o nega os factos, mas sustenta que n\u00e3o constituem crime. A defesa espera a absolvi\u00e7\u00e3o, citando casos semelhantes em que esteve envolvido. O processo segue agora para julgamento no tribunal camar\u00e1rio.<\/p>\n","protected":false},"excerpt":{"rendered":"<ul>\n<li>Um m\u00e9dico oftalmologista, de 65 anos, vai a julgamento no Tribunal da Guarda por abuso de poder, alegadamente para que utentes que atendia no privado fossem atendidos mais rapidamente no SNS.<\/li>\n<li>O profissional exercia em tr\u00eas unidades de sa\u00fade &#8211; na Guarda, Seia e M\u00eada &#8211; e marcava consultas no SNS para esses utentes, que pagavam entre 60 e 80 euros por consulta nas cl\u00ednicas privadas.<\/li>\n<li>Em termos pr\u00e1ticos, os pacientes do privado eram atendidos perto de um m\u00eas, enquanto a lista de espera p\u00fablica da especialidade na Guarda excedia, em 2021, os 1.700 utentes.<\/li>\n<li>O juiz de instru\u00e7\u00e3o entendeu haver fortes ind\u00edcios de abuso de fun\u00e7\u00f5es para favorecer pacientes do privado, motiva\u00e7\u00e3o econ\u00f3mica e diverg\u00eancias com a administra\u00e7\u00e3o, com a inten\u00e7\u00e3o de ser diretor de oftalmologia da unidade.<\/li>\n<li>O m\u00e9dico n\u00e3o nega os factos, mas sustenta que n\u00e3o constituem crime e afirma que ser\u00e1 absolvido, tal como ocorreu noutros processos semelhantes em que esteve envolvido.<\/li>\n<\/ul>\n","protected":false},"author":2,"featured_media":224217,"comment_status":"closed","ping_status":"closed","sticky":false,"template":"","format":"standard","meta":{"footnotes":""},"categories":[1],"tags":[212,83,1113,3265,271,1775],"class_list":["post-224213","post","type-post","status-publish","format-standard","has-post-thumbnail","hentry","category-noticias","tag-abuso-de-poder","tag-corrupcao","tag-guarda","tag-oftalmologia","tag-saude-publica","tag-sns"],"yoast_head":"<!-- This site is optimized with the Yoast SEO plugin v27.2 - https:\/\/yoast.com\/product\/yoast-seo-wordpress\/ -->\n<title>M\u00e9dico julgado por facilitar utentes do privado a consultas no SNS - Portal Tela Portugal<\/title>\n<meta name=\"robots\" content=\"index, follow, max-snippet:-1, max-image-preview:large, max-video-preview:-1\" \/>\n<meta property=\"og:locale\" content=\"pt_PT\" \/>\n<meta property=\"og:type\" content=\"article\" \/>\n<meta property=\"og:title\" content=\"M\u00e9dico julgado por facilitar utentes do privado a consultas no SNS - Portal Tela Portugal\" \/>\n<meta property=\"og:description\" content=\"Um m\u00e9dico oftalmologista, de 65 anos, vai a julgamento no Tribunal da Guarda por abuso de poder, alegadamente para que utentes que atendia no privado fossem atendidos mais rapidamente no SNS. O profissional exercia em tr\u00eas unidades de sa\u00fade - na Guarda, Seia e M\u00eada - e marcava consultas no SNS para esses utentes, que pagavam entre 60 e 80 euros por consulta nas cl\u00ednicas privadas. Em termos pr\u00e1ticos, os pacientes do privado eram atendidos perto de um m\u00eas, enquanto a lista de espera p\u00fablica da especialidade na Guarda excedia, em 2021, os 1.700 utentes. O juiz de instru\u00e7\u00e3o entendeu haver fortes ind\u00edcios de abuso de fun\u00e7\u00f5es para favorecer pacientes do privado, motiva\u00e7\u00e3o econ\u00f3mica e diverg\u00eancias com a administra\u00e7\u00e3o, com a inten\u00e7\u00e3o de ser diretor de oftalmologia da unidade. O m\u00e9dico n\u00e3o nega os factos, mas sustenta que n\u00e3o constituem crime e afirma que ser\u00e1 absolvido, tal como ocorreu noutros processos semelhantes em que esteve envolvido.\" \/>\n<meta property=\"og:url\" content=\"https:\/\/portaltela.pt\/noticias\/2026\/02\/24\/medico-julgado-por-facilitar-utentes-do-privado-a-consultas-no-sns\/\" \/>\n<meta property=\"og:site_name\" content=\"Portal Tela Portugal\" \/>\n<meta property=\"article:published_time\" content=\"2026-02-24T13:05:21+00:00\" \/>\n<meta name=\"author\" content=\"Telinha\" \/>\n<meta name=\"twitter:card\" content=\"summary_large_image\" \/>\n<meta name=\"twitter:label1\" content=\"Escrito por\" \/>\n\t<meta name=\"twitter:data1\" content=\"Telinha\" \/>\n\t<meta name=\"twitter:label2\" content=\"Tempo estimado de leitura\" \/>\n\t<meta name=\"twitter:data2\" content=\"1 minuto\" \/>\n<script type=\"application\/ld+json\" class=\"yoast-schema-graph\">{\"@context\":\"https:\/\/schema.org\",\"@graph\":[{\"@type\":\"Article\",\"@id\":\"https:\/\/portaltela.pt\/noticias\/2026\/02\/24\/medico-julgado-por-facilitar-utentes-do-privado-a-consultas-no-sns\/#article\",\"isPartOf\":{\"@id\":\"https:\/\/portaltela.pt\/noticias\/2026\/02\/24\/medico-julgado-por-facilitar-utentes-do-privado-a-consultas-no-sns\/\"},\"author\":{\"name\":\"Telinha\",\"@id\":\"https:\/\/portaltela.pt\/#\/schema\/person\/c4278d4a6028830caff9ee44b42d32ed\"},\"headline\":\"M\u00e9dico julgado por facilitar utentes do privado a consultas no SNS\",\"datePublished\":\"2026-02-24T13:05:21+00:00\",\"mainEntityOfPage\":{\"@id\":\"https:\/\/portaltela.pt\/noticias\/2026\/02\/24\/medico-julgado-por-facilitar-utentes-do-privado-a-consultas-no-sns\/\"},\"wordCount\":223,\"image\":{\"@id\":\"https:\/\/portaltela.pt\/noticias\/2026\/02\/24\/medico-julgado-por-facilitar-utentes-do-privado-a-consultas-no-sns\/#primaryimage\"},\"thumbnailUrl\":\"https:\/\/portaltela.pt\/s.01k8rhncp4jt1\/2026\/02\/img_1500x1000uu2024-03-22-12-09-08-1606570.jpg\",\"keywords\":[\"abuso de poder\",\"corrup\u00e7\u00e3o\",\"Guarda\",\"Oftalmologia\",\"sa\u00fade p\u00fablica\",\"SNS\"],\"articleSection\":[\"Not\u00edcias\"],\"inLanguage\":\"pt-PT\"},{\"@type\":\"WebPage\",\"@id\":\"https:\/\/portaltela.pt\/noticias\/2026\/02\/24\/medico-julgado-por-facilitar-utentes-do-privado-a-consultas-no-sns\/\",\"url\":\"https:\/\/portaltela.pt\/noticias\/2026\/02\/24\/medico-julgado-por-facilitar-utentes-do-privado-a-consultas-no-sns\/\",\"name\":\"M\u00e9dico julgado por facilitar utentes do privado a consultas no SNS - Portal Tela Portugal\",\"isPartOf\":{\"@id\":\"https:\/\/portaltela.pt\/#website\"},\"primaryImageOfPage\":{\"@id\":\"https:\/\/portaltela.pt\/noticias\/2026\/02\/24\/medico-julgado-por-facilitar-utentes-do-privado-a-consultas-no-sns\/#primaryimage\"},\"image\":{\"@id\":\"https:\/\/portaltela.pt\/noticias\/2026\/02\/24\/medico-julgado-por-facilitar-utentes-do-privado-a-consultas-no-sns\/#primaryimage\"},\"thumbnailUrl\":\"https:\/\/portaltela.pt\/s.01k8rhncp4jt1\/2026\/02\/img_1500x1000uu2024-03-22-12-09-08-1606570.jpg\",\"datePublished\":\"2026-02-24T13:05:21+00:00\",\"author\":{\"@id\":\"https:\/\/portaltela.pt\/#\/schema\/person\/c4278d4a6028830caff9ee44b42d32ed\"},\"breadcrumb\":{\"@id\":\"https:\/\/portaltela.pt\/noticias\/2026\/02\/24\/medico-julgado-por-facilitar-utentes-do-privado-a-consultas-no-sns\/#breadcrumb\"},\"inLanguage\":\"pt-PT\",\"potentialAction\":[{\"@type\":\"ReadAction\",\"target\":[\"https:\/\/portaltela.pt\/noticias\/2026\/02\/24\/medico-julgado-por-facilitar-utentes-do-privado-a-consultas-no-sns\/\"]}]},{\"@type\":\"ImageObject\",\"inLanguage\":\"pt-PT\",\"@id\":\"https:\/\/portaltela.pt\/noticias\/2026\/02\/24\/medico-julgado-por-facilitar-utentes-do-privado-a-consultas-no-sns\/#primaryimage\",\"url\":\"https:\/\/portaltela.pt\/s.01k8rhncp4jt1\/2026\/02\/img_1500x1000uu2024-03-22-12-09-08-1606570.jpg\",\"contentUrl\":\"https:\/\/portaltela.pt\/s.01k8rhncp4jt1\/2026\/02\/img_1500x1000uu2024-03-22-12-09-08-1606570.jpg\",\"width\":796,\"height\":448,\"caption\":\"M\u00e9dico oftalmologista ajudou utentes que atendia no privado a 'furar' fila no SNS\"},{\"@type\":\"BreadcrumbList\",\"@id\":\"https:\/\/portaltela.pt\/noticias\/2026\/02\/24\/medico-julgado-por-facilitar-utentes-do-privado-a-consultas-no-sns\/#breadcrumb\",\"itemListElement\":[{\"@type\":\"ListItem\",\"position\":1,\"name\":\"In\u00edcio\",\"item\":\"https:\/\/portaltela.pt\/\"},{\"@type\":\"ListItem\",\"position\":2,\"name\":\"M\u00e9dico julgado por facilitar utentes do privado a consultas no SNS\"}]},{\"@type\":\"WebSite\",\"@id\":\"https:\/\/portaltela.pt\/#website\",\"url\":\"https:\/\/portaltela.pt\/\",\"name\":\"Portal Tela Portugal\",\"description\":\"\",\"potentialAction\":[{\"@type\":\"SearchAction\",\"target\":{\"@type\":\"EntryPoint\",\"urlTemplate\":\"https:\/\/portaltela.pt\/?s={search_term_string}\"},\"query-input\":{\"@type\":\"PropertyValueSpecification\",\"valueRequired\":true,\"valueName\":\"search_term_string\"}}],\"inLanguage\":\"pt-PT\"},{\"@type\":\"Person\",\"@id\":\"https:\/\/portaltela.pt\/#\/schema\/person\/c4278d4a6028830caff9ee44b42d32ed\",\"name\":\"Telinha\",\"image\":{\"@type\":\"ImageObject\",\"inLanguage\":\"pt-PT\",\"@id\":\"https:\/\/portaltela.pt\/s.01k8rhncp4jt1\/2025\/11\/talking-bot-125x125.png\",\"url\":\"https:\/\/portaltela.pt\/s.01k8rhncp4jt1\/2025\/11\/talking-bot-125x125.png\",\"contentUrl\":\"https:\/\/portaltela.pt\/s.01k8rhncp4jt1\/2025\/11\/talking-bot-125x125.png\",\"caption\":\"Telinha\"},\"sameAs\":[\"https:\/\/portaltela.pt\/\"],\"url\":\"https:\/\/portaltela.pt\/por\/367410592786\/\"}]}<\/script>\n<!-- \/ Yoast SEO plugin. -->","yoast_head_json":{"title":"M\u00e9dico julgado por facilitar utentes do privado a consultas no SNS - Portal Tela Portugal","robots":{"index":"index","follow":"follow","max-snippet":"max-snippet:-1","max-image-preview":"max-image-preview:large","max-video-preview":"max-video-preview:-1"},"og_locale":"pt_PT","og_type":"article","og_title":"M\u00e9dico julgado por facilitar utentes do privado a consultas no SNS - Portal Tela Portugal","og_description":"Um m\u00e9dico oftalmologista, de 65 anos, vai a julgamento no Tribunal da Guarda por abuso de poder, alegadamente para que utentes que atendia no privado fossem atendidos mais rapidamente no SNS. O profissional exercia em tr\u00eas unidades de sa\u00fade - na Guarda, Seia e M\u00eada - e marcava consultas no SNS para esses utentes, que pagavam entre 60 e 80 euros por consulta nas cl\u00ednicas privadas. Em termos pr\u00e1ticos, os pacientes do privado eram atendidos perto de um m\u00eas, enquanto a lista de espera p\u00fablica da especialidade na Guarda excedia, em 2021, os 1.700 utentes. O juiz de instru\u00e7\u00e3o entendeu haver fortes ind\u00edcios de abuso de fun\u00e7\u00f5es para favorecer pacientes do privado, motiva\u00e7\u00e3o econ\u00f3mica e diverg\u00eancias com a administra\u00e7\u00e3o, com a inten\u00e7\u00e3o de ser diretor de oftalmologia da unidade. O m\u00e9dico n\u00e3o nega os factos, mas sustenta que n\u00e3o constituem crime e afirma que ser\u00e1 absolvido, tal como ocorreu noutros processos semelhantes em que esteve envolvido.","og_url":"https:\/\/portaltela.pt\/noticias\/2026\/02\/24\/medico-julgado-por-facilitar-utentes-do-privado-a-consultas-no-sns\/","og_site_name":"Portal Tela Portugal","article_published_time":"2026-02-24T13:05:21+00:00","author":"Telinha","twitter_card":"summary_large_image","twitter_misc":{"Escrito por":"Telinha","Tempo estimado de leitura":"1 minuto"},"schema":{"@context":"https:\/\/schema.org","@graph":[{"@type":"Article","@id":"https:\/\/portaltela.pt\/noticias\/2026\/02\/24\/medico-julgado-por-facilitar-utentes-do-privado-a-consultas-no-sns\/#article","isPartOf":{"@id":"https:\/\/portaltela.pt\/noticias\/2026\/02\/24\/medico-julgado-por-facilitar-utentes-do-privado-a-consultas-no-sns\/"},"author":{"name":"Telinha","@id":"https:\/\/portaltela.pt\/#\/schema\/person\/c4278d4a6028830caff9ee44b42d32ed"},"headline":"M\u00e9dico julgado por facilitar utentes do privado a consultas no SNS","datePublished":"2026-02-24T13:05:21+00:00","mainEntityOfPage":{"@id":"https:\/\/portaltela.pt\/noticias\/2026\/02\/24\/medico-julgado-por-facilitar-utentes-do-privado-a-consultas-no-sns\/"},"wordCount":223,"image":{"@id":"https:\/\/portaltela.pt\/noticias\/2026\/02\/24\/medico-julgado-por-facilitar-utentes-do-privado-a-consultas-no-sns\/#primaryimage"},"thumbnailUrl":"https:\/\/portaltela.pt\/s.01k8rhncp4jt1\/2026\/02\/img_1500x1000uu2024-03-22-12-09-08-1606570.jpg","keywords":["abuso de poder","corrup\u00e7\u00e3o","Guarda","Oftalmologia","sa\u00fade p\u00fablica","SNS"],"articleSection":["Not\u00edcias"],"inLanguage":"pt-PT"},{"@type":"WebPage","@id":"https:\/\/portaltela.pt\/noticias\/2026\/02\/24\/medico-julgado-por-facilitar-utentes-do-privado-a-consultas-no-sns\/","url":"https:\/\/portaltela.pt\/noticias\/2026\/02\/24\/medico-julgado-por-facilitar-utentes-do-privado-a-consultas-no-sns\/","name":"M\u00e9dico julgado por facilitar utentes do privado a consultas no SNS - Portal Tela Portugal","isPartOf":{"@id":"https:\/\/portaltela.pt\/#website"},"primaryImageOfPage":{"@id":"https:\/\/portaltela.pt\/noticias\/2026\/02\/24\/medico-julgado-por-facilitar-utentes-do-privado-a-consultas-no-sns\/#primaryimage"},"image":{"@id":"https:\/\/portaltela.pt\/noticias\/2026\/02\/24\/medico-julgado-por-facilitar-utentes-do-privado-a-consultas-no-sns\/#primaryimage"},"thumbnailUrl":"https:\/\/portaltela.pt\/s.01k8rhncp4jt1\/2026\/02\/img_1500x1000uu2024-03-22-12-09-08-1606570.jpg","datePublished":"2026-02-24T13:05:21+00:00","author":{"@id":"https:\/\/portaltela.pt\/#\/schema\/person\/c4278d4a6028830caff9ee44b42d32ed"},"breadcrumb":{"@id":"https:\/\/portaltela.pt\/noticias\/2026\/02\/24\/medico-julgado-por-facilitar-utentes-do-privado-a-consultas-no-sns\/#breadcrumb"},"inLanguage":"pt-PT","potentialAction":[{"@type":"ReadAction","target":["https:\/\/portaltela.pt\/noticias\/2026\/02\/24\/medico-julgado-por-facilitar-utentes-do-privado-a-consultas-no-sns\/"]}]},{"@type":"ImageObject","inLanguage":"pt-PT","@id":"https:\/\/portaltela.pt\/noticias\/2026\/02\/24\/medico-julgado-por-facilitar-utentes-do-privado-a-consultas-no-sns\/#primaryimage","url":"https:\/\/portaltela.pt\/s.01k8rhncp4jt1\/2026\/02\/img_1500x1000uu2024-03-22-12-09-08-1606570.jpg","contentUrl":"https:\/\/portaltela.pt\/s.01k8rhncp4jt1\/2026\/02\/img_1500x1000uu2024-03-22-12-09-08-1606570.jpg","width":796,"height":448,"caption":"M\u00e9dico oftalmologista ajudou utentes que atendia no privado a 'furar' fila no SNS"},{"@type":"BreadcrumbList","@id":"https:\/\/portaltela.pt\/noticias\/2026\/02\/24\/medico-julgado-por-facilitar-utentes-do-privado-a-consultas-no-sns\/#breadcrumb","itemListElement":[{"@type":"ListItem","position":1,"name":"In\u00edcio","item":"https:\/\/portaltela.pt\/"},{"@type":"ListItem","position":2,"name":"M\u00e9dico julgado por facilitar utentes do privado a consultas no SNS"}]},{"@type":"WebSite","@id":"https:\/\/portaltela.pt\/#website","url":"https:\/\/portaltela.pt\/","name":"Portal Tela Portugal","description":"","potentialAction":[{"@type":"SearchAction","target":{"@type":"EntryPoint","urlTemplate":"https:\/\/portaltela.pt\/?s={search_term_string}"},"query-input":{"@type":"PropertyValueSpecification","valueRequired":true,"valueName":"search_term_string"}}],"inLanguage":"pt-PT"},{"@type":"Person","@id":"https:\/\/portaltela.pt\/#\/schema\/person\/c4278d4a6028830caff9ee44b42d32ed","name":"Telinha","image":{"@type":"ImageObject","inLanguage":"pt-PT","@id":"https:\/\/portaltela.pt\/s.01k8rhncp4jt1\/2025\/11\/talking-bot-125x125.png","url":"https:\/\/portaltela.pt\/s.01k8rhncp4jt1\/2025\/11\/talking-bot-125x125.png","contentUrl":"https:\/\/portaltela.pt\/s.01k8rhncp4jt1\/2025\/11\/talking-bot-125x125.png","caption":"Telinha"},"sameAs":["https:\/\/portaltela.pt\/"],"url":"https:\/\/portaltela.pt\/por\/367410592786\/"}]}},"_links":{"self":[{"href":"https:\/\/portaltela.pt\/api\/wp\/v2\/posts\/224213","targetHints":{"allow":["GET"]}}],"collection":[{"href":"https:\/\/portaltela.pt\/api\/wp\/v2\/posts"}],"about":[{"href":"https:\/\/portaltela.pt\/api\/wp\/v2\/types\/post"}],"author":[{"embeddable":true,"href":"https:\/\/portaltela.pt\/api\/wp\/v2\/users\/2"}],"replies":[{"embeddable":true,"href":"https:\/\/portaltela.pt\/api\/wp\/v2\/comments?post=224213"}],"version-history":[{"count":0,"href":"https:\/\/portaltela.pt\/api\/wp\/v2\/posts\/224213\/revisions"}],"wp:featuredmedia":[{"embeddable":true,"href":"https:\/\/portaltela.pt\/api\/wp\/v2\/media\/224217"}],"wp:attachment":[{"href":"https:\/\/portaltela.pt\/api\/wp\/v2\/media?parent=224213"}],"wp:term":[{"taxonomy":"category","embeddable":true,"href":"https:\/\/portaltela.pt\/api\/wp\/v2\/categories?post=224213"},{"taxonomy":"post_tag","embeddable":true,"href":"https:\/\/portaltela.pt\/api\/wp\/v2\/tags?post=224213"}],"curies":[{"name":"wp","href":"https:\/\/api.w.org\/{rel}","templated":true}]}}