{"id":224204,"date":"2026-02-24T10:10:19","date_gmt":"2026-02-24T13:10:19","guid":{"rendered":"https:\/\/portaltela.pt\/noticias\/2026\/02\/24\/alenquer-regista-prejuizos-de-14-milhoes-de-euros-por-mau-tempo\/"},"modified":"2026-02-24T10:10:19","modified_gmt":"2026-02-24T13:10:19","slug":"alenquer-regista-prejuizos-de-14-milhoes-de-euros-por-mau-tempo","status":"publish","type":"post","link":"https:\/\/portaltela.pt\/noticias\/2026\/02\/24\/alenquer-regista-prejuizos-de-14-milhoes-de-euros-por-mau-tempo\/","title":{"rendered":"Alenquer regista preju\u00edzos de 14 milh\u00f5es de euros por mau tempo"},"content":{"rendered":"<p>O Munic\u00edpio de Alenquer, no distrito de Lisboa, teve um preju\u00edzo de 14 milh\u00f5es de euros devido ao mau tempo das \u00faltimas semanas. O valor foi confirmado pelo presidente da C\u00e2mara Municipal. A estimativa foi apresentada \u00e0 Comiss\u00e3o de Coordena\u00e7\u00e3o e Desenvolvimento Regional de Lisboa e Vale do Tejo.<\/p>\n<p>Segundo Jo\u00e3o Nicolau, os estragos concentram-se em estradas, muros de suporte, coberturas de edif\u00edcios municipais e condutas de \u00e1gua e saneamento. O levantamento inclui ainda uma escola local que encerrou por precau\u00e7\u00e3o.<\/p>\n<p>Aldeia Gavinha sofreu um deslizamento que causou danos estruturais na escola do primeiro ciclo, levando \u00e0 transfer\u00eancia de 40 alunos para Vial Verde dos Francos. Duas igrejas, incluindo a bas\u00edlica de Meta, registaram danos no telhado.<\/p>\n<h3>Impactos adicionais e enquadramento regional<\/h3>\n<p>Portugal registou 18 mortes com as depress\u00f5es Kristin, Leonardo e Marta, al\u00e9m de feridos e desalojados. As regi\u00f5es Centro, Lisboa e Vale do Tejo e Alentejo foram as mais afetadas pelo temporal, que provocou quedas de \u00e1gua, estradas encerradas e interrup\u00e7\u00f5es em servi\u00e7os.<\/p>\n","protected":false},"excerpt":{"rendered":"<ul>\n<li>O Munic\u00edpio de Alenquer, no distrito de Lisboa, registou 14 milh\u00f5es de euros de preju\u00edzos devido ao mau tempo nas \u00faltimas semanas.<\/li>\n<li>O valor foi apurado pela autarquia e reportado \u00e0 Comiss\u00e3o de Coordena\u00e7\u00e3o e Desenvolvimento Regional de Lisboa e Vale do Tejo.<\/li>\n<li>Os estragos concentram-se em estradas, muros de suporte, coberturas de edif\u00edcios municipais e condutas de \u00e1gua e saneamento, incluindo a escola do primeiro ciclo de Aldeia Gavinha, com deslizamento e encerramento tempor\u00e1rio.<\/li>\n<li>Os 40 alunos da Aldeia Gavinha foram transferidos para a escola de Vila Verde dos Francos; o levantamento regista ainda danos em duas igrejas, incluindo a bas\u00edlica de Meta, com telhado danificado.<\/li>\n<li>Em Portugal, morreram 18 pessoas na sequ\u00eancia das depress\u00f5es Kristin, Leonardo e Marta, com as regi\u00f5es Centro, Lisboa e Vale do Tejo e Alentejo entre as mais afetadas.<\/li>\n<\/ul>\n","protected":false},"author":2,"featured_media":224209,"comment_status":"closed","ping_status":"closed","sticky":false,"template":"","format":"standard","meta":{"footnotes":""},"categories":[1],"tags":[4180,5215,3004,3735,1083,981],"class_list":["post-224204","post","type-post","status-publish","format-standard","has-post-thumbnail","hentry","category-noticias","tag-alenquer","tag-catastrofes-naturais","tag-desalojados","tag-deslizamentos","tag-estradas","tag-lisboa"],"yoast_head":"<!-- This site is optimized with the Yoast SEO plugin v27.2 - https:\/\/yoast.com\/product\/yoast-seo-wordpress\/ -->\n<title>Alenquer regista preju\u00edzos de 14 milh\u00f5es de euros por mau tempo - Portal Tela Portugal<\/title>\n<meta name=\"robots\" content=\"index, follow, max-snippet:-1, max-image-preview:large, max-video-preview:-1\" \/>\n<meta property=\"og:locale\" content=\"pt_PT\" \/>\n<meta property=\"og:type\" content=\"article\" \/>\n<meta property=\"og:title\" content=\"Alenquer regista preju\u00edzos de 14 milh\u00f5es de euros por mau tempo - Portal Tela Portugal\" \/>\n<meta property=\"og:description\" content=\"O Munic\u00edpio de Alenquer, no distrito de Lisboa, registou 14 milh\u00f5es de euros de preju\u00edzos devido ao mau tempo nas \u00faltimas semanas. O valor foi apurado pela autarquia e reportado \u00e0 Comiss\u00e3o de Coordena\u00e7\u00e3o e Desenvolvimento Regional de Lisboa e Vale do Tejo. Os estragos concentram-se em estradas, muros de suporte, coberturas de edif\u00edcios municipais e condutas de \u00e1gua e saneamento, incluindo a escola do primeiro ciclo de Aldeia Gavinha, com deslizamento e encerramento tempor\u00e1rio. Os 40 alunos da Aldeia Gavinha foram transferidos para a escola de Vila Verde dos Francos; o levantamento regista ainda danos em duas igrejas, incluindo a bas\u00edlica de Meta, com telhado danificado. Em Portugal, morreram 18 pessoas na sequ\u00eancia das depress\u00f5es Kristin, Leonardo e Marta, com as regi\u00f5es Centro, Lisboa e Vale do Tejo e Alentejo entre as mais afetadas.\" \/>\n<meta property=\"og:url\" content=\"https:\/\/portaltela.pt\/noticias\/2026\/02\/24\/alenquer-regista-prejuizos-de-14-milhoes-de-euros-por-mau-tempo\/\" \/>\n<meta property=\"og:site_name\" content=\"Portal Tela Portugal\" \/>\n<meta property=\"article:published_time\" content=\"2026-02-24T13:10:19+00:00\" \/>\n<meta name=\"author\" content=\"Telinha\" \/>\n<meta name=\"twitter:card\" content=\"summary_large_image\" \/>\n<meta name=\"twitter:label1\" content=\"Escrito por\" \/>\n\t<meta name=\"twitter:data1\" content=\"Telinha\" \/>\n\t<meta name=\"twitter:label2\" content=\"Tempo estimado de leitura\" \/>\n\t<meta name=\"twitter:data2\" content=\"1 minuto\" \/>\n<script type=\"application\/ld+json\" class=\"yoast-schema-graph\">{\"@context\":\"https:\/\/schema.org\",\"@graph\":[{\"@type\":\"Article\",\"@id\":\"https:\/\/portaltela.pt\/noticias\/2026\/02\/24\/alenquer-regista-prejuizos-de-14-milhoes-de-euros-por-mau-tempo\/#article\",\"isPartOf\":{\"@id\":\"https:\/\/portaltela.pt\/noticias\/2026\/02\/24\/alenquer-regista-prejuizos-de-14-milhoes-de-euros-por-mau-tempo\/\"},\"author\":{\"name\":\"Telinha\",\"@id\":\"https:\/\/portaltela.pt\/#\/schema\/person\/c4278d4a6028830caff9ee44b42d32ed\"},\"headline\":\"Alenquer regista preju\u00edzos de 14 milh\u00f5es de euros por mau tempo\",\"datePublished\":\"2026-02-24T13:10:19+00:00\",\"mainEntityOfPage\":{\"@id\":\"https:\/\/portaltela.pt\/noticias\/2026\/02\/24\/alenquer-regista-prejuizos-de-14-milhoes-de-euros-por-mau-tempo\/\"},\"wordCount\":188,\"image\":{\"@id\":\"https:\/\/portaltela.pt\/noticias\/2026\/02\/24\/alenquer-regista-prejuizos-de-14-milhoes-de-euros-por-mau-tempo\/#primaryimage\"},\"thumbnailUrl\":\"https:\/\/portaltela.pt\/s.01k8rhncp4jt1\/2026\/02\/img_1280x721uu2026-02-05-12-04-07-2264921.jpg\",\"keywords\":[\"Alenquer\",\"cat\u00e1strofes naturais\",\"desalojados\",\"deslizamentos\",\"estradas\",\"Lisboa\"],\"articleSection\":[\"Not\u00edcias\"],\"inLanguage\":\"pt-PT\"},{\"@type\":\"WebPage\",\"@id\":\"https:\/\/portaltela.pt\/noticias\/2026\/02\/24\/alenquer-regista-prejuizos-de-14-milhoes-de-euros-por-mau-tempo\/\",\"url\":\"https:\/\/portaltela.pt\/noticias\/2026\/02\/24\/alenquer-regista-prejuizos-de-14-milhoes-de-euros-por-mau-tempo\/\",\"name\":\"Alenquer regista preju\u00edzos de 14 milh\u00f5es de euros por mau tempo - Portal Tela Portugal\",\"isPartOf\":{\"@id\":\"https:\/\/portaltela.pt\/#website\"},\"primaryImageOfPage\":{\"@id\":\"https:\/\/portaltela.pt\/noticias\/2026\/02\/24\/alenquer-regista-prejuizos-de-14-milhoes-de-euros-por-mau-tempo\/#primaryimage\"},\"image\":{\"@id\":\"https:\/\/portaltela.pt\/noticias\/2026\/02\/24\/alenquer-regista-prejuizos-de-14-milhoes-de-euros-por-mau-tempo\/#primaryimage\"},\"thumbnailUrl\":\"https:\/\/portaltela.pt\/s.01k8rhncp4jt1\/2026\/02\/img_1280x721uu2026-02-05-12-04-07-2264921.jpg\",\"datePublished\":\"2026-02-24T13:10:19+00:00\",\"author\":{\"@id\":\"https:\/\/portaltela.pt\/#\/schema\/person\/c4278d4a6028830caff9ee44b42d32ed\"},\"breadcrumb\":{\"@id\":\"https:\/\/portaltela.pt\/noticias\/2026\/02\/24\/alenquer-regista-prejuizos-de-14-milhoes-de-euros-por-mau-tempo\/#breadcrumb\"},\"inLanguage\":\"pt-PT\",\"potentialAction\":[{\"@type\":\"ReadAction\",\"target\":[\"https:\/\/portaltela.pt\/noticias\/2026\/02\/24\/alenquer-regista-prejuizos-de-14-milhoes-de-euros-por-mau-tempo\/\"]}]},{\"@type\":\"ImageObject\",\"inLanguage\":\"pt-PT\",\"@id\":\"https:\/\/portaltela.pt\/noticias\/2026\/02\/24\/alenquer-regista-prejuizos-de-14-milhoes-de-euros-por-mau-tempo\/#primaryimage\",\"url\":\"https:\/\/portaltela.pt\/s.01k8rhncp4jt1\/2026\/02\/img_1280x721uu2026-02-05-12-04-07-2264921.jpg\",\"contentUrl\":\"https:\/\/portaltela.pt\/s.01k8rhncp4jt1\/2026\/02\/img_1280x721uu2026-02-05-12-04-07-2264921.jpg\",\"width\":796,\"height\":448,\"caption\":\"Em Alenquer, o rio est\u00e1 cada vez mais pr\u00f3ximo de subir as margens\"},{\"@type\":\"BreadcrumbList\",\"@id\":\"https:\/\/portaltela.pt\/noticias\/2026\/02\/24\/alenquer-regista-prejuizos-de-14-milhoes-de-euros-por-mau-tempo\/#breadcrumb\",\"itemListElement\":[{\"@type\":\"ListItem\",\"position\":1,\"name\":\"In\u00edcio\",\"item\":\"https:\/\/portaltela.pt\/\"},{\"@type\":\"ListItem\",\"position\":2,\"name\":\"Alenquer regista preju\u00edzos de 14 milh\u00f5es de euros por mau tempo\"}]},{\"@type\":\"WebSite\",\"@id\":\"https:\/\/portaltela.pt\/#website\",\"url\":\"https:\/\/portaltela.pt\/\",\"name\":\"Portal Tela Portugal\",\"description\":\"\",\"potentialAction\":[{\"@type\":\"SearchAction\",\"target\":{\"@type\":\"EntryPoint\",\"urlTemplate\":\"https:\/\/portaltela.pt\/?s={search_term_string}\"},\"query-input\":{\"@type\":\"PropertyValueSpecification\",\"valueRequired\":true,\"valueName\":\"search_term_string\"}}],\"inLanguage\":\"pt-PT\"},{\"@type\":\"Person\",\"@id\":\"https:\/\/portaltela.pt\/#\/schema\/person\/c4278d4a6028830caff9ee44b42d32ed\",\"name\":\"Telinha\",\"image\":{\"@type\":\"ImageObject\",\"inLanguage\":\"pt-PT\",\"@id\":\"https:\/\/portaltela.pt\/s.01k8rhncp4jt1\/2025\/11\/talking-bot-125x125.png\",\"url\":\"https:\/\/portaltela.pt\/s.01k8rhncp4jt1\/2025\/11\/talking-bot-125x125.png\",\"contentUrl\":\"https:\/\/portaltela.pt\/s.01k8rhncp4jt1\/2025\/11\/talking-bot-125x125.png\",\"caption\":\"Telinha\"},\"sameAs\":[\"https:\/\/portaltela.pt\/\"],\"url\":\"https:\/\/portaltela.pt\/por\/367410592786\/\"}]}<\/script>\n<!-- \/ Yoast SEO plugin. -->","yoast_head_json":{"title":"Alenquer regista preju\u00edzos de 14 milh\u00f5es de euros por mau tempo - Portal Tela Portugal","robots":{"index":"index","follow":"follow","max-snippet":"max-snippet:-1","max-image-preview":"max-image-preview:large","max-video-preview":"max-video-preview:-1"},"og_locale":"pt_PT","og_type":"article","og_title":"Alenquer regista preju\u00edzos de 14 milh\u00f5es de euros por mau tempo - Portal Tela Portugal","og_description":"O Munic\u00edpio de Alenquer, no distrito de Lisboa, registou 14 milh\u00f5es de euros de preju\u00edzos devido ao mau tempo nas \u00faltimas semanas. O valor foi apurado pela autarquia e reportado \u00e0 Comiss\u00e3o de Coordena\u00e7\u00e3o e Desenvolvimento Regional de Lisboa e Vale do Tejo. Os estragos concentram-se em estradas, muros de suporte, coberturas de edif\u00edcios municipais e condutas de \u00e1gua e saneamento, incluindo a escola do primeiro ciclo de Aldeia Gavinha, com deslizamento e encerramento tempor\u00e1rio. Os 40 alunos da Aldeia Gavinha foram transferidos para a escola de Vila Verde dos Francos; o levantamento regista ainda danos em duas igrejas, incluindo a bas\u00edlica de Meta, com telhado danificado. Em Portugal, morreram 18 pessoas na sequ\u00eancia das depress\u00f5es Kristin, Leonardo e Marta, com as regi\u00f5es Centro, Lisboa e Vale do Tejo e Alentejo entre as mais afetadas.","og_url":"https:\/\/portaltela.pt\/noticias\/2026\/02\/24\/alenquer-regista-prejuizos-de-14-milhoes-de-euros-por-mau-tempo\/","og_site_name":"Portal Tela Portugal","article_published_time":"2026-02-24T13:10:19+00:00","author":"Telinha","twitter_card":"summary_large_image","twitter_misc":{"Escrito por":"Telinha","Tempo estimado de leitura":"1 minuto"},"schema":{"@context":"https:\/\/schema.org","@graph":[{"@type":"Article","@id":"https:\/\/portaltela.pt\/noticias\/2026\/02\/24\/alenquer-regista-prejuizos-de-14-milhoes-de-euros-por-mau-tempo\/#article","isPartOf":{"@id":"https:\/\/portaltela.pt\/noticias\/2026\/02\/24\/alenquer-regista-prejuizos-de-14-milhoes-de-euros-por-mau-tempo\/"},"author":{"name":"Telinha","@id":"https:\/\/portaltela.pt\/#\/schema\/person\/c4278d4a6028830caff9ee44b42d32ed"},"headline":"Alenquer regista preju\u00edzos de 14 milh\u00f5es de euros por mau tempo","datePublished":"2026-02-24T13:10:19+00:00","mainEntityOfPage":{"@id":"https:\/\/portaltela.pt\/noticias\/2026\/02\/24\/alenquer-regista-prejuizos-de-14-milhoes-de-euros-por-mau-tempo\/"},"wordCount":188,"image":{"@id":"https:\/\/portaltela.pt\/noticias\/2026\/02\/24\/alenquer-regista-prejuizos-de-14-milhoes-de-euros-por-mau-tempo\/#primaryimage"},"thumbnailUrl":"https:\/\/portaltela.pt\/s.01k8rhncp4jt1\/2026\/02\/img_1280x721uu2026-02-05-12-04-07-2264921.jpg","keywords":["Alenquer","cat\u00e1strofes naturais","desalojados","deslizamentos","estradas","Lisboa"],"articleSection":["Not\u00edcias"],"inLanguage":"pt-PT"},{"@type":"WebPage","@id":"https:\/\/portaltela.pt\/noticias\/2026\/02\/24\/alenquer-regista-prejuizos-de-14-milhoes-de-euros-por-mau-tempo\/","url":"https:\/\/portaltela.pt\/noticias\/2026\/02\/24\/alenquer-regista-prejuizos-de-14-milhoes-de-euros-por-mau-tempo\/","name":"Alenquer regista preju\u00edzos de 14 milh\u00f5es de euros por mau tempo - Portal Tela Portugal","isPartOf":{"@id":"https:\/\/portaltela.pt\/#website"},"primaryImageOfPage":{"@id":"https:\/\/portaltela.pt\/noticias\/2026\/02\/24\/alenquer-regista-prejuizos-de-14-milhoes-de-euros-por-mau-tempo\/#primaryimage"},"image":{"@id":"https:\/\/portaltela.pt\/noticias\/2026\/02\/24\/alenquer-regista-prejuizos-de-14-milhoes-de-euros-por-mau-tempo\/#primaryimage"},"thumbnailUrl":"https:\/\/portaltela.pt\/s.01k8rhncp4jt1\/2026\/02\/img_1280x721uu2026-02-05-12-04-07-2264921.jpg","datePublished":"2026-02-24T13:10:19+00:00","author":{"@id":"https:\/\/portaltela.pt\/#\/schema\/person\/c4278d4a6028830caff9ee44b42d32ed"},"breadcrumb":{"@id":"https:\/\/portaltela.pt\/noticias\/2026\/02\/24\/alenquer-regista-prejuizos-de-14-milhoes-de-euros-por-mau-tempo\/#breadcrumb"},"inLanguage":"pt-PT","potentialAction":[{"@type":"ReadAction","target":["https:\/\/portaltela.pt\/noticias\/2026\/02\/24\/alenquer-regista-prejuizos-de-14-milhoes-de-euros-por-mau-tempo\/"]}]},{"@type":"ImageObject","inLanguage":"pt-PT","@id":"https:\/\/portaltela.pt\/noticias\/2026\/02\/24\/alenquer-regista-prejuizos-de-14-milhoes-de-euros-por-mau-tempo\/#primaryimage","url":"https:\/\/portaltela.pt\/s.01k8rhncp4jt1\/2026\/02\/img_1280x721uu2026-02-05-12-04-07-2264921.jpg","contentUrl":"https:\/\/portaltela.pt\/s.01k8rhncp4jt1\/2026\/02\/img_1280x721uu2026-02-05-12-04-07-2264921.jpg","width":796,"height":448,"caption":"Em Alenquer, o rio est\u00e1 cada vez mais pr\u00f3ximo de subir as margens"},{"@type":"BreadcrumbList","@id":"https:\/\/portaltela.pt\/noticias\/2026\/02\/24\/alenquer-regista-prejuizos-de-14-milhoes-de-euros-por-mau-tempo\/#breadcrumb","itemListElement":[{"@type":"ListItem","position":1,"name":"In\u00edcio","item":"https:\/\/portaltela.pt\/"},{"@type":"ListItem","position":2,"name":"Alenquer regista preju\u00edzos de 14 milh\u00f5es de euros por mau tempo"}]},{"@type":"WebSite","@id":"https:\/\/portaltela.pt\/#website","url":"https:\/\/portaltela.pt\/","name":"Portal Tela Portugal","description":"","potentialAction":[{"@type":"SearchAction","target":{"@type":"EntryPoint","urlTemplate":"https:\/\/portaltela.pt\/?s={search_term_string}"},"query-input":{"@type":"PropertyValueSpecification","valueRequired":true,"valueName":"search_term_string"}}],"inLanguage":"pt-PT"},{"@type":"Person","@id":"https:\/\/portaltela.pt\/#\/schema\/person\/c4278d4a6028830caff9ee44b42d32ed","name":"Telinha","image":{"@type":"ImageObject","inLanguage":"pt-PT","@id":"https:\/\/portaltela.pt\/s.01k8rhncp4jt1\/2025\/11\/talking-bot-125x125.png","url":"https:\/\/portaltela.pt\/s.01k8rhncp4jt1\/2025\/11\/talking-bot-125x125.png","contentUrl":"https:\/\/portaltela.pt\/s.01k8rhncp4jt1\/2025\/11\/talking-bot-125x125.png","caption":"Telinha"},"sameAs":["https:\/\/portaltela.pt\/"],"url":"https:\/\/portaltela.pt\/por\/367410592786\/"}]}},"_links":{"self":[{"href":"https:\/\/portaltela.pt\/api\/wp\/v2\/posts\/224204","targetHints":{"allow":["GET"]}}],"collection":[{"href":"https:\/\/portaltela.pt\/api\/wp\/v2\/posts"}],"about":[{"href":"https:\/\/portaltela.pt\/api\/wp\/v2\/types\/post"}],"author":[{"embeddable":true,"href":"https:\/\/portaltela.pt\/api\/wp\/v2\/users\/2"}],"replies":[{"embeddable":true,"href":"https:\/\/portaltela.pt\/api\/wp\/v2\/comments?post=224204"}],"version-history":[{"count":0,"href":"https:\/\/portaltela.pt\/api\/wp\/v2\/posts\/224204\/revisions"}],"wp:featuredmedia":[{"embeddable":true,"href":"https:\/\/portaltela.pt\/api\/wp\/v2\/media\/224209"}],"wp:attachment":[{"href":"https:\/\/portaltela.pt\/api\/wp\/v2\/media?parent=224204"}],"wp:term":[{"taxonomy":"category","embeddable":true,"href":"https:\/\/portaltela.pt\/api\/wp\/v2\/categories?post=224204"},{"taxonomy":"post_tag","embeddable":true,"href":"https:\/\/portaltela.pt\/api\/wp\/v2\/tags?post=224204"}],"curies":[{"name":"wp","href":"https:\/\/api.w.org\/{rel}","templated":true}]}}