{"id":224189,"date":"2026-02-24T09:50:00","date_gmt":"2026-02-24T12:50:00","guid":{"rendered":"https:\/\/portaltela.pt\/noticias\/2026\/02\/24\/fpf-define-objetivos-ate-2036-internacional-taca-e-supertaca-com-final-four\/"},"modified":"2026-02-24T09:50:00","modified_gmt":"2026-02-24T12:50:00","slug":"fpf-define-objetivos-ate-2036-internacional-taca-e-supertaca-com-final-four","status":"publish","type":"post","link":"https:\/\/portaltela.pt\/desporto\/futebol\/2026\/02\/24\/fpf-define-objetivos-ate-2036-internacional-taca-e-supertaca-com-final-four\/","title":{"rendered":"FPF define objetivos at\u00e9 2036: internacional, Ta\u00e7a e Superta\u00e7a com final four"},"content":{"rendered":"<p>A Federa\u00e7\u00e3o Portuguesa de Futebol (FPF) apresentou, no primeiro anivers\u00e1rio de mandato de Pedro Proen\u00e7a, o plano estrat\u00e9gico para 2024-2036. O foco \u00e9 conquistar um t\u00edtulo internacional at\u00e9 2036 e realizar a Ta\u00e7a de Portugal e a Superta\u00e7a C\u00e2ndido de Oliveira em formato final four.<\/p>\n<p>O documento reduz de 433 para 366 as medidas propostas, com 65 j\u00e1 em curso. As metas dividem-se entre o primeiro, segundo e terceiro mandatos, com 258 atos para 2024-2028.<\/p>\n<h3>Objetivos estrat\u00e9gicos e \u00e1reas-chave<\/h3>\n<p>O plano aposta em dez pilares, incluindo futebol feminino, com profissionaliza\u00e7\u00e3o da Liga, e conhecimento e inova\u00e7\u00e3o. Pretende-se criar a primeira licenciatura em futebol em 2028 e a Universidade do Futebol em Oeiras.<\/p>\n<p>A vis\u00e3o \u00e9 tornar Portugal \u201ca na\u00e7\u00e3o do futebol\u201d, mantendo a \u201cnova cultura de vit\u00f3ria\u201d destacada por Proen\u00e7a. Um t\u00edtulo masculino s\u00e9nior no Euro ou Mundial integra os 27 objetivos at\u00e9 2036.<\/p>\n<h3>Crescimento e impacto pretendidos<\/h3>\n<p>A federados deve subir de 251 mil para 400 mil, com 50 mil mulheres. Os \u00e1rbitros passariam de 4.442 para 13 mil, e os adeptos chegariam a 4 milh\u00f5es. Receitas com merchandising, patroc\u00ednios e licenciamento devem subir para 70 milh\u00f5es de euros.<\/p>\n<h3>Reformas em competi\u00e7\u00f5es nacionais<\/h3>\n<p>Al\u00e9m da profissionaliza\u00e7\u00e3o da Liga feminina, a FPF prev\u00ea ampliar de quatro para dez equipas com estatuto profissional. Tamb\u00e9m prop\u00f5e mudan\u00e7as em meias-finais e entrada das equipas da I Liga na Ta\u00e7a de Portugal.<\/p>\n<h3>Perspetivas internacionais e pr\u00f3ximos passos<\/h3>\n<p>At\u00e9 2028, o foco est\u00e1 no formato da Superta\u00e7a C\u00e2ndido de Oliveira e da Ta\u00e7a de Portugal, com a hip\u00f3tese de uma final four. Internacionalmente, a FPF considera a possibilidade de uma Superta\u00e7a Ib\u00e9rica e a organiza\u00e7\u00e3o conjunta do Mundial de 2030 com Espanha e Marrocos.<\/p>\n<p>Este plano ser\u00e1 complementado por nove \u00e1reas de atua\u00e7\u00e3o, a apresentar no dia 5 de mar\u00e7o, incluindo arbitragem, futsal, futebol feminino, walking football, forma\u00e7\u00e3o, futebol regional, praia, treinadores e scouting.<\/p>\n","protected":false},"excerpt":{"rendered":"<ul>\n<li>A FPF tra\u00e7a, para 2024\u20132036, o objetivo de conquistar um t\u00edtulo internacional at\u00e9 2036 e de realizar a Ta\u00e7a de Portugal e a Superta\u00e7a C\u00e2ndido de Oliveira em formato final four.<\/li>\n<li>O plano, apresentado no primeiro ano de mandato de Pedro Proen\u00e7a, reduz as propostas de 433 para 366 e prop\u00f5e metas a cumprir nos tr\u00eas mandatos, com 65 j\u00e1 realizadas.<\/li>\n<li>Entre as metas est\u00e3o mais de quatro milh\u00f5es de adeptos registados, at\u00e9 400 mil federados (50 mil mulheres) e 13.000 \u00e1rbitros, bem como um recorte de receitas para 70 milh\u00f5es de euros.<\/li>\n<li>A profissionaliza\u00e7\u00e3o da Liga feminina, a cria\u00e7\u00e3o da primeira licenciatura em futebol em 2028 e a funda\u00e7\u00e3o da Universidade do Futebol em Oeiras s\u00e3o prioridades, bem como altera\u00e7\u00f5es aos formatos de Ta\u00e7a e Superta\u00e7a at\u00e9 2028.<\/li>\n<li>Internamente, a FPF quer tamb\u00e9m avan\u00e7ar com uma Superta\u00e7a Ib\u00e9rica e organizar o Mundial de 2030 em parceria com Espanha e Marrocos, com nove \u00e1reas de atua\u00e7\u00e3o a serem apresentadas a 5 de mar\u00e7o.<\/li>\n<\/ul>\n","protected":false},"author":2,"featured_media":224196,"comment_status":"closed","ping_status":"closed","sticky":false,"template":"","format":"standard","meta":{"footnotes":""},"categories":[21,24],"tags":[32,1030,81,1014,1936,1266],"class_list":["post-224189","post","type-post","status-publish","format-standard","has-post-thumbnail","hentry","category-desporto","category-futebol","tag-futebol","tag-futebol-feminino","tag-internacionais","tag-portugal","tag-supertaca-candido-de-oliveira","tag-taca-de-portugal"],"yoast_head":"<!-- This site is optimized with the Yoast SEO plugin v27.2 - https:\/\/yoast.com\/product\/yoast-seo-wordpress\/ -->\n<title>FPF define objetivos at\u00e9 2036: internacional, Ta\u00e7a e Superta\u00e7a com final four - Portal Tela Portugal<\/title>\n<meta name=\"robots\" content=\"index, follow, max-snippet:-1, max-image-preview:large, max-video-preview:-1\" \/>\n<meta property=\"og:locale\" content=\"pt_PT\" \/>\n<meta property=\"og:type\" content=\"article\" \/>\n<meta property=\"og:title\" content=\"FPF define objetivos at\u00e9 2036: internacional, Ta\u00e7a e Superta\u00e7a com final four - Portal Tela Portugal\" \/>\n<meta property=\"og:description\" content=\"A FPF tra\u00e7a, para 2024\u20132036, o objetivo de conquistar um t\u00edtulo internacional at\u00e9 2036 e de realizar a Ta\u00e7a de Portugal e a Superta\u00e7a C\u00e2ndido de Oliveira em formato final four. O plano, apresentado no primeiro ano de mandato de Pedro Proen\u00e7a, reduz as propostas de 433 para 366 e prop\u00f5e metas a cumprir nos tr\u00eas mandatos, com 65 j\u00e1 realizadas. Entre as metas est\u00e3o mais de quatro milh\u00f5es de adeptos registados, at\u00e9 400 mil federados (50 mil mulheres) e 13.000 \u00e1rbitros, bem como um recorte de receitas para 70 milh\u00f5es de euros. A profissionaliza\u00e7\u00e3o da Liga feminina, a cria\u00e7\u00e3o da primeira licenciatura em futebol em 2028 e a funda\u00e7\u00e3o da Universidade do Futebol em Oeiras s\u00e3o prioridades, bem como altera\u00e7\u00f5es aos formatos de Ta\u00e7a e Superta\u00e7a at\u00e9 2028. Internamente, a FPF quer tamb\u00e9m avan\u00e7ar com uma Superta\u00e7a Ib\u00e9rica e organizar o Mundial de 2030 em parceria com Espanha e Marrocos, com nove \u00e1reas de atua\u00e7\u00e3o a serem apresentadas a 5 de mar\u00e7o.\" \/>\n<meta property=\"og:url\" content=\"https:\/\/portaltela.pt\/noticias\/2026\/02\/24\/fpf-define-objetivos-ate-2036-internacional-taca-e-supertaca-com-final-four\/\" \/>\n<meta property=\"og:site_name\" content=\"Portal Tela Portugal\" \/>\n<meta property=\"article:published_time\" content=\"2026-02-24T12:50:00+00:00\" \/>\n<meta name=\"author\" content=\"Telinha\" \/>\n<meta name=\"twitter:card\" content=\"summary_large_image\" \/>\n<meta name=\"twitter:label1\" content=\"Escrito por\" \/>\n\t<meta name=\"twitter:data1\" content=\"Telinha\" \/>\n\t<meta name=\"twitter:label2\" content=\"Tempo estimado de leitura\" \/>\n\t<meta name=\"twitter:data2\" content=\"2 minutos\" \/>\n<script type=\"application\/ld+json\" class=\"yoast-schema-graph\">{\"@context\":\"https:\/\/schema.org\",\"@graph\":[{\"@type\":\"Article\",\"@id\":\"https:\/\/portaltela.pt\/noticias\/2026\/02\/24\/fpf-define-objetivos-ate-2036-internacional-taca-e-supertaca-com-final-four\/#article\",\"isPartOf\":{\"@id\":\"https:\/\/portaltela.pt\/noticias\/2026\/02\/24\/fpf-define-objetivos-ate-2036-internacional-taca-e-supertaca-com-final-four\/\"},\"author\":{\"name\":\"Telinha\",\"@id\":\"https:\/\/portaltela.pt\/#\/schema\/person\/c4278d4a6028830caff9ee44b42d32ed\"},\"headline\":\"FPF define objetivos at\u00e9 2036: internacional, Ta\u00e7a e Superta\u00e7a com final four\",\"datePublished\":\"2026-02-24T12:50:00+00:00\",\"mainEntityOfPage\":{\"@id\":\"https:\/\/portaltela.pt\/noticias\/2026\/02\/24\/fpf-define-objetivos-ate-2036-internacional-taca-e-supertaca-com-final-four\/\"},\"wordCount\":340,\"image\":{\"@id\":\"https:\/\/portaltela.pt\/noticias\/2026\/02\/24\/fpf-define-objetivos-ate-2036-internacional-taca-e-supertaca-com-final-four\/#primaryimage\"},\"thumbnailUrl\":\"https:\/\/portaltela.pt\/s.01k8rhncp4jt1\/2026\/02\/image-1766.jpg\",\"keywords\":[\"futebol\",\"futebol feminino\",\"internacionais\",\"Portugal\",\"Superta\u00e7a C\u00e2ndido de Oliveira\",\"Ta\u00e7a de Portugal\"],\"articleSection\":[\"Desporto\",\"Futebol\"],\"inLanguage\":\"pt-PT\"},{\"@type\":\"WebPage\",\"@id\":\"https:\/\/portaltela.pt\/noticias\/2026\/02\/24\/fpf-define-objetivos-ate-2036-internacional-taca-e-supertaca-com-final-four\/\",\"url\":\"https:\/\/portaltela.pt\/noticias\/2026\/02\/24\/fpf-define-objetivos-ate-2036-internacional-taca-e-supertaca-com-final-four\/\",\"name\":\"FPF define objetivos at\u00e9 2036: internacional, Ta\u00e7a e Superta\u00e7a com final four - Portal Tela Portugal\",\"isPartOf\":{\"@id\":\"https:\/\/portaltela.pt\/#website\"},\"primaryImageOfPage\":{\"@id\":\"https:\/\/portaltela.pt\/noticias\/2026\/02\/24\/fpf-define-objetivos-ate-2036-internacional-taca-e-supertaca-com-final-four\/#primaryimage\"},\"image\":{\"@id\":\"https:\/\/portaltela.pt\/noticias\/2026\/02\/24\/fpf-define-objetivos-ate-2036-internacional-taca-e-supertaca-com-final-four\/#primaryimage\"},\"thumbnailUrl\":\"https:\/\/portaltela.pt\/s.01k8rhncp4jt1\/2026\/02\/image-1766.jpg\",\"datePublished\":\"2026-02-24T12:50:00+00:00\",\"author\":{\"@id\":\"https:\/\/portaltela.pt\/#\/schema\/person\/c4278d4a6028830caff9ee44b42d32ed\"},\"breadcrumb\":{\"@id\":\"https:\/\/portaltela.pt\/noticias\/2026\/02\/24\/fpf-define-objetivos-ate-2036-internacional-taca-e-supertaca-com-final-four\/#breadcrumb\"},\"inLanguage\":\"pt-PT\",\"potentialAction\":[{\"@type\":\"ReadAction\",\"target\":[\"https:\/\/portaltela.pt\/noticias\/2026\/02\/24\/fpf-define-objetivos-ate-2036-internacional-taca-e-supertaca-com-final-four\/\"]}]},{\"@type\":\"ImageObject\",\"inLanguage\":\"pt-PT\",\"@id\":\"https:\/\/portaltela.pt\/noticias\/2026\/02\/24\/fpf-define-objetivos-ate-2036-internacional-taca-e-supertaca-com-final-four\/#primaryimage\",\"url\":\"https:\/\/portaltela.pt\/s.01k8rhncp4jt1\/2026\/02\/image-1766.jpg\",\"contentUrl\":\"https:\/\/portaltela.pt\/s.01k8rhncp4jt1\/2026\/02\/image-1766.jpg\",\"width\":796,\"height\":448,\"caption\":\"Pedro Proen\u00e7a, presidente da FPF\"},{\"@type\":\"BreadcrumbList\",\"@id\":\"https:\/\/portaltela.pt\/noticias\/2026\/02\/24\/fpf-define-objetivos-ate-2036-internacional-taca-e-supertaca-com-final-four\/#breadcrumb\",\"itemListElement\":[{\"@type\":\"ListItem\",\"position\":1,\"name\":\"In\u00edcio\",\"item\":\"https:\/\/portaltela.pt\/\"},{\"@type\":\"ListItem\",\"position\":2,\"name\":\"FPF define objetivos at\u00e9 2036: internacional, Ta\u00e7a e Superta\u00e7a com final four\"}]},{\"@type\":\"WebSite\",\"@id\":\"https:\/\/portaltela.pt\/#website\",\"url\":\"https:\/\/portaltela.pt\/\",\"name\":\"Portal Tela Portugal\",\"description\":\"\",\"potentialAction\":[{\"@type\":\"SearchAction\",\"target\":{\"@type\":\"EntryPoint\",\"urlTemplate\":\"https:\/\/portaltela.pt\/?s={search_term_string}\"},\"query-input\":{\"@type\":\"PropertyValueSpecification\",\"valueRequired\":true,\"valueName\":\"search_term_string\"}}],\"inLanguage\":\"pt-PT\"},{\"@type\":\"Person\",\"@id\":\"https:\/\/portaltela.pt\/#\/schema\/person\/c4278d4a6028830caff9ee44b42d32ed\",\"name\":\"Telinha\",\"image\":{\"@type\":\"ImageObject\",\"inLanguage\":\"pt-PT\",\"@id\":\"https:\/\/portaltela.pt\/s.01k8rhncp4jt1\/2025\/11\/talking-bot-125x125.png\",\"url\":\"https:\/\/portaltela.pt\/s.01k8rhncp4jt1\/2025\/11\/talking-bot-125x125.png\",\"contentUrl\":\"https:\/\/portaltela.pt\/s.01k8rhncp4jt1\/2025\/11\/talking-bot-125x125.png\",\"caption\":\"Telinha\"},\"sameAs\":[\"https:\/\/portaltela.pt\/\"],\"url\":\"https:\/\/portaltela.pt\/por\/367410592786\/\"}]}<\/script>\n<!-- \/ Yoast SEO plugin. -->","yoast_head_json":{"title":"FPF define objetivos at\u00e9 2036: internacional, Ta\u00e7a e Superta\u00e7a com final four - Portal Tela Portugal","robots":{"index":"index","follow":"follow","max-snippet":"max-snippet:-1","max-image-preview":"max-image-preview:large","max-video-preview":"max-video-preview:-1"},"og_locale":"pt_PT","og_type":"article","og_title":"FPF define objetivos at\u00e9 2036: internacional, Ta\u00e7a e Superta\u00e7a com final four - Portal Tela Portugal","og_description":"A FPF tra\u00e7a, para 2024\u20132036, o objetivo de conquistar um t\u00edtulo internacional at\u00e9 2036 e de realizar a Ta\u00e7a de Portugal e a Superta\u00e7a C\u00e2ndido de Oliveira em formato final four. O plano, apresentado no primeiro ano de mandato de Pedro Proen\u00e7a, reduz as propostas de 433 para 366 e prop\u00f5e metas a cumprir nos tr\u00eas mandatos, com 65 j\u00e1 realizadas. Entre as metas est\u00e3o mais de quatro milh\u00f5es de adeptos registados, at\u00e9 400 mil federados (50 mil mulheres) e 13.000 \u00e1rbitros, bem como um recorte de receitas para 70 milh\u00f5es de euros. A profissionaliza\u00e7\u00e3o da Liga feminina, a cria\u00e7\u00e3o da primeira licenciatura em futebol em 2028 e a funda\u00e7\u00e3o da Universidade do Futebol em Oeiras s\u00e3o prioridades, bem como altera\u00e7\u00f5es aos formatos de Ta\u00e7a e Superta\u00e7a at\u00e9 2028. Internamente, a FPF quer tamb\u00e9m avan\u00e7ar com uma Superta\u00e7a Ib\u00e9rica e organizar o Mundial de 2030 em parceria com Espanha e Marrocos, com nove \u00e1reas de atua\u00e7\u00e3o a serem apresentadas a 5 de mar\u00e7o.","og_url":"https:\/\/portaltela.pt\/noticias\/2026\/02\/24\/fpf-define-objetivos-ate-2036-internacional-taca-e-supertaca-com-final-four\/","og_site_name":"Portal Tela Portugal","article_published_time":"2026-02-24T12:50:00+00:00","author":"Telinha","twitter_card":"summary_large_image","twitter_misc":{"Escrito por":"Telinha","Tempo estimado de leitura":"2 minutos"},"schema":{"@context":"https:\/\/schema.org","@graph":[{"@type":"Article","@id":"https:\/\/portaltela.pt\/noticias\/2026\/02\/24\/fpf-define-objetivos-ate-2036-internacional-taca-e-supertaca-com-final-four\/#article","isPartOf":{"@id":"https:\/\/portaltela.pt\/noticias\/2026\/02\/24\/fpf-define-objetivos-ate-2036-internacional-taca-e-supertaca-com-final-four\/"},"author":{"name":"Telinha","@id":"https:\/\/portaltela.pt\/#\/schema\/person\/c4278d4a6028830caff9ee44b42d32ed"},"headline":"FPF define objetivos at\u00e9 2036: internacional, Ta\u00e7a e Superta\u00e7a com final four","datePublished":"2026-02-24T12:50:00+00:00","mainEntityOfPage":{"@id":"https:\/\/portaltela.pt\/noticias\/2026\/02\/24\/fpf-define-objetivos-ate-2036-internacional-taca-e-supertaca-com-final-four\/"},"wordCount":340,"image":{"@id":"https:\/\/portaltela.pt\/noticias\/2026\/02\/24\/fpf-define-objetivos-ate-2036-internacional-taca-e-supertaca-com-final-four\/#primaryimage"},"thumbnailUrl":"https:\/\/portaltela.pt\/s.01k8rhncp4jt1\/2026\/02\/image-1766.jpg","keywords":["futebol","futebol feminino","internacionais","Portugal","Superta\u00e7a C\u00e2ndido de Oliveira","Ta\u00e7a de Portugal"],"articleSection":["Desporto","Futebol"],"inLanguage":"pt-PT"},{"@type":"WebPage","@id":"https:\/\/portaltela.pt\/noticias\/2026\/02\/24\/fpf-define-objetivos-ate-2036-internacional-taca-e-supertaca-com-final-four\/","url":"https:\/\/portaltela.pt\/noticias\/2026\/02\/24\/fpf-define-objetivos-ate-2036-internacional-taca-e-supertaca-com-final-four\/","name":"FPF define objetivos at\u00e9 2036: internacional, Ta\u00e7a e Superta\u00e7a com final four - Portal Tela Portugal","isPartOf":{"@id":"https:\/\/portaltela.pt\/#website"},"primaryImageOfPage":{"@id":"https:\/\/portaltela.pt\/noticias\/2026\/02\/24\/fpf-define-objetivos-ate-2036-internacional-taca-e-supertaca-com-final-four\/#primaryimage"},"image":{"@id":"https:\/\/portaltela.pt\/noticias\/2026\/02\/24\/fpf-define-objetivos-ate-2036-internacional-taca-e-supertaca-com-final-four\/#primaryimage"},"thumbnailUrl":"https:\/\/portaltela.pt\/s.01k8rhncp4jt1\/2026\/02\/image-1766.jpg","datePublished":"2026-02-24T12:50:00+00:00","author":{"@id":"https:\/\/portaltela.pt\/#\/schema\/person\/c4278d4a6028830caff9ee44b42d32ed"},"breadcrumb":{"@id":"https:\/\/portaltela.pt\/noticias\/2026\/02\/24\/fpf-define-objetivos-ate-2036-internacional-taca-e-supertaca-com-final-four\/#breadcrumb"},"inLanguage":"pt-PT","potentialAction":[{"@type":"ReadAction","target":["https:\/\/portaltela.pt\/noticias\/2026\/02\/24\/fpf-define-objetivos-ate-2036-internacional-taca-e-supertaca-com-final-four\/"]}]},{"@type":"ImageObject","inLanguage":"pt-PT","@id":"https:\/\/portaltela.pt\/noticias\/2026\/02\/24\/fpf-define-objetivos-ate-2036-internacional-taca-e-supertaca-com-final-four\/#primaryimage","url":"https:\/\/portaltela.pt\/s.01k8rhncp4jt1\/2026\/02\/image-1766.jpg","contentUrl":"https:\/\/portaltela.pt\/s.01k8rhncp4jt1\/2026\/02\/image-1766.jpg","width":796,"height":448,"caption":"Pedro Proen\u00e7a, presidente da FPF"},{"@type":"BreadcrumbList","@id":"https:\/\/portaltela.pt\/noticias\/2026\/02\/24\/fpf-define-objetivos-ate-2036-internacional-taca-e-supertaca-com-final-four\/#breadcrumb","itemListElement":[{"@type":"ListItem","position":1,"name":"In\u00edcio","item":"https:\/\/portaltela.pt\/"},{"@type":"ListItem","position":2,"name":"FPF define objetivos at\u00e9 2036: internacional, Ta\u00e7a e Superta\u00e7a com final four"}]},{"@type":"WebSite","@id":"https:\/\/portaltela.pt\/#website","url":"https:\/\/portaltela.pt\/","name":"Portal Tela Portugal","description":"","potentialAction":[{"@type":"SearchAction","target":{"@type":"EntryPoint","urlTemplate":"https:\/\/portaltela.pt\/?s={search_term_string}"},"query-input":{"@type":"PropertyValueSpecification","valueRequired":true,"valueName":"search_term_string"}}],"inLanguage":"pt-PT"},{"@type":"Person","@id":"https:\/\/portaltela.pt\/#\/schema\/person\/c4278d4a6028830caff9ee44b42d32ed","name":"Telinha","image":{"@type":"ImageObject","inLanguage":"pt-PT","@id":"https:\/\/portaltela.pt\/s.01k8rhncp4jt1\/2025\/11\/talking-bot-125x125.png","url":"https:\/\/portaltela.pt\/s.01k8rhncp4jt1\/2025\/11\/talking-bot-125x125.png","contentUrl":"https:\/\/portaltela.pt\/s.01k8rhncp4jt1\/2025\/11\/talking-bot-125x125.png","caption":"Telinha"},"sameAs":["https:\/\/portaltela.pt\/"],"url":"https:\/\/portaltela.pt\/por\/367410592786\/"}]}},"_links":{"self":[{"href":"https:\/\/portaltela.pt\/api\/wp\/v2\/posts\/224189","targetHints":{"allow":["GET"]}}],"collection":[{"href":"https:\/\/portaltela.pt\/api\/wp\/v2\/posts"}],"about":[{"href":"https:\/\/portaltela.pt\/api\/wp\/v2\/types\/post"}],"author":[{"embeddable":true,"href":"https:\/\/portaltela.pt\/api\/wp\/v2\/users\/2"}],"replies":[{"embeddable":true,"href":"https:\/\/portaltela.pt\/api\/wp\/v2\/comments?post=224189"}],"version-history":[{"count":0,"href":"https:\/\/portaltela.pt\/api\/wp\/v2\/posts\/224189\/revisions"}],"wp:featuredmedia":[{"embeddable":true,"href":"https:\/\/portaltela.pt\/api\/wp\/v2\/media\/224196"}],"wp:attachment":[{"href":"https:\/\/portaltela.pt\/api\/wp\/v2\/media?parent=224189"}],"wp:term":[{"taxonomy":"category","embeddable":true,"href":"https:\/\/portaltela.pt\/api\/wp\/v2\/categories?post=224189"},{"taxonomy":"post_tag","embeddable":true,"href":"https:\/\/portaltela.pt\/api\/wp\/v2\/tags?post=224189"}],"curies":[{"name":"wp","href":"https:\/\/api.w.org\/{rel}","templated":true}]}}