{"id":224188,"date":"2026-02-24T09:59:00","date_gmt":"2026-02-24T12:59:00","guid":{"rendered":"https:\/\/portaltela.pt\/noticias\/2026\/02\/24\/arbeloa-confia-que-vinicius-vai-render-e-manter-se-entre-os-melhores\/"},"modified":"2026-02-24T09:59:00","modified_gmt":"2026-02-24T12:59:00","slug":"arbeloa-confia-que-vinicius-vai-render-e-manter-se-entre-os-melhores","status":"publish","type":"post","link":"https:\/\/portaltela.pt\/desporto\/futebol\/2026\/02\/24\/arbeloa-confia-que-vinicius-vai-render-e-manter-se-entre-os-melhores\/","title":{"rendered":"Arbeloa confia que Vin\u00edcius vai render e manter-se entre os melhores"},"content":{"rendered":"<p>O treinador do Real Madrid, Alvaro Arbeloa, afirmou que a equipa est\u00e1 concentrada no jogo de amanh\u00e3 frente ao Benfica, a contar para os playoffs da Champions, no Bernab\u00e9u, \u00e0s 20h. Garantiu que o foco est\u00e1 no desempenho em campo e na passagem \u00e0 pr\u00f3xima fase, sem dispers\u00f5es com o caso Vin\u00edcius-Prestianni.<\/p>\n<p>Arbeloa apontou que o objetivo \u00e9 manter o Real Madrid no n\u00edvel mostrado em Lisboa e reconheceu o papel decisivo do ambiente de uma noite de Champions no est\u00e1dio. O treinador refor\u00e7ou a import\u00e2ncia de uma atua\u00e7\u00e3o s\u00f3lida para avan\u00e7ar no torneio.<\/p>\n<p>Na confer\u00eancia, o t\u00e9cnico n\u00e3o comentou san\u00e7\u00f5es associadas ao caso Prestianni-Vin\u00edcius, afirmando que as decis\u00f5es cabem \u00e0 UEFA. Refere que \u00e9 uma oportunidade para marcar uma posi\u00e7\u00e3o firme contra o racismo e para transformar a mensagem em a\u00e7\u00e3o.<\/p>\n<h3>Caso Vin\u00edcius-Prestianni<\/h3>\n<p>O treinador disse que o foco da equipa continua na partida e na exig\u00eancia de apresentar um grande rendimento no relvado. Afirmou que a decis\u00e3o sobre o tema cabe apenas aos respons\u00e1veis competentes, sem anticipar conclus\u00f5es.<\/p>\n<p>Arbeloa lembrou ainda que a equipa pertence a um contexto de grande press\u00e3o e que cada jogador dever\u00e1 manter comportamento exemplar no campo. Refor\u00e7ou a confian\u00e7a no brasileiro Vin\u00edcius Jr., destacando a sua qualidade e apoio no balne\u00e1rio.<\/p>\n<p>Vin\u00edcius Jr. descreveu-se como confiante e com vontade de demonstrar o seu valor numa noite crucial. O avan\u00e7ado destacou a confian\u00e7a da equipa nele e elogiou o ambiente positivo no balne\u00e1rio, antes do encontro com o Benfica.<\/p>\n<p>Mbapp\u00e9, segundo a comunica\u00e7\u00e3o da equipa, est\u00e1 preparado para entrar em jogo amanh\u00e3 e pode decidir a qualquer momento. O foco continua na qualidade de ambas as forma\u00e7\u00f5es e na import\u00e2ncia do resultado para a eliminat\u00f3ria.<\/p>\n<p>Benfica \u00e9 apresentado como advers\u00e1rio dif\u00edcil, com historial recente de confrontos exigentes em Lisboa. A equipa encarna uma mentalidade de jogo duro e espera-se mais uma den\u00fancia de equil\u00edbrio entre ataque e defesa.<\/p>\n","protected":false},"excerpt":{"rendered":"<ul>\n<li>O Real Madrid recebe amanh\u00e3 o Benfica, \u00e0s 20h, em jogo da Liga dos Campe\u00f5es, com foco total no duelo e na passagem \u00e0 pr\u00f3xima fase.<\/li>\n<li>Arbeloa afirmou que a equipa quer manter o n\u00edvel do jogo anterior em Lisboa e que a vit\u00f3ria \u00e9 o objetivo para eliminar a eliminat\u00f3ria.<\/li>\n<li>Sobre o caso Vin\u00edcius-Prestianni, o treinador disse que no balne\u00e1rio n\u00e3o houve discuss\u00e3o de san\u00e7\u00e3o; a UEFA pode, no entanto, usar a ocasi\u00e3o para combater o racismo.<\/li>\n<li>Vin\u00edcius Jr. est\u00e1 confiante para jogar e o t\u00e9cnico elogiou o seu rendimento desde que chegou e o seu car\u00e1cter dentro do balne\u00e1rio.<\/li>\n<li>Mbapp\u00e9 est\u00e1 preparado para jogar amanh\u00e3, e o Benfica \u00e9 visto como advers\u00e1rio dif\u00edcil, com expectativa de uma grande noite de Champions.<\/li>\n<\/ul>\n","protected":false},"author":2,"featured_media":224192,"comment_status":"closed","ping_status":"closed","sticky":false,"template":"","format":"standard","meta":{"footnotes":""},"categories":[21,24],"tags":[2960,1946,3577,32,3817,2265],"class_list":["post-224188","post","type-post","status-publish","format-standard","has-post-thumbnail","hentry","category-desporto","category-futebol","tag-arbeloa","tag-benfica","tag-champions-league","tag-futebol","tag-prestianni","tag-vinicius-junior"],"yoast_head":"<!-- This site is optimized with the Yoast SEO plugin v27.2 - https:\/\/yoast.com\/product\/yoast-seo-wordpress\/ -->\n<title>Arbeloa confia que Vin\u00edcius vai render e manter-se entre os melhores - Portal Tela Portugal<\/title>\n<meta name=\"robots\" content=\"index, follow, max-snippet:-1, max-image-preview:large, max-video-preview:-1\" \/>\n<meta property=\"og:locale\" content=\"pt_PT\" \/>\n<meta property=\"og:type\" content=\"article\" \/>\n<meta property=\"og:title\" content=\"Arbeloa confia que Vin\u00edcius vai render e manter-se entre os melhores - Portal Tela Portugal\" \/>\n<meta property=\"og:description\" content=\"O Real Madrid recebe amanh\u00e3 o Benfica, \u00e0s 20h, em jogo da Liga dos Campe\u00f5es, com foco total no duelo e na passagem \u00e0 pr\u00f3xima fase. Arbeloa afirmou que a equipa quer manter o n\u00edvel do jogo anterior em Lisboa e que a vit\u00f3ria \u00e9 o objetivo para eliminar a eliminat\u00f3ria. Sobre o caso Vin\u00edcius-Prestianni, o treinador disse que no balne\u00e1rio n\u00e3o houve discuss\u00e3o de san\u00e7\u00e3o; a UEFA pode, no entanto, usar a ocasi\u00e3o para combater o racismo. Vin\u00edcius Jr. est\u00e1 confiante para jogar e o t\u00e9cnico elogiou o seu rendimento desde que chegou e o seu car\u00e1cter dentro do balne\u00e1rio. Mbapp\u00e9 est\u00e1 preparado para jogar amanh\u00e3, e o Benfica \u00e9 visto como advers\u00e1rio dif\u00edcil, com expectativa de uma grande noite de Champions.\" \/>\n<meta property=\"og:url\" content=\"https:\/\/portaltela.pt\/noticias\/2026\/02\/24\/arbeloa-confia-que-vinicius-vai-render-e-manter-se-entre-os-melhores\/\" \/>\n<meta property=\"og:site_name\" content=\"Portal Tela Portugal\" \/>\n<meta property=\"article:published_time\" content=\"2026-02-24T12:59:00+00:00\" \/>\n<meta name=\"author\" content=\"Telinha\" \/>\n<meta name=\"twitter:card\" content=\"summary_large_image\" \/>\n<meta name=\"twitter:label1\" content=\"Escrito por\" \/>\n\t<meta name=\"twitter:data1\" content=\"Telinha\" \/>\n\t<meta name=\"twitter:label2\" content=\"Tempo estimado de leitura\" \/>\n\t<meta name=\"twitter:data2\" content=\"2 minutos\" \/>\n<script type=\"application\/ld+json\" class=\"yoast-schema-graph\">{\"@context\":\"https:\/\/schema.org\",\"@graph\":[{\"@type\":\"Article\",\"@id\":\"https:\/\/portaltela.pt\/noticias\/2026\/02\/24\/arbeloa-confia-que-vinicius-vai-render-e-manter-se-entre-os-melhores\/#article\",\"isPartOf\":{\"@id\":\"https:\/\/portaltela.pt\/noticias\/2026\/02\/24\/arbeloa-confia-que-vinicius-vai-render-e-manter-se-entre-os-melhores\/\"},\"author\":{\"name\":\"Telinha\",\"@id\":\"https:\/\/portaltela.pt\/#\/schema\/person\/c4278d4a6028830caff9ee44b42d32ed\"},\"headline\":\"Arbeloa confia que Vin\u00edcius vai render e manter-se entre os melhores\",\"datePublished\":\"2026-02-24T12:59:00+00:00\",\"mainEntityOfPage\":{\"@id\":\"https:\/\/portaltela.pt\/noticias\/2026\/02\/24\/arbeloa-confia-que-vinicius-vai-render-e-manter-se-entre-os-melhores\/\"},\"wordCount\":362,\"image\":{\"@id\":\"https:\/\/portaltela.pt\/noticias\/2026\/02\/24\/arbeloa-confia-que-vinicius-vai-render-e-manter-se-entre-os-melhores\/#primaryimage\"},\"thumbnailUrl\":\"https:\/\/portaltela.pt\/s.01k8rhncp4jt1\/2026\/02\/img_920x518uu2026-02-20-16-12-58-2422728.jpg\",\"keywords\":[\"Arbeloa\",\"Benfica\",\"Champions League\",\"futebol\",\"Prestianni\",\"Vin\u00edcius J\u00fanior\"],\"articleSection\":[\"Desporto\",\"Futebol\"],\"inLanguage\":\"pt-PT\"},{\"@type\":\"WebPage\",\"@id\":\"https:\/\/portaltela.pt\/noticias\/2026\/02\/24\/arbeloa-confia-que-vinicius-vai-render-e-manter-se-entre-os-melhores\/\",\"url\":\"https:\/\/portaltela.pt\/noticias\/2026\/02\/24\/arbeloa-confia-que-vinicius-vai-render-e-manter-se-entre-os-melhores\/\",\"name\":\"Arbeloa confia que Vin\u00edcius vai render e manter-se entre os melhores - Portal Tela Portugal\",\"isPartOf\":{\"@id\":\"https:\/\/portaltela.pt\/#website\"},\"primaryImageOfPage\":{\"@id\":\"https:\/\/portaltela.pt\/noticias\/2026\/02\/24\/arbeloa-confia-que-vinicius-vai-render-e-manter-se-entre-os-melhores\/#primaryimage\"},\"image\":{\"@id\":\"https:\/\/portaltela.pt\/noticias\/2026\/02\/24\/arbeloa-confia-que-vinicius-vai-render-e-manter-se-entre-os-melhores\/#primaryimage\"},\"thumbnailUrl\":\"https:\/\/portaltela.pt\/s.01k8rhncp4jt1\/2026\/02\/img_920x518uu2026-02-20-16-12-58-2422728.jpg\",\"datePublished\":\"2026-02-24T12:59:00+00:00\",\"author\":{\"@id\":\"https:\/\/portaltela.pt\/#\/schema\/person\/c4278d4a6028830caff9ee44b42d32ed\"},\"breadcrumb\":{\"@id\":\"https:\/\/portaltela.pt\/noticias\/2026\/02\/24\/arbeloa-confia-que-vinicius-vai-render-e-manter-se-entre-os-melhores\/#breadcrumb\"},\"inLanguage\":\"pt-PT\",\"potentialAction\":[{\"@type\":\"ReadAction\",\"target\":[\"https:\/\/portaltela.pt\/noticias\/2026\/02\/24\/arbeloa-confia-que-vinicius-vai-render-e-manter-se-entre-os-melhores\/\"]}]},{\"@type\":\"ImageObject\",\"inLanguage\":\"pt-PT\",\"@id\":\"https:\/\/portaltela.pt\/noticias\/2026\/02\/24\/arbeloa-confia-que-vinicius-vai-render-e-manter-se-entre-os-melhores\/#primaryimage\",\"url\":\"https:\/\/portaltela.pt\/s.01k8rhncp4jt1\/2026\/02\/img_920x518uu2026-02-20-16-12-58-2422728.jpg\",\"contentUrl\":\"https:\/\/portaltela.pt\/s.01k8rhncp4jt1\/2026\/02\/img_920x518uu2026-02-20-16-12-58-2422728.jpg\",\"width\":796,\"height\":448,\"caption\":\"Arbeloa\"},{\"@type\":\"BreadcrumbList\",\"@id\":\"https:\/\/portaltela.pt\/noticias\/2026\/02\/24\/arbeloa-confia-que-vinicius-vai-render-e-manter-se-entre-os-melhores\/#breadcrumb\",\"itemListElement\":[{\"@type\":\"ListItem\",\"position\":1,\"name\":\"In\u00edcio\",\"item\":\"https:\/\/portaltela.pt\/\"},{\"@type\":\"ListItem\",\"position\":2,\"name\":\"Arbeloa confia que Vin\u00edcius vai render e manter-se entre os melhores\"}]},{\"@type\":\"WebSite\",\"@id\":\"https:\/\/portaltela.pt\/#website\",\"url\":\"https:\/\/portaltela.pt\/\",\"name\":\"Portal Tela Portugal\",\"description\":\"\",\"potentialAction\":[{\"@type\":\"SearchAction\",\"target\":{\"@type\":\"EntryPoint\",\"urlTemplate\":\"https:\/\/portaltela.pt\/?s={search_term_string}\"},\"query-input\":{\"@type\":\"PropertyValueSpecification\",\"valueRequired\":true,\"valueName\":\"search_term_string\"}}],\"inLanguage\":\"pt-PT\"},{\"@type\":\"Person\",\"@id\":\"https:\/\/portaltela.pt\/#\/schema\/person\/c4278d4a6028830caff9ee44b42d32ed\",\"name\":\"Telinha\",\"image\":{\"@type\":\"ImageObject\",\"inLanguage\":\"pt-PT\",\"@id\":\"https:\/\/portaltela.pt\/s.01k8rhncp4jt1\/2025\/11\/talking-bot-125x125.png\",\"url\":\"https:\/\/portaltela.pt\/s.01k8rhncp4jt1\/2025\/11\/talking-bot-125x125.png\",\"contentUrl\":\"https:\/\/portaltela.pt\/s.01k8rhncp4jt1\/2025\/11\/talking-bot-125x125.png\",\"caption\":\"Telinha\"},\"sameAs\":[\"https:\/\/portaltela.pt\/\"],\"url\":\"https:\/\/portaltela.pt\/por\/367410592786\/\"}]}<\/script>\n<!-- \/ Yoast SEO plugin. -->","yoast_head_json":{"title":"Arbeloa confia que Vin\u00edcius vai render e manter-se entre os melhores - Portal Tela Portugal","robots":{"index":"index","follow":"follow","max-snippet":"max-snippet:-1","max-image-preview":"max-image-preview:large","max-video-preview":"max-video-preview:-1"},"og_locale":"pt_PT","og_type":"article","og_title":"Arbeloa confia que Vin\u00edcius vai render e manter-se entre os melhores - Portal Tela Portugal","og_description":"O Real Madrid recebe amanh\u00e3 o Benfica, \u00e0s 20h, em jogo da Liga dos Campe\u00f5es, com foco total no duelo e na passagem \u00e0 pr\u00f3xima fase. Arbeloa afirmou que a equipa quer manter o n\u00edvel do jogo anterior em Lisboa e que a vit\u00f3ria \u00e9 o objetivo para eliminar a eliminat\u00f3ria. Sobre o caso Vin\u00edcius-Prestianni, o treinador disse que no balne\u00e1rio n\u00e3o houve discuss\u00e3o de san\u00e7\u00e3o; a UEFA pode, no entanto, usar a ocasi\u00e3o para combater o racismo. Vin\u00edcius Jr. est\u00e1 confiante para jogar e o t\u00e9cnico elogiou o seu rendimento desde que chegou e o seu car\u00e1cter dentro do balne\u00e1rio. Mbapp\u00e9 est\u00e1 preparado para jogar amanh\u00e3, e o Benfica \u00e9 visto como advers\u00e1rio dif\u00edcil, com expectativa de uma grande noite de Champions.","og_url":"https:\/\/portaltela.pt\/noticias\/2026\/02\/24\/arbeloa-confia-que-vinicius-vai-render-e-manter-se-entre-os-melhores\/","og_site_name":"Portal Tela Portugal","article_published_time":"2026-02-24T12:59:00+00:00","author":"Telinha","twitter_card":"summary_large_image","twitter_misc":{"Escrito por":"Telinha","Tempo estimado de leitura":"2 minutos"},"schema":{"@context":"https:\/\/schema.org","@graph":[{"@type":"Article","@id":"https:\/\/portaltela.pt\/noticias\/2026\/02\/24\/arbeloa-confia-que-vinicius-vai-render-e-manter-se-entre-os-melhores\/#article","isPartOf":{"@id":"https:\/\/portaltela.pt\/noticias\/2026\/02\/24\/arbeloa-confia-que-vinicius-vai-render-e-manter-se-entre-os-melhores\/"},"author":{"name":"Telinha","@id":"https:\/\/portaltela.pt\/#\/schema\/person\/c4278d4a6028830caff9ee44b42d32ed"},"headline":"Arbeloa confia que Vin\u00edcius vai render e manter-se entre os melhores","datePublished":"2026-02-24T12:59:00+00:00","mainEntityOfPage":{"@id":"https:\/\/portaltela.pt\/noticias\/2026\/02\/24\/arbeloa-confia-que-vinicius-vai-render-e-manter-se-entre-os-melhores\/"},"wordCount":362,"image":{"@id":"https:\/\/portaltela.pt\/noticias\/2026\/02\/24\/arbeloa-confia-que-vinicius-vai-render-e-manter-se-entre-os-melhores\/#primaryimage"},"thumbnailUrl":"https:\/\/portaltela.pt\/s.01k8rhncp4jt1\/2026\/02\/img_920x518uu2026-02-20-16-12-58-2422728.jpg","keywords":["Arbeloa","Benfica","Champions League","futebol","Prestianni","Vin\u00edcius J\u00fanior"],"articleSection":["Desporto","Futebol"],"inLanguage":"pt-PT"},{"@type":"WebPage","@id":"https:\/\/portaltela.pt\/noticias\/2026\/02\/24\/arbeloa-confia-que-vinicius-vai-render-e-manter-se-entre-os-melhores\/","url":"https:\/\/portaltela.pt\/noticias\/2026\/02\/24\/arbeloa-confia-que-vinicius-vai-render-e-manter-se-entre-os-melhores\/","name":"Arbeloa confia que Vin\u00edcius vai render e manter-se entre os melhores - Portal Tela Portugal","isPartOf":{"@id":"https:\/\/portaltela.pt\/#website"},"primaryImageOfPage":{"@id":"https:\/\/portaltela.pt\/noticias\/2026\/02\/24\/arbeloa-confia-que-vinicius-vai-render-e-manter-se-entre-os-melhores\/#primaryimage"},"image":{"@id":"https:\/\/portaltela.pt\/noticias\/2026\/02\/24\/arbeloa-confia-que-vinicius-vai-render-e-manter-se-entre-os-melhores\/#primaryimage"},"thumbnailUrl":"https:\/\/portaltela.pt\/s.01k8rhncp4jt1\/2026\/02\/img_920x518uu2026-02-20-16-12-58-2422728.jpg","datePublished":"2026-02-24T12:59:00+00:00","author":{"@id":"https:\/\/portaltela.pt\/#\/schema\/person\/c4278d4a6028830caff9ee44b42d32ed"},"breadcrumb":{"@id":"https:\/\/portaltela.pt\/noticias\/2026\/02\/24\/arbeloa-confia-que-vinicius-vai-render-e-manter-se-entre-os-melhores\/#breadcrumb"},"inLanguage":"pt-PT","potentialAction":[{"@type":"ReadAction","target":["https:\/\/portaltela.pt\/noticias\/2026\/02\/24\/arbeloa-confia-que-vinicius-vai-render-e-manter-se-entre-os-melhores\/"]}]},{"@type":"ImageObject","inLanguage":"pt-PT","@id":"https:\/\/portaltela.pt\/noticias\/2026\/02\/24\/arbeloa-confia-que-vinicius-vai-render-e-manter-se-entre-os-melhores\/#primaryimage","url":"https:\/\/portaltela.pt\/s.01k8rhncp4jt1\/2026\/02\/img_920x518uu2026-02-20-16-12-58-2422728.jpg","contentUrl":"https:\/\/portaltela.pt\/s.01k8rhncp4jt1\/2026\/02\/img_920x518uu2026-02-20-16-12-58-2422728.jpg","width":796,"height":448,"caption":"Arbeloa"},{"@type":"BreadcrumbList","@id":"https:\/\/portaltela.pt\/noticias\/2026\/02\/24\/arbeloa-confia-que-vinicius-vai-render-e-manter-se-entre-os-melhores\/#breadcrumb","itemListElement":[{"@type":"ListItem","position":1,"name":"In\u00edcio","item":"https:\/\/portaltela.pt\/"},{"@type":"ListItem","position":2,"name":"Arbeloa confia que Vin\u00edcius vai render e manter-se entre os melhores"}]},{"@type":"WebSite","@id":"https:\/\/portaltela.pt\/#website","url":"https:\/\/portaltela.pt\/","name":"Portal Tela Portugal","description":"","potentialAction":[{"@type":"SearchAction","target":{"@type":"EntryPoint","urlTemplate":"https:\/\/portaltela.pt\/?s={search_term_string}"},"query-input":{"@type":"PropertyValueSpecification","valueRequired":true,"valueName":"search_term_string"}}],"inLanguage":"pt-PT"},{"@type":"Person","@id":"https:\/\/portaltela.pt\/#\/schema\/person\/c4278d4a6028830caff9ee44b42d32ed","name":"Telinha","image":{"@type":"ImageObject","inLanguage":"pt-PT","@id":"https:\/\/portaltela.pt\/s.01k8rhncp4jt1\/2025\/11\/talking-bot-125x125.png","url":"https:\/\/portaltela.pt\/s.01k8rhncp4jt1\/2025\/11\/talking-bot-125x125.png","contentUrl":"https:\/\/portaltela.pt\/s.01k8rhncp4jt1\/2025\/11\/talking-bot-125x125.png","caption":"Telinha"},"sameAs":["https:\/\/portaltela.pt\/"],"url":"https:\/\/portaltela.pt\/por\/367410592786\/"}]}},"_links":{"self":[{"href":"https:\/\/portaltela.pt\/api\/wp\/v2\/posts\/224188","targetHints":{"allow":["GET"]}}],"collection":[{"href":"https:\/\/portaltela.pt\/api\/wp\/v2\/posts"}],"about":[{"href":"https:\/\/portaltela.pt\/api\/wp\/v2\/types\/post"}],"author":[{"embeddable":true,"href":"https:\/\/portaltela.pt\/api\/wp\/v2\/users\/2"}],"replies":[{"embeddable":true,"href":"https:\/\/portaltela.pt\/api\/wp\/v2\/comments?post=224188"}],"version-history":[{"count":0,"href":"https:\/\/portaltela.pt\/api\/wp\/v2\/posts\/224188\/revisions"}],"wp:featuredmedia":[{"embeddable":true,"href":"https:\/\/portaltela.pt\/api\/wp\/v2\/media\/224192"}],"wp:attachment":[{"href":"https:\/\/portaltela.pt\/api\/wp\/v2\/media?parent=224188"}],"wp:term":[{"taxonomy":"category","embeddable":true,"href":"https:\/\/portaltela.pt\/api\/wp\/v2\/categories?post=224188"},{"taxonomy":"post_tag","embeddable":true,"href":"https:\/\/portaltela.pt\/api\/wp\/v2\/tags?post=224188"}],"curies":[{"name":"wp","href":"https:\/\/api.w.org\/{rel}","templated":true}]}}