{"id":224179,"date":"2026-02-24T09:36:00","date_gmt":"2026-02-24T12:36:00","guid":{"rendered":"https:\/\/portaltela.pt\/noticias\/2026\/02\/24\/kremlin-acusa-paises-ocidentais-de-querer-destruir-a-russia\/"},"modified":"2026-02-24T09:36:00","modified_gmt":"2026-02-24T12:36:00","slug":"kremlin-acusa-paises-ocidentais-de-querer-destruir-a-russia","status":"publish","type":"post","link":"https:\/\/portaltela.pt\/noticias\/internacional\/2026\/02\/24\/kremlin-acusa-paises-ocidentais-de-querer-destruir-a-russia\/","title":{"rendered":"Kremlin acusa pa\u00edses ocidentais de querer destruir a R\u00fassia"},"content":{"rendered":"<p>O Kremlin afirmou que os pa\u00edses ocidentais procuram destruir a R\u00fassia, numa declara\u00e7\u00e3o associada ao quarto anivers\u00e1rio do in\u00edcio da invas\u00e3o da Ucr\u00e2nia. A afirma\u00e7\u00e3o foi feita numa altura em que Moscovo insiste que a \u201copera\u00e7\u00e3o militar especial\u201d vai prolongar-se at\u00e9 alcan\u00e7ar os seus objetivos.<\/p>\n<p>De acordo com o porta-voz do Kremlin, Dmitri Peskov, a interven\u00e7\u00e3o direta de pot\u00eancias ocidentais na guerra, ao apoiar Kiev, caracteriza um embate entre a R\u00fassia e o Ocidente. A leitura oficial \u00e9 de que o conflito se expandiu para uma confronta\u00e7\u00e3o com v\u00e1rias na\u00e7\u00f5es ocidentais.<\/p>\n<p>Os coment\u00e1rios coincidem com a data de quatro anos desde o arranque da invas\u00e3o russa \u00e0 Ucr\u00e2nia, marcada por ataques e desloca\u00e7\u00f5es massivas. Moscovo descreve o envolvimento ocidental como indispens\u00e1vel para a condu\u00e7\u00e3o da ofensiva russa.<\/p>\n<p>Peskov insistiu que a guerra n\u00e3o se trata apenas de confronto com a Ucr\u00e2nia, mas de uma rivalidade estrat\u00e9gica com o Ocidente. As afirma\u00e7\u00f5es foram reportadas por ag\u00eancias internacionais e reproduzidas por meios controlados pelo Estado russo.<\/p>\n","protected":false},"excerpt":{"rendered":"<ul>\n<li>No quarto anivers\u00e1rio da invas\u00e3o, o Kremlin afirma que a interven\u00e7\u00e3o direta de pa\u00edses ocidentais na guerra visa destruir a R\u00fassia.<\/li>\n<li>Alega que a \u201copera\u00e7\u00e3o militar especial\u201d deve continuar at\u00e9 que os objetivos sejam alcan\u00e7ados.<\/li>\n<li>O porta-voz Dmitri Peskov sustenta que o conflito entre a R\u00fassia e a Ucr\u00e2nia se transformou num confronto com o Ocidente.<\/li>\n<li>As declara\u00e7\u00f5es surgem num momento em que Moscovo celebra quatro anos desde o in\u00edcio da invas\u00e3o.<\/li>\n<li>N\u00e3o s\u00e3o avan\u00e7ados detalhes adicionais sobre novas a\u00e7\u00f5es ou prazos espec\u00edficos.<\/li>\n<\/ul>\n","protected":false},"author":2,"featured_media":224182,"comment_status":"closed","ping_status":"closed","sticky":false,"template":"","format":"standard","meta":{"footnotes":""},"categories":[4,1],"tags":[254,2198,62,1928,3110,2134],"class_list":["post-224179","post","type-post","status-publish","format-standard","has-post-thumbnail","hentry","category-internacional","category-noticias","tag-conflito","tag-conflitos-internacionais","tag-guerra","tag-ocidente","tag-russia","tag-ucrania"],"yoast_head":"<!-- This site is optimized with the Yoast SEO plugin v27.2 - https:\/\/yoast.com\/product\/yoast-seo-wordpress\/ -->\n<title>Kremlin acusa pa\u00edses ocidentais de querer destruir a R\u00fassia - Portal Tela Portugal<\/title>\n<meta name=\"robots\" content=\"index, follow, max-snippet:-1, max-image-preview:large, max-video-preview:-1\" \/>\n<meta property=\"og:locale\" content=\"pt_PT\" \/>\n<meta property=\"og:type\" content=\"article\" \/>\n<meta property=\"og:title\" content=\"Kremlin acusa pa\u00edses ocidentais de querer destruir a R\u00fassia - Portal Tela Portugal\" \/>\n<meta property=\"og:description\" content=\"No quarto anivers\u00e1rio da invas\u00e3o, o Kremlin afirma que a interven\u00e7\u00e3o direta de pa\u00edses ocidentais na guerra visa destruir a R\u00fassia. Alega que a \u201copera\u00e7\u00e3o militar especial\u201d deve continuar at\u00e9 que os objetivos sejam alcan\u00e7ados. O porta-voz Dmitri Peskov sustenta que o conflito entre a R\u00fassia e a Ucr\u00e2nia se transformou num confronto com o Ocidente. As declara\u00e7\u00f5es surgem num momento em que Moscovo celebra quatro anos desde o in\u00edcio da invas\u00e3o. N\u00e3o s\u00e3o avan\u00e7ados detalhes adicionais sobre novas a\u00e7\u00f5es ou prazos espec\u00edficos.\" \/>\n<meta property=\"og:url\" content=\"https:\/\/portaltela.pt\/noticias\/2026\/02\/24\/kremlin-acusa-paises-ocidentais-de-querer-destruir-a-russia\/\" \/>\n<meta property=\"og:site_name\" content=\"Portal Tela Portugal\" \/>\n<meta property=\"article:published_time\" content=\"2026-02-24T12:36:00+00:00\" \/>\n<meta name=\"author\" content=\"Telinha\" \/>\n<meta name=\"twitter:card\" content=\"summary_large_image\" \/>\n<meta name=\"twitter:label1\" content=\"Escrito por\" \/>\n\t<meta name=\"twitter:data1\" content=\"Telinha\" \/>\n\t<meta name=\"twitter:label2\" content=\"Tempo estimado de leitura\" \/>\n\t<meta name=\"twitter:data2\" content=\"1 minuto\" \/>\n<script type=\"application\/ld+json\" class=\"yoast-schema-graph\">{\"@context\":\"https:\/\/schema.org\",\"@graph\":[{\"@type\":\"Article\",\"@id\":\"https:\/\/portaltela.pt\/noticias\/2026\/02\/24\/kremlin-acusa-paises-ocidentais-de-querer-destruir-a-russia\/#article\",\"isPartOf\":{\"@id\":\"https:\/\/portaltela.pt\/noticias\/2026\/02\/24\/kremlin-acusa-paises-ocidentais-de-querer-destruir-a-russia\/\"},\"author\":{\"name\":\"Telinha\",\"@id\":\"https:\/\/portaltela.pt\/#\/schema\/person\/c4278d4a6028830caff9ee44b42d32ed\"},\"headline\":\"Kremlin acusa pa\u00edses ocidentais de querer destruir a R\u00fassia\",\"datePublished\":\"2026-02-24T12:36:00+00:00\",\"mainEntityOfPage\":{\"@id\":\"https:\/\/portaltela.pt\/noticias\/2026\/02\/24\/kremlin-acusa-paises-ocidentais-de-querer-destruir-a-russia\/\"},\"wordCount\":200,\"image\":{\"@id\":\"https:\/\/portaltela.pt\/noticias\/2026\/02\/24\/kremlin-acusa-paises-ocidentais-de-querer-destruir-a-russia\/#primaryimage\"},\"thumbnailUrl\":\"https:\/\/portaltela.pt\/s.01k8rhncp4jt1\/2026\/02\/2069343.jpg\",\"keywords\":[\"conflito\",\"conflitos internacionais\",\"guerra\",\"ocidente\",\"R\u00fassia\",\"Ucr\u00e2nia\"],\"articleSection\":[\"Internacional\",\"Not\u00edcias\"],\"inLanguage\":\"pt-PT\"},{\"@type\":\"WebPage\",\"@id\":\"https:\/\/portaltela.pt\/noticias\/2026\/02\/24\/kremlin-acusa-paises-ocidentais-de-querer-destruir-a-russia\/\",\"url\":\"https:\/\/portaltela.pt\/noticias\/2026\/02\/24\/kremlin-acusa-paises-ocidentais-de-querer-destruir-a-russia\/\",\"name\":\"Kremlin acusa pa\u00edses ocidentais de querer destruir a R\u00fassia - Portal Tela Portugal\",\"isPartOf\":{\"@id\":\"https:\/\/portaltela.pt\/#website\"},\"primaryImageOfPage\":{\"@id\":\"https:\/\/portaltela.pt\/noticias\/2026\/02\/24\/kremlin-acusa-paises-ocidentais-de-querer-destruir-a-russia\/#primaryimage\"},\"image\":{\"@id\":\"https:\/\/portaltela.pt\/noticias\/2026\/02\/24\/kremlin-acusa-paises-ocidentais-de-querer-destruir-a-russia\/#primaryimage\"},\"thumbnailUrl\":\"https:\/\/portaltela.pt\/s.01k8rhncp4jt1\/2026\/02\/2069343.jpg\",\"datePublished\":\"2026-02-24T12:36:00+00:00\",\"author\":{\"@id\":\"https:\/\/portaltela.pt\/#\/schema\/person\/c4278d4a6028830caff9ee44b42d32ed\"},\"breadcrumb\":{\"@id\":\"https:\/\/portaltela.pt\/noticias\/2026\/02\/24\/kremlin-acusa-paises-ocidentais-de-querer-destruir-a-russia\/#breadcrumb\"},\"inLanguage\":\"pt-PT\",\"potentialAction\":[{\"@type\":\"ReadAction\",\"target\":[\"https:\/\/portaltela.pt\/noticias\/2026\/02\/24\/kremlin-acusa-paises-ocidentais-de-querer-destruir-a-russia\/\"]}]},{\"@type\":\"ImageObject\",\"inLanguage\":\"pt-PT\",\"@id\":\"https:\/\/portaltela.pt\/noticias\/2026\/02\/24\/kremlin-acusa-paises-ocidentais-de-querer-destruir-a-russia\/#primaryimage\",\"url\":\"https:\/\/portaltela.pt\/s.01k8rhncp4jt1\/2026\/02\/2069343.jpg\",\"contentUrl\":\"https:\/\/portaltela.pt\/s.01k8rhncp4jt1\/2026\/02\/2069343.jpg\",\"width\":796,\"height\":448,\"caption\":\"Dmitri Peskov diz que a guerra entre a R\u00fassia e a Ucr\u00e2nia transformou-se num conflito com o Ocidente\"},{\"@type\":\"BreadcrumbList\",\"@id\":\"https:\/\/portaltela.pt\/noticias\/2026\/02\/24\/kremlin-acusa-paises-ocidentais-de-querer-destruir-a-russia\/#breadcrumb\",\"itemListElement\":[{\"@type\":\"ListItem\",\"position\":1,\"name\":\"In\u00edcio\",\"item\":\"https:\/\/portaltela.pt\/\"},{\"@type\":\"ListItem\",\"position\":2,\"name\":\"Kremlin acusa pa\u00edses ocidentais de querer destruir a R\u00fassia\"}]},{\"@type\":\"WebSite\",\"@id\":\"https:\/\/portaltela.pt\/#website\",\"url\":\"https:\/\/portaltela.pt\/\",\"name\":\"Portal Tela Portugal\",\"description\":\"\",\"potentialAction\":[{\"@type\":\"SearchAction\",\"target\":{\"@type\":\"EntryPoint\",\"urlTemplate\":\"https:\/\/portaltela.pt\/?s={search_term_string}\"},\"query-input\":{\"@type\":\"PropertyValueSpecification\",\"valueRequired\":true,\"valueName\":\"search_term_string\"}}],\"inLanguage\":\"pt-PT\"},{\"@type\":\"Person\",\"@id\":\"https:\/\/portaltela.pt\/#\/schema\/person\/c4278d4a6028830caff9ee44b42d32ed\",\"name\":\"Telinha\",\"image\":{\"@type\":\"ImageObject\",\"inLanguage\":\"pt-PT\",\"@id\":\"https:\/\/portaltela.pt\/s.01k8rhncp4jt1\/2025\/11\/talking-bot-125x125.png\",\"url\":\"https:\/\/portaltela.pt\/s.01k8rhncp4jt1\/2025\/11\/talking-bot-125x125.png\",\"contentUrl\":\"https:\/\/portaltela.pt\/s.01k8rhncp4jt1\/2025\/11\/talking-bot-125x125.png\",\"caption\":\"Telinha\"},\"sameAs\":[\"https:\/\/portaltela.pt\/\"],\"url\":\"https:\/\/portaltela.pt\/por\/367410592786\/\"}]}<\/script>\n<!-- \/ Yoast SEO plugin. -->","yoast_head_json":{"title":"Kremlin acusa pa\u00edses ocidentais de querer destruir a R\u00fassia - Portal Tela Portugal","robots":{"index":"index","follow":"follow","max-snippet":"max-snippet:-1","max-image-preview":"max-image-preview:large","max-video-preview":"max-video-preview:-1"},"og_locale":"pt_PT","og_type":"article","og_title":"Kremlin acusa pa\u00edses ocidentais de querer destruir a R\u00fassia - Portal Tela Portugal","og_description":"No quarto anivers\u00e1rio da invas\u00e3o, o Kremlin afirma que a interven\u00e7\u00e3o direta de pa\u00edses ocidentais na guerra visa destruir a R\u00fassia. Alega que a \u201copera\u00e7\u00e3o militar especial\u201d deve continuar at\u00e9 que os objetivos sejam alcan\u00e7ados. O porta-voz Dmitri Peskov sustenta que o conflito entre a R\u00fassia e a Ucr\u00e2nia se transformou num confronto com o Ocidente. As declara\u00e7\u00f5es surgem num momento em que Moscovo celebra quatro anos desde o in\u00edcio da invas\u00e3o. N\u00e3o s\u00e3o avan\u00e7ados detalhes adicionais sobre novas a\u00e7\u00f5es ou prazos espec\u00edficos.","og_url":"https:\/\/portaltela.pt\/noticias\/2026\/02\/24\/kremlin-acusa-paises-ocidentais-de-querer-destruir-a-russia\/","og_site_name":"Portal Tela Portugal","article_published_time":"2026-02-24T12:36:00+00:00","author":"Telinha","twitter_card":"summary_large_image","twitter_misc":{"Escrito por":"Telinha","Tempo estimado de leitura":"1 minuto"},"schema":{"@context":"https:\/\/schema.org","@graph":[{"@type":"Article","@id":"https:\/\/portaltela.pt\/noticias\/2026\/02\/24\/kremlin-acusa-paises-ocidentais-de-querer-destruir-a-russia\/#article","isPartOf":{"@id":"https:\/\/portaltela.pt\/noticias\/2026\/02\/24\/kremlin-acusa-paises-ocidentais-de-querer-destruir-a-russia\/"},"author":{"name":"Telinha","@id":"https:\/\/portaltela.pt\/#\/schema\/person\/c4278d4a6028830caff9ee44b42d32ed"},"headline":"Kremlin acusa pa\u00edses ocidentais de querer destruir a R\u00fassia","datePublished":"2026-02-24T12:36:00+00:00","mainEntityOfPage":{"@id":"https:\/\/portaltela.pt\/noticias\/2026\/02\/24\/kremlin-acusa-paises-ocidentais-de-querer-destruir-a-russia\/"},"wordCount":200,"image":{"@id":"https:\/\/portaltela.pt\/noticias\/2026\/02\/24\/kremlin-acusa-paises-ocidentais-de-querer-destruir-a-russia\/#primaryimage"},"thumbnailUrl":"https:\/\/portaltela.pt\/s.01k8rhncp4jt1\/2026\/02\/2069343.jpg","keywords":["conflito","conflitos internacionais","guerra","ocidente","R\u00fassia","Ucr\u00e2nia"],"articleSection":["Internacional","Not\u00edcias"],"inLanguage":"pt-PT"},{"@type":"WebPage","@id":"https:\/\/portaltela.pt\/noticias\/2026\/02\/24\/kremlin-acusa-paises-ocidentais-de-querer-destruir-a-russia\/","url":"https:\/\/portaltela.pt\/noticias\/2026\/02\/24\/kremlin-acusa-paises-ocidentais-de-querer-destruir-a-russia\/","name":"Kremlin acusa pa\u00edses ocidentais de querer destruir a R\u00fassia - Portal Tela Portugal","isPartOf":{"@id":"https:\/\/portaltela.pt\/#website"},"primaryImageOfPage":{"@id":"https:\/\/portaltela.pt\/noticias\/2026\/02\/24\/kremlin-acusa-paises-ocidentais-de-querer-destruir-a-russia\/#primaryimage"},"image":{"@id":"https:\/\/portaltela.pt\/noticias\/2026\/02\/24\/kremlin-acusa-paises-ocidentais-de-querer-destruir-a-russia\/#primaryimage"},"thumbnailUrl":"https:\/\/portaltela.pt\/s.01k8rhncp4jt1\/2026\/02\/2069343.jpg","datePublished":"2026-02-24T12:36:00+00:00","author":{"@id":"https:\/\/portaltela.pt\/#\/schema\/person\/c4278d4a6028830caff9ee44b42d32ed"},"breadcrumb":{"@id":"https:\/\/portaltela.pt\/noticias\/2026\/02\/24\/kremlin-acusa-paises-ocidentais-de-querer-destruir-a-russia\/#breadcrumb"},"inLanguage":"pt-PT","potentialAction":[{"@type":"ReadAction","target":["https:\/\/portaltela.pt\/noticias\/2026\/02\/24\/kremlin-acusa-paises-ocidentais-de-querer-destruir-a-russia\/"]}]},{"@type":"ImageObject","inLanguage":"pt-PT","@id":"https:\/\/portaltela.pt\/noticias\/2026\/02\/24\/kremlin-acusa-paises-ocidentais-de-querer-destruir-a-russia\/#primaryimage","url":"https:\/\/portaltela.pt\/s.01k8rhncp4jt1\/2026\/02\/2069343.jpg","contentUrl":"https:\/\/portaltela.pt\/s.01k8rhncp4jt1\/2026\/02\/2069343.jpg","width":796,"height":448,"caption":"Dmitri Peskov diz que a guerra entre a R\u00fassia e a Ucr\u00e2nia transformou-se num conflito com o Ocidente"},{"@type":"BreadcrumbList","@id":"https:\/\/portaltela.pt\/noticias\/2026\/02\/24\/kremlin-acusa-paises-ocidentais-de-querer-destruir-a-russia\/#breadcrumb","itemListElement":[{"@type":"ListItem","position":1,"name":"In\u00edcio","item":"https:\/\/portaltela.pt\/"},{"@type":"ListItem","position":2,"name":"Kremlin acusa pa\u00edses ocidentais de querer destruir a R\u00fassia"}]},{"@type":"WebSite","@id":"https:\/\/portaltela.pt\/#website","url":"https:\/\/portaltela.pt\/","name":"Portal Tela Portugal","description":"","potentialAction":[{"@type":"SearchAction","target":{"@type":"EntryPoint","urlTemplate":"https:\/\/portaltela.pt\/?s={search_term_string}"},"query-input":{"@type":"PropertyValueSpecification","valueRequired":true,"valueName":"search_term_string"}}],"inLanguage":"pt-PT"},{"@type":"Person","@id":"https:\/\/portaltela.pt\/#\/schema\/person\/c4278d4a6028830caff9ee44b42d32ed","name":"Telinha","image":{"@type":"ImageObject","inLanguage":"pt-PT","@id":"https:\/\/portaltela.pt\/s.01k8rhncp4jt1\/2025\/11\/talking-bot-125x125.png","url":"https:\/\/portaltela.pt\/s.01k8rhncp4jt1\/2025\/11\/talking-bot-125x125.png","contentUrl":"https:\/\/portaltela.pt\/s.01k8rhncp4jt1\/2025\/11\/talking-bot-125x125.png","caption":"Telinha"},"sameAs":["https:\/\/portaltela.pt\/"],"url":"https:\/\/portaltela.pt\/por\/367410592786\/"}]}},"_links":{"self":[{"href":"https:\/\/portaltela.pt\/api\/wp\/v2\/posts\/224179","targetHints":{"allow":["GET"]}}],"collection":[{"href":"https:\/\/portaltela.pt\/api\/wp\/v2\/posts"}],"about":[{"href":"https:\/\/portaltela.pt\/api\/wp\/v2\/types\/post"}],"author":[{"embeddable":true,"href":"https:\/\/portaltela.pt\/api\/wp\/v2\/users\/2"}],"replies":[{"embeddable":true,"href":"https:\/\/portaltela.pt\/api\/wp\/v2\/comments?post=224179"}],"version-history":[{"count":0,"href":"https:\/\/portaltela.pt\/api\/wp\/v2\/posts\/224179\/revisions"}],"wp:featuredmedia":[{"embeddable":true,"href":"https:\/\/portaltela.pt\/api\/wp\/v2\/media\/224182"}],"wp:attachment":[{"href":"https:\/\/portaltela.pt\/api\/wp\/v2\/media?parent=224179"}],"wp:term":[{"taxonomy":"category","embeddable":true,"href":"https:\/\/portaltela.pt\/api\/wp\/v2\/categories?post=224179"},{"taxonomy":"post_tag","embeddable":true,"href":"https:\/\/portaltela.pt\/api\/wp\/v2\/tags?post=224179"}],"curies":[{"name":"wp","href":"https:\/\/api.w.org\/{rel}","templated":true}]}}