{"id":224176,"date":"2026-02-24T09:46:08","date_gmt":"2026-02-24T12:46:08","guid":{"rendered":"https:\/\/portaltela.pt\/noticias\/2026\/02\/24\/advogada-nomeada-ha-duas-semanas-por-socrates-renuncia-a-defesa-2\/"},"modified":"2026-02-24T09:46:08","modified_gmt":"2026-02-24T12:46:08","slug":"advogada-nomeada-ha-duas-semanas-por-socrates-renuncia-a-defesa-2","status":"publish","type":"post","link":"https:\/\/portaltela.pt\/noticias\/2026\/02\/24\/advogada-nomeada-ha-duas-semanas-por-socrates-renuncia-a-defesa-2\/","title":{"rendered":"Advogada nomeada h\u00e1 duas semanas por S\u00f3crates renuncia \u00e0 defesa"},"content":{"rendered":"<p>A advogada nomeada h\u00e1 duas semanas para o caso de Jos\u00e9 S\u00f3crates renunciou \u00e0 defesa, segundo fontes pr\u00f3ximas do processo. A decis\u00e3o ocorreu pouco ap\u00f3s a nomea\u00e7\u00e3o, que tinha sido anunciada h\u00e1 apenas alguns dias.<\/p>\n<p>A profissional tinha solicitado um prazo de cinco meses para avaliar o processo. O tribunal, no entanto, negou esse atraso na prepara\u00e7\u00e3o da defesa, mantendo o calend\u00e1rio de instru\u00e7\u00e3o j\u00e1 definido.<\/p>\n<p>A not\u00edcia foi publicada nesta quinta-feira, 24 de fevereiro de 2026, ao meio-dia, com confirma\u00e7\u00e3o de fontes que acompanham o caso. S\u00f3crates permanece sem representa\u00e7\u00e3o formal, e o processo segue conforme os procedentes legais.<\/p>\n","protected":false},"excerpt":{"rendered":"<ul>\n<li>A advogada designada h\u00e1 duas semanas para acompanhar Jos\u00e9 S\u00f3crates deixou a defesa.<\/li>\n<li>A jurista tinha pedido cinco meses para avaliar o processo, pedido que n\u00e3o foi aceite pelo tribunal.<\/li>\n<li>A ren\u00fancia foi comunicada por fontes pr\u00f3ximas do processo.<\/li>\n<li>O tribunal negou a extens\u00e3o do prazo para an\u00e1lise do caso.<\/li>\n<li>A informa\u00e7\u00e3o foi publicada a 24 de fevereiro de 2026 \u00e0s 12:46.<\/li>\n<\/ul>\n","protected":false},"author":2,"featured_media":224177,"comment_status":"closed","ping_status":"closed","sticky":false,"template":"","format":"standard","meta":{"footnotes":""},"categories":[1],"tags":[5863,803,3667,6208,52],"class_list":["post-224176","post","type-post","status-publish","format-standard","has-post-thumbnail","hentry","category-noticias","tag-jose-socrates","tag-justica","tag-processos","tag-tribunais","tag-tribunal"],"yoast_head":"<!-- This site is optimized with the Yoast SEO plugin v27.2 - https:\/\/yoast.com\/product\/yoast-seo-wordpress\/ -->\n<title>Advogada nomeada h\u00e1 duas semanas por S\u00f3crates renuncia \u00e0 defesa - Portal Tela Portugal<\/title>\n<meta name=\"robots\" content=\"index, follow, max-snippet:-1, max-image-preview:large, max-video-preview:-1\" \/>\n<meta property=\"og:locale\" content=\"pt_PT\" \/>\n<meta property=\"og:type\" content=\"article\" \/>\n<meta property=\"og:title\" content=\"Advogada nomeada h\u00e1 duas semanas por S\u00f3crates renuncia \u00e0 defesa - Portal Tela Portugal\" \/>\n<meta property=\"og:description\" content=\"A advogada designada h\u00e1 duas semanas para acompanhar Jos\u00e9 S\u00f3crates deixou a defesa. A jurista tinha pedido cinco meses para avaliar o processo, pedido que n\u00e3o foi aceite pelo tribunal. A ren\u00fancia foi comunicada por fontes pr\u00f3ximas do processo. O tribunal negou a extens\u00e3o do prazo para an\u00e1lise do caso. A informa\u00e7\u00e3o foi publicada a 24 de fevereiro de 2026 \u00e0s 12:46.\" \/>\n<meta property=\"og:url\" content=\"https:\/\/portaltela.pt\/noticias\/2026\/02\/24\/advogada-nomeada-ha-duas-semanas-por-socrates-renuncia-a-defesa-2\/\" \/>\n<meta property=\"og:site_name\" content=\"Portal Tela Portugal\" \/>\n<meta property=\"article:published_time\" content=\"2026-02-24T12:46:08+00:00\" \/>\n<meta name=\"author\" content=\"Telinha\" \/>\n<meta name=\"twitter:card\" content=\"summary_large_image\" \/>\n<meta name=\"twitter:label1\" content=\"Escrito por\" \/>\n\t<meta name=\"twitter:data1\" content=\"Telinha\" \/>\n\t<meta name=\"twitter:label2\" content=\"Tempo estimado de leitura\" \/>\n\t<meta name=\"twitter:data2\" content=\"1 minuto\" \/>\n<script type=\"application\/ld+json\" class=\"yoast-schema-graph\">{\"@context\":\"https:\/\/schema.org\",\"@graph\":[{\"@type\":\"Article\",\"@id\":\"https:\/\/portaltela.pt\/noticias\/2026\/02\/24\/advogada-nomeada-ha-duas-semanas-por-socrates-renuncia-a-defesa-2\/#article\",\"isPartOf\":{\"@id\":\"https:\/\/portaltela.pt\/noticias\/2026\/02\/24\/advogada-nomeada-ha-duas-semanas-por-socrates-renuncia-a-defesa-2\/\"},\"author\":{\"name\":\"Telinha\",\"@id\":\"https:\/\/portaltela.pt\/#\/schema\/person\/c4278d4a6028830caff9ee44b42d32ed\"},\"headline\":\"Advogada nomeada h\u00e1 duas semanas por S\u00f3crates renuncia \u00e0 defesa\",\"datePublished\":\"2026-02-24T12:46:08+00:00\",\"mainEntityOfPage\":{\"@id\":\"https:\/\/portaltela.pt\/noticias\/2026\/02\/24\/advogada-nomeada-ha-duas-semanas-por-socrates-renuncia-a-defesa-2\/\"},\"wordCount\":119,\"image\":{\"@id\":\"https:\/\/portaltela.pt\/noticias\/2026\/02\/24\/advogada-nomeada-ha-duas-semanas-por-socrates-renuncia-a-defesa-2\/#primaryimage\"},\"thumbnailUrl\":\"https:\/\/portaltela.pt\/s.01k8rhncp4jt1\/2026\/02\/img_1280x722uu2026-02-24-12-45-10-2268742.jpg\",\"keywords\":[\"Jos\u00e9 S\u00f3crates\",\"justi\u00e7a\",\"processos\",\"Tribunais\",\"tribunal\"],\"articleSection\":[\"Not\u00edcias\"],\"inLanguage\":\"pt-PT\"},{\"@type\":\"WebPage\",\"@id\":\"https:\/\/portaltela.pt\/noticias\/2026\/02\/24\/advogada-nomeada-ha-duas-semanas-por-socrates-renuncia-a-defesa-2\/\",\"url\":\"https:\/\/portaltela.pt\/noticias\/2026\/02\/24\/advogada-nomeada-ha-duas-semanas-por-socrates-renuncia-a-defesa-2\/\",\"name\":\"Advogada nomeada h\u00e1 duas semanas por S\u00f3crates renuncia \u00e0 defesa - Portal Tela Portugal\",\"isPartOf\":{\"@id\":\"https:\/\/portaltela.pt\/#website\"},\"primaryImageOfPage\":{\"@id\":\"https:\/\/portaltela.pt\/noticias\/2026\/02\/24\/advogada-nomeada-ha-duas-semanas-por-socrates-renuncia-a-defesa-2\/#primaryimage\"},\"image\":{\"@id\":\"https:\/\/portaltela.pt\/noticias\/2026\/02\/24\/advogada-nomeada-ha-duas-semanas-por-socrates-renuncia-a-defesa-2\/#primaryimage\"},\"thumbnailUrl\":\"https:\/\/portaltela.pt\/s.01k8rhncp4jt1\/2026\/02\/img_1280x722uu2026-02-24-12-45-10-2268742.jpg\",\"datePublished\":\"2026-02-24T12:46:08+00:00\",\"author\":{\"@id\":\"https:\/\/portaltela.pt\/#\/schema\/person\/c4278d4a6028830caff9ee44b42d32ed\"},\"breadcrumb\":{\"@id\":\"https:\/\/portaltela.pt\/noticias\/2026\/02\/24\/advogada-nomeada-ha-duas-semanas-por-socrates-renuncia-a-defesa-2\/#breadcrumb\"},\"inLanguage\":\"pt-PT\",\"potentialAction\":[{\"@type\":\"ReadAction\",\"target\":[\"https:\/\/portaltela.pt\/noticias\/2026\/02\/24\/advogada-nomeada-ha-duas-semanas-por-socrates-renuncia-a-defesa-2\/\"]}]},{\"@type\":\"ImageObject\",\"inLanguage\":\"pt-PT\",\"@id\":\"https:\/\/portaltela.pt\/noticias\/2026\/02\/24\/advogada-nomeada-ha-duas-semanas-por-socrates-renuncia-a-defesa-2\/#primaryimage\",\"url\":\"https:\/\/portaltela.pt\/s.01k8rhncp4jt1\/2026\/02\/img_1280x722uu2026-02-24-12-45-10-2268742.jpg\",\"contentUrl\":\"https:\/\/portaltela.pt\/s.01k8rhncp4jt1\/2026\/02\/img_1280x722uu2026-02-24-12-45-10-2268742.jpg\",\"width\":796,\"height\":448,\"caption\":\"Advogada nomeada h\u00e1 duas semanas por Jos\u00e9 S\u00f3crates renuncia \u00e0 defesa\"},{\"@type\":\"BreadcrumbList\",\"@id\":\"https:\/\/portaltela.pt\/noticias\/2026\/02\/24\/advogada-nomeada-ha-duas-semanas-por-socrates-renuncia-a-defesa-2\/#breadcrumb\",\"itemListElement\":[{\"@type\":\"ListItem\",\"position\":1,\"name\":\"In\u00edcio\",\"item\":\"https:\/\/portaltela.pt\/\"},{\"@type\":\"ListItem\",\"position\":2,\"name\":\"Advogada nomeada h\u00e1 duas semanas por S\u00f3crates renuncia \u00e0 defesa\"}]},{\"@type\":\"WebSite\",\"@id\":\"https:\/\/portaltela.pt\/#website\",\"url\":\"https:\/\/portaltela.pt\/\",\"name\":\"Portal Tela Portugal\",\"description\":\"\",\"potentialAction\":[{\"@type\":\"SearchAction\",\"target\":{\"@type\":\"EntryPoint\",\"urlTemplate\":\"https:\/\/portaltela.pt\/?s={search_term_string}\"},\"query-input\":{\"@type\":\"PropertyValueSpecification\",\"valueRequired\":true,\"valueName\":\"search_term_string\"}}],\"inLanguage\":\"pt-PT\"},{\"@type\":\"Person\",\"@id\":\"https:\/\/portaltela.pt\/#\/schema\/person\/c4278d4a6028830caff9ee44b42d32ed\",\"name\":\"Telinha\",\"image\":{\"@type\":\"ImageObject\",\"inLanguage\":\"pt-PT\",\"@id\":\"https:\/\/portaltela.pt\/s.01k8rhncp4jt1\/2025\/11\/talking-bot-125x125.png\",\"url\":\"https:\/\/portaltela.pt\/s.01k8rhncp4jt1\/2025\/11\/talking-bot-125x125.png\",\"contentUrl\":\"https:\/\/portaltela.pt\/s.01k8rhncp4jt1\/2025\/11\/talking-bot-125x125.png\",\"caption\":\"Telinha\"},\"sameAs\":[\"https:\/\/portaltela.pt\/\"],\"url\":\"https:\/\/portaltela.pt\/por\/367410592786\/\"}]}<\/script>\n<!-- \/ Yoast SEO plugin. -->","yoast_head_json":{"title":"Advogada nomeada h\u00e1 duas semanas por S\u00f3crates renuncia \u00e0 defesa - Portal Tela Portugal","robots":{"index":"index","follow":"follow","max-snippet":"max-snippet:-1","max-image-preview":"max-image-preview:large","max-video-preview":"max-video-preview:-1"},"og_locale":"pt_PT","og_type":"article","og_title":"Advogada nomeada h\u00e1 duas semanas por S\u00f3crates renuncia \u00e0 defesa - Portal Tela Portugal","og_description":"A advogada designada h\u00e1 duas semanas para acompanhar Jos\u00e9 S\u00f3crates deixou a defesa. A jurista tinha pedido cinco meses para avaliar o processo, pedido que n\u00e3o foi aceite pelo tribunal. A ren\u00fancia foi comunicada por fontes pr\u00f3ximas do processo. O tribunal negou a extens\u00e3o do prazo para an\u00e1lise do caso. A informa\u00e7\u00e3o foi publicada a 24 de fevereiro de 2026 \u00e0s 12:46.","og_url":"https:\/\/portaltela.pt\/noticias\/2026\/02\/24\/advogada-nomeada-ha-duas-semanas-por-socrates-renuncia-a-defesa-2\/","og_site_name":"Portal Tela Portugal","article_published_time":"2026-02-24T12:46:08+00:00","author":"Telinha","twitter_card":"summary_large_image","twitter_misc":{"Escrito por":"Telinha","Tempo estimado de leitura":"1 minuto"},"schema":{"@context":"https:\/\/schema.org","@graph":[{"@type":"Article","@id":"https:\/\/portaltela.pt\/noticias\/2026\/02\/24\/advogada-nomeada-ha-duas-semanas-por-socrates-renuncia-a-defesa-2\/#article","isPartOf":{"@id":"https:\/\/portaltela.pt\/noticias\/2026\/02\/24\/advogada-nomeada-ha-duas-semanas-por-socrates-renuncia-a-defesa-2\/"},"author":{"name":"Telinha","@id":"https:\/\/portaltela.pt\/#\/schema\/person\/c4278d4a6028830caff9ee44b42d32ed"},"headline":"Advogada nomeada h\u00e1 duas semanas por S\u00f3crates renuncia \u00e0 defesa","datePublished":"2026-02-24T12:46:08+00:00","mainEntityOfPage":{"@id":"https:\/\/portaltela.pt\/noticias\/2026\/02\/24\/advogada-nomeada-ha-duas-semanas-por-socrates-renuncia-a-defesa-2\/"},"wordCount":119,"image":{"@id":"https:\/\/portaltela.pt\/noticias\/2026\/02\/24\/advogada-nomeada-ha-duas-semanas-por-socrates-renuncia-a-defesa-2\/#primaryimage"},"thumbnailUrl":"https:\/\/portaltela.pt\/s.01k8rhncp4jt1\/2026\/02\/img_1280x722uu2026-02-24-12-45-10-2268742.jpg","keywords":["Jos\u00e9 S\u00f3crates","justi\u00e7a","processos","Tribunais","tribunal"],"articleSection":["Not\u00edcias"],"inLanguage":"pt-PT"},{"@type":"WebPage","@id":"https:\/\/portaltela.pt\/noticias\/2026\/02\/24\/advogada-nomeada-ha-duas-semanas-por-socrates-renuncia-a-defesa-2\/","url":"https:\/\/portaltela.pt\/noticias\/2026\/02\/24\/advogada-nomeada-ha-duas-semanas-por-socrates-renuncia-a-defesa-2\/","name":"Advogada nomeada h\u00e1 duas semanas por S\u00f3crates renuncia \u00e0 defesa - Portal Tela Portugal","isPartOf":{"@id":"https:\/\/portaltela.pt\/#website"},"primaryImageOfPage":{"@id":"https:\/\/portaltela.pt\/noticias\/2026\/02\/24\/advogada-nomeada-ha-duas-semanas-por-socrates-renuncia-a-defesa-2\/#primaryimage"},"image":{"@id":"https:\/\/portaltela.pt\/noticias\/2026\/02\/24\/advogada-nomeada-ha-duas-semanas-por-socrates-renuncia-a-defesa-2\/#primaryimage"},"thumbnailUrl":"https:\/\/portaltela.pt\/s.01k8rhncp4jt1\/2026\/02\/img_1280x722uu2026-02-24-12-45-10-2268742.jpg","datePublished":"2026-02-24T12:46:08+00:00","author":{"@id":"https:\/\/portaltela.pt\/#\/schema\/person\/c4278d4a6028830caff9ee44b42d32ed"},"breadcrumb":{"@id":"https:\/\/portaltela.pt\/noticias\/2026\/02\/24\/advogada-nomeada-ha-duas-semanas-por-socrates-renuncia-a-defesa-2\/#breadcrumb"},"inLanguage":"pt-PT","potentialAction":[{"@type":"ReadAction","target":["https:\/\/portaltela.pt\/noticias\/2026\/02\/24\/advogada-nomeada-ha-duas-semanas-por-socrates-renuncia-a-defesa-2\/"]}]},{"@type":"ImageObject","inLanguage":"pt-PT","@id":"https:\/\/portaltela.pt\/noticias\/2026\/02\/24\/advogada-nomeada-ha-duas-semanas-por-socrates-renuncia-a-defesa-2\/#primaryimage","url":"https:\/\/portaltela.pt\/s.01k8rhncp4jt1\/2026\/02\/img_1280x722uu2026-02-24-12-45-10-2268742.jpg","contentUrl":"https:\/\/portaltela.pt\/s.01k8rhncp4jt1\/2026\/02\/img_1280x722uu2026-02-24-12-45-10-2268742.jpg","width":796,"height":448,"caption":"Advogada nomeada h\u00e1 duas semanas por Jos\u00e9 S\u00f3crates renuncia \u00e0 defesa"},{"@type":"BreadcrumbList","@id":"https:\/\/portaltela.pt\/noticias\/2026\/02\/24\/advogada-nomeada-ha-duas-semanas-por-socrates-renuncia-a-defesa-2\/#breadcrumb","itemListElement":[{"@type":"ListItem","position":1,"name":"In\u00edcio","item":"https:\/\/portaltela.pt\/"},{"@type":"ListItem","position":2,"name":"Advogada nomeada h\u00e1 duas semanas por S\u00f3crates renuncia \u00e0 defesa"}]},{"@type":"WebSite","@id":"https:\/\/portaltela.pt\/#website","url":"https:\/\/portaltela.pt\/","name":"Portal Tela Portugal","description":"","potentialAction":[{"@type":"SearchAction","target":{"@type":"EntryPoint","urlTemplate":"https:\/\/portaltela.pt\/?s={search_term_string}"},"query-input":{"@type":"PropertyValueSpecification","valueRequired":true,"valueName":"search_term_string"}}],"inLanguage":"pt-PT"},{"@type":"Person","@id":"https:\/\/portaltela.pt\/#\/schema\/person\/c4278d4a6028830caff9ee44b42d32ed","name":"Telinha","image":{"@type":"ImageObject","inLanguage":"pt-PT","@id":"https:\/\/portaltela.pt\/s.01k8rhncp4jt1\/2025\/11\/talking-bot-125x125.png","url":"https:\/\/portaltela.pt\/s.01k8rhncp4jt1\/2025\/11\/talking-bot-125x125.png","contentUrl":"https:\/\/portaltela.pt\/s.01k8rhncp4jt1\/2025\/11\/talking-bot-125x125.png","caption":"Telinha"},"sameAs":["https:\/\/portaltela.pt\/"],"url":"https:\/\/portaltela.pt\/por\/367410592786\/"}]}},"_links":{"self":[{"href":"https:\/\/portaltela.pt\/api\/wp\/v2\/posts\/224176","targetHints":{"allow":["GET"]}}],"collection":[{"href":"https:\/\/portaltela.pt\/api\/wp\/v2\/posts"}],"about":[{"href":"https:\/\/portaltela.pt\/api\/wp\/v2\/types\/post"}],"author":[{"embeddable":true,"href":"https:\/\/portaltela.pt\/api\/wp\/v2\/users\/2"}],"replies":[{"embeddable":true,"href":"https:\/\/portaltela.pt\/api\/wp\/v2\/comments?post=224176"}],"version-history":[{"count":0,"href":"https:\/\/portaltela.pt\/api\/wp\/v2\/posts\/224176\/revisions"}],"wp:featuredmedia":[{"embeddable":true,"href":"https:\/\/portaltela.pt\/api\/wp\/v2\/media\/224177"}],"wp:attachment":[{"href":"https:\/\/portaltela.pt\/api\/wp\/v2\/media?parent=224176"}],"wp:term":[{"taxonomy":"category","embeddable":true,"href":"https:\/\/portaltela.pt\/api\/wp\/v2\/categories?post=224176"},{"taxonomy":"post_tag","embeddable":true,"href":"https:\/\/portaltela.pt\/api\/wp\/v2\/tags?post=224176"}],"curies":[{"name":"wp","href":"https:\/\/api.w.org\/{rel}","templated":true}]}}