{"id":224167,"date":"2026-02-24T09:38:33","date_gmt":"2026-02-24T12:38:33","guid":{"rendered":"https:\/\/portaltela.pt\/noticias\/2026\/02\/24\/sever-do-vouga-lanca-edicao-2026-da-rota-gastronomica\/"},"modified":"2026-02-24T09:38:33","modified_gmt":"2026-02-24T12:38:33","slug":"sever-do-vouga-lanca-edicao-2026-da-rota-gastronomica","status":"publish","type":"post","link":"https:\/\/portaltela.pt\/noticias\/2026\/02\/24\/sever-do-vouga-lanca-edicao-2026-da-rota-gastronomica\/","title":{"rendered":"Sever do Vouga lan\u00e7a edi\u00e7\u00e3o 2026 da Rota Gastron\u00f3mica"},"content":{"rendered":"<p>Sever do Vouga anuncia a edi\u00e7\u00e3o 2026 da Rota Gastron\u00f3mica, de 7 a 15 de mar\u00e7o. O programa re\u00fane as rotas da lampreia, vitela e cabrito, dando enfoque \u00e0s tradi\u00e7\u00f5es culin\u00e1rias locais e \u00e0 valoriza\u00e7\u00e3o do patrim\u00f3nio alimentar do concelho.<\/p>\n<p>A abertura inclui o XIV Cap\u00edtulo de Entroniza\u00e7\u00e3o da Confraria Gastron\u00f3mica de Sever do Vouga, refor\u00e7ando o papel do munic\u00edpio na preserva\u00e7\u00e3o das suas pr\u00e1ticas culin\u00e1rias. Treze restaurantes integram a iniciativa, distribu\u00eddos por v\u00e1rias freguesias.<\/p>\n<p>Em Cedrim, a P\u00e9rola do Vouga oferece Cabrito e Vitela, enquanto a Quinta Nova serve Lampreia, Vitela e Cabrito. No Couto de Esteves aderem Cantinho da Eira e J\u00fanior, com Vitela e Cabrito.<\/p>\n<h3>Estrutura e oferta<\/h3>\n<p>Na Dornelas, o Pantanal participa; em Paradela do Vouga, o Gare Paradela serve Vitela e Cabrito ao almo\u00e7o. No Pessegueiro do Vouga aparecem Casa da Ponte, Quinta do Barco e Santiago, com v\u00e1rias combina\u00e7\u00f5es. Em sede de concelho, Adega dos Amigos, O Corti\u00e7o e O Vitorino integram o leque.<\/p>\n<p>Ainda em Talhadas, o restaurante O Zeca encerra o conjunto de aderentes. Entre as especialidades destacadas est\u00e3o Arroz de Lampreia, Lampreia \u00e0 Bordalesa, Vitela \u00e0 moda de Sever e assados de cabrito. Todas as propostas exigem reserva pr\u00e9via.<\/p>\n<p>A iniciativa n\u00e3o \u00e9 apenas gastron\u00f3mica: promove a liga\u00e7\u00e3o ao patrim\u00f3nio ligado a estes pratos, com a lampreia a simbolizar a mem\u00f3ria ribeirinha e as vitela e cabrito como refer\u00eancias de festa familiar. A autarquia aponta o objetivo de refor\u00e7ar o imagin\u00e1rio coletivo.<\/p>\n<h3>Impacto econ\u00f3mico e cultural<\/h3>\n<p>O evento dinamiza o sector da restaura\u00e7\u00e3o e os produtores locais, estimulando tamb\u00e9m pequenos agricultores. Os visitantes devem explorar o concelho entre refei\u00e7\u00f5es, aproveitando paisagens naturais e artesanato regional. O munic\u00edpio refor\u00e7a que a edi\u00e7\u00e3o visa consolidar Sever do Vouga como destino de gastronomia tradicional.<\/p>\n<p>A organiza\u00e7\u00e3o incentiva a participa\u00e7\u00e3o e a marca\u00e7\u00e3o antecipada, destacando que a edi\u00e7\u00e3o 2026 pretende ampliar o alcance e a visibilidade das tradi\u00e7\u00f5es culin\u00e1rias do concelho.<\/p>\n","protected":false},"excerpt":{"rendered":"<ul>\n<li>A edi\u00e7\u00e3o de 2026 da Rota Gastron\u00f3mica de Sever do Vouga realiza-se entre 7 e 15 de mar\u00e7o, reunindo lampreia, vitela e cabrito.<\/li>\n<li>A abertura inclui o XIV Cap\u00edtulo de Entroniza\u00e7\u00e3o da Confraria Gastron\u00f3mica de Sever do Vouga.<\/li>\n<li>S\u00e3o 13 restaurantes aderentes, distribu\u00eddos por v\u00e1rias freguesias, com menus centrados nas tr\u00eas especialidades.<\/li>\n<li>Destaques de pratos incluem Arroz de Lampreia, Lampreia \u00e0 Bordalesa, Vitela \u00e0 moda de Sever e assados de cabrito; todas as reservas s\u00e3o obrigat\u00f3rias.<\/li>\n<li>O programa visa valorizar o patrim\u00f3nio culin\u00e1rio, dinamizar a economia local e incentivar visitas ao concelho, resultando numa experi\u00eancia com paisagem e artesanato locais.<\/li>\n<\/ul>\n","protected":false},"author":2,"featured_media":224170,"comment_status":"closed","ping_status":"closed","sticky":false,"template":"","format":"standard","meta":{"footnotes":""},"categories":[1],"tags":[6115,219,814,1931,5025,169],"class_list":["post-224167","post","type-post","status-publish","format-standard","has-post-thumbnail","hentry","category-noticias","tag-_economia","tag-gastronomia","tag-patrimonio","tag-restaurantes","tag-sever-do-vouga","tag-turismo"],"yoast_head":"<!-- This site is optimized with the Yoast SEO plugin v27.2 - https:\/\/yoast.com\/product\/yoast-seo-wordpress\/ -->\n<title>Sever do Vouga lan\u00e7a edi\u00e7\u00e3o 2026 da Rota Gastron\u00f3mica - Portal Tela Portugal<\/title>\n<meta name=\"robots\" content=\"index, follow, max-snippet:-1, max-image-preview:large, max-video-preview:-1\" \/>\n<meta property=\"og:locale\" content=\"pt_PT\" \/>\n<meta property=\"og:type\" content=\"article\" \/>\n<meta property=\"og:title\" content=\"Sever do Vouga lan\u00e7a edi\u00e7\u00e3o 2026 da Rota Gastron\u00f3mica - Portal Tela Portugal\" \/>\n<meta property=\"og:description\" content=\"A edi\u00e7\u00e3o de 2026 da Rota Gastron\u00f3mica de Sever do Vouga realiza-se entre 7 e 15 de mar\u00e7o, reunindo lampreia, vitela e cabrito. A abertura inclui o XIV Cap\u00edtulo de Entroniza\u00e7\u00e3o da Confraria Gastron\u00f3mica de Sever do Vouga. S\u00e3o 13 restaurantes aderentes, distribu\u00eddos por v\u00e1rias freguesias, com menus centrados nas tr\u00eas especialidades. Destaques de pratos incluem Arroz de Lampreia, Lampreia \u00e0 Bordalesa, Vitela \u00e0 moda de Sever e assados de cabrito; todas as reservas s\u00e3o obrigat\u00f3rias. O programa visa valorizar o patrim\u00f3nio culin\u00e1rio, dinamizar a economia local e incentivar visitas ao concelho, resultando numa experi\u00eancia com paisagem e artesanato locais.\" \/>\n<meta property=\"og:url\" content=\"https:\/\/portaltela.pt\/noticias\/2026\/02\/24\/sever-do-vouga-lanca-edicao-2026-da-rota-gastronomica\/\" \/>\n<meta property=\"og:site_name\" content=\"Portal Tela Portugal\" \/>\n<meta property=\"article:published_time\" content=\"2026-02-24T12:38:33+00:00\" \/>\n<meta name=\"author\" content=\"Telinha\" \/>\n<meta name=\"twitter:card\" content=\"summary_large_image\" \/>\n<meta name=\"twitter:label1\" content=\"Escrito por\" \/>\n\t<meta name=\"twitter:data1\" content=\"Telinha\" \/>\n\t<meta name=\"twitter:label2\" content=\"Tempo estimado de leitura\" \/>\n\t<meta name=\"twitter:data2\" content=\"2 minutos\" \/>\n<script type=\"application\/ld+json\" class=\"yoast-schema-graph\">{\"@context\":\"https:\/\/schema.org\",\"@graph\":[{\"@type\":\"Article\",\"@id\":\"https:\/\/portaltela.pt\/noticias\/2026\/02\/24\/sever-do-vouga-lanca-edicao-2026-da-rota-gastronomica\/#article\",\"isPartOf\":{\"@id\":\"https:\/\/portaltela.pt\/noticias\/2026\/02\/24\/sever-do-vouga-lanca-edicao-2026-da-rota-gastronomica\/\"},\"author\":{\"name\":\"Telinha\",\"@id\":\"https:\/\/portaltela.pt\/#\/schema\/person\/c4278d4a6028830caff9ee44b42d32ed\"},\"headline\":\"Sever do Vouga lan\u00e7a edi\u00e7\u00e3o 2026 da Rota Gastron\u00f3mica\",\"datePublished\":\"2026-02-24T12:38:33+00:00\",\"mainEntityOfPage\":{\"@id\":\"https:\/\/portaltela.pt\/noticias\/2026\/02\/24\/sever-do-vouga-lanca-edicao-2026-da-rota-gastronomica\/\"},\"wordCount\":366,\"image\":{\"@id\":\"https:\/\/portaltela.pt\/noticias\/2026\/02\/24\/sever-do-vouga-lanca-edicao-2026-da-rota-gastronomica\/#primaryimage\"},\"thumbnailUrl\":\"https:\/\/portaltela.pt\/s.01k8rhncp4jt1\/2026\/02\/img_1280x721uu2026-02-24-12-37-57-2268738.jpg\",\"keywords\":[\"_economia\",\"gastronomia\",\"patrim\u00f3nio\",\"restaurantes\",\"Sever do Vouga\",\"turismo\"],\"articleSection\":[\"Not\u00edcias\"],\"inLanguage\":\"pt-PT\"},{\"@type\":\"WebPage\",\"@id\":\"https:\/\/portaltela.pt\/noticias\/2026\/02\/24\/sever-do-vouga-lanca-edicao-2026-da-rota-gastronomica\/\",\"url\":\"https:\/\/portaltela.pt\/noticias\/2026\/02\/24\/sever-do-vouga-lanca-edicao-2026-da-rota-gastronomica\/\",\"name\":\"Sever do Vouga lan\u00e7a edi\u00e7\u00e3o 2026 da Rota Gastron\u00f3mica - Portal Tela Portugal\",\"isPartOf\":{\"@id\":\"https:\/\/portaltela.pt\/#website\"},\"primaryImageOfPage\":{\"@id\":\"https:\/\/portaltela.pt\/noticias\/2026\/02\/24\/sever-do-vouga-lanca-edicao-2026-da-rota-gastronomica\/#primaryimage\"},\"image\":{\"@id\":\"https:\/\/portaltela.pt\/noticias\/2026\/02\/24\/sever-do-vouga-lanca-edicao-2026-da-rota-gastronomica\/#primaryimage\"},\"thumbnailUrl\":\"https:\/\/portaltela.pt\/s.01k8rhncp4jt1\/2026\/02\/img_1280x721uu2026-02-24-12-37-57-2268738.jpg\",\"datePublished\":\"2026-02-24T12:38:33+00:00\",\"author\":{\"@id\":\"https:\/\/portaltela.pt\/#\/schema\/person\/c4278d4a6028830caff9ee44b42d32ed\"},\"breadcrumb\":{\"@id\":\"https:\/\/portaltela.pt\/noticias\/2026\/02\/24\/sever-do-vouga-lanca-edicao-2026-da-rota-gastronomica\/#breadcrumb\"},\"inLanguage\":\"pt-PT\",\"potentialAction\":[{\"@type\":\"ReadAction\",\"target\":[\"https:\/\/portaltela.pt\/noticias\/2026\/02\/24\/sever-do-vouga-lanca-edicao-2026-da-rota-gastronomica\/\"]}]},{\"@type\":\"ImageObject\",\"inLanguage\":\"pt-PT\",\"@id\":\"https:\/\/portaltela.pt\/noticias\/2026\/02\/24\/sever-do-vouga-lanca-edicao-2026-da-rota-gastronomica\/#primaryimage\",\"url\":\"https:\/\/portaltela.pt\/s.01k8rhncp4jt1\/2026\/02\/img_1280x721uu2026-02-24-12-37-57-2268738.jpg\",\"contentUrl\":\"https:\/\/portaltela.pt\/s.01k8rhncp4jt1\/2026\/02\/img_1280x721uu2026-02-24-12-37-57-2268738.jpg\",\"width\":796,\"height\":448,\"caption\":\"Sever do Vouga promove a lampreia, vitela e cabrito na Rota Gastron\u00f3mica 2026\"},{\"@type\":\"BreadcrumbList\",\"@id\":\"https:\/\/portaltela.pt\/noticias\/2026\/02\/24\/sever-do-vouga-lanca-edicao-2026-da-rota-gastronomica\/#breadcrumb\",\"itemListElement\":[{\"@type\":\"ListItem\",\"position\":1,\"name\":\"In\u00edcio\",\"item\":\"https:\/\/portaltela.pt\/\"},{\"@type\":\"ListItem\",\"position\":2,\"name\":\"Sever do Vouga lan\u00e7a edi\u00e7\u00e3o 2026 da Rota Gastron\u00f3mica\"}]},{\"@type\":\"WebSite\",\"@id\":\"https:\/\/portaltela.pt\/#website\",\"url\":\"https:\/\/portaltela.pt\/\",\"name\":\"Portal Tela Portugal\",\"description\":\"\",\"potentialAction\":[{\"@type\":\"SearchAction\",\"target\":{\"@type\":\"EntryPoint\",\"urlTemplate\":\"https:\/\/portaltela.pt\/?s={search_term_string}\"},\"query-input\":{\"@type\":\"PropertyValueSpecification\",\"valueRequired\":true,\"valueName\":\"search_term_string\"}}],\"inLanguage\":\"pt-PT\"},{\"@type\":\"Person\",\"@id\":\"https:\/\/portaltela.pt\/#\/schema\/person\/c4278d4a6028830caff9ee44b42d32ed\",\"name\":\"Telinha\",\"image\":{\"@type\":\"ImageObject\",\"inLanguage\":\"pt-PT\",\"@id\":\"https:\/\/portaltela.pt\/s.01k8rhncp4jt1\/2025\/11\/talking-bot-125x125.png\",\"url\":\"https:\/\/portaltela.pt\/s.01k8rhncp4jt1\/2025\/11\/talking-bot-125x125.png\",\"contentUrl\":\"https:\/\/portaltela.pt\/s.01k8rhncp4jt1\/2025\/11\/talking-bot-125x125.png\",\"caption\":\"Telinha\"},\"sameAs\":[\"https:\/\/portaltela.pt\/\"],\"url\":\"https:\/\/portaltela.pt\/por\/367410592786\/\"}]}<\/script>\n<!-- \/ Yoast SEO plugin. -->","yoast_head_json":{"title":"Sever do Vouga lan\u00e7a edi\u00e7\u00e3o 2026 da Rota Gastron\u00f3mica - Portal Tela Portugal","robots":{"index":"index","follow":"follow","max-snippet":"max-snippet:-1","max-image-preview":"max-image-preview:large","max-video-preview":"max-video-preview:-1"},"og_locale":"pt_PT","og_type":"article","og_title":"Sever do Vouga lan\u00e7a edi\u00e7\u00e3o 2026 da Rota Gastron\u00f3mica - Portal Tela Portugal","og_description":"A edi\u00e7\u00e3o de 2026 da Rota Gastron\u00f3mica de Sever do Vouga realiza-se entre 7 e 15 de mar\u00e7o, reunindo lampreia, vitela e cabrito. A abertura inclui o XIV Cap\u00edtulo de Entroniza\u00e7\u00e3o da Confraria Gastron\u00f3mica de Sever do Vouga. S\u00e3o 13 restaurantes aderentes, distribu\u00eddos por v\u00e1rias freguesias, com menus centrados nas tr\u00eas especialidades. Destaques de pratos incluem Arroz de Lampreia, Lampreia \u00e0 Bordalesa, Vitela \u00e0 moda de Sever e assados de cabrito; todas as reservas s\u00e3o obrigat\u00f3rias. O programa visa valorizar o patrim\u00f3nio culin\u00e1rio, dinamizar a economia local e incentivar visitas ao concelho, resultando numa experi\u00eancia com paisagem e artesanato locais.","og_url":"https:\/\/portaltela.pt\/noticias\/2026\/02\/24\/sever-do-vouga-lanca-edicao-2026-da-rota-gastronomica\/","og_site_name":"Portal Tela Portugal","article_published_time":"2026-02-24T12:38:33+00:00","author":"Telinha","twitter_card":"summary_large_image","twitter_misc":{"Escrito por":"Telinha","Tempo estimado de leitura":"2 minutos"},"schema":{"@context":"https:\/\/schema.org","@graph":[{"@type":"Article","@id":"https:\/\/portaltela.pt\/noticias\/2026\/02\/24\/sever-do-vouga-lanca-edicao-2026-da-rota-gastronomica\/#article","isPartOf":{"@id":"https:\/\/portaltela.pt\/noticias\/2026\/02\/24\/sever-do-vouga-lanca-edicao-2026-da-rota-gastronomica\/"},"author":{"name":"Telinha","@id":"https:\/\/portaltela.pt\/#\/schema\/person\/c4278d4a6028830caff9ee44b42d32ed"},"headline":"Sever do Vouga lan\u00e7a edi\u00e7\u00e3o 2026 da Rota Gastron\u00f3mica","datePublished":"2026-02-24T12:38:33+00:00","mainEntityOfPage":{"@id":"https:\/\/portaltela.pt\/noticias\/2026\/02\/24\/sever-do-vouga-lanca-edicao-2026-da-rota-gastronomica\/"},"wordCount":366,"image":{"@id":"https:\/\/portaltela.pt\/noticias\/2026\/02\/24\/sever-do-vouga-lanca-edicao-2026-da-rota-gastronomica\/#primaryimage"},"thumbnailUrl":"https:\/\/portaltela.pt\/s.01k8rhncp4jt1\/2026\/02\/img_1280x721uu2026-02-24-12-37-57-2268738.jpg","keywords":["_economia","gastronomia","patrim\u00f3nio","restaurantes","Sever do Vouga","turismo"],"articleSection":["Not\u00edcias"],"inLanguage":"pt-PT"},{"@type":"WebPage","@id":"https:\/\/portaltela.pt\/noticias\/2026\/02\/24\/sever-do-vouga-lanca-edicao-2026-da-rota-gastronomica\/","url":"https:\/\/portaltela.pt\/noticias\/2026\/02\/24\/sever-do-vouga-lanca-edicao-2026-da-rota-gastronomica\/","name":"Sever do Vouga lan\u00e7a edi\u00e7\u00e3o 2026 da Rota Gastron\u00f3mica - Portal Tela Portugal","isPartOf":{"@id":"https:\/\/portaltela.pt\/#website"},"primaryImageOfPage":{"@id":"https:\/\/portaltela.pt\/noticias\/2026\/02\/24\/sever-do-vouga-lanca-edicao-2026-da-rota-gastronomica\/#primaryimage"},"image":{"@id":"https:\/\/portaltela.pt\/noticias\/2026\/02\/24\/sever-do-vouga-lanca-edicao-2026-da-rota-gastronomica\/#primaryimage"},"thumbnailUrl":"https:\/\/portaltela.pt\/s.01k8rhncp4jt1\/2026\/02\/img_1280x721uu2026-02-24-12-37-57-2268738.jpg","datePublished":"2026-02-24T12:38:33+00:00","author":{"@id":"https:\/\/portaltela.pt\/#\/schema\/person\/c4278d4a6028830caff9ee44b42d32ed"},"breadcrumb":{"@id":"https:\/\/portaltela.pt\/noticias\/2026\/02\/24\/sever-do-vouga-lanca-edicao-2026-da-rota-gastronomica\/#breadcrumb"},"inLanguage":"pt-PT","potentialAction":[{"@type":"ReadAction","target":["https:\/\/portaltela.pt\/noticias\/2026\/02\/24\/sever-do-vouga-lanca-edicao-2026-da-rota-gastronomica\/"]}]},{"@type":"ImageObject","inLanguage":"pt-PT","@id":"https:\/\/portaltela.pt\/noticias\/2026\/02\/24\/sever-do-vouga-lanca-edicao-2026-da-rota-gastronomica\/#primaryimage","url":"https:\/\/portaltela.pt\/s.01k8rhncp4jt1\/2026\/02\/img_1280x721uu2026-02-24-12-37-57-2268738.jpg","contentUrl":"https:\/\/portaltela.pt\/s.01k8rhncp4jt1\/2026\/02\/img_1280x721uu2026-02-24-12-37-57-2268738.jpg","width":796,"height":448,"caption":"Sever do Vouga promove a lampreia, vitela e cabrito na Rota Gastron\u00f3mica 2026"},{"@type":"BreadcrumbList","@id":"https:\/\/portaltela.pt\/noticias\/2026\/02\/24\/sever-do-vouga-lanca-edicao-2026-da-rota-gastronomica\/#breadcrumb","itemListElement":[{"@type":"ListItem","position":1,"name":"In\u00edcio","item":"https:\/\/portaltela.pt\/"},{"@type":"ListItem","position":2,"name":"Sever do Vouga lan\u00e7a edi\u00e7\u00e3o 2026 da Rota Gastron\u00f3mica"}]},{"@type":"WebSite","@id":"https:\/\/portaltela.pt\/#website","url":"https:\/\/portaltela.pt\/","name":"Portal Tela Portugal","description":"","potentialAction":[{"@type":"SearchAction","target":{"@type":"EntryPoint","urlTemplate":"https:\/\/portaltela.pt\/?s={search_term_string}"},"query-input":{"@type":"PropertyValueSpecification","valueRequired":true,"valueName":"search_term_string"}}],"inLanguage":"pt-PT"},{"@type":"Person","@id":"https:\/\/portaltela.pt\/#\/schema\/person\/c4278d4a6028830caff9ee44b42d32ed","name":"Telinha","image":{"@type":"ImageObject","inLanguage":"pt-PT","@id":"https:\/\/portaltela.pt\/s.01k8rhncp4jt1\/2025\/11\/talking-bot-125x125.png","url":"https:\/\/portaltela.pt\/s.01k8rhncp4jt1\/2025\/11\/talking-bot-125x125.png","contentUrl":"https:\/\/portaltela.pt\/s.01k8rhncp4jt1\/2025\/11\/talking-bot-125x125.png","caption":"Telinha"},"sameAs":["https:\/\/portaltela.pt\/"],"url":"https:\/\/portaltela.pt\/por\/367410592786\/"}]}},"_links":{"self":[{"href":"https:\/\/portaltela.pt\/api\/wp\/v2\/posts\/224167","targetHints":{"allow":["GET"]}}],"collection":[{"href":"https:\/\/portaltela.pt\/api\/wp\/v2\/posts"}],"about":[{"href":"https:\/\/portaltela.pt\/api\/wp\/v2\/types\/post"}],"author":[{"embeddable":true,"href":"https:\/\/portaltela.pt\/api\/wp\/v2\/users\/2"}],"replies":[{"embeddable":true,"href":"https:\/\/portaltela.pt\/api\/wp\/v2\/comments?post=224167"}],"version-history":[{"count":0,"href":"https:\/\/portaltela.pt\/api\/wp\/v2\/posts\/224167\/revisions"}],"wp:featuredmedia":[{"embeddable":true,"href":"https:\/\/portaltela.pt\/api\/wp\/v2\/media\/224170"}],"wp:attachment":[{"href":"https:\/\/portaltela.pt\/api\/wp\/v2\/media?parent=224167"}],"wp:term":[{"taxonomy":"category","embeddable":true,"href":"https:\/\/portaltela.pt\/api\/wp\/v2\/categories?post=224167"},{"taxonomy":"post_tag","embeddable":true,"href":"https:\/\/portaltela.pt\/api\/wp\/v2\/tags?post=224167"}],"curies":[{"name":"wp","href":"https:\/\/api.w.org\/{rel}","templated":true}]}}