{"id":224150,"date":"2026-02-24T09:26:13","date_gmt":"2026-02-24T12:26:13","guid":{"rendered":"https:\/\/portaltela.pt\/noticias\/2026\/02\/24\/trio-confessa-roubos-a-estudantes-universitarios-em-aveiro\/"},"modified":"2026-02-24T09:26:13","modified_gmt":"2026-02-24T12:26:13","slug":"trio-confessa-roubos-a-estudantes-universitarios-em-aveiro","status":"publish","type":"post","link":"https:\/\/portaltela.pt\/noticias\/2026\/02\/24\/trio-confessa-roubos-a-estudantes-universitarios-em-aveiro\/","title":{"rendered":"Trio confessa roubos a estudantes universit\u00e1rios em Aveiro"},"content":{"rendered":"<p>Dois jovens de 17 anos e um homem de 24 confessaram, nesta ter\u00e7a-feira, no tribunal de Aveiro, a pr\u00e1tica de v\u00e1rios roubos a estudantes perto da Universidade de Aveiro entre fevereiro e maio de 2025. O trio est\u00e1 a ser julgado e os factos remontam ao per\u00edodo inicial do processo.<\/p>\n<p>Segundo a acusa\u00e7\u00e3o, os arguidos abordavam as v\u00edtimas, maioritariamente estudantes, para subtrair dinheiro, telem\u00f3veis, vestu\u00e1rio, mochilas e outros objetos. Utilizavam a superioridade num\u00e9rica, intimida\u00e7\u00e3o e viol\u00eancia f\u00edsica para impor o ganho.<\/p>\n<p>Os tr\u00eas deram as suas vers\u00f5es durante o in\u00edcio do julgamento. O arguido mais velho referiu ter agido por desespero financeiro, justificando a conduta com a dificuldade de encontrar trabalho; encontrava-se com pena suspensa. Os mais novos confessaram, negando apenas o uso de facas.<\/p>\n<p>Alegaram inten\u00e7\u00e3o de trabalhar para indemnizar as v\u00edtimas. O grupo est\u00e1 acusado de dezenas de crimes de roubo consumado e na forma tentada, coa\u00e7\u00e3o, abuso de cart\u00e3o, acesso ileg\u00edtimo e falsidade inform\u00e1tica.<\/p>\n<h3>Contexto processual<\/h3>\n<p>Os factos ocorreram entre fevereiro e maio de 2025, nas imedia\u00e7\u00f5es da Universidade de Aveiro. As acusa\u00e7\u00f5es abrangem roubo na forma consumada e tentada, com viol\u00eancia f\u00edsica exercida para obter vantagens.<\/p>\n","protected":false},"excerpt":{"rendered":"<ul>\n<li>Dois jovens de 17 anos e um homem de 24 anos confessaram ter roubado estudantes junto \u00e0 Universidade de Aveiro, entre fevereiro e maio de 2025.<\/li>\n<li>As v\u00edtimas eram principalmente estudantes. Nos ataques, os arguidos abordavam-nas e retiravam dinheiro, telem\u00f3veis, vestu\u00e1rio, mochilas e outros objetos, recorrendo \u00e0 superioridade num\u00e9rica e \u00e0 viol\u00eancia.<\/li>\n<li>O argui\u00ad\u00addo de 24 anos, que est\u00e1 em pris\u00e3o preventiva, tinha na altura uma pena suspensa; os jovens tamb\u00e9m confessaram, negando apenas o uso de facas.<\/li>\n<li>Os tr\u00eas respondem por dezenas de crimes na forma consumada e na forma tentada, coa\u00e7\u00e3o na forma tentada, uso de cart\u00e3o de garantia ou de dados de pagamento, acesso ileg\u00edtimo e falsidade inform\u00e1tica.<\/li>\n<li>Os arguidos manifestaram inten\u00e7\u00e3o de trabalhar para indemnizar as v\u00edtimas; os factos ocorreram nas imedia\u00e7\u00f5es da Universidade de Aveiro.<\/li>\n<\/ul>\n","protected":false},"author":2,"featured_media":224153,"comment_status":"closed","ping_status":"closed","sticky":false,"template":"","format":"standard","meta":{"footnotes":""},"categories":[1],"tags":[2623,1059,1542,5656,203,939],"class_list":["post-224150","post","type-post","status-publish","format-standard","has-post-thumbnail","hentry","category-noticias","tag-abuso-de-cartao","tag-aveiro","tag-coacao","tag-criminalidade","tag-roubo","tag-violencia"],"yoast_head":"<!-- This site is optimized with the Yoast SEO plugin v27.2 - https:\/\/yoast.com\/product\/yoast-seo-wordpress\/ -->\n<title>Trio confessa roubos a estudantes universit\u00e1rios em Aveiro - Portal Tela Portugal<\/title>\n<meta name=\"robots\" content=\"index, follow, max-snippet:-1, max-image-preview:large, max-video-preview:-1\" \/>\n<meta property=\"og:locale\" content=\"pt_PT\" \/>\n<meta property=\"og:type\" content=\"article\" \/>\n<meta property=\"og:title\" content=\"Trio confessa roubos a estudantes universit\u00e1rios em Aveiro - Portal Tela Portugal\" \/>\n<meta property=\"og:description\" content=\"Dois jovens de 17 anos e um homem de 24 anos confessaram ter roubado estudantes junto \u00e0 Universidade de Aveiro, entre fevereiro e maio de 2025. As v\u00edtimas eram principalmente estudantes. Nos ataques, os arguidos abordavam-nas e retiravam dinheiro, telem\u00f3veis, vestu\u00e1rio, mochilas e outros objetos, recorrendo \u00e0 superioridade num\u00e9rica e \u00e0 viol\u00eancia. O argui\u00ad\u00addo de 24 anos, que est\u00e1 em pris\u00e3o preventiva, tinha na altura uma pena suspensa; os jovens tamb\u00e9m confessaram, negando apenas o uso de facas. Os tr\u00eas respondem por dezenas de crimes na forma consumada e na forma tentada, coa\u00e7\u00e3o na forma tentada, uso de cart\u00e3o de garantia ou de dados de pagamento, acesso ileg\u00edtimo e falsidade inform\u00e1tica. Os arguidos manifestaram inten\u00e7\u00e3o de trabalhar para indemnizar as v\u00edtimas; os factos ocorreram nas imedia\u00e7\u00f5es da Universidade de Aveiro.\" \/>\n<meta property=\"og:url\" content=\"https:\/\/portaltela.pt\/noticias\/2026\/02\/24\/trio-confessa-roubos-a-estudantes-universitarios-em-aveiro\/\" \/>\n<meta property=\"og:site_name\" content=\"Portal Tela Portugal\" \/>\n<meta property=\"article:published_time\" content=\"2026-02-24T12:26:13+00:00\" \/>\n<meta name=\"author\" content=\"Telinha\" \/>\n<meta name=\"twitter:card\" content=\"summary_large_image\" \/>\n<meta name=\"twitter:label1\" content=\"Escrito por\" \/>\n\t<meta name=\"twitter:data1\" content=\"Telinha\" \/>\n\t<meta name=\"twitter:label2\" content=\"Tempo estimado de leitura\" \/>\n\t<meta name=\"twitter:data2\" content=\"1 minuto\" \/>\n<script type=\"application\/ld+json\" class=\"yoast-schema-graph\">{\"@context\":\"https:\/\/schema.org\",\"@graph\":[{\"@type\":\"Article\",\"@id\":\"https:\/\/portaltela.pt\/noticias\/2026\/02\/24\/trio-confessa-roubos-a-estudantes-universitarios-em-aveiro\/#article\",\"isPartOf\":{\"@id\":\"https:\/\/portaltela.pt\/noticias\/2026\/02\/24\/trio-confessa-roubos-a-estudantes-universitarios-em-aveiro\/\"},\"author\":{\"name\":\"Telinha\",\"@id\":\"https:\/\/portaltela.pt\/#\/schema\/person\/c4278d4a6028830caff9ee44b42d32ed\"},\"headline\":\"Trio confessa roubos a estudantes universit\u00e1rios em Aveiro\",\"datePublished\":\"2026-02-24T12:26:13+00:00\",\"mainEntityOfPage\":{\"@id\":\"https:\/\/portaltela.pt\/noticias\/2026\/02\/24\/trio-confessa-roubos-a-estudantes-universitarios-em-aveiro\/\"},\"wordCount\":220,\"image\":{\"@id\":\"https:\/\/portaltela.pt\/noticias\/2026\/02\/24\/trio-confessa-roubos-a-estudantes-universitarios-em-aveiro\/#primaryimage\"},\"thumbnailUrl\":\"https:\/\/portaltela.pt\/s.01k8rhncp4jt1\/2026\/02\/img_1500x1000uu2023-07-19-21-11-26-1398819.jpg\",\"keywords\":[\"abuso de cart\u00e3o\",\"Aveiro\",\"coa\u00e7\u00e3o\",\"criminalidade\",\"roubo\",\"viol\u00eancia\"],\"articleSection\":[\"Not\u00edcias\"],\"inLanguage\":\"pt-PT\"},{\"@type\":\"WebPage\",\"@id\":\"https:\/\/portaltela.pt\/noticias\/2026\/02\/24\/trio-confessa-roubos-a-estudantes-universitarios-em-aveiro\/\",\"url\":\"https:\/\/portaltela.pt\/noticias\/2026\/02\/24\/trio-confessa-roubos-a-estudantes-universitarios-em-aveiro\/\",\"name\":\"Trio confessa roubos a estudantes universit\u00e1rios em Aveiro - Portal Tela Portugal\",\"isPartOf\":{\"@id\":\"https:\/\/portaltela.pt\/#website\"},\"primaryImageOfPage\":{\"@id\":\"https:\/\/portaltela.pt\/noticias\/2026\/02\/24\/trio-confessa-roubos-a-estudantes-universitarios-em-aveiro\/#primaryimage\"},\"image\":{\"@id\":\"https:\/\/portaltela.pt\/noticias\/2026\/02\/24\/trio-confessa-roubos-a-estudantes-universitarios-em-aveiro\/#primaryimage\"},\"thumbnailUrl\":\"https:\/\/portaltela.pt\/s.01k8rhncp4jt1\/2026\/02\/img_1500x1000uu2023-07-19-21-11-26-1398819.jpg\",\"datePublished\":\"2026-02-24T12:26:13+00:00\",\"author\":{\"@id\":\"https:\/\/portaltela.pt\/#\/schema\/person\/c4278d4a6028830caff9ee44b42d32ed\"},\"breadcrumb\":{\"@id\":\"https:\/\/portaltela.pt\/noticias\/2026\/02\/24\/trio-confessa-roubos-a-estudantes-universitarios-em-aveiro\/#breadcrumb\"},\"inLanguage\":\"pt-PT\",\"potentialAction\":[{\"@type\":\"ReadAction\",\"target\":[\"https:\/\/portaltela.pt\/noticias\/2026\/02\/24\/trio-confessa-roubos-a-estudantes-universitarios-em-aveiro\/\"]}]},{\"@type\":\"ImageObject\",\"inLanguage\":\"pt-PT\",\"@id\":\"https:\/\/portaltela.pt\/noticias\/2026\/02\/24\/trio-confessa-roubos-a-estudantes-universitarios-em-aveiro\/#primaryimage\",\"url\":\"https:\/\/portaltela.pt\/s.01k8rhncp4jt1\/2026\/02\/img_1500x1000uu2023-07-19-21-11-26-1398819.jpg\",\"contentUrl\":\"https:\/\/portaltela.pt\/s.01k8rhncp4jt1\/2026\/02\/img_1500x1000uu2023-07-19-21-11-26-1398819.jpg\",\"width\":796,\"height\":448,\"caption\":\"Universidade de Aveiro\"},{\"@type\":\"BreadcrumbList\",\"@id\":\"https:\/\/portaltela.pt\/noticias\/2026\/02\/24\/trio-confessa-roubos-a-estudantes-universitarios-em-aveiro\/#breadcrumb\",\"itemListElement\":[{\"@type\":\"ListItem\",\"position\":1,\"name\":\"In\u00edcio\",\"item\":\"https:\/\/portaltela.pt\/\"},{\"@type\":\"ListItem\",\"position\":2,\"name\":\"Trio confessa roubos a estudantes universit\u00e1rios em Aveiro\"}]},{\"@type\":\"WebSite\",\"@id\":\"https:\/\/portaltela.pt\/#website\",\"url\":\"https:\/\/portaltela.pt\/\",\"name\":\"Portal Tela Portugal\",\"description\":\"\",\"potentialAction\":[{\"@type\":\"SearchAction\",\"target\":{\"@type\":\"EntryPoint\",\"urlTemplate\":\"https:\/\/portaltela.pt\/?s={search_term_string}\"},\"query-input\":{\"@type\":\"PropertyValueSpecification\",\"valueRequired\":true,\"valueName\":\"search_term_string\"}}],\"inLanguage\":\"pt-PT\"},{\"@type\":\"Person\",\"@id\":\"https:\/\/portaltela.pt\/#\/schema\/person\/c4278d4a6028830caff9ee44b42d32ed\",\"name\":\"Telinha\",\"image\":{\"@type\":\"ImageObject\",\"inLanguage\":\"pt-PT\",\"@id\":\"https:\/\/portaltela.pt\/s.01k8rhncp4jt1\/2025\/11\/talking-bot-125x125.png\",\"url\":\"https:\/\/portaltela.pt\/s.01k8rhncp4jt1\/2025\/11\/talking-bot-125x125.png\",\"contentUrl\":\"https:\/\/portaltela.pt\/s.01k8rhncp4jt1\/2025\/11\/talking-bot-125x125.png\",\"caption\":\"Telinha\"},\"sameAs\":[\"https:\/\/portaltela.pt\/\"],\"url\":\"https:\/\/portaltela.pt\/por\/367410592786\/\"}]}<\/script>\n<!-- \/ Yoast SEO plugin. -->","yoast_head_json":{"title":"Trio confessa roubos a estudantes universit\u00e1rios em Aveiro - Portal Tela Portugal","robots":{"index":"index","follow":"follow","max-snippet":"max-snippet:-1","max-image-preview":"max-image-preview:large","max-video-preview":"max-video-preview:-1"},"og_locale":"pt_PT","og_type":"article","og_title":"Trio confessa roubos a estudantes universit\u00e1rios em Aveiro - Portal Tela Portugal","og_description":"Dois jovens de 17 anos e um homem de 24 anos confessaram ter roubado estudantes junto \u00e0 Universidade de Aveiro, entre fevereiro e maio de 2025. As v\u00edtimas eram principalmente estudantes. Nos ataques, os arguidos abordavam-nas e retiravam dinheiro, telem\u00f3veis, vestu\u00e1rio, mochilas e outros objetos, recorrendo \u00e0 superioridade num\u00e9rica e \u00e0 viol\u00eancia. O argui\u00ad\u00addo de 24 anos, que est\u00e1 em pris\u00e3o preventiva, tinha na altura uma pena suspensa; os jovens tamb\u00e9m confessaram, negando apenas o uso de facas. Os tr\u00eas respondem por dezenas de crimes na forma consumada e na forma tentada, coa\u00e7\u00e3o na forma tentada, uso de cart\u00e3o de garantia ou de dados de pagamento, acesso ileg\u00edtimo e falsidade inform\u00e1tica. Os arguidos manifestaram inten\u00e7\u00e3o de trabalhar para indemnizar as v\u00edtimas; os factos ocorreram nas imedia\u00e7\u00f5es da Universidade de Aveiro.","og_url":"https:\/\/portaltela.pt\/noticias\/2026\/02\/24\/trio-confessa-roubos-a-estudantes-universitarios-em-aveiro\/","og_site_name":"Portal Tela Portugal","article_published_time":"2026-02-24T12:26:13+00:00","author":"Telinha","twitter_card":"summary_large_image","twitter_misc":{"Escrito por":"Telinha","Tempo estimado de leitura":"1 minuto"},"schema":{"@context":"https:\/\/schema.org","@graph":[{"@type":"Article","@id":"https:\/\/portaltela.pt\/noticias\/2026\/02\/24\/trio-confessa-roubos-a-estudantes-universitarios-em-aveiro\/#article","isPartOf":{"@id":"https:\/\/portaltela.pt\/noticias\/2026\/02\/24\/trio-confessa-roubos-a-estudantes-universitarios-em-aveiro\/"},"author":{"name":"Telinha","@id":"https:\/\/portaltela.pt\/#\/schema\/person\/c4278d4a6028830caff9ee44b42d32ed"},"headline":"Trio confessa roubos a estudantes universit\u00e1rios em Aveiro","datePublished":"2026-02-24T12:26:13+00:00","mainEntityOfPage":{"@id":"https:\/\/portaltela.pt\/noticias\/2026\/02\/24\/trio-confessa-roubos-a-estudantes-universitarios-em-aveiro\/"},"wordCount":220,"image":{"@id":"https:\/\/portaltela.pt\/noticias\/2026\/02\/24\/trio-confessa-roubos-a-estudantes-universitarios-em-aveiro\/#primaryimage"},"thumbnailUrl":"https:\/\/portaltela.pt\/s.01k8rhncp4jt1\/2026\/02\/img_1500x1000uu2023-07-19-21-11-26-1398819.jpg","keywords":["abuso de cart\u00e3o","Aveiro","coa\u00e7\u00e3o","criminalidade","roubo","viol\u00eancia"],"articleSection":["Not\u00edcias"],"inLanguage":"pt-PT"},{"@type":"WebPage","@id":"https:\/\/portaltela.pt\/noticias\/2026\/02\/24\/trio-confessa-roubos-a-estudantes-universitarios-em-aveiro\/","url":"https:\/\/portaltela.pt\/noticias\/2026\/02\/24\/trio-confessa-roubos-a-estudantes-universitarios-em-aveiro\/","name":"Trio confessa roubos a estudantes universit\u00e1rios em Aveiro - Portal Tela Portugal","isPartOf":{"@id":"https:\/\/portaltela.pt\/#website"},"primaryImageOfPage":{"@id":"https:\/\/portaltela.pt\/noticias\/2026\/02\/24\/trio-confessa-roubos-a-estudantes-universitarios-em-aveiro\/#primaryimage"},"image":{"@id":"https:\/\/portaltela.pt\/noticias\/2026\/02\/24\/trio-confessa-roubos-a-estudantes-universitarios-em-aveiro\/#primaryimage"},"thumbnailUrl":"https:\/\/portaltela.pt\/s.01k8rhncp4jt1\/2026\/02\/img_1500x1000uu2023-07-19-21-11-26-1398819.jpg","datePublished":"2026-02-24T12:26:13+00:00","author":{"@id":"https:\/\/portaltela.pt\/#\/schema\/person\/c4278d4a6028830caff9ee44b42d32ed"},"breadcrumb":{"@id":"https:\/\/portaltela.pt\/noticias\/2026\/02\/24\/trio-confessa-roubos-a-estudantes-universitarios-em-aveiro\/#breadcrumb"},"inLanguage":"pt-PT","potentialAction":[{"@type":"ReadAction","target":["https:\/\/portaltela.pt\/noticias\/2026\/02\/24\/trio-confessa-roubos-a-estudantes-universitarios-em-aveiro\/"]}]},{"@type":"ImageObject","inLanguage":"pt-PT","@id":"https:\/\/portaltela.pt\/noticias\/2026\/02\/24\/trio-confessa-roubos-a-estudantes-universitarios-em-aveiro\/#primaryimage","url":"https:\/\/portaltela.pt\/s.01k8rhncp4jt1\/2026\/02\/img_1500x1000uu2023-07-19-21-11-26-1398819.jpg","contentUrl":"https:\/\/portaltela.pt\/s.01k8rhncp4jt1\/2026\/02\/img_1500x1000uu2023-07-19-21-11-26-1398819.jpg","width":796,"height":448,"caption":"Universidade de Aveiro"},{"@type":"BreadcrumbList","@id":"https:\/\/portaltela.pt\/noticias\/2026\/02\/24\/trio-confessa-roubos-a-estudantes-universitarios-em-aveiro\/#breadcrumb","itemListElement":[{"@type":"ListItem","position":1,"name":"In\u00edcio","item":"https:\/\/portaltela.pt\/"},{"@type":"ListItem","position":2,"name":"Trio confessa roubos a estudantes universit\u00e1rios em Aveiro"}]},{"@type":"WebSite","@id":"https:\/\/portaltela.pt\/#website","url":"https:\/\/portaltela.pt\/","name":"Portal Tela Portugal","description":"","potentialAction":[{"@type":"SearchAction","target":{"@type":"EntryPoint","urlTemplate":"https:\/\/portaltela.pt\/?s={search_term_string}"},"query-input":{"@type":"PropertyValueSpecification","valueRequired":true,"valueName":"search_term_string"}}],"inLanguage":"pt-PT"},{"@type":"Person","@id":"https:\/\/portaltela.pt\/#\/schema\/person\/c4278d4a6028830caff9ee44b42d32ed","name":"Telinha","image":{"@type":"ImageObject","inLanguage":"pt-PT","@id":"https:\/\/portaltela.pt\/s.01k8rhncp4jt1\/2025\/11\/talking-bot-125x125.png","url":"https:\/\/portaltela.pt\/s.01k8rhncp4jt1\/2025\/11\/talking-bot-125x125.png","contentUrl":"https:\/\/portaltela.pt\/s.01k8rhncp4jt1\/2025\/11\/talking-bot-125x125.png","caption":"Telinha"},"sameAs":["https:\/\/portaltela.pt\/"],"url":"https:\/\/portaltela.pt\/por\/367410592786\/"}]}},"_links":{"self":[{"href":"https:\/\/portaltela.pt\/api\/wp\/v2\/posts\/224150","targetHints":{"allow":["GET"]}}],"collection":[{"href":"https:\/\/portaltela.pt\/api\/wp\/v2\/posts"}],"about":[{"href":"https:\/\/portaltela.pt\/api\/wp\/v2\/types\/post"}],"author":[{"embeddable":true,"href":"https:\/\/portaltela.pt\/api\/wp\/v2\/users\/2"}],"replies":[{"embeddable":true,"href":"https:\/\/portaltela.pt\/api\/wp\/v2\/comments?post=224150"}],"version-history":[{"count":0,"href":"https:\/\/portaltela.pt\/api\/wp\/v2\/posts\/224150\/revisions"}],"wp:featuredmedia":[{"embeddable":true,"href":"https:\/\/portaltela.pt\/api\/wp\/v2\/media\/224153"}],"wp:attachment":[{"href":"https:\/\/portaltela.pt\/api\/wp\/v2\/media?parent=224150"}],"wp:term":[{"taxonomy":"category","embeddable":true,"href":"https:\/\/portaltela.pt\/api\/wp\/v2\/categories?post=224150"},{"taxonomy":"post_tag","embeddable":true,"href":"https:\/\/portaltela.pt\/api\/wp\/v2\/tags?post=224150"}],"curies":[{"name":"wp","href":"https:\/\/api.w.org\/{rel}","templated":true}]}}