{"id":224143,"date":"2026-02-24T09:22:00","date_gmt":"2026-02-24T12:22:00","guid":{"rendered":"https:\/\/portaltela.pt\/noticias\/2026\/02\/24\/folk-songs-de-luciano-berio-sobe-ao-palco-da-casa-da-musica\/"},"modified":"2026-02-24T09:22:00","modified_gmt":"2026-02-24T12:22:00","slug":"folk-songs-de-luciano-berio-sobe-ao-palco-da-casa-da-musica","status":"publish","type":"post","link":"https:\/\/portaltela.pt\/noticias\/2026\/02\/24\/folk-songs-de-luciano-berio-sobe-ao-palco-da-casa-da-musica\/","title":{"rendered":"Folk Songs de Luciano Berio sobe ao palco da Casa da M\u00fasica"},"content":{"rendered":"<p>A soprano Eduarda Melo, acompanhada pelo Remix Ensemble, sobe ao palco da Casa da M\u00fasica nesta ter\u00e7a-feira, \u00e0s 19h30, para apresentar o novo ciclo de programa\u00e7\u00e3o com as Folk Songs de Luciano Berio.<\/p>\n<p>O programa fica completo com obras de Daniel Martinho, H\u00e8ctor Parra, Fran\u00e7ois-Bernard M\u00e2che e Johannes Sch\u00f6llhorn, oferecendo uma leitura variada de repert\u00f3rio contempor\u00e2neo.<\/p>\n<p>A Casa da M\u00fasica destaca uma edi\u00e7\u00e3o orientada pela diversidade de estilos, com Eduarda Melo a assumir a interpreta\u00e7\u00e3o das pe\u00e7as vocais. O Remix Ensemble contribui com a linha orquestral necess\u00e1ria ao ciclo.<\/p>\n<p>A int\u00e9rprete \u00e9 reconhecida pela abordagem de vocais contempor\u00e2neos, tendo j\u00e1 participado em anteriores ciclos da casa, que visam explorar novos desafios sonoros.<\/p>\n","protected":false},"excerpt":{"rendered":"<ul>\n<li>A soprano Eduarda Melo apresenta, com o Remix Ensemble, o ciclo de programa\u00e7\u00e3o da Casa da M\u00fasica.<\/li>\n<li>O concerto desta ter\u00e7a-feira \u00e9 \u00e0s 19.30 horas e traz as &#8220;Folks Songs&#8221; de Luciano Berio.<\/li>\n<li>O programa do Remix Ensemble inclui ainda obras de Daniel Martinho, H\u00e8ctor Parra, Fran\u00e7ois-Bernard M\u00e2che e Johannes Sch\u00f6llhorn.<\/li>\n<li>O espet\u00e1culo ocorre na Casa da M\u00fasica.<\/li>\n<li>A apresenta\u00e7\u00e3o foca-se na explora\u00e7\u00e3o do repert\u00f3rio de Berio dentro de um conjunto de pe\u00e7as contempor\u00e2neas.<\/li>\n<\/ul>\n","protected":false},"author":2,"featured_media":224149,"comment_status":"closed","ping_status":"closed","sticky":false,"template":"","format":"standard","meta":{"footnotes":""},"categories":[1],"tags":[593,145,122,3039,982,1014],"class_list":["post-224143","post","type-post","status-publish","format-standard","has-post-thumbnail","hentry","category-noticias","tag-concertos","tag-cultura","tag-musica","tag-musica-teatro-concertos","tag-porto","tag-portugal"],"yoast_head":"<!-- This site is optimized with the Yoast SEO plugin v27.2 - https:\/\/yoast.com\/product\/yoast-seo-wordpress\/ -->\n<title>Folk Songs de Luciano Berio sobe ao palco da Casa da M\u00fasica - Portal Tela Portugal<\/title>\n<meta name=\"robots\" content=\"index, follow, max-snippet:-1, max-image-preview:large, max-video-preview:-1\" \/>\n<meta property=\"og:locale\" content=\"pt_PT\" \/>\n<meta property=\"og:type\" content=\"article\" \/>\n<meta property=\"og:title\" content=\"Folk Songs de Luciano Berio sobe ao palco da Casa da M\u00fasica - Portal Tela Portugal\" \/>\n<meta property=\"og:description\" content=\"A soprano Eduarda Melo apresenta, com o Remix Ensemble, o ciclo de programa\u00e7\u00e3o da Casa da M\u00fasica. O concerto desta ter\u00e7a-feira \u00e9 \u00e0s 19.30 horas e traz as &quot;Folks Songs&quot; de Luciano Berio. O programa do Remix Ensemble inclui ainda obras de Daniel Martinho, H\u00e8ctor Parra, Fran\u00e7ois-Bernard M\u00e2che e Johannes Sch\u00f6llhorn. O espet\u00e1culo ocorre na Casa da M\u00fasica. A apresenta\u00e7\u00e3o foca-se na explora\u00e7\u00e3o do repert\u00f3rio de Berio dentro de um conjunto de pe\u00e7as contempor\u00e2neas.\" \/>\n<meta property=\"og:url\" content=\"https:\/\/portaltela.pt\/noticias\/2026\/02\/24\/folk-songs-de-luciano-berio-sobe-ao-palco-da-casa-da-musica\/\" \/>\n<meta property=\"og:site_name\" content=\"Portal Tela Portugal\" \/>\n<meta property=\"article:published_time\" content=\"2026-02-24T12:22:00+00:00\" \/>\n<meta name=\"author\" content=\"Telinha\" \/>\n<meta name=\"twitter:card\" content=\"summary_large_image\" \/>\n<meta name=\"twitter:label1\" content=\"Escrito por\" \/>\n\t<meta name=\"twitter:data1\" content=\"Telinha\" \/>\n\t<meta name=\"twitter:label2\" content=\"Tempo estimado de leitura\" \/>\n\t<meta name=\"twitter:data2\" content=\"1 minuto\" \/>\n<script type=\"application\/ld+json\" class=\"yoast-schema-graph\">{\"@context\":\"https:\/\/schema.org\",\"@graph\":[{\"@type\":\"Article\",\"@id\":\"https:\/\/portaltela.pt\/noticias\/2026\/02\/24\/folk-songs-de-luciano-berio-sobe-ao-palco-da-casa-da-musica\/#article\",\"isPartOf\":{\"@id\":\"https:\/\/portaltela.pt\/noticias\/2026\/02\/24\/folk-songs-de-luciano-berio-sobe-ao-palco-da-casa-da-musica\/\"},\"author\":{\"name\":\"Telinha\",\"@id\":\"https:\/\/portaltela.pt\/#\/schema\/person\/c4278d4a6028830caff9ee44b42d32ed\"},\"headline\":\"Folk Songs de Luciano Berio sobe ao palco da Casa da M\u00fasica\",\"datePublished\":\"2026-02-24T12:22:00+00:00\",\"mainEntityOfPage\":{\"@id\":\"https:\/\/portaltela.pt\/noticias\/2026\/02\/24\/folk-songs-de-luciano-berio-sobe-ao-palco-da-casa-da-musica\/\"},\"wordCount\":140,\"image\":{\"@id\":\"https:\/\/portaltela.pt\/noticias\/2026\/02\/24\/folk-songs-de-luciano-berio-sobe-ao-palco-da-casa-da-musica\/#primaryimage\"},\"thumbnailUrl\":\"https:\/\/portaltela.pt\/s.01k8rhncp4jt1\/2026\/02\/a2dbadb3-f39e-466c-9cdd-67a32a3747ba_1200x675.jpg\",\"keywords\":[\"concertos\",\"cultura\",\"m\u00fasica\",\"m\u00fasica\/teatro\/concertos\",\"Porto\",\"Portugal\"],\"articleSection\":[\"Not\u00edcias\"],\"inLanguage\":\"pt-PT\"},{\"@type\":\"WebPage\",\"@id\":\"https:\/\/portaltela.pt\/noticias\/2026\/02\/24\/folk-songs-de-luciano-berio-sobe-ao-palco-da-casa-da-musica\/\",\"url\":\"https:\/\/portaltela.pt\/noticias\/2026\/02\/24\/folk-songs-de-luciano-berio-sobe-ao-palco-da-casa-da-musica\/\",\"name\":\"Folk Songs de Luciano Berio sobe ao palco da Casa da M\u00fasica - Portal Tela Portugal\",\"isPartOf\":{\"@id\":\"https:\/\/portaltela.pt\/#website\"},\"primaryImageOfPage\":{\"@id\":\"https:\/\/portaltela.pt\/noticias\/2026\/02\/24\/folk-songs-de-luciano-berio-sobe-ao-palco-da-casa-da-musica\/#primaryimage\"},\"image\":{\"@id\":\"https:\/\/portaltela.pt\/noticias\/2026\/02\/24\/folk-songs-de-luciano-berio-sobe-ao-palco-da-casa-da-musica\/#primaryimage\"},\"thumbnailUrl\":\"https:\/\/portaltela.pt\/s.01k8rhncp4jt1\/2026\/02\/a2dbadb3-f39e-466c-9cdd-67a32a3747ba_1200x675.jpg\",\"datePublished\":\"2026-02-24T12:22:00+00:00\",\"author\":{\"@id\":\"https:\/\/portaltela.pt\/#\/schema\/person\/c4278d4a6028830caff9ee44b42d32ed\"},\"breadcrumb\":{\"@id\":\"https:\/\/portaltela.pt\/noticias\/2026\/02\/24\/folk-songs-de-luciano-berio-sobe-ao-palco-da-casa-da-musica\/#breadcrumb\"},\"inLanguage\":\"pt-PT\",\"potentialAction\":[{\"@type\":\"ReadAction\",\"target\":[\"https:\/\/portaltela.pt\/noticias\/2026\/02\/24\/folk-songs-de-luciano-berio-sobe-ao-palco-da-casa-da-musica\/\"]}]},{\"@type\":\"ImageObject\",\"inLanguage\":\"pt-PT\",\"@id\":\"https:\/\/portaltela.pt\/noticias\/2026\/02\/24\/folk-songs-de-luciano-berio-sobe-ao-palco-da-casa-da-musica\/#primaryimage\",\"url\":\"https:\/\/portaltela.pt\/s.01k8rhncp4jt1\/2026\/02\/a2dbadb3-f39e-466c-9cdd-67a32a3747ba_1200x675.jpg\",\"contentUrl\":\"https:\/\/portaltela.pt\/s.01k8rhncp4jt1\/2026\/02\/a2dbadb3-f39e-466c-9cdd-67a32a3747ba_1200x675.jpg\",\"width\":796,\"height\":448,\"caption\":\"Photo\"},{\"@type\":\"BreadcrumbList\",\"@id\":\"https:\/\/portaltela.pt\/noticias\/2026\/02\/24\/folk-songs-de-luciano-berio-sobe-ao-palco-da-casa-da-musica\/#breadcrumb\",\"itemListElement\":[{\"@type\":\"ListItem\",\"position\":1,\"name\":\"In\u00edcio\",\"item\":\"https:\/\/portaltela.pt\/\"},{\"@type\":\"ListItem\",\"position\":2,\"name\":\"Folk Songs de Luciano Berio sobe ao palco da Casa da M\u00fasica\"}]},{\"@type\":\"WebSite\",\"@id\":\"https:\/\/portaltela.pt\/#website\",\"url\":\"https:\/\/portaltela.pt\/\",\"name\":\"Portal Tela Portugal\",\"description\":\"\",\"potentialAction\":[{\"@type\":\"SearchAction\",\"target\":{\"@type\":\"EntryPoint\",\"urlTemplate\":\"https:\/\/portaltela.pt\/?s={search_term_string}\"},\"query-input\":{\"@type\":\"PropertyValueSpecification\",\"valueRequired\":true,\"valueName\":\"search_term_string\"}}],\"inLanguage\":\"pt-PT\"},{\"@type\":\"Person\",\"@id\":\"https:\/\/portaltela.pt\/#\/schema\/person\/c4278d4a6028830caff9ee44b42d32ed\",\"name\":\"Telinha\",\"image\":{\"@type\":\"ImageObject\",\"inLanguage\":\"pt-PT\",\"@id\":\"https:\/\/portaltela.pt\/s.01k8rhncp4jt1\/2025\/11\/talking-bot-125x125.png\",\"url\":\"https:\/\/portaltela.pt\/s.01k8rhncp4jt1\/2025\/11\/talking-bot-125x125.png\",\"contentUrl\":\"https:\/\/portaltela.pt\/s.01k8rhncp4jt1\/2025\/11\/talking-bot-125x125.png\",\"caption\":\"Telinha\"},\"sameAs\":[\"https:\/\/portaltela.pt\/\"],\"url\":\"https:\/\/portaltela.pt\/por\/367410592786\/\"}]}<\/script>\n<!-- \/ Yoast SEO plugin. -->","yoast_head_json":{"title":"Folk Songs de Luciano Berio sobe ao palco da Casa da M\u00fasica - Portal Tela Portugal","robots":{"index":"index","follow":"follow","max-snippet":"max-snippet:-1","max-image-preview":"max-image-preview:large","max-video-preview":"max-video-preview:-1"},"og_locale":"pt_PT","og_type":"article","og_title":"Folk Songs de Luciano Berio sobe ao palco da Casa da M\u00fasica - Portal Tela Portugal","og_description":"A soprano Eduarda Melo apresenta, com o Remix Ensemble, o ciclo de programa\u00e7\u00e3o da Casa da M\u00fasica. O concerto desta ter\u00e7a-feira \u00e9 \u00e0s 19.30 horas e traz as \"Folks Songs\" de Luciano Berio. O programa do Remix Ensemble inclui ainda obras de Daniel Martinho, H\u00e8ctor Parra, Fran\u00e7ois-Bernard M\u00e2che e Johannes Sch\u00f6llhorn. O espet\u00e1culo ocorre na Casa da M\u00fasica. A apresenta\u00e7\u00e3o foca-se na explora\u00e7\u00e3o do repert\u00f3rio de Berio dentro de um conjunto de pe\u00e7as contempor\u00e2neas.","og_url":"https:\/\/portaltela.pt\/noticias\/2026\/02\/24\/folk-songs-de-luciano-berio-sobe-ao-palco-da-casa-da-musica\/","og_site_name":"Portal Tela Portugal","article_published_time":"2026-02-24T12:22:00+00:00","author":"Telinha","twitter_card":"summary_large_image","twitter_misc":{"Escrito por":"Telinha","Tempo estimado de leitura":"1 minuto"},"schema":{"@context":"https:\/\/schema.org","@graph":[{"@type":"Article","@id":"https:\/\/portaltela.pt\/noticias\/2026\/02\/24\/folk-songs-de-luciano-berio-sobe-ao-palco-da-casa-da-musica\/#article","isPartOf":{"@id":"https:\/\/portaltela.pt\/noticias\/2026\/02\/24\/folk-songs-de-luciano-berio-sobe-ao-palco-da-casa-da-musica\/"},"author":{"name":"Telinha","@id":"https:\/\/portaltela.pt\/#\/schema\/person\/c4278d4a6028830caff9ee44b42d32ed"},"headline":"Folk Songs de Luciano Berio sobe ao palco da Casa da M\u00fasica","datePublished":"2026-02-24T12:22:00+00:00","mainEntityOfPage":{"@id":"https:\/\/portaltela.pt\/noticias\/2026\/02\/24\/folk-songs-de-luciano-berio-sobe-ao-palco-da-casa-da-musica\/"},"wordCount":140,"image":{"@id":"https:\/\/portaltela.pt\/noticias\/2026\/02\/24\/folk-songs-de-luciano-berio-sobe-ao-palco-da-casa-da-musica\/#primaryimage"},"thumbnailUrl":"https:\/\/portaltela.pt\/s.01k8rhncp4jt1\/2026\/02\/a2dbadb3-f39e-466c-9cdd-67a32a3747ba_1200x675.jpg","keywords":["concertos","cultura","m\u00fasica","m\u00fasica\/teatro\/concertos","Porto","Portugal"],"articleSection":["Not\u00edcias"],"inLanguage":"pt-PT"},{"@type":"WebPage","@id":"https:\/\/portaltela.pt\/noticias\/2026\/02\/24\/folk-songs-de-luciano-berio-sobe-ao-palco-da-casa-da-musica\/","url":"https:\/\/portaltela.pt\/noticias\/2026\/02\/24\/folk-songs-de-luciano-berio-sobe-ao-palco-da-casa-da-musica\/","name":"Folk Songs de Luciano Berio sobe ao palco da Casa da M\u00fasica - Portal Tela Portugal","isPartOf":{"@id":"https:\/\/portaltela.pt\/#website"},"primaryImageOfPage":{"@id":"https:\/\/portaltela.pt\/noticias\/2026\/02\/24\/folk-songs-de-luciano-berio-sobe-ao-palco-da-casa-da-musica\/#primaryimage"},"image":{"@id":"https:\/\/portaltela.pt\/noticias\/2026\/02\/24\/folk-songs-de-luciano-berio-sobe-ao-palco-da-casa-da-musica\/#primaryimage"},"thumbnailUrl":"https:\/\/portaltela.pt\/s.01k8rhncp4jt1\/2026\/02\/a2dbadb3-f39e-466c-9cdd-67a32a3747ba_1200x675.jpg","datePublished":"2026-02-24T12:22:00+00:00","author":{"@id":"https:\/\/portaltela.pt\/#\/schema\/person\/c4278d4a6028830caff9ee44b42d32ed"},"breadcrumb":{"@id":"https:\/\/portaltela.pt\/noticias\/2026\/02\/24\/folk-songs-de-luciano-berio-sobe-ao-palco-da-casa-da-musica\/#breadcrumb"},"inLanguage":"pt-PT","potentialAction":[{"@type":"ReadAction","target":["https:\/\/portaltela.pt\/noticias\/2026\/02\/24\/folk-songs-de-luciano-berio-sobe-ao-palco-da-casa-da-musica\/"]}]},{"@type":"ImageObject","inLanguage":"pt-PT","@id":"https:\/\/portaltela.pt\/noticias\/2026\/02\/24\/folk-songs-de-luciano-berio-sobe-ao-palco-da-casa-da-musica\/#primaryimage","url":"https:\/\/portaltela.pt\/s.01k8rhncp4jt1\/2026\/02\/a2dbadb3-f39e-466c-9cdd-67a32a3747ba_1200x675.jpg","contentUrl":"https:\/\/portaltela.pt\/s.01k8rhncp4jt1\/2026\/02\/a2dbadb3-f39e-466c-9cdd-67a32a3747ba_1200x675.jpg","width":796,"height":448,"caption":"Photo"},{"@type":"BreadcrumbList","@id":"https:\/\/portaltela.pt\/noticias\/2026\/02\/24\/folk-songs-de-luciano-berio-sobe-ao-palco-da-casa-da-musica\/#breadcrumb","itemListElement":[{"@type":"ListItem","position":1,"name":"In\u00edcio","item":"https:\/\/portaltela.pt\/"},{"@type":"ListItem","position":2,"name":"Folk Songs de Luciano Berio sobe ao palco da Casa da M\u00fasica"}]},{"@type":"WebSite","@id":"https:\/\/portaltela.pt\/#website","url":"https:\/\/portaltela.pt\/","name":"Portal Tela Portugal","description":"","potentialAction":[{"@type":"SearchAction","target":{"@type":"EntryPoint","urlTemplate":"https:\/\/portaltela.pt\/?s={search_term_string}"},"query-input":{"@type":"PropertyValueSpecification","valueRequired":true,"valueName":"search_term_string"}}],"inLanguage":"pt-PT"},{"@type":"Person","@id":"https:\/\/portaltela.pt\/#\/schema\/person\/c4278d4a6028830caff9ee44b42d32ed","name":"Telinha","image":{"@type":"ImageObject","inLanguage":"pt-PT","@id":"https:\/\/portaltela.pt\/s.01k8rhncp4jt1\/2025\/11\/talking-bot-125x125.png","url":"https:\/\/portaltela.pt\/s.01k8rhncp4jt1\/2025\/11\/talking-bot-125x125.png","contentUrl":"https:\/\/portaltela.pt\/s.01k8rhncp4jt1\/2025\/11\/talking-bot-125x125.png","caption":"Telinha"},"sameAs":["https:\/\/portaltela.pt\/"],"url":"https:\/\/portaltela.pt\/por\/367410592786\/"}]}},"_links":{"self":[{"href":"https:\/\/portaltela.pt\/api\/wp\/v2\/posts\/224143","targetHints":{"allow":["GET"]}}],"collection":[{"href":"https:\/\/portaltela.pt\/api\/wp\/v2\/posts"}],"about":[{"href":"https:\/\/portaltela.pt\/api\/wp\/v2\/types\/post"}],"author":[{"embeddable":true,"href":"https:\/\/portaltela.pt\/api\/wp\/v2\/users\/2"}],"replies":[{"embeddable":true,"href":"https:\/\/portaltela.pt\/api\/wp\/v2\/comments?post=224143"}],"version-history":[{"count":0,"href":"https:\/\/portaltela.pt\/api\/wp\/v2\/posts\/224143\/revisions"}],"wp:featuredmedia":[{"embeddable":true,"href":"https:\/\/portaltela.pt\/api\/wp\/v2\/media\/224149"}],"wp:attachment":[{"href":"https:\/\/portaltela.pt\/api\/wp\/v2\/media?parent=224143"}],"wp:term":[{"taxonomy":"category","embeddable":true,"href":"https:\/\/portaltela.pt\/api\/wp\/v2\/categories?post=224143"},{"taxonomy":"post_tag","embeddable":true,"href":"https:\/\/portaltela.pt\/api\/wp\/v2\/tags?post=224143"}],"curies":[{"name":"wp","href":"https:\/\/api.w.org\/{rel}","templated":true}]}}