{"id":224128,"date":"2026-02-24T09:30:00","date_gmt":"2026-02-24T12:30:00","guid":{"rendered":"https:\/\/portaltela.pt\/noticias\/2026\/02\/24\/preventiva-por-roubo-com-catana-no-parque-das-nacoes\/"},"modified":"2026-02-24T09:30:00","modified_gmt":"2026-02-24T12:30:00","slug":"preventiva-por-roubo-com-catana-no-parque-das-nacoes","status":"publish","type":"post","link":"https:\/\/portaltela.pt\/noticias\/2026\/02\/24\/preventiva-por-roubo-com-catana-no-parque-das-nacoes\/","title":{"rendered":"Preventiva por roubo com catana no Parque das Na\u00e7\u00f5es"},"content":{"rendered":"<p>Um homem de 29 anos foi detido pela Pol\u00edcia de Seguran\u00e7a P\u00fablica (PSP) por roubo violento cometido com uma catana. O incidente ocorreu no Parque das Na\u00e7\u00f5es, em Lisboa, envolvendo um minimercado da zona.<\/p>\n<p>Segundo a PSP, o suspeito dirigiu-se ao minimercado, agrediu a v\u00edtima com a arma branca e, em seguida, levou dois telem\u00f3veis, ma\u00e7os de tabaco e 400 euros em numer\u00e1rio. As agress\u00f5es foram descritas pela pol\u00edcia como reiteradas.<\/p>\n<p>A deten\u00e7\u00e3o aconteceu gra\u00e7as a dilig\u00eancias da Investiga\u00e7\u00e3o Criminal da PSP. O indiv\u00edduo foi presente a juiz e ficou em pris\u00e3o preventiva.<\/p>\n<h3>Deten\u00e7\u00e3o e processo<\/h3>\n<p>A PSP confirmou a participa\u00e7\u00e3o de investigadores na localiza\u00e7\u00e3o do suspeito. O Minist\u00e9rio P\u00fablico dever\u00e1 emitir os pr\u00f3ximos passos do processo, com a decis\u00e3o sobre eventuais dilig\u00eancias adicionais.<\/p>\n","protected":false},"excerpt":{"rendered":"<ul>\n<li>Um homem de 29 anos foi detido pela Pol\u00edcia de Seguran\u00e7a P\u00fablica (PSP) por roubo violento com catana no Parque das Na\u00e7\u00f5es, em Lisboa.<\/li>\n<\/ul>\n<p>\u2022<\/p>\n<ul>\n<li>O assaltante dirigiu-se a um minimercado e agrediu reiteradamente a v\u00edtima com a arma branca.<\/li>\n<\/ul>\n<p>\u2022<\/p>\n<ul>\n<li>No seguimento do crime, roubou dois telem\u00f3veis, ma\u00e7os de tabaco e 400 euros em dinheiro.<\/li>\n<\/ul>\n<p>\u2022<\/p>\n<ul>\n<li>O suspeito foi detido por elementos da Investiga\u00e7\u00e3o Criminal da PSP.<\/li>\n<\/ul>\n<p>\u2022<\/p>\n<ul>\n<li>Foi apresentado a juiz e ficou em pris\u00e3o preventiva.<\/li>\n<\/ul>\n","protected":false},"author":2,"featured_media":224131,"comment_status":"closed","ping_status":"closed","sticky":false,"template":"","format":"standard","meta":{"footnotes":""},"categories":[1],"tags":[217,981,3715,1381,203,3102],"class_list":["post-224128","post","type-post","status-publish","format-standard","has-post-thumbnail","hentry","category-noticias","tag-investigacao-criminal","tag-lisboa","tag-parque-das-nacoes","tag-psp","tag-roubo","tag-roubo-agravado"],"yoast_head":"<!-- This site is optimized with the Yoast SEO plugin v27.2 - https:\/\/yoast.com\/product\/yoast-seo-wordpress\/ -->\n<title>Preventiva por roubo com catana no Parque das Na\u00e7\u00f5es - Portal Tela Portugal<\/title>\n<meta name=\"robots\" content=\"index, follow, max-snippet:-1, max-image-preview:large, max-video-preview:-1\" \/>\n<meta property=\"og:locale\" content=\"pt_PT\" \/>\n<meta property=\"og:type\" content=\"article\" \/>\n<meta property=\"og:title\" content=\"Preventiva por roubo com catana no Parque das Na\u00e7\u00f5es - Portal Tela Portugal\" \/>\n<meta property=\"og:description\" content=\"Um homem de 29 anos foi detido pela Pol\u00edcia de Seguran\u00e7a P\u00fablica (PSP) por roubo violento com catana no Parque das Na\u00e7\u00f5es, em Lisboa. \u2022 O assaltante dirigiu-se a um minimercado e agrediu reiteradamente a v\u00edtima com a arma branca. \u2022 No seguimento do crime, roubou dois telem\u00f3veis, ma\u00e7os de tabaco e 400 euros em dinheiro. \u2022 O suspeito foi detido por elementos da Investiga\u00e7\u00e3o Criminal da PSP. \u2022 Foi apresentado a juiz e ficou em pris\u00e3o preventiva.\" \/>\n<meta property=\"og:url\" content=\"https:\/\/portaltela.pt\/noticias\/2026\/02\/24\/preventiva-por-roubo-com-catana-no-parque-das-nacoes\/\" \/>\n<meta property=\"og:site_name\" content=\"Portal Tela Portugal\" \/>\n<meta property=\"article:published_time\" content=\"2026-02-24T12:30:00+00:00\" \/>\n<meta name=\"author\" content=\"Telinha\" \/>\n<meta name=\"twitter:card\" content=\"summary_large_image\" \/>\n<meta name=\"twitter:label1\" content=\"Escrito por\" \/>\n\t<meta name=\"twitter:data1\" content=\"Telinha\" \/>\n\t<meta name=\"twitter:label2\" content=\"Tempo estimado de leitura\" \/>\n\t<meta name=\"twitter:data2\" content=\"1 minuto\" \/>\n<script type=\"application\/ld+json\" class=\"yoast-schema-graph\">{\"@context\":\"https:\/\/schema.org\",\"@graph\":[{\"@type\":\"Article\",\"@id\":\"https:\/\/portaltela.pt\/noticias\/2026\/02\/24\/preventiva-por-roubo-com-catana-no-parque-das-nacoes\/#article\",\"isPartOf\":{\"@id\":\"https:\/\/portaltela.pt\/noticias\/2026\/02\/24\/preventiva-por-roubo-com-catana-no-parque-das-nacoes\/\"},\"author\":{\"name\":\"Telinha\",\"@id\":\"https:\/\/portaltela.pt\/#\/schema\/person\/c4278d4a6028830caff9ee44b42d32ed\"},\"headline\":\"Preventiva por roubo com catana no Parque das Na\u00e7\u00f5es\",\"datePublished\":\"2026-02-24T12:30:00+00:00\",\"mainEntityOfPage\":{\"@id\":\"https:\/\/portaltela.pt\/noticias\/2026\/02\/24\/preventiva-por-roubo-com-catana-no-parque-das-nacoes\/\"},\"wordCount\":156,\"image\":{\"@id\":\"https:\/\/portaltela.pt\/noticias\/2026\/02\/24\/preventiva-por-roubo-com-catana-no-parque-das-nacoes\/#primaryimage\"},\"thumbnailUrl\":\"https:\/\/portaltela.pt\/s.01k8rhncp4jt1\/2026\/02\/img_1500x1000uu2026-01-17-14-30-41-2260805.jpg\",\"keywords\":[\"investiga\u00e7\u00e3o criminal\",\"Lisboa\",\"Parque das Na\u00e7\u00f5es\",\"PSP\",\"roubo\",\"roubo agravado\"],\"articleSection\":[\"Not\u00edcias\"],\"inLanguage\":\"pt-PT\"},{\"@type\":\"WebPage\",\"@id\":\"https:\/\/portaltela.pt\/noticias\/2026\/02\/24\/preventiva-por-roubo-com-catana-no-parque-das-nacoes\/\",\"url\":\"https:\/\/portaltela.pt\/noticias\/2026\/02\/24\/preventiva-por-roubo-com-catana-no-parque-das-nacoes\/\",\"name\":\"Preventiva por roubo com catana no Parque das Na\u00e7\u00f5es - Portal Tela Portugal\",\"isPartOf\":{\"@id\":\"https:\/\/portaltela.pt\/#website\"},\"primaryImageOfPage\":{\"@id\":\"https:\/\/portaltela.pt\/noticias\/2026\/02\/24\/preventiva-por-roubo-com-catana-no-parque-das-nacoes\/#primaryimage\"},\"image\":{\"@id\":\"https:\/\/portaltela.pt\/noticias\/2026\/02\/24\/preventiva-por-roubo-com-catana-no-parque-das-nacoes\/#primaryimage\"},\"thumbnailUrl\":\"https:\/\/portaltela.pt\/s.01k8rhncp4jt1\/2026\/02\/img_1500x1000uu2026-01-17-14-30-41-2260805.jpg\",\"datePublished\":\"2026-02-24T12:30:00+00:00\",\"author\":{\"@id\":\"https:\/\/portaltela.pt\/#\/schema\/person\/c4278d4a6028830caff9ee44b42d32ed\"},\"breadcrumb\":{\"@id\":\"https:\/\/portaltela.pt\/noticias\/2026\/02\/24\/preventiva-por-roubo-com-catana-no-parque-das-nacoes\/#breadcrumb\"},\"inLanguage\":\"pt-PT\",\"potentialAction\":[{\"@type\":\"ReadAction\",\"target\":[\"https:\/\/portaltela.pt\/noticias\/2026\/02\/24\/preventiva-por-roubo-com-catana-no-parque-das-nacoes\/\"]}]},{\"@type\":\"ImageObject\",\"inLanguage\":\"pt-PT\",\"@id\":\"https:\/\/portaltela.pt\/noticias\/2026\/02\/24\/preventiva-por-roubo-com-catana-no-parque-das-nacoes\/#primaryimage\",\"url\":\"https:\/\/portaltela.pt\/s.01k8rhncp4jt1\/2026\/02\/img_1500x1000uu2026-01-17-14-30-41-2260805.jpg\",\"contentUrl\":\"https:\/\/portaltela.pt\/s.01k8rhncp4jt1\/2026\/02\/img_1500x1000uu2026-01-17-14-30-41-2260805.jpg\",\"width\":796,\"height\":448,\"caption\":\"Homem foi detido pela PSP\"},{\"@type\":\"BreadcrumbList\",\"@id\":\"https:\/\/portaltela.pt\/noticias\/2026\/02\/24\/preventiva-por-roubo-com-catana-no-parque-das-nacoes\/#breadcrumb\",\"itemListElement\":[{\"@type\":\"ListItem\",\"position\":1,\"name\":\"In\u00edcio\",\"item\":\"https:\/\/portaltela.pt\/\"},{\"@type\":\"ListItem\",\"position\":2,\"name\":\"Preventiva por roubo com catana no Parque das Na\u00e7\u00f5es\"}]},{\"@type\":\"WebSite\",\"@id\":\"https:\/\/portaltela.pt\/#website\",\"url\":\"https:\/\/portaltela.pt\/\",\"name\":\"Portal Tela Portugal\",\"description\":\"\",\"potentialAction\":[{\"@type\":\"SearchAction\",\"target\":{\"@type\":\"EntryPoint\",\"urlTemplate\":\"https:\/\/portaltela.pt\/?s={search_term_string}\"},\"query-input\":{\"@type\":\"PropertyValueSpecification\",\"valueRequired\":true,\"valueName\":\"search_term_string\"}}],\"inLanguage\":\"pt-PT\"},{\"@type\":\"Person\",\"@id\":\"https:\/\/portaltela.pt\/#\/schema\/person\/c4278d4a6028830caff9ee44b42d32ed\",\"name\":\"Telinha\",\"image\":{\"@type\":\"ImageObject\",\"inLanguage\":\"pt-PT\",\"@id\":\"https:\/\/portaltela.pt\/s.01k8rhncp4jt1\/2025\/11\/talking-bot-125x125.png\",\"url\":\"https:\/\/portaltela.pt\/s.01k8rhncp4jt1\/2025\/11\/talking-bot-125x125.png\",\"contentUrl\":\"https:\/\/portaltela.pt\/s.01k8rhncp4jt1\/2025\/11\/talking-bot-125x125.png\",\"caption\":\"Telinha\"},\"sameAs\":[\"https:\/\/portaltela.pt\/\"],\"url\":\"https:\/\/portaltela.pt\/por\/367410592786\/\"}]}<\/script>\n<!-- \/ Yoast SEO plugin. -->","yoast_head_json":{"title":"Preventiva por roubo com catana no Parque das Na\u00e7\u00f5es - Portal Tela Portugal","robots":{"index":"index","follow":"follow","max-snippet":"max-snippet:-1","max-image-preview":"max-image-preview:large","max-video-preview":"max-video-preview:-1"},"og_locale":"pt_PT","og_type":"article","og_title":"Preventiva por roubo com catana no Parque das Na\u00e7\u00f5es - Portal Tela Portugal","og_description":"Um homem de 29 anos foi detido pela Pol\u00edcia de Seguran\u00e7a P\u00fablica (PSP) por roubo violento com catana no Parque das Na\u00e7\u00f5es, em Lisboa. \u2022 O assaltante dirigiu-se a um minimercado e agrediu reiteradamente a v\u00edtima com a arma branca. \u2022 No seguimento do crime, roubou dois telem\u00f3veis, ma\u00e7os de tabaco e 400 euros em dinheiro. \u2022 O suspeito foi detido por elementos da Investiga\u00e7\u00e3o Criminal da PSP. \u2022 Foi apresentado a juiz e ficou em pris\u00e3o preventiva.","og_url":"https:\/\/portaltela.pt\/noticias\/2026\/02\/24\/preventiva-por-roubo-com-catana-no-parque-das-nacoes\/","og_site_name":"Portal Tela Portugal","article_published_time":"2026-02-24T12:30:00+00:00","author":"Telinha","twitter_card":"summary_large_image","twitter_misc":{"Escrito por":"Telinha","Tempo estimado de leitura":"1 minuto"},"schema":{"@context":"https:\/\/schema.org","@graph":[{"@type":"Article","@id":"https:\/\/portaltela.pt\/noticias\/2026\/02\/24\/preventiva-por-roubo-com-catana-no-parque-das-nacoes\/#article","isPartOf":{"@id":"https:\/\/portaltela.pt\/noticias\/2026\/02\/24\/preventiva-por-roubo-com-catana-no-parque-das-nacoes\/"},"author":{"name":"Telinha","@id":"https:\/\/portaltela.pt\/#\/schema\/person\/c4278d4a6028830caff9ee44b42d32ed"},"headline":"Preventiva por roubo com catana no Parque das Na\u00e7\u00f5es","datePublished":"2026-02-24T12:30:00+00:00","mainEntityOfPage":{"@id":"https:\/\/portaltela.pt\/noticias\/2026\/02\/24\/preventiva-por-roubo-com-catana-no-parque-das-nacoes\/"},"wordCount":156,"image":{"@id":"https:\/\/portaltela.pt\/noticias\/2026\/02\/24\/preventiva-por-roubo-com-catana-no-parque-das-nacoes\/#primaryimage"},"thumbnailUrl":"https:\/\/portaltela.pt\/s.01k8rhncp4jt1\/2026\/02\/img_1500x1000uu2026-01-17-14-30-41-2260805.jpg","keywords":["investiga\u00e7\u00e3o criminal","Lisboa","Parque das Na\u00e7\u00f5es","PSP","roubo","roubo agravado"],"articleSection":["Not\u00edcias"],"inLanguage":"pt-PT"},{"@type":"WebPage","@id":"https:\/\/portaltela.pt\/noticias\/2026\/02\/24\/preventiva-por-roubo-com-catana-no-parque-das-nacoes\/","url":"https:\/\/portaltela.pt\/noticias\/2026\/02\/24\/preventiva-por-roubo-com-catana-no-parque-das-nacoes\/","name":"Preventiva por roubo com catana no Parque das Na\u00e7\u00f5es - Portal Tela Portugal","isPartOf":{"@id":"https:\/\/portaltela.pt\/#website"},"primaryImageOfPage":{"@id":"https:\/\/portaltela.pt\/noticias\/2026\/02\/24\/preventiva-por-roubo-com-catana-no-parque-das-nacoes\/#primaryimage"},"image":{"@id":"https:\/\/portaltela.pt\/noticias\/2026\/02\/24\/preventiva-por-roubo-com-catana-no-parque-das-nacoes\/#primaryimage"},"thumbnailUrl":"https:\/\/portaltela.pt\/s.01k8rhncp4jt1\/2026\/02\/img_1500x1000uu2026-01-17-14-30-41-2260805.jpg","datePublished":"2026-02-24T12:30:00+00:00","author":{"@id":"https:\/\/portaltela.pt\/#\/schema\/person\/c4278d4a6028830caff9ee44b42d32ed"},"breadcrumb":{"@id":"https:\/\/portaltela.pt\/noticias\/2026\/02\/24\/preventiva-por-roubo-com-catana-no-parque-das-nacoes\/#breadcrumb"},"inLanguage":"pt-PT","potentialAction":[{"@type":"ReadAction","target":["https:\/\/portaltela.pt\/noticias\/2026\/02\/24\/preventiva-por-roubo-com-catana-no-parque-das-nacoes\/"]}]},{"@type":"ImageObject","inLanguage":"pt-PT","@id":"https:\/\/portaltela.pt\/noticias\/2026\/02\/24\/preventiva-por-roubo-com-catana-no-parque-das-nacoes\/#primaryimage","url":"https:\/\/portaltela.pt\/s.01k8rhncp4jt1\/2026\/02\/img_1500x1000uu2026-01-17-14-30-41-2260805.jpg","contentUrl":"https:\/\/portaltela.pt\/s.01k8rhncp4jt1\/2026\/02\/img_1500x1000uu2026-01-17-14-30-41-2260805.jpg","width":796,"height":448,"caption":"Homem foi detido pela PSP"},{"@type":"BreadcrumbList","@id":"https:\/\/portaltela.pt\/noticias\/2026\/02\/24\/preventiva-por-roubo-com-catana-no-parque-das-nacoes\/#breadcrumb","itemListElement":[{"@type":"ListItem","position":1,"name":"In\u00edcio","item":"https:\/\/portaltela.pt\/"},{"@type":"ListItem","position":2,"name":"Preventiva por roubo com catana no Parque das Na\u00e7\u00f5es"}]},{"@type":"WebSite","@id":"https:\/\/portaltela.pt\/#website","url":"https:\/\/portaltela.pt\/","name":"Portal Tela Portugal","description":"","potentialAction":[{"@type":"SearchAction","target":{"@type":"EntryPoint","urlTemplate":"https:\/\/portaltela.pt\/?s={search_term_string}"},"query-input":{"@type":"PropertyValueSpecification","valueRequired":true,"valueName":"search_term_string"}}],"inLanguage":"pt-PT"},{"@type":"Person","@id":"https:\/\/portaltela.pt\/#\/schema\/person\/c4278d4a6028830caff9ee44b42d32ed","name":"Telinha","image":{"@type":"ImageObject","inLanguage":"pt-PT","@id":"https:\/\/portaltela.pt\/s.01k8rhncp4jt1\/2025\/11\/talking-bot-125x125.png","url":"https:\/\/portaltela.pt\/s.01k8rhncp4jt1\/2025\/11\/talking-bot-125x125.png","contentUrl":"https:\/\/portaltela.pt\/s.01k8rhncp4jt1\/2025\/11\/talking-bot-125x125.png","caption":"Telinha"},"sameAs":["https:\/\/portaltela.pt\/"],"url":"https:\/\/portaltela.pt\/por\/367410592786\/"}]}},"_links":{"self":[{"href":"https:\/\/portaltela.pt\/api\/wp\/v2\/posts\/224128","targetHints":{"allow":["GET"]}}],"collection":[{"href":"https:\/\/portaltela.pt\/api\/wp\/v2\/posts"}],"about":[{"href":"https:\/\/portaltela.pt\/api\/wp\/v2\/types\/post"}],"author":[{"embeddable":true,"href":"https:\/\/portaltela.pt\/api\/wp\/v2\/users\/2"}],"replies":[{"embeddable":true,"href":"https:\/\/portaltela.pt\/api\/wp\/v2\/comments?post=224128"}],"version-history":[{"count":0,"href":"https:\/\/portaltela.pt\/api\/wp\/v2\/posts\/224128\/revisions"}],"wp:featuredmedia":[{"embeddable":true,"href":"https:\/\/portaltela.pt\/api\/wp\/v2\/media\/224131"}],"wp:attachment":[{"href":"https:\/\/portaltela.pt\/api\/wp\/v2\/media?parent=224128"}],"wp:term":[{"taxonomy":"category","embeddable":true,"href":"https:\/\/portaltela.pt\/api\/wp\/v2\/categories?post=224128"},{"taxonomy":"post_tag","embeddable":true,"href":"https:\/\/portaltela.pt\/api\/wp\/v2\/tags?post=224128"}],"curies":[{"name":"wp","href":"https:\/\/api.w.org\/{rel}","templated":true}]}}