{"id":224088,"date":"2026-02-24T08:42:00","date_gmt":"2026-02-24T11:42:00","guid":{"rendered":"https:\/\/portaltela.pt\/noticias\/2026\/02\/24\/primeiras-urgencias-regionais-abrem-em-breve\/"},"modified":"2026-02-24T08:42:00","modified_gmt":"2026-02-24T11:42:00","slug":"primeiras-urgencias-regionais-abrem-em-breve","status":"publish","type":"post","link":"https:\/\/portaltela.pt\/noticias\/2026\/02\/24\/primeiras-urgencias-regionais-abrem-em-breve\/","title":{"rendered":"Primeiras urg\u00eancias regionais abrem em breve"},"content":{"rendered":"<p>A ministra da Sa\u00fade anunciou que as primeiras urg\u00eancias regionais de obstetr\u00edcia e ginecologia v\u00e3o entrar em funcionamento em breve. Est\u00e3o previstas na Pen\u00ednsula de Set\u00fabal, centradas no Hospital Garcia de Orta, e nas ULS de Vila Franca de Xira e Beatriz \u00c2ngelo.<\/p>\n<p>A declara\u00e7\u00e3o ocorreu na Comiss\u00e3o de Sa\u00fade, onde Ana Paula Martins explicou que o processo est\u00e1 a ser trabalhado diretamente com os profissionais no terreno. O objetivo \u00e9 responder \u00e0 procura dos servi\u00e7os de urg\u00eancia com solu\u00e7\u00f5es adequadas \u00e0s equipas e \u00e0s popula\u00e7\u00f5es.<\/p>\n<p>A governante sublinhou que n\u00e3o se pretende impor modelos administrativos distantes da cl\u00ednica, mas sim solu\u00e7\u00f5es alinhadas com quem conhece as necessidades dos servi\u00e7os. Aos deputados, indicou ainda que uma urg\u00eancia regional na regi\u00e3o Oeste dever\u00e1 seguir, depois de avaliadas as duas primeiras.<\/p>\n<h3>Expans\u00e3o da rede de urg\u00eancia regional e pr\u00f3ximos passos<\/h3>\n<p>At\u00e9 2026, a constru\u00e7\u00e3o da rede continua, com o registo legal j\u00e1 promulgado pelo Presidente da Rep\u00fablica. A gest\u00e3o passa a seguir uma l\u00f3gica de rede, conforme afirmou a ministra.<\/p>\n<p>O objetivo \u00e9 consolidar a rede de urg\u00eancia regional em continuidade com o regime legal existente, mantendo a coordena\u00e7\u00e3o entre servi\u00e7os e comunidades sa\u00fade.<\/p>\n<h3>Dados do SNS em 2025<\/h3>\n<p>O Servi\u00e7o Nacional de Sa\u00fade revelou 14,1 milh\u00f5es de consultas em 2025, mais 2,2% face a 2024. Foram tamb\u00e9m registadas 784.580 cirurgias, o melhor valor de sempre.<\/p>\n<p>As informa\u00e7\u00f5es indicam um aumento de 1,3% nas cirurgias programadas face a 2024. O n\u00famero de inscritos para cirurgia subiu 13.668, apesar de terem sido conclu\u00eddas cerca de 10.600 interven\u00e7\u00f5es a mais. O governo explicou que o aumento traduz maior procura, mais diagn\u00f3sticos e maior referencia\u00e7\u00e3o para cirurgia, com impactos de dois picos de gripe em 2025.<\/p>\n","protected":false},"excerpt":{"rendered":"<ul>\n<li>A ministra da Sa\u00fade, Ana Paula Martins, informou que as primeiras urg\u00eancias regionais de obstetr\u00edcia e ginecologia entrar\u00e3o em funcionamento em pouco tempo, na Pen\u00ednsula de Set\u00fabal (Hospital Garcia de Orta) e nas ULS Vila Franca de Xira e Beatriz \u00c2ngelo, com participa\u00e7\u00e3o dos profissionais de sa\u00fade.<\/li>\n<li>O lan\u00e7amento seguir\u00e1 uma l\u00f3gica de rede: as respostas s\u00e3o criadas com quem conhece as equipas, as necessidades dos servi\u00e7os e das popula\u00e7\u00f5es, sem impor modelos administrativos desconectados da pr\u00e1tica cl\u00ednica.<\/li>\n<li>Tamb\u00e9m ser\u00e1 criada uma urg\u00eancia regional na regi\u00e3o Oeste, depois de avaliadas as duas primeiras, no \u00e2mbito de 2026, j\u00e1 com o regime legal promulgado pelo presidente da Rep\u00fablica.<\/li>\n<li>O Servi\u00e7o Nacional de Sa\u00fade registou 14,1 milh\u00f5es de consultas em 2025, mais 2,2% face a 2024, e 784.580 cirurgias, o valor mais alto de sempre.<\/li>\n<li>As cirurgias programadas aumentaram 1,3% em 2025 face a 2024, enquanto as novas inscri\u00e7\u00f5es para cirurgia cresceram cerca de 13.668, refletindo maior procura pelo SNS.<\/li>\n<\/ul>\n","protected":false},"author":2,"featured_media":224091,"comment_status":"closed","ping_status":"closed","sticky":false,"template":"","format":"standard","meta":{"footnotes":""},"categories":[1],"tags":[2869,6312,1402,172,994,1899],"class_list":["post-224088","post","type-post","status-publish","format-standard","has-post-thumbnail","hentry","category-noticias","tag-beatriz-angelo","tag-ginecologia","tag-obstetricia","tag-saude","tag-setubal","tag-urgencias"],"yoast_head":"<!-- This site is optimized with the Yoast SEO plugin v27.2 - https:\/\/yoast.com\/product\/yoast-seo-wordpress\/ -->\n<title>Primeiras urg\u00eancias regionais abrem em breve - Portal Tela Portugal<\/title>\n<meta name=\"robots\" content=\"index, follow, max-snippet:-1, max-image-preview:large, max-video-preview:-1\" \/>\n<meta property=\"og:locale\" content=\"pt_PT\" \/>\n<meta property=\"og:type\" content=\"article\" \/>\n<meta property=\"og:title\" content=\"Primeiras urg\u00eancias regionais abrem em breve - Portal Tela Portugal\" \/>\n<meta property=\"og:description\" content=\"A ministra da Sa\u00fade, Ana Paula Martins, informou que as primeiras urg\u00eancias regionais de obstetr\u00edcia e ginecologia entrar\u00e3o em funcionamento em pouco tempo, na Pen\u00ednsula de Set\u00fabal (Hospital Garcia de Orta) e nas ULS Vila Franca de Xira e Beatriz \u00c2ngelo, com participa\u00e7\u00e3o dos profissionais de sa\u00fade. O lan\u00e7amento seguir\u00e1 uma l\u00f3gica de rede: as respostas s\u00e3o criadas com quem conhece as equipas, as necessidades dos servi\u00e7os e das popula\u00e7\u00f5es, sem impor modelos administrativos desconectados da pr\u00e1tica cl\u00ednica. Tamb\u00e9m ser\u00e1 criada uma urg\u00eancia regional na regi\u00e3o Oeste, depois de avaliadas as duas primeiras, no \u00e2mbito de 2026, j\u00e1 com o regime legal promulgado pelo presidente da Rep\u00fablica. O Servi\u00e7o Nacional de Sa\u00fade registou 14,1 milh\u00f5es de consultas em 2025, mais 2,2% face a 2024, e 784.580 cirurgias, o valor mais alto de sempre. As cirurgias programadas aumentaram 1,3% em 2025 face a 2024, enquanto as novas inscri\u00e7\u00f5es para cirurgia cresceram cerca de 13.668, refletindo maior procura pelo SNS.\" \/>\n<meta property=\"og:url\" content=\"https:\/\/portaltela.pt\/noticias\/2026\/02\/24\/primeiras-urgencias-regionais-abrem-em-breve\/\" \/>\n<meta property=\"og:site_name\" content=\"Portal Tela Portugal\" \/>\n<meta property=\"article:published_time\" content=\"2026-02-24T11:42:00+00:00\" \/>\n<meta name=\"author\" content=\"Telinha\" \/>\n<meta name=\"twitter:card\" content=\"summary_large_image\" \/>\n<meta name=\"twitter:label1\" content=\"Escrito por\" \/>\n\t<meta name=\"twitter:data1\" content=\"Telinha\" \/>\n\t<meta name=\"twitter:label2\" content=\"Tempo estimado de leitura\" \/>\n\t<meta name=\"twitter:data2\" content=\"2 minutos\" \/>\n<script type=\"application\/ld+json\" class=\"yoast-schema-graph\">{\"@context\":\"https:\/\/schema.org\",\"@graph\":[{\"@type\":\"Article\",\"@id\":\"https:\/\/portaltela.pt\/noticias\/2026\/02\/24\/primeiras-urgencias-regionais-abrem-em-breve\/#article\",\"isPartOf\":{\"@id\":\"https:\/\/portaltela.pt\/noticias\/2026\/02\/24\/primeiras-urgencias-regionais-abrem-em-breve\/\"},\"author\":{\"name\":\"Telinha\",\"@id\":\"https:\/\/portaltela.pt\/#\/schema\/person\/c4278d4a6028830caff9ee44b42d32ed\"},\"headline\":\"Primeiras urg\u00eancias regionais abrem em breve\",\"datePublished\":\"2026-02-24T11:42:00+00:00\",\"mainEntityOfPage\":{\"@id\":\"https:\/\/portaltela.pt\/noticias\/2026\/02\/24\/primeiras-urgencias-regionais-abrem-em-breve\/\"},\"wordCount\":314,\"image\":{\"@id\":\"https:\/\/portaltela.pt\/noticias\/2026\/02\/24\/primeiras-urgencias-regionais-abrem-em-breve\/#primaryimage\"},\"thumbnailUrl\":\"https:\/\/portaltela.pt\/s.01k8rhncp4jt1\/2026\/02\/image-1764.jpg\",\"keywords\":[\"Beatriz \u00c2ngelo\",\"ginecologia\",\"Obstetr\u00edcia\",\"sa\u00fade\",\"Set\u00fabal\",\"urg\u00eancias\"],\"articleSection\":[\"Not\u00edcias\"],\"inLanguage\":\"pt-PT\"},{\"@type\":\"WebPage\",\"@id\":\"https:\/\/portaltela.pt\/noticias\/2026\/02\/24\/primeiras-urgencias-regionais-abrem-em-breve\/\",\"url\":\"https:\/\/portaltela.pt\/noticias\/2026\/02\/24\/primeiras-urgencias-regionais-abrem-em-breve\/\",\"name\":\"Primeiras urg\u00eancias regionais abrem em breve - Portal Tela Portugal\",\"isPartOf\":{\"@id\":\"https:\/\/portaltela.pt\/#website\"},\"primaryImageOfPage\":{\"@id\":\"https:\/\/portaltela.pt\/noticias\/2026\/02\/24\/primeiras-urgencias-regionais-abrem-em-breve\/#primaryimage\"},\"image\":{\"@id\":\"https:\/\/portaltela.pt\/noticias\/2026\/02\/24\/primeiras-urgencias-regionais-abrem-em-breve\/#primaryimage\"},\"thumbnailUrl\":\"https:\/\/portaltela.pt\/s.01k8rhncp4jt1\/2026\/02\/image-1764.jpg\",\"datePublished\":\"2026-02-24T11:42:00+00:00\",\"author\":{\"@id\":\"https:\/\/portaltela.pt\/#\/schema\/person\/c4278d4a6028830caff9ee44b42d32ed\"},\"breadcrumb\":{\"@id\":\"https:\/\/portaltela.pt\/noticias\/2026\/02\/24\/primeiras-urgencias-regionais-abrem-em-breve\/#breadcrumb\"},\"inLanguage\":\"pt-PT\",\"potentialAction\":[{\"@type\":\"ReadAction\",\"target\":[\"https:\/\/portaltela.pt\/noticias\/2026\/02\/24\/primeiras-urgencias-regionais-abrem-em-breve\/\"]}]},{\"@type\":\"ImageObject\",\"inLanguage\":\"pt-PT\",\"@id\":\"https:\/\/portaltela.pt\/noticias\/2026\/02\/24\/primeiras-urgencias-regionais-abrem-em-breve\/#primaryimage\",\"url\":\"https:\/\/portaltela.pt\/s.01k8rhncp4jt1\/2026\/02\/image-1764.jpg\",\"contentUrl\":\"https:\/\/portaltela.pt\/s.01k8rhncp4jt1\/2026\/02\/image-1764.jpg\",\"width\":796,\"height\":448,\"caption\":\"Ministra Ana Paula Martins no parlamento\"},{\"@type\":\"BreadcrumbList\",\"@id\":\"https:\/\/portaltela.pt\/noticias\/2026\/02\/24\/primeiras-urgencias-regionais-abrem-em-breve\/#breadcrumb\",\"itemListElement\":[{\"@type\":\"ListItem\",\"position\":1,\"name\":\"In\u00edcio\",\"item\":\"https:\/\/portaltela.pt\/\"},{\"@type\":\"ListItem\",\"position\":2,\"name\":\"Primeiras urg\u00eancias regionais abrem em breve\"}]},{\"@type\":\"WebSite\",\"@id\":\"https:\/\/portaltela.pt\/#website\",\"url\":\"https:\/\/portaltela.pt\/\",\"name\":\"Portal Tela Portugal\",\"description\":\"\",\"potentialAction\":[{\"@type\":\"SearchAction\",\"target\":{\"@type\":\"EntryPoint\",\"urlTemplate\":\"https:\/\/portaltela.pt\/?s={search_term_string}\"},\"query-input\":{\"@type\":\"PropertyValueSpecification\",\"valueRequired\":true,\"valueName\":\"search_term_string\"}}],\"inLanguage\":\"pt-PT\"},{\"@type\":\"Person\",\"@id\":\"https:\/\/portaltela.pt\/#\/schema\/person\/c4278d4a6028830caff9ee44b42d32ed\",\"name\":\"Telinha\",\"image\":{\"@type\":\"ImageObject\",\"inLanguage\":\"pt-PT\",\"@id\":\"https:\/\/portaltela.pt\/s.01k8rhncp4jt1\/2025\/11\/talking-bot-125x125.png\",\"url\":\"https:\/\/portaltela.pt\/s.01k8rhncp4jt1\/2025\/11\/talking-bot-125x125.png\",\"contentUrl\":\"https:\/\/portaltela.pt\/s.01k8rhncp4jt1\/2025\/11\/talking-bot-125x125.png\",\"caption\":\"Telinha\"},\"sameAs\":[\"https:\/\/portaltela.pt\/\"],\"url\":\"https:\/\/portaltela.pt\/por\/367410592786\/\"}]}<\/script>\n<!-- \/ Yoast SEO plugin. -->","yoast_head_json":{"title":"Primeiras urg\u00eancias regionais abrem em breve - Portal Tela Portugal","robots":{"index":"index","follow":"follow","max-snippet":"max-snippet:-1","max-image-preview":"max-image-preview:large","max-video-preview":"max-video-preview:-1"},"og_locale":"pt_PT","og_type":"article","og_title":"Primeiras urg\u00eancias regionais abrem em breve - Portal Tela Portugal","og_description":"A ministra da Sa\u00fade, Ana Paula Martins, informou que as primeiras urg\u00eancias regionais de obstetr\u00edcia e ginecologia entrar\u00e3o em funcionamento em pouco tempo, na Pen\u00ednsula de Set\u00fabal (Hospital Garcia de Orta) e nas ULS Vila Franca de Xira e Beatriz \u00c2ngelo, com participa\u00e7\u00e3o dos profissionais de sa\u00fade. O lan\u00e7amento seguir\u00e1 uma l\u00f3gica de rede: as respostas s\u00e3o criadas com quem conhece as equipas, as necessidades dos servi\u00e7os e das popula\u00e7\u00f5es, sem impor modelos administrativos desconectados da pr\u00e1tica cl\u00ednica. Tamb\u00e9m ser\u00e1 criada uma urg\u00eancia regional na regi\u00e3o Oeste, depois de avaliadas as duas primeiras, no \u00e2mbito de 2026, j\u00e1 com o regime legal promulgado pelo presidente da Rep\u00fablica. O Servi\u00e7o Nacional de Sa\u00fade registou 14,1 milh\u00f5es de consultas em 2025, mais 2,2% face a 2024, e 784.580 cirurgias, o valor mais alto de sempre. As cirurgias programadas aumentaram 1,3% em 2025 face a 2024, enquanto as novas inscri\u00e7\u00f5es para cirurgia cresceram cerca de 13.668, refletindo maior procura pelo SNS.","og_url":"https:\/\/portaltela.pt\/noticias\/2026\/02\/24\/primeiras-urgencias-regionais-abrem-em-breve\/","og_site_name":"Portal Tela Portugal","article_published_time":"2026-02-24T11:42:00+00:00","author":"Telinha","twitter_card":"summary_large_image","twitter_misc":{"Escrito por":"Telinha","Tempo estimado de leitura":"2 minutos"},"schema":{"@context":"https:\/\/schema.org","@graph":[{"@type":"Article","@id":"https:\/\/portaltela.pt\/noticias\/2026\/02\/24\/primeiras-urgencias-regionais-abrem-em-breve\/#article","isPartOf":{"@id":"https:\/\/portaltela.pt\/noticias\/2026\/02\/24\/primeiras-urgencias-regionais-abrem-em-breve\/"},"author":{"name":"Telinha","@id":"https:\/\/portaltela.pt\/#\/schema\/person\/c4278d4a6028830caff9ee44b42d32ed"},"headline":"Primeiras urg\u00eancias regionais abrem em breve","datePublished":"2026-02-24T11:42:00+00:00","mainEntityOfPage":{"@id":"https:\/\/portaltela.pt\/noticias\/2026\/02\/24\/primeiras-urgencias-regionais-abrem-em-breve\/"},"wordCount":314,"image":{"@id":"https:\/\/portaltela.pt\/noticias\/2026\/02\/24\/primeiras-urgencias-regionais-abrem-em-breve\/#primaryimage"},"thumbnailUrl":"https:\/\/portaltela.pt\/s.01k8rhncp4jt1\/2026\/02\/image-1764.jpg","keywords":["Beatriz \u00c2ngelo","ginecologia","Obstetr\u00edcia","sa\u00fade","Set\u00fabal","urg\u00eancias"],"articleSection":["Not\u00edcias"],"inLanguage":"pt-PT"},{"@type":"WebPage","@id":"https:\/\/portaltela.pt\/noticias\/2026\/02\/24\/primeiras-urgencias-regionais-abrem-em-breve\/","url":"https:\/\/portaltela.pt\/noticias\/2026\/02\/24\/primeiras-urgencias-regionais-abrem-em-breve\/","name":"Primeiras urg\u00eancias regionais abrem em breve - Portal Tela Portugal","isPartOf":{"@id":"https:\/\/portaltela.pt\/#website"},"primaryImageOfPage":{"@id":"https:\/\/portaltela.pt\/noticias\/2026\/02\/24\/primeiras-urgencias-regionais-abrem-em-breve\/#primaryimage"},"image":{"@id":"https:\/\/portaltela.pt\/noticias\/2026\/02\/24\/primeiras-urgencias-regionais-abrem-em-breve\/#primaryimage"},"thumbnailUrl":"https:\/\/portaltela.pt\/s.01k8rhncp4jt1\/2026\/02\/image-1764.jpg","datePublished":"2026-02-24T11:42:00+00:00","author":{"@id":"https:\/\/portaltela.pt\/#\/schema\/person\/c4278d4a6028830caff9ee44b42d32ed"},"breadcrumb":{"@id":"https:\/\/portaltela.pt\/noticias\/2026\/02\/24\/primeiras-urgencias-regionais-abrem-em-breve\/#breadcrumb"},"inLanguage":"pt-PT","potentialAction":[{"@type":"ReadAction","target":["https:\/\/portaltela.pt\/noticias\/2026\/02\/24\/primeiras-urgencias-regionais-abrem-em-breve\/"]}]},{"@type":"ImageObject","inLanguage":"pt-PT","@id":"https:\/\/portaltela.pt\/noticias\/2026\/02\/24\/primeiras-urgencias-regionais-abrem-em-breve\/#primaryimage","url":"https:\/\/portaltela.pt\/s.01k8rhncp4jt1\/2026\/02\/image-1764.jpg","contentUrl":"https:\/\/portaltela.pt\/s.01k8rhncp4jt1\/2026\/02\/image-1764.jpg","width":796,"height":448,"caption":"Ministra Ana Paula Martins no parlamento"},{"@type":"BreadcrumbList","@id":"https:\/\/portaltela.pt\/noticias\/2026\/02\/24\/primeiras-urgencias-regionais-abrem-em-breve\/#breadcrumb","itemListElement":[{"@type":"ListItem","position":1,"name":"In\u00edcio","item":"https:\/\/portaltela.pt\/"},{"@type":"ListItem","position":2,"name":"Primeiras urg\u00eancias regionais abrem em breve"}]},{"@type":"WebSite","@id":"https:\/\/portaltela.pt\/#website","url":"https:\/\/portaltela.pt\/","name":"Portal Tela Portugal","description":"","potentialAction":[{"@type":"SearchAction","target":{"@type":"EntryPoint","urlTemplate":"https:\/\/portaltela.pt\/?s={search_term_string}"},"query-input":{"@type":"PropertyValueSpecification","valueRequired":true,"valueName":"search_term_string"}}],"inLanguage":"pt-PT"},{"@type":"Person","@id":"https:\/\/portaltela.pt\/#\/schema\/person\/c4278d4a6028830caff9ee44b42d32ed","name":"Telinha","image":{"@type":"ImageObject","inLanguage":"pt-PT","@id":"https:\/\/portaltela.pt\/s.01k8rhncp4jt1\/2025\/11\/talking-bot-125x125.png","url":"https:\/\/portaltela.pt\/s.01k8rhncp4jt1\/2025\/11\/talking-bot-125x125.png","contentUrl":"https:\/\/portaltela.pt\/s.01k8rhncp4jt1\/2025\/11\/talking-bot-125x125.png","caption":"Telinha"},"sameAs":["https:\/\/portaltela.pt\/"],"url":"https:\/\/portaltela.pt\/por\/367410592786\/"}]}},"_links":{"self":[{"href":"https:\/\/portaltela.pt\/api\/wp\/v2\/posts\/224088","targetHints":{"allow":["GET"]}}],"collection":[{"href":"https:\/\/portaltela.pt\/api\/wp\/v2\/posts"}],"about":[{"href":"https:\/\/portaltela.pt\/api\/wp\/v2\/types\/post"}],"author":[{"embeddable":true,"href":"https:\/\/portaltela.pt\/api\/wp\/v2\/users\/2"}],"replies":[{"embeddable":true,"href":"https:\/\/portaltela.pt\/api\/wp\/v2\/comments?post=224088"}],"version-history":[{"count":0,"href":"https:\/\/portaltela.pt\/api\/wp\/v2\/posts\/224088\/revisions"}],"wp:featuredmedia":[{"embeddable":true,"href":"https:\/\/portaltela.pt\/api\/wp\/v2\/media\/224091"}],"wp:attachment":[{"href":"https:\/\/portaltela.pt\/api\/wp\/v2\/media?parent=224088"}],"wp:term":[{"taxonomy":"category","embeddable":true,"href":"https:\/\/portaltela.pt\/api\/wp\/v2\/categories?post=224088"},{"taxonomy":"post_tag","embeddable":true,"href":"https:\/\/portaltela.pt\/api\/wp\/v2\/tags?post=224088"}],"curies":[{"name":"wp","href":"https:\/\/api.w.org\/{rel}","templated":true}]}}