{"id":224040,"date":"2026-02-24T08:32:03","date_gmt":"2026-02-24T11:32:03","guid":{"rendered":"https:\/\/portaltela.pt\/noticias\/2026\/02\/24\/helicoptero-militar-despenha-se-num-mercado-no-centro-do-irao-com-quatro-mortos\/"},"modified":"2026-02-24T08:32:03","modified_gmt":"2026-02-24T11:32:03","slug":"helicoptero-militar-despenha-se-num-mercado-no-centro-do-irao-com-quatro-mortos","status":"publish","type":"post","link":"https:\/\/portaltela.pt\/noticias\/2026\/02\/24\/helicoptero-militar-despenha-se-num-mercado-no-centro-do-irao-com-quatro-mortos\/","title":{"rendered":"Helic\u00f3ptero militar despenha-se num mercado no centro do Ir\u00e3o, com quatro mortos"},"content":{"rendered":"<p>Um helic\u00f3ptero militar iraniano caiu sobre um mercado de frutas e legumes no centro do Ir\u00e3o, provocando a morte de quatro pessoas, entre as quais o piloto e o copiloto. O acidente ocorreu na cidade de Dorcheh, na prov\u00edncia de Isfahan, durante um voo de treino, segundo a imprensa estatal.<\/p>\n<p>Conforme os meios de comunica\u00e7\u00e3o p\u00fablicos, duas das v\u00edtimas eram civis que se encontravam no mercado no momento da queda. Dorcheh fica a cerca de 330 quil\u00f3metros a sul de Teer\u00e3o, onde est\u00e1 localizada uma base a\u00e9rea relevante para as for\u00e7as iranianas.<\/p>\n<p>A queda ocorre menos de uma semana depois de um ca\u00e7a F-4 se ter despenhado durante um exerc\u00edcio noturno perto de Hamedan, no oeste do pa\u00eds. O acidente militar deixou um piloto morto e outro sobrevivente ap\u00f3s ejetar-se, conforme as informa\u00e7\u00f5es oficiais.<\/p>\n<h3>Contexto<\/h3>\n<p>O Ir\u00e3o enfrenta um historial de acidentes graves, alimentado por san\u00e7\u00f5es ocidentais que restringem o acesso a pe\u00e7as de aeronaves, levando a uma depend\u00eancia de helic\u00f3pteros e avi\u00f5es mais antigos. Em maio de 2024, o presidente Ebrahim Raisi, o ministro dos Neg\u00f3cios Estrangeiros Hossein Amirabdollahian e outros funcion\u00e1rios morreram num acidente com um helic\u00f3ptero Bell 212 de fabrico americano, conforme os relatos dos meios estatais.<\/p>\n","protected":false},"excerpt":{"rendered":"<ul>\n<li>Um helic\u00f3tero militar iraniano despenhou-se num mercado de frutas e legumes, no centro do Ir\u00e3o, em Dorcheh, a cerca de 330 quil\u00f3metros a sul de Teer\u00e3o.<\/li>\n<li>Quatro pessoas morreram, incluindo o piloto e o copiloto; duas das v\u00edtimas eram civis presentes no mercado.<\/li>\n<li>O acidente ocorreu durante um voo de treino, segundo a comunica\u00e7\u00e3o oficial.<\/li>\n<li>O incidente sucede a menos de uma semana da queda de um ca\u00e7a F-4 perto de Hamedan, na regi\u00e3o oeste, tamb\u00e9m durante treino, com um piloto a morrer.<\/li>\n<li>O Ir\u00e3o tem hist\u00f3rico de acidentes mortais, em parte devido a san\u00e7\u00f5es que limitam o acesso a pe\u00e7as aeron\u00e1uticas, deixando o pa\u00eds dependente de aeronaves envelhecidas.<\/li>\n<\/ul>\n","protected":false},"author":2,"featured_media":224043,"comment_status":"closed","ping_status":"closed","sticky":false,"template":"","format":"standard","meta":{"footnotes":""},"categories":[1],"tags":[5487,3256,2625,5193,4299,3153],"class_list":["post-224040","post","type-post","status-publish","format-standard","has-post-thumbnail","hentry","category-noticias","tag-acidente","tag-acidentes","tag-aeronautica","tag-exercicios-internacionais","tag-forca-aerea","tag-ira"],"yoast_head":"<!-- This site is optimized with the Yoast SEO plugin v27.2 - https:\/\/yoast.com\/product\/yoast-seo-wordpress\/ -->\n<title>Helic\u00f3ptero militar despenha-se num mercado no centro do Ir\u00e3o, com quatro mortos - Portal Tela Portugal<\/title>\n<meta name=\"robots\" content=\"index, follow, max-snippet:-1, max-image-preview:large, max-video-preview:-1\" \/>\n<meta property=\"og:locale\" content=\"pt_PT\" \/>\n<meta property=\"og:type\" content=\"article\" \/>\n<meta property=\"og:title\" content=\"Helic\u00f3ptero militar despenha-se num mercado no centro do Ir\u00e3o, com quatro mortos - Portal Tela Portugal\" \/>\n<meta property=\"og:description\" content=\"Um helic\u00f3tero militar iraniano despenhou-se num mercado de frutas e legumes, no centro do Ir\u00e3o, em Dorcheh, a cerca de 330 quil\u00f3metros a sul de Teer\u00e3o. Quatro pessoas morreram, incluindo o piloto e o copiloto; duas das v\u00edtimas eram civis presentes no mercado. O acidente ocorreu durante um voo de treino, segundo a comunica\u00e7\u00e3o oficial. O incidente sucede a menos de uma semana da queda de um ca\u00e7a F-4 perto de Hamedan, na regi\u00e3o oeste, tamb\u00e9m durante treino, com um piloto a morrer. O Ir\u00e3o tem hist\u00f3rico de acidentes mortais, em parte devido a san\u00e7\u00f5es que limitam o acesso a pe\u00e7as aeron\u00e1uticas, deixando o pa\u00eds dependente de aeronaves envelhecidas.\" \/>\n<meta property=\"og:url\" content=\"https:\/\/portaltela.pt\/noticias\/2026\/02\/24\/helicoptero-militar-despenha-se-num-mercado-no-centro-do-irao-com-quatro-mortos\/\" \/>\n<meta property=\"og:site_name\" content=\"Portal Tela Portugal\" \/>\n<meta property=\"article:published_time\" content=\"2026-02-24T11:32:03+00:00\" \/>\n<meta name=\"author\" content=\"Telinha\" \/>\n<meta name=\"twitter:card\" content=\"summary_large_image\" \/>\n<meta name=\"twitter:label1\" content=\"Escrito por\" \/>\n\t<meta name=\"twitter:data1\" content=\"Telinha\" \/>\n\t<meta name=\"twitter:label2\" content=\"Tempo estimado de leitura\" \/>\n\t<meta name=\"twitter:data2\" content=\"1 minuto\" \/>\n<script type=\"application\/ld+json\" class=\"yoast-schema-graph\">{\"@context\":\"https:\/\/schema.org\",\"@graph\":[{\"@type\":\"Article\",\"@id\":\"https:\/\/portaltela.pt\/noticias\/2026\/02\/24\/helicoptero-militar-despenha-se-num-mercado-no-centro-do-irao-com-quatro-mortos\/#article\",\"isPartOf\":{\"@id\":\"https:\/\/portaltela.pt\/noticias\/2026\/02\/24\/helicoptero-militar-despenha-se-num-mercado-no-centro-do-irao-com-quatro-mortos\/\"},\"author\":{\"name\":\"Telinha\",\"@id\":\"https:\/\/portaltela.pt\/#\/schema\/person\/c4278d4a6028830caff9ee44b42d32ed\"},\"headline\":\"Helic\u00f3ptero militar despenha-se num mercado no centro do Ir\u00e3o, com quatro mortos\",\"datePublished\":\"2026-02-24T11:32:03+00:00\",\"mainEntityOfPage\":{\"@id\":\"https:\/\/portaltela.pt\/noticias\/2026\/02\/24\/helicoptero-militar-despenha-se-num-mercado-no-centro-do-irao-com-quatro-mortos\/\"},\"wordCount\":235,\"image\":{\"@id\":\"https:\/\/portaltela.pt\/noticias\/2026\/02\/24\/helicoptero-militar-despenha-se-num-mercado-no-centro-do-irao-com-quatro-mortos\/#primaryimage\"},\"thumbnailUrl\":\"https:\/\/portaltela.pt\/s.01k8rhncp4jt1\/2026\/02\/1536x864_cmsv2_5b7ff744-8289-5a02-a0ae-aa0bc75e5798-9663404.jpg\",\"keywords\":[\"acidente\",\"acidentes\",\"aeron\u00e1utica\",\"exerc\u00edcios internacionais\",\"For\u00e7a A\u00e9rea\",\"Ir\u00e3\"],\"articleSection\":[\"Not\u00edcias\"],\"inLanguage\":\"pt-PT\"},{\"@type\":\"WebPage\",\"@id\":\"https:\/\/portaltela.pt\/noticias\/2026\/02\/24\/helicoptero-militar-despenha-se-num-mercado-no-centro-do-irao-com-quatro-mortos\/\",\"url\":\"https:\/\/portaltela.pt\/noticias\/2026\/02\/24\/helicoptero-militar-despenha-se-num-mercado-no-centro-do-irao-com-quatro-mortos\/\",\"name\":\"Helic\u00f3ptero militar despenha-se num mercado no centro do Ir\u00e3o, com quatro mortos - Portal Tela Portugal\",\"isPartOf\":{\"@id\":\"https:\/\/portaltela.pt\/#website\"},\"primaryImageOfPage\":{\"@id\":\"https:\/\/portaltela.pt\/noticias\/2026\/02\/24\/helicoptero-militar-despenha-se-num-mercado-no-centro-do-irao-com-quatro-mortos\/#primaryimage\"},\"image\":{\"@id\":\"https:\/\/portaltela.pt\/noticias\/2026\/02\/24\/helicoptero-militar-despenha-se-num-mercado-no-centro-do-irao-com-quatro-mortos\/#primaryimage\"},\"thumbnailUrl\":\"https:\/\/portaltela.pt\/s.01k8rhncp4jt1\/2026\/02\/1536x864_cmsv2_5b7ff744-8289-5a02-a0ae-aa0bc75e5798-9663404.jpg\",\"datePublished\":\"2026-02-24T11:32:03+00:00\",\"author\":{\"@id\":\"https:\/\/portaltela.pt\/#\/schema\/person\/c4278d4a6028830caff9ee44b42d32ed\"},\"breadcrumb\":{\"@id\":\"https:\/\/portaltela.pt\/noticias\/2026\/02\/24\/helicoptero-militar-despenha-se-num-mercado-no-centro-do-irao-com-quatro-mortos\/#breadcrumb\"},\"inLanguage\":\"pt-PT\",\"potentialAction\":[{\"@type\":\"ReadAction\",\"target\":[\"https:\/\/portaltela.pt\/noticias\/2026\/02\/24\/helicoptero-militar-despenha-se-num-mercado-no-centro-do-irao-com-quatro-mortos\/\"]}]},{\"@type\":\"ImageObject\",\"inLanguage\":\"pt-PT\",\"@id\":\"https:\/\/portaltela.pt\/noticias\/2026\/02\/24\/helicoptero-militar-despenha-se-num-mercado-no-centro-do-irao-com-quatro-mortos\/#primaryimage\",\"url\":\"https:\/\/portaltela.pt\/s.01k8rhncp4jt1\/2026\/02\/1536x864_cmsv2_5b7ff744-8289-5a02-a0ae-aa0bc75e5798-9663404.jpg\",\"contentUrl\":\"https:\/\/portaltela.pt\/s.01k8rhncp4jt1\/2026\/02\/1536x864_cmsv2_5b7ff744-8289-5a02-a0ae-aa0bc75e5798-9663404.jpg\",\"width\":796,\"height\":448,\"caption\":\"Imagem de um v\u00eddeo transmitido pelos meios de comunica\u00e7\u00e3o social iranianos que mostra o local da queda do helic\u00f3ptero, ter\u00e7a-feira, 24 de fevereiro de 2026\"},{\"@type\":\"BreadcrumbList\",\"@id\":\"https:\/\/portaltela.pt\/noticias\/2026\/02\/24\/helicoptero-militar-despenha-se-num-mercado-no-centro-do-irao-com-quatro-mortos\/#breadcrumb\",\"itemListElement\":[{\"@type\":\"ListItem\",\"position\":1,\"name\":\"In\u00edcio\",\"item\":\"https:\/\/portaltela.pt\/\"},{\"@type\":\"ListItem\",\"position\":2,\"name\":\"Helic\u00f3ptero militar despenha-se num mercado no centro do Ir\u00e3o, com quatro mortos\"}]},{\"@type\":\"WebSite\",\"@id\":\"https:\/\/portaltela.pt\/#website\",\"url\":\"https:\/\/portaltela.pt\/\",\"name\":\"Portal Tela Portugal\",\"description\":\"\",\"potentialAction\":[{\"@type\":\"SearchAction\",\"target\":{\"@type\":\"EntryPoint\",\"urlTemplate\":\"https:\/\/portaltela.pt\/?s={search_term_string}\"},\"query-input\":{\"@type\":\"PropertyValueSpecification\",\"valueRequired\":true,\"valueName\":\"search_term_string\"}}],\"inLanguage\":\"pt-PT\"},{\"@type\":\"Person\",\"@id\":\"https:\/\/portaltela.pt\/#\/schema\/person\/c4278d4a6028830caff9ee44b42d32ed\",\"name\":\"Telinha\",\"image\":{\"@type\":\"ImageObject\",\"inLanguage\":\"pt-PT\",\"@id\":\"https:\/\/portaltela.pt\/s.01k8rhncp4jt1\/2025\/11\/talking-bot-125x125.png\",\"url\":\"https:\/\/portaltela.pt\/s.01k8rhncp4jt1\/2025\/11\/talking-bot-125x125.png\",\"contentUrl\":\"https:\/\/portaltela.pt\/s.01k8rhncp4jt1\/2025\/11\/talking-bot-125x125.png\",\"caption\":\"Telinha\"},\"sameAs\":[\"https:\/\/portaltela.pt\/\"],\"url\":\"https:\/\/portaltela.pt\/por\/367410592786\/\"}]}<\/script>\n<!-- \/ Yoast SEO plugin. -->","yoast_head_json":{"title":"Helic\u00f3ptero militar despenha-se num mercado no centro do Ir\u00e3o, com quatro mortos - Portal Tela Portugal","robots":{"index":"index","follow":"follow","max-snippet":"max-snippet:-1","max-image-preview":"max-image-preview:large","max-video-preview":"max-video-preview:-1"},"og_locale":"pt_PT","og_type":"article","og_title":"Helic\u00f3ptero militar despenha-se num mercado no centro do Ir\u00e3o, com quatro mortos - Portal Tela Portugal","og_description":"Um helic\u00f3tero militar iraniano despenhou-se num mercado de frutas e legumes, no centro do Ir\u00e3o, em Dorcheh, a cerca de 330 quil\u00f3metros a sul de Teer\u00e3o. Quatro pessoas morreram, incluindo o piloto e o copiloto; duas das v\u00edtimas eram civis presentes no mercado. O acidente ocorreu durante um voo de treino, segundo a comunica\u00e7\u00e3o oficial. O incidente sucede a menos de uma semana da queda de um ca\u00e7a F-4 perto de Hamedan, na regi\u00e3o oeste, tamb\u00e9m durante treino, com um piloto a morrer. O Ir\u00e3o tem hist\u00f3rico de acidentes mortais, em parte devido a san\u00e7\u00f5es que limitam o acesso a pe\u00e7as aeron\u00e1uticas, deixando o pa\u00eds dependente de aeronaves envelhecidas.","og_url":"https:\/\/portaltela.pt\/noticias\/2026\/02\/24\/helicoptero-militar-despenha-se-num-mercado-no-centro-do-irao-com-quatro-mortos\/","og_site_name":"Portal Tela Portugal","article_published_time":"2026-02-24T11:32:03+00:00","author":"Telinha","twitter_card":"summary_large_image","twitter_misc":{"Escrito por":"Telinha","Tempo estimado de leitura":"1 minuto"},"schema":{"@context":"https:\/\/schema.org","@graph":[{"@type":"Article","@id":"https:\/\/portaltela.pt\/noticias\/2026\/02\/24\/helicoptero-militar-despenha-se-num-mercado-no-centro-do-irao-com-quatro-mortos\/#article","isPartOf":{"@id":"https:\/\/portaltela.pt\/noticias\/2026\/02\/24\/helicoptero-militar-despenha-se-num-mercado-no-centro-do-irao-com-quatro-mortos\/"},"author":{"name":"Telinha","@id":"https:\/\/portaltela.pt\/#\/schema\/person\/c4278d4a6028830caff9ee44b42d32ed"},"headline":"Helic\u00f3ptero militar despenha-se num mercado no centro do Ir\u00e3o, com quatro mortos","datePublished":"2026-02-24T11:32:03+00:00","mainEntityOfPage":{"@id":"https:\/\/portaltela.pt\/noticias\/2026\/02\/24\/helicoptero-militar-despenha-se-num-mercado-no-centro-do-irao-com-quatro-mortos\/"},"wordCount":235,"image":{"@id":"https:\/\/portaltela.pt\/noticias\/2026\/02\/24\/helicoptero-militar-despenha-se-num-mercado-no-centro-do-irao-com-quatro-mortos\/#primaryimage"},"thumbnailUrl":"https:\/\/portaltela.pt\/s.01k8rhncp4jt1\/2026\/02\/1536x864_cmsv2_5b7ff744-8289-5a02-a0ae-aa0bc75e5798-9663404.jpg","keywords":["acidente","acidentes","aeron\u00e1utica","exerc\u00edcios internacionais","For\u00e7a A\u00e9rea","Ir\u00e3"],"articleSection":["Not\u00edcias"],"inLanguage":"pt-PT"},{"@type":"WebPage","@id":"https:\/\/portaltela.pt\/noticias\/2026\/02\/24\/helicoptero-militar-despenha-se-num-mercado-no-centro-do-irao-com-quatro-mortos\/","url":"https:\/\/portaltela.pt\/noticias\/2026\/02\/24\/helicoptero-militar-despenha-se-num-mercado-no-centro-do-irao-com-quatro-mortos\/","name":"Helic\u00f3ptero militar despenha-se num mercado no centro do Ir\u00e3o, com quatro mortos - Portal Tela Portugal","isPartOf":{"@id":"https:\/\/portaltela.pt\/#website"},"primaryImageOfPage":{"@id":"https:\/\/portaltela.pt\/noticias\/2026\/02\/24\/helicoptero-militar-despenha-se-num-mercado-no-centro-do-irao-com-quatro-mortos\/#primaryimage"},"image":{"@id":"https:\/\/portaltela.pt\/noticias\/2026\/02\/24\/helicoptero-militar-despenha-se-num-mercado-no-centro-do-irao-com-quatro-mortos\/#primaryimage"},"thumbnailUrl":"https:\/\/portaltela.pt\/s.01k8rhncp4jt1\/2026\/02\/1536x864_cmsv2_5b7ff744-8289-5a02-a0ae-aa0bc75e5798-9663404.jpg","datePublished":"2026-02-24T11:32:03+00:00","author":{"@id":"https:\/\/portaltela.pt\/#\/schema\/person\/c4278d4a6028830caff9ee44b42d32ed"},"breadcrumb":{"@id":"https:\/\/portaltela.pt\/noticias\/2026\/02\/24\/helicoptero-militar-despenha-se-num-mercado-no-centro-do-irao-com-quatro-mortos\/#breadcrumb"},"inLanguage":"pt-PT","potentialAction":[{"@type":"ReadAction","target":["https:\/\/portaltela.pt\/noticias\/2026\/02\/24\/helicoptero-militar-despenha-se-num-mercado-no-centro-do-irao-com-quatro-mortos\/"]}]},{"@type":"ImageObject","inLanguage":"pt-PT","@id":"https:\/\/portaltela.pt\/noticias\/2026\/02\/24\/helicoptero-militar-despenha-se-num-mercado-no-centro-do-irao-com-quatro-mortos\/#primaryimage","url":"https:\/\/portaltela.pt\/s.01k8rhncp4jt1\/2026\/02\/1536x864_cmsv2_5b7ff744-8289-5a02-a0ae-aa0bc75e5798-9663404.jpg","contentUrl":"https:\/\/portaltela.pt\/s.01k8rhncp4jt1\/2026\/02\/1536x864_cmsv2_5b7ff744-8289-5a02-a0ae-aa0bc75e5798-9663404.jpg","width":796,"height":448,"caption":"Imagem de um v\u00eddeo transmitido pelos meios de comunica\u00e7\u00e3o social iranianos que mostra o local da queda do helic\u00f3ptero, ter\u00e7a-feira, 24 de fevereiro de 2026"},{"@type":"BreadcrumbList","@id":"https:\/\/portaltela.pt\/noticias\/2026\/02\/24\/helicoptero-militar-despenha-se-num-mercado-no-centro-do-irao-com-quatro-mortos\/#breadcrumb","itemListElement":[{"@type":"ListItem","position":1,"name":"In\u00edcio","item":"https:\/\/portaltela.pt\/"},{"@type":"ListItem","position":2,"name":"Helic\u00f3ptero militar despenha-se num mercado no centro do Ir\u00e3o, com quatro mortos"}]},{"@type":"WebSite","@id":"https:\/\/portaltela.pt\/#website","url":"https:\/\/portaltela.pt\/","name":"Portal Tela Portugal","description":"","potentialAction":[{"@type":"SearchAction","target":{"@type":"EntryPoint","urlTemplate":"https:\/\/portaltela.pt\/?s={search_term_string}"},"query-input":{"@type":"PropertyValueSpecification","valueRequired":true,"valueName":"search_term_string"}}],"inLanguage":"pt-PT"},{"@type":"Person","@id":"https:\/\/portaltela.pt\/#\/schema\/person\/c4278d4a6028830caff9ee44b42d32ed","name":"Telinha","image":{"@type":"ImageObject","inLanguage":"pt-PT","@id":"https:\/\/portaltela.pt\/s.01k8rhncp4jt1\/2025\/11\/talking-bot-125x125.png","url":"https:\/\/portaltela.pt\/s.01k8rhncp4jt1\/2025\/11\/talking-bot-125x125.png","contentUrl":"https:\/\/portaltela.pt\/s.01k8rhncp4jt1\/2025\/11\/talking-bot-125x125.png","caption":"Telinha"},"sameAs":["https:\/\/portaltela.pt\/"],"url":"https:\/\/portaltela.pt\/por\/367410592786\/"}]}},"_links":{"self":[{"href":"https:\/\/portaltela.pt\/api\/wp\/v2\/posts\/224040","targetHints":{"allow":["GET"]}}],"collection":[{"href":"https:\/\/portaltela.pt\/api\/wp\/v2\/posts"}],"about":[{"href":"https:\/\/portaltela.pt\/api\/wp\/v2\/types\/post"}],"author":[{"embeddable":true,"href":"https:\/\/portaltela.pt\/api\/wp\/v2\/users\/2"}],"replies":[{"embeddable":true,"href":"https:\/\/portaltela.pt\/api\/wp\/v2\/comments?post=224040"}],"version-history":[{"count":0,"href":"https:\/\/portaltela.pt\/api\/wp\/v2\/posts\/224040\/revisions"}],"wp:featuredmedia":[{"embeddable":true,"href":"https:\/\/portaltela.pt\/api\/wp\/v2\/media\/224043"}],"wp:attachment":[{"href":"https:\/\/portaltela.pt\/api\/wp\/v2\/media?parent=224040"}],"wp:term":[{"taxonomy":"category","embeddable":true,"href":"https:\/\/portaltela.pt\/api\/wp\/v2\/categories?post=224040"},{"taxonomy":"post_tag","embeddable":true,"href":"https:\/\/portaltela.pt\/api\/wp\/v2\/tags?post=224040"}],"curies":[{"name":"wp","href":"https:\/\/api.w.org\/{rel}","templated":true}]}}