{"id":224038,"date":"2026-02-24T08:18:56","date_gmt":"2026-02-24T11:18:56","guid":{"rendered":"https:\/\/portaltela.pt\/noticias\/2026\/02\/24\/urgencia-de-obstetricia-do-barreiro-vai-encerrar-atividade\/"},"modified":"2026-02-24T08:18:56","modified_gmt":"2026-02-24T11:18:56","slug":"urgencia-de-obstetricia-do-barreiro-vai-encerrar-atividade","status":"publish","type":"post","link":"https:\/\/portaltela.pt\/noticias\/2026\/02\/24\/urgencia-de-obstetricia-do-barreiro-vai-encerrar-atividade\/","title":{"rendered":"Urg\u00eancia de obstetr\u00edcia do Barreiro vai encerrar atividade"},"content":{"rendered":"<p>A urg\u00eancia de obstetr\u00edcia e ginecologia do Hospital do Barreiro vai encerrar, na sequ\u00eancia da entrada em funcionamento, em mar\u00e7o, da nova urg\u00eancia regional para a Pen\u00ednsula de Set\u00fabal. A confirma\u00e7\u00e3o foi dada pela ministra da Sa\u00fade, numa audi\u00e7\u00e3o na comiss\u00e3o parlamentar de sa\u00fade.<\/p>\n<p>A governante explicou que o encerramento ocorre porque o servi\u00e7o do Barreiro n\u00e3o tem condi\u00e7\u00f5es para manter a atual abertura. Relembrou ainda o esfor\u00e7o excessivo dos profissionais, com as tr\u00eas urg\u00eancias da regi\u00e3o a funcionarem em rotatividade devido \u00e0 falta de m\u00e9dicos.<\/p>\n<p>Apesar do encerramento, a ministra garantiu que o servi\u00e7o de obstetr\u00edcia e ginecologia do Barreiro continuar\u00e1 a realizar partos programados, mantendo as \u00e1reas especializadas e a atividade de parto fora de situa\u00e7\u00f5es de urg\u00eancia.<\/p>\n<p>Na pr\u00e1tica, a urg\u00eancia regional de obstetr\u00edcia e ginecologia da Pen\u00ednsula de Set\u00fabal funcionar\u00e1 no Hospital Garcia de Orta, com entrada prevista para mar\u00e7o. Ser\u00e1 criada tamb\u00e9m uma segunda urg\u00eancia, envolvendo Vila Franca de Xira e Beatriz \u00c2ngelo.<\/p>\n<h3>Nova urg\u00eancia regional<\/h3>\n<p>Al\u00e9m disso, Ana Paula Martins reconheceu a responsabilidade na demora da publica\u00e7\u00e3o do Quadro Global de Refer\u00eancia do SNS para os pr\u00f3ximos anos. A meta \u00e9 estender o referencial de indicadores at\u00e9 2028.<\/p>\n<p>Mesmo com o atraso, a ministra afirmou que, neste primeiro trimestre, as unidades locais de sa\u00fade j\u00e1 devem ter uma ideia dos indicadores assistenciais a alcan\u00e7ar, com base no hist\u00f3rico de procura.<\/p>\n<p>A governante indicou que o processo de contratualiza\u00e7\u00e3o com os hospitais deve decorrer at\u00e9 ao final de mar\u00e7o, para alinhamento de metas e recursos entre as estruturas de sa\u00fade da regi\u00e3o.<\/p>\n","protected":false},"excerpt":{"rendered":"<ul>\n<li>A urg\u00eancia de obstetr\u00edcia e ginecologia do Hospital do Barreiro vai encerrar, com a entrada em funcionamento, em mar\u00e7o, da nova urg\u00eancia regional para a Pen\u00ednsula de Set\u00fabal no Hospital Garcia de Orta.<\/li>\n<li>A decis\u00e3o foi justificada pela ministra da Sa\u00fade, Ana Paula Martins, pela falta de condi\u00e7\u00f5es para manter a urg\u00eancia aberta.<\/li>\n<li>O servi\u00e7o de obstetr\u00edcia e ginecologia no Barreiro n\u00e3o deixa de existir por completo: os partos programados v\u00e3o continuar a ser realizados no hospital.<\/li>\n<li>A urg\u00eancia regional ficar\u00e1 no Hospital Garcia de Orta e dever\u00e1 abrir em mar\u00e7o, com uma segunda urg\u00eancia a abranger as unidades de Vila Franca de Xira e Beatriz \u00c2ngelo.<\/li>\n<li>A ministra tamb\u00e9m indicou atraso na publica\u00e7\u00e3o do Quadro Global de Refer\u00eancia do SNS, dizendo que pretende estender os indicadores at\u00e9 2028 e que a contratualiza\u00e7\u00e3o com os hospitais dever\u00e1 decorrer at\u00e9 final de mar\u00e7o.<\/li>\n<\/ul>\n","protected":false},"author":2,"featured_media":224044,"comment_status":"closed","ping_status":"closed","sticky":false,"template":"","format":"standard","meta":{"footnotes":""},"categories":[1],"tags":[1056,2869,1520,1402,1826,1899],"class_list":["post-224038","post","type-post","status-publish","format-standard","has-post-thumbnail","hentry","category-noticias","tag-barreiro","tag-beatriz-angelo","tag-garcia-de-orta","tag-obstetricia","tag-peninsula-de-setubal","tag-urgencias"],"yoast_head":"<!-- This site is optimized with the Yoast SEO plugin v27.2 - https:\/\/yoast.com\/product\/yoast-seo-wordpress\/ -->\n<title>Urg\u00eancia de obstetr\u00edcia do Barreiro vai encerrar atividade - Portal Tela Portugal<\/title>\n<meta name=\"robots\" content=\"index, follow, max-snippet:-1, max-image-preview:large, max-video-preview:-1\" \/>\n<meta property=\"og:locale\" content=\"pt_PT\" \/>\n<meta property=\"og:type\" content=\"article\" \/>\n<meta property=\"og:title\" content=\"Urg\u00eancia de obstetr\u00edcia do Barreiro vai encerrar atividade - Portal Tela Portugal\" \/>\n<meta property=\"og:description\" content=\"A urg\u00eancia de obstetr\u00edcia e ginecologia do Hospital do Barreiro vai encerrar, com a entrada em funcionamento, em mar\u00e7o, da nova urg\u00eancia regional para a Pen\u00ednsula de Set\u00fabal no Hospital Garcia de Orta. A decis\u00e3o foi justificada pela ministra da Sa\u00fade, Ana Paula Martins, pela falta de condi\u00e7\u00f5es para manter a urg\u00eancia aberta. O servi\u00e7o de obstetr\u00edcia e ginecologia no Barreiro n\u00e3o deixa de existir por completo: os partos programados v\u00e3o continuar a ser realizados no hospital. A urg\u00eancia regional ficar\u00e1 no Hospital Garcia de Orta e dever\u00e1 abrir em mar\u00e7o, com uma segunda urg\u00eancia a abranger as unidades de Vila Franca de Xira e Beatriz \u00c2ngelo. A ministra tamb\u00e9m indicou atraso na publica\u00e7\u00e3o do Quadro Global de Refer\u00eancia do SNS, dizendo que pretende estender os indicadores at\u00e9 2028 e que a contratualiza\u00e7\u00e3o com os hospitais dever\u00e1 decorrer at\u00e9 final de mar\u00e7o.\" \/>\n<meta property=\"og:url\" content=\"https:\/\/portaltela.pt\/noticias\/2026\/02\/24\/urgencia-de-obstetricia-do-barreiro-vai-encerrar-atividade\/\" \/>\n<meta property=\"og:site_name\" content=\"Portal Tela Portugal\" \/>\n<meta property=\"article:published_time\" content=\"2026-02-24T11:18:56+00:00\" \/>\n<meta name=\"author\" content=\"Telinha\" \/>\n<meta name=\"twitter:card\" content=\"summary_large_image\" \/>\n<meta name=\"twitter:label1\" content=\"Escrito por\" \/>\n\t<meta name=\"twitter:data1\" content=\"Telinha\" \/>\n\t<meta name=\"twitter:label2\" content=\"Tempo estimado de leitura\" \/>\n\t<meta name=\"twitter:data2\" content=\"1 minuto\" \/>\n<script type=\"application\/ld+json\" class=\"yoast-schema-graph\">{\"@context\":\"https:\/\/schema.org\",\"@graph\":[{\"@type\":\"Article\",\"@id\":\"https:\/\/portaltela.pt\/noticias\/2026\/02\/24\/urgencia-de-obstetricia-do-barreiro-vai-encerrar-atividade\/#article\",\"isPartOf\":{\"@id\":\"https:\/\/portaltela.pt\/noticias\/2026\/02\/24\/urgencia-de-obstetricia-do-barreiro-vai-encerrar-atividade\/\"},\"author\":{\"name\":\"Telinha\",\"@id\":\"https:\/\/portaltela.pt\/#\/schema\/person\/c4278d4a6028830caff9ee44b42d32ed\"},\"headline\":\"Urg\u00eancia de obstetr\u00edcia do Barreiro vai encerrar atividade\",\"datePublished\":\"2026-02-24T11:18:56+00:00\",\"mainEntityOfPage\":{\"@id\":\"https:\/\/portaltela.pt\/noticias\/2026\/02\/24\/urgencia-de-obstetricia-do-barreiro-vai-encerrar-atividade\/\"},\"wordCount\":308,\"image\":{\"@id\":\"https:\/\/portaltela.pt\/noticias\/2026\/02\/24\/urgencia-de-obstetricia-do-barreiro-vai-encerrar-atividade\/#primaryimage\"},\"thumbnailUrl\":\"https:\/\/portaltela.pt\/s.01k8rhncp4jt1\/2026\/02\/img_1500x1000uu2022-06-16-23-48-56-1159905-im-639075286348594282.jpg\",\"keywords\":[\"Barreiro\",\"Beatriz \u00c2ngelo\",\"Garcia de Orta\",\"Obstetr\u00edcia\",\"Pen\u00ednsula de Set\u00fabal\",\"urg\u00eancias\"],\"articleSection\":[\"Not\u00edcias\"],\"inLanguage\":\"pt-PT\"},{\"@type\":\"WebPage\",\"@id\":\"https:\/\/portaltela.pt\/noticias\/2026\/02\/24\/urgencia-de-obstetricia-do-barreiro-vai-encerrar-atividade\/\",\"url\":\"https:\/\/portaltela.pt\/noticias\/2026\/02\/24\/urgencia-de-obstetricia-do-barreiro-vai-encerrar-atividade\/\",\"name\":\"Urg\u00eancia de obstetr\u00edcia do Barreiro vai encerrar atividade - Portal Tela Portugal\",\"isPartOf\":{\"@id\":\"https:\/\/portaltela.pt\/#website\"},\"primaryImageOfPage\":{\"@id\":\"https:\/\/portaltela.pt\/noticias\/2026\/02\/24\/urgencia-de-obstetricia-do-barreiro-vai-encerrar-atividade\/#primaryimage\"},\"image\":{\"@id\":\"https:\/\/portaltela.pt\/noticias\/2026\/02\/24\/urgencia-de-obstetricia-do-barreiro-vai-encerrar-atividade\/#primaryimage\"},\"thumbnailUrl\":\"https:\/\/portaltela.pt\/s.01k8rhncp4jt1\/2026\/02\/img_1500x1000uu2022-06-16-23-48-56-1159905-im-639075286348594282.jpg\",\"datePublished\":\"2026-02-24T11:18:56+00:00\",\"author\":{\"@id\":\"https:\/\/portaltela.pt\/#\/schema\/person\/c4278d4a6028830caff9ee44b42d32ed\"},\"breadcrumb\":{\"@id\":\"https:\/\/portaltela.pt\/noticias\/2026\/02\/24\/urgencia-de-obstetricia-do-barreiro-vai-encerrar-atividade\/#breadcrumb\"},\"inLanguage\":\"pt-PT\",\"potentialAction\":[{\"@type\":\"ReadAction\",\"target\":[\"https:\/\/portaltela.pt\/noticias\/2026\/02\/24\/urgencia-de-obstetricia-do-barreiro-vai-encerrar-atividade\/\"]}]},{\"@type\":\"ImageObject\",\"inLanguage\":\"pt-PT\",\"@id\":\"https:\/\/portaltela.pt\/noticias\/2026\/02\/24\/urgencia-de-obstetricia-do-barreiro-vai-encerrar-atividade\/#primaryimage\",\"url\":\"https:\/\/portaltela.pt\/s.01k8rhncp4jt1\/2026\/02\/img_1500x1000uu2022-06-16-23-48-56-1159905-im-639075286348594282.jpg\",\"contentUrl\":\"https:\/\/portaltela.pt\/s.01k8rhncp4jt1\/2026\/02\/img_1500x1000uu2022-06-16-23-48-56-1159905-im-639075286348594282.jpg\",\"width\":796,\"height\":448,\"caption\":\"Urg\u00eancia de obstetr\u00edcia do Barreiro vai fechar\"},{\"@type\":\"BreadcrumbList\",\"@id\":\"https:\/\/portaltela.pt\/noticias\/2026\/02\/24\/urgencia-de-obstetricia-do-barreiro-vai-encerrar-atividade\/#breadcrumb\",\"itemListElement\":[{\"@type\":\"ListItem\",\"position\":1,\"name\":\"In\u00edcio\",\"item\":\"https:\/\/portaltela.pt\/\"},{\"@type\":\"ListItem\",\"position\":2,\"name\":\"Urg\u00eancia de obstetr\u00edcia do Barreiro vai encerrar atividade\"}]},{\"@type\":\"WebSite\",\"@id\":\"https:\/\/portaltela.pt\/#website\",\"url\":\"https:\/\/portaltela.pt\/\",\"name\":\"Portal Tela Portugal\",\"description\":\"\",\"potentialAction\":[{\"@type\":\"SearchAction\",\"target\":{\"@type\":\"EntryPoint\",\"urlTemplate\":\"https:\/\/portaltela.pt\/?s={search_term_string}\"},\"query-input\":{\"@type\":\"PropertyValueSpecification\",\"valueRequired\":true,\"valueName\":\"search_term_string\"}}],\"inLanguage\":\"pt-PT\"},{\"@type\":\"Person\",\"@id\":\"https:\/\/portaltela.pt\/#\/schema\/person\/c4278d4a6028830caff9ee44b42d32ed\",\"name\":\"Telinha\",\"image\":{\"@type\":\"ImageObject\",\"inLanguage\":\"pt-PT\",\"@id\":\"https:\/\/portaltela.pt\/s.01k8rhncp4jt1\/2025\/11\/talking-bot-125x125.png\",\"url\":\"https:\/\/portaltela.pt\/s.01k8rhncp4jt1\/2025\/11\/talking-bot-125x125.png\",\"contentUrl\":\"https:\/\/portaltela.pt\/s.01k8rhncp4jt1\/2025\/11\/talking-bot-125x125.png\",\"caption\":\"Telinha\"},\"sameAs\":[\"https:\/\/portaltela.pt\/\"],\"url\":\"https:\/\/portaltela.pt\/por\/367410592786\/\"}]}<\/script>\n<!-- \/ Yoast SEO plugin. -->","yoast_head_json":{"title":"Urg\u00eancia de obstetr\u00edcia do Barreiro vai encerrar atividade - Portal Tela Portugal","robots":{"index":"index","follow":"follow","max-snippet":"max-snippet:-1","max-image-preview":"max-image-preview:large","max-video-preview":"max-video-preview:-1"},"og_locale":"pt_PT","og_type":"article","og_title":"Urg\u00eancia de obstetr\u00edcia do Barreiro vai encerrar atividade - Portal Tela Portugal","og_description":"A urg\u00eancia de obstetr\u00edcia e ginecologia do Hospital do Barreiro vai encerrar, com a entrada em funcionamento, em mar\u00e7o, da nova urg\u00eancia regional para a Pen\u00ednsula de Set\u00fabal no Hospital Garcia de Orta. A decis\u00e3o foi justificada pela ministra da Sa\u00fade, Ana Paula Martins, pela falta de condi\u00e7\u00f5es para manter a urg\u00eancia aberta. O servi\u00e7o de obstetr\u00edcia e ginecologia no Barreiro n\u00e3o deixa de existir por completo: os partos programados v\u00e3o continuar a ser realizados no hospital. A urg\u00eancia regional ficar\u00e1 no Hospital Garcia de Orta e dever\u00e1 abrir em mar\u00e7o, com uma segunda urg\u00eancia a abranger as unidades de Vila Franca de Xira e Beatriz \u00c2ngelo. A ministra tamb\u00e9m indicou atraso na publica\u00e7\u00e3o do Quadro Global de Refer\u00eancia do SNS, dizendo que pretende estender os indicadores at\u00e9 2028 e que a contratualiza\u00e7\u00e3o com os hospitais dever\u00e1 decorrer at\u00e9 final de mar\u00e7o.","og_url":"https:\/\/portaltela.pt\/noticias\/2026\/02\/24\/urgencia-de-obstetricia-do-barreiro-vai-encerrar-atividade\/","og_site_name":"Portal Tela Portugal","article_published_time":"2026-02-24T11:18:56+00:00","author":"Telinha","twitter_card":"summary_large_image","twitter_misc":{"Escrito por":"Telinha","Tempo estimado de leitura":"1 minuto"},"schema":{"@context":"https:\/\/schema.org","@graph":[{"@type":"Article","@id":"https:\/\/portaltela.pt\/noticias\/2026\/02\/24\/urgencia-de-obstetricia-do-barreiro-vai-encerrar-atividade\/#article","isPartOf":{"@id":"https:\/\/portaltela.pt\/noticias\/2026\/02\/24\/urgencia-de-obstetricia-do-barreiro-vai-encerrar-atividade\/"},"author":{"name":"Telinha","@id":"https:\/\/portaltela.pt\/#\/schema\/person\/c4278d4a6028830caff9ee44b42d32ed"},"headline":"Urg\u00eancia de obstetr\u00edcia do Barreiro vai encerrar atividade","datePublished":"2026-02-24T11:18:56+00:00","mainEntityOfPage":{"@id":"https:\/\/portaltela.pt\/noticias\/2026\/02\/24\/urgencia-de-obstetricia-do-barreiro-vai-encerrar-atividade\/"},"wordCount":308,"image":{"@id":"https:\/\/portaltela.pt\/noticias\/2026\/02\/24\/urgencia-de-obstetricia-do-barreiro-vai-encerrar-atividade\/#primaryimage"},"thumbnailUrl":"https:\/\/portaltela.pt\/s.01k8rhncp4jt1\/2026\/02\/img_1500x1000uu2022-06-16-23-48-56-1159905-im-639075286348594282.jpg","keywords":["Barreiro","Beatriz \u00c2ngelo","Garcia de Orta","Obstetr\u00edcia","Pen\u00ednsula de Set\u00fabal","urg\u00eancias"],"articleSection":["Not\u00edcias"],"inLanguage":"pt-PT"},{"@type":"WebPage","@id":"https:\/\/portaltela.pt\/noticias\/2026\/02\/24\/urgencia-de-obstetricia-do-barreiro-vai-encerrar-atividade\/","url":"https:\/\/portaltela.pt\/noticias\/2026\/02\/24\/urgencia-de-obstetricia-do-barreiro-vai-encerrar-atividade\/","name":"Urg\u00eancia de obstetr\u00edcia do Barreiro vai encerrar atividade - Portal Tela Portugal","isPartOf":{"@id":"https:\/\/portaltela.pt\/#website"},"primaryImageOfPage":{"@id":"https:\/\/portaltela.pt\/noticias\/2026\/02\/24\/urgencia-de-obstetricia-do-barreiro-vai-encerrar-atividade\/#primaryimage"},"image":{"@id":"https:\/\/portaltela.pt\/noticias\/2026\/02\/24\/urgencia-de-obstetricia-do-barreiro-vai-encerrar-atividade\/#primaryimage"},"thumbnailUrl":"https:\/\/portaltela.pt\/s.01k8rhncp4jt1\/2026\/02\/img_1500x1000uu2022-06-16-23-48-56-1159905-im-639075286348594282.jpg","datePublished":"2026-02-24T11:18:56+00:00","author":{"@id":"https:\/\/portaltela.pt\/#\/schema\/person\/c4278d4a6028830caff9ee44b42d32ed"},"breadcrumb":{"@id":"https:\/\/portaltela.pt\/noticias\/2026\/02\/24\/urgencia-de-obstetricia-do-barreiro-vai-encerrar-atividade\/#breadcrumb"},"inLanguage":"pt-PT","potentialAction":[{"@type":"ReadAction","target":["https:\/\/portaltela.pt\/noticias\/2026\/02\/24\/urgencia-de-obstetricia-do-barreiro-vai-encerrar-atividade\/"]}]},{"@type":"ImageObject","inLanguage":"pt-PT","@id":"https:\/\/portaltela.pt\/noticias\/2026\/02\/24\/urgencia-de-obstetricia-do-barreiro-vai-encerrar-atividade\/#primaryimage","url":"https:\/\/portaltela.pt\/s.01k8rhncp4jt1\/2026\/02\/img_1500x1000uu2022-06-16-23-48-56-1159905-im-639075286348594282.jpg","contentUrl":"https:\/\/portaltela.pt\/s.01k8rhncp4jt1\/2026\/02\/img_1500x1000uu2022-06-16-23-48-56-1159905-im-639075286348594282.jpg","width":796,"height":448,"caption":"Urg\u00eancia de obstetr\u00edcia do Barreiro vai fechar"},{"@type":"BreadcrumbList","@id":"https:\/\/portaltela.pt\/noticias\/2026\/02\/24\/urgencia-de-obstetricia-do-barreiro-vai-encerrar-atividade\/#breadcrumb","itemListElement":[{"@type":"ListItem","position":1,"name":"In\u00edcio","item":"https:\/\/portaltela.pt\/"},{"@type":"ListItem","position":2,"name":"Urg\u00eancia de obstetr\u00edcia do Barreiro vai encerrar atividade"}]},{"@type":"WebSite","@id":"https:\/\/portaltela.pt\/#website","url":"https:\/\/portaltela.pt\/","name":"Portal Tela Portugal","description":"","potentialAction":[{"@type":"SearchAction","target":{"@type":"EntryPoint","urlTemplate":"https:\/\/portaltela.pt\/?s={search_term_string}"},"query-input":{"@type":"PropertyValueSpecification","valueRequired":true,"valueName":"search_term_string"}}],"inLanguage":"pt-PT"},{"@type":"Person","@id":"https:\/\/portaltela.pt\/#\/schema\/person\/c4278d4a6028830caff9ee44b42d32ed","name":"Telinha","image":{"@type":"ImageObject","inLanguage":"pt-PT","@id":"https:\/\/portaltela.pt\/s.01k8rhncp4jt1\/2025\/11\/talking-bot-125x125.png","url":"https:\/\/portaltela.pt\/s.01k8rhncp4jt1\/2025\/11\/talking-bot-125x125.png","contentUrl":"https:\/\/portaltela.pt\/s.01k8rhncp4jt1\/2025\/11\/talking-bot-125x125.png","caption":"Telinha"},"sameAs":["https:\/\/portaltela.pt\/"],"url":"https:\/\/portaltela.pt\/por\/367410592786\/"}]}},"_links":{"self":[{"href":"https:\/\/portaltela.pt\/api\/wp\/v2\/posts\/224038","targetHints":{"allow":["GET"]}}],"collection":[{"href":"https:\/\/portaltela.pt\/api\/wp\/v2\/posts"}],"about":[{"href":"https:\/\/portaltela.pt\/api\/wp\/v2\/types\/post"}],"author":[{"embeddable":true,"href":"https:\/\/portaltela.pt\/api\/wp\/v2\/users\/2"}],"replies":[{"embeddable":true,"href":"https:\/\/portaltela.pt\/api\/wp\/v2\/comments?post=224038"}],"version-history":[{"count":0,"href":"https:\/\/portaltela.pt\/api\/wp\/v2\/posts\/224038\/revisions"}],"wp:featuredmedia":[{"embeddable":true,"href":"https:\/\/portaltela.pt\/api\/wp\/v2\/media\/224044"}],"wp:attachment":[{"href":"https:\/\/portaltela.pt\/api\/wp\/v2\/media?parent=224038"}],"wp:term":[{"taxonomy":"category","embeddable":true,"href":"https:\/\/portaltela.pt\/api\/wp\/v2\/categories?post=224038"},{"taxonomy":"post_tag","embeddable":true,"href":"https:\/\/portaltela.pt\/api\/wp\/v2\/tags?post=224038"}],"curies":[{"name":"wp","href":"https:\/\/api.w.org\/{rel}","templated":true}]}}