{"id":224036,"date":"2026-02-24T08:26:21","date_gmt":"2026-02-24T11:26:21","guid":{"rendered":"https:\/\/portaltela.pt\/noticias\/2026\/02\/24\/capitania-do-funchal-emite-aviso-de-agitacao-maritima-forte-para-a-madeira-4\/"},"modified":"2026-02-24T08:26:21","modified_gmt":"2026-02-24T11:26:21","slug":"capitania-do-funchal-emite-aviso-de-agitacao-maritima-forte-para-a-madeira-4","status":"publish","type":"post","link":"https:\/\/portaltela.pt\/noticias\/2026\/02\/24\/capitania-do-funchal-emite-aviso-de-agitacao-maritima-forte-para-a-madeira-4\/","title":{"rendered":"Capitania do Funchal emite aviso de agita\u00e7\u00e3o mar\u00edtima forte para a Madeira"},"content":{"rendered":"<p>A capitania do Porto do Funchal emitiu este ter\u00e7a-feira um aviso de agita\u00e7\u00e3o mar\u00edtima forte para a Madeira, v\u00e1lido at\u00e9 \u00e0s 6h de quarta-feira. O aviso alerta para condi\u00e7\u00f5es perigosas para a n\u00e1utica e para a popula\u00e7\u00e3o costeira.<\/p>\n<p>Segundo o IPMA, as ondas devem atingir entre quatro e cinco metros a partir da tarde na costa norte, com valores entre um e dois metros na costa sul. O vento pode chegar a n\u00edveis bastante frescos, entre 40 e 50 km\/h, e a visibilidade pode estar fraca.<\/p>\n<p>A capitania recomenda refor\u00e7ar a amarra\u00e7\u00e3o das embarca\u00e7\u00f5es, manter vigil\u00e2ncia apertada \u00e0s embarca\u00e7\u00f5es atracadas e fundeadas, evitar passeios junto ao mar em zonas expostas e abster-se de pesca l\u00fadica. O alerta \u00e9 v\u00e1lido para a Madeira.<\/p>\n<h3>Zonas afetadas e extens\u00e3o do aviso<\/h3>\n<p>O IPMA tamb\u00e9m colocou a costa norte da Madeira e a ilha do Porto Santo sob aviso amarelo. O per\u00edodo indicado para este aviso \u00e9 entre as 03:00 de quarta-feira e as 06:00 de quinta-feira.<\/p>\n","protected":false},"excerpt":{"rendered":"<ul>\n<li>A Capitania do Porto do Funchal emitiu um aviso de agita\u00e7\u00e3o mar\u00edtima forte para a Madeira, v\u00e1lido at\u00e9 \u00e0s 6h00 de quarta-feira.<\/li>\n<li>O IPMA prev\u00ea ondas entre quatro e cinco metros a partir da tarde na costa norte; na costa sul, entre um e dois metros.<\/li>\n<li>O vento pode ficar por vezes muito fresco, entre 40 e 50 quil\u00f3metros por hora, e a visibilidade pode ser fraca.<\/li>\n<li>Recomenda-se refor\u00e7ar a amarra\u00e7\u00e3o, vigil\u00e2ncia das embarca\u00e7\u00f5es atracadas e fundeadas, evitar passeios junto ao mar e atividades de pesca l\u00fadica.<\/li>\n<li>O IPMA colocou a costa norte da Madeira e a ilha do Porto Santo com aviso amarelo entre as 03:00 de quarta-feira e as 6:00 de quinta-feira.<\/li>\n<\/ul>\n","protected":false},"author":2,"featured_media":224042,"comment_status":"closed","ping_status":"closed","sticky":false,"template":"","format":"standard","meta":{"footnotes":""},"categories":[1],"tags":[3658,4199,859,4384,5093,976],"class_list":["post-224036","post","type-post","status-publish","format-standard","has-post-thumbnail","hentry","category-noticias","tag-aviso-amarelo","tag-costa-norte","tag-madeira","tag-nautica","tag-pesca","tag-porto-santo"],"yoast_head":"<!-- This site is optimized with the Yoast SEO plugin v27.2 - https:\/\/yoast.com\/product\/yoast-seo-wordpress\/ -->\n<title>Capitania do Funchal emite aviso de agita\u00e7\u00e3o mar\u00edtima forte para a Madeira - Portal Tela Portugal<\/title>\n<meta name=\"robots\" content=\"index, follow, max-snippet:-1, max-image-preview:large, max-video-preview:-1\" \/>\n<meta property=\"og:locale\" content=\"pt_PT\" \/>\n<meta property=\"og:type\" content=\"article\" \/>\n<meta property=\"og:title\" content=\"Capitania do Funchal emite aviso de agita\u00e7\u00e3o mar\u00edtima forte para a Madeira - Portal Tela Portugal\" \/>\n<meta property=\"og:description\" content=\"A Capitania do Porto do Funchal emitiu um aviso de agita\u00e7\u00e3o mar\u00edtima forte para a Madeira, v\u00e1lido at\u00e9 \u00e0s 6h00 de quarta-feira. O IPMA prev\u00ea ondas entre quatro e cinco metros a partir da tarde na costa norte; na costa sul, entre um e dois metros. O vento pode ficar por vezes muito fresco, entre 40 e 50 quil\u00f3metros por hora, e a visibilidade pode ser fraca. Recomenda-se refor\u00e7ar a amarra\u00e7\u00e3o, vigil\u00e2ncia das embarca\u00e7\u00f5es atracadas e fundeadas, evitar passeios junto ao mar e atividades de pesca l\u00fadica. O IPMA colocou a costa norte da Madeira e a ilha do Porto Santo com aviso amarelo entre as 03:00 de quarta-feira e as 6:00 de quinta-feira.\" \/>\n<meta property=\"og:url\" content=\"https:\/\/portaltela.pt\/noticias\/2026\/02\/24\/capitania-do-funchal-emite-aviso-de-agitacao-maritima-forte-para-a-madeira-4\/\" \/>\n<meta property=\"og:site_name\" content=\"Portal Tela Portugal\" \/>\n<meta property=\"article:published_time\" content=\"2026-02-24T11:26:21+00:00\" \/>\n<meta name=\"author\" content=\"Telinha\" \/>\n<meta name=\"twitter:card\" content=\"summary_large_image\" \/>\n<meta name=\"twitter:label1\" content=\"Escrito por\" \/>\n\t<meta name=\"twitter:data1\" content=\"Telinha\" \/>\n\t<meta name=\"twitter:label2\" content=\"Tempo estimado de leitura\" \/>\n\t<meta name=\"twitter:data2\" content=\"1 minuto\" \/>\n<script type=\"application\/ld+json\" class=\"yoast-schema-graph\">{\"@context\":\"https:\/\/schema.org\",\"@graph\":[{\"@type\":\"Article\",\"@id\":\"https:\/\/portaltela.pt\/noticias\/2026\/02\/24\/capitania-do-funchal-emite-aviso-de-agitacao-maritima-forte-para-a-madeira-4\/#article\",\"isPartOf\":{\"@id\":\"https:\/\/portaltela.pt\/noticias\/2026\/02\/24\/capitania-do-funchal-emite-aviso-de-agitacao-maritima-forte-para-a-madeira-4\/\"},\"author\":{\"name\":\"Telinha\",\"@id\":\"https:\/\/portaltela.pt\/#\/schema\/person\/c4278d4a6028830caff9ee44b42d32ed\"},\"headline\":\"Capitania do Funchal emite aviso de agita\u00e7\u00e3o mar\u00edtima forte para a Madeira\",\"datePublished\":\"2026-02-24T11:26:21+00:00\",\"mainEntityOfPage\":{\"@id\":\"https:\/\/portaltela.pt\/noticias\/2026\/02\/24\/capitania-do-funchal-emite-aviso-de-agitacao-maritima-forte-para-a-madeira-4\/\"},\"wordCount\":190,\"image\":{\"@id\":\"https:\/\/portaltela.pt\/noticias\/2026\/02\/24\/capitania-do-funchal-emite-aviso-de-agitacao-maritima-forte-para-a-madeira-4\/#primaryimage\"},\"thumbnailUrl\":\"https:\/\/portaltela.pt\/s.01k8rhncp4jt1\/2026\/02\/img_1500x1000uu2023-10-21-10-56-20-1473028-2.jpg\",\"keywords\":[\"aviso amarelo\",\"Costa Norte\",\"Madeira\",\"N\u00e1utica\",\"pesca\",\"Porto Santo\"],\"articleSection\":[\"Not\u00edcias\"],\"inLanguage\":\"pt-PT\"},{\"@type\":\"WebPage\",\"@id\":\"https:\/\/portaltela.pt\/noticias\/2026\/02\/24\/capitania-do-funchal-emite-aviso-de-agitacao-maritima-forte-para-a-madeira-4\/\",\"url\":\"https:\/\/portaltela.pt\/noticias\/2026\/02\/24\/capitania-do-funchal-emite-aviso-de-agitacao-maritima-forte-para-a-madeira-4\/\",\"name\":\"Capitania do Funchal emite aviso de agita\u00e7\u00e3o mar\u00edtima forte para a Madeira - Portal Tela Portugal\",\"isPartOf\":{\"@id\":\"https:\/\/portaltela.pt\/#website\"},\"primaryImageOfPage\":{\"@id\":\"https:\/\/portaltela.pt\/noticias\/2026\/02\/24\/capitania-do-funchal-emite-aviso-de-agitacao-maritima-forte-para-a-madeira-4\/#primaryimage\"},\"image\":{\"@id\":\"https:\/\/portaltela.pt\/noticias\/2026\/02\/24\/capitania-do-funchal-emite-aviso-de-agitacao-maritima-forte-para-a-madeira-4\/#primaryimage\"},\"thumbnailUrl\":\"https:\/\/portaltela.pt\/s.01k8rhncp4jt1\/2026\/02\/img_1500x1000uu2023-10-21-10-56-20-1473028-2.jpg\",\"datePublished\":\"2026-02-24T11:26:21+00:00\",\"author\":{\"@id\":\"https:\/\/portaltela.pt\/#\/schema\/person\/c4278d4a6028830caff9ee44b42d32ed\"},\"breadcrumb\":{\"@id\":\"https:\/\/portaltela.pt\/noticias\/2026\/02\/24\/capitania-do-funchal-emite-aviso-de-agitacao-maritima-forte-para-a-madeira-4\/#breadcrumb\"},\"inLanguage\":\"pt-PT\",\"potentialAction\":[{\"@type\":\"ReadAction\",\"target\":[\"https:\/\/portaltela.pt\/noticias\/2026\/02\/24\/capitania-do-funchal-emite-aviso-de-agitacao-maritima-forte-para-a-madeira-4\/\"]}]},{\"@type\":\"ImageObject\",\"inLanguage\":\"pt-PT\",\"@id\":\"https:\/\/portaltela.pt\/noticias\/2026\/02\/24\/capitania-do-funchal-emite-aviso-de-agitacao-maritima-forte-para-a-madeira-4\/#primaryimage\",\"url\":\"https:\/\/portaltela.pt\/s.01k8rhncp4jt1\/2026\/02\/img_1500x1000uu2023-10-21-10-56-20-1473028-2.jpg\",\"contentUrl\":\"https:\/\/portaltela.pt\/s.01k8rhncp4jt1\/2026\/02\/img_1500x1000uu2023-10-21-10-56-20-1473028-2.jpg\",\"width\":796,\"height\":448,\"caption\":\"Capit\u00e2nia do funchal, Madeira\"},{\"@type\":\"BreadcrumbList\",\"@id\":\"https:\/\/portaltela.pt\/noticias\/2026\/02\/24\/capitania-do-funchal-emite-aviso-de-agitacao-maritima-forte-para-a-madeira-4\/#breadcrumb\",\"itemListElement\":[{\"@type\":\"ListItem\",\"position\":1,\"name\":\"In\u00edcio\",\"item\":\"https:\/\/portaltela.pt\/\"},{\"@type\":\"ListItem\",\"position\":2,\"name\":\"Capitania do Funchal emite aviso de agita\u00e7\u00e3o mar\u00edtima forte para a Madeira\"}]},{\"@type\":\"WebSite\",\"@id\":\"https:\/\/portaltela.pt\/#website\",\"url\":\"https:\/\/portaltela.pt\/\",\"name\":\"Portal Tela Portugal\",\"description\":\"\",\"potentialAction\":[{\"@type\":\"SearchAction\",\"target\":{\"@type\":\"EntryPoint\",\"urlTemplate\":\"https:\/\/portaltela.pt\/?s={search_term_string}\"},\"query-input\":{\"@type\":\"PropertyValueSpecification\",\"valueRequired\":true,\"valueName\":\"search_term_string\"}}],\"inLanguage\":\"pt-PT\"},{\"@type\":\"Person\",\"@id\":\"https:\/\/portaltela.pt\/#\/schema\/person\/c4278d4a6028830caff9ee44b42d32ed\",\"name\":\"Telinha\",\"image\":{\"@type\":\"ImageObject\",\"inLanguage\":\"pt-PT\",\"@id\":\"https:\/\/portaltela.pt\/s.01k8rhncp4jt1\/2025\/11\/talking-bot-125x125.png\",\"url\":\"https:\/\/portaltela.pt\/s.01k8rhncp4jt1\/2025\/11\/talking-bot-125x125.png\",\"contentUrl\":\"https:\/\/portaltela.pt\/s.01k8rhncp4jt1\/2025\/11\/talking-bot-125x125.png\",\"caption\":\"Telinha\"},\"sameAs\":[\"https:\/\/portaltela.pt\/\"],\"url\":\"https:\/\/portaltela.pt\/por\/367410592786\/\"}]}<\/script>\n<!-- \/ Yoast SEO plugin. -->","yoast_head_json":{"title":"Capitania do Funchal emite aviso de agita\u00e7\u00e3o mar\u00edtima forte para a Madeira - Portal Tela Portugal","robots":{"index":"index","follow":"follow","max-snippet":"max-snippet:-1","max-image-preview":"max-image-preview:large","max-video-preview":"max-video-preview:-1"},"og_locale":"pt_PT","og_type":"article","og_title":"Capitania do Funchal emite aviso de agita\u00e7\u00e3o mar\u00edtima forte para a Madeira - Portal Tela Portugal","og_description":"A Capitania do Porto do Funchal emitiu um aviso de agita\u00e7\u00e3o mar\u00edtima forte para a Madeira, v\u00e1lido at\u00e9 \u00e0s 6h00 de quarta-feira. O IPMA prev\u00ea ondas entre quatro e cinco metros a partir da tarde na costa norte; na costa sul, entre um e dois metros. O vento pode ficar por vezes muito fresco, entre 40 e 50 quil\u00f3metros por hora, e a visibilidade pode ser fraca. Recomenda-se refor\u00e7ar a amarra\u00e7\u00e3o, vigil\u00e2ncia das embarca\u00e7\u00f5es atracadas e fundeadas, evitar passeios junto ao mar e atividades de pesca l\u00fadica. O IPMA colocou a costa norte da Madeira e a ilha do Porto Santo com aviso amarelo entre as 03:00 de quarta-feira e as 6:00 de quinta-feira.","og_url":"https:\/\/portaltela.pt\/noticias\/2026\/02\/24\/capitania-do-funchal-emite-aviso-de-agitacao-maritima-forte-para-a-madeira-4\/","og_site_name":"Portal Tela Portugal","article_published_time":"2026-02-24T11:26:21+00:00","author":"Telinha","twitter_card":"summary_large_image","twitter_misc":{"Escrito por":"Telinha","Tempo estimado de leitura":"1 minuto"},"schema":{"@context":"https:\/\/schema.org","@graph":[{"@type":"Article","@id":"https:\/\/portaltela.pt\/noticias\/2026\/02\/24\/capitania-do-funchal-emite-aviso-de-agitacao-maritima-forte-para-a-madeira-4\/#article","isPartOf":{"@id":"https:\/\/portaltela.pt\/noticias\/2026\/02\/24\/capitania-do-funchal-emite-aviso-de-agitacao-maritima-forte-para-a-madeira-4\/"},"author":{"name":"Telinha","@id":"https:\/\/portaltela.pt\/#\/schema\/person\/c4278d4a6028830caff9ee44b42d32ed"},"headline":"Capitania do Funchal emite aviso de agita\u00e7\u00e3o mar\u00edtima forte para a Madeira","datePublished":"2026-02-24T11:26:21+00:00","mainEntityOfPage":{"@id":"https:\/\/portaltela.pt\/noticias\/2026\/02\/24\/capitania-do-funchal-emite-aviso-de-agitacao-maritima-forte-para-a-madeira-4\/"},"wordCount":190,"image":{"@id":"https:\/\/portaltela.pt\/noticias\/2026\/02\/24\/capitania-do-funchal-emite-aviso-de-agitacao-maritima-forte-para-a-madeira-4\/#primaryimage"},"thumbnailUrl":"https:\/\/portaltela.pt\/s.01k8rhncp4jt1\/2026\/02\/img_1500x1000uu2023-10-21-10-56-20-1473028-2.jpg","keywords":["aviso amarelo","Costa Norte","Madeira","N\u00e1utica","pesca","Porto Santo"],"articleSection":["Not\u00edcias"],"inLanguage":"pt-PT"},{"@type":"WebPage","@id":"https:\/\/portaltela.pt\/noticias\/2026\/02\/24\/capitania-do-funchal-emite-aviso-de-agitacao-maritima-forte-para-a-madeira-4\/","url":"https:\/\/portaltela.pt\/noticias\/2026\/02\/24\/capitania-do-funchal-emite-aviso-de-agitacao-maritima-forte-para-a-madeira-4\/","name":"Capitania do Funchal emite aviso de agita\u00e7\u00e3o mar\u00edtima forte para a Madeira - Portal Tela Portugal","isPartOf":{"@id":"https:\/\/portaltela.pt\/#website"},"primaryImageOfPage":{"@id":"https:\/\/portaltela.pt\/noticias\/2026\/02\/24\/capitania-do-funchal-emite-aviso-de-agitacao-maritima-forte-para-a-madeira-4\/#primaryimage"},"image":{"@id":"https:\/\/portaltela.pt\/noticias\/2026\/02\/24\/capitania-do-funchal-emite-aviso-de-agitacao-maritima-forte-para-a-madeira-4\/#primaryimage"},"thumbnailUrl":"https:\/\/portaltela.pt\/s.01k8rhncp4jt1\/2026\/02\/img_1500x1000uu2023-10-21-10-56-20-1473028-2.jpg","datePublished":"2026-02-24T11:26:21+00:00","author":{"@id":"https:\/\/portaltela.pt\/#\/schema\/person\/c4278d4a6028830caff9ee44b42d32ed"},"breadcrumb":{"@id":"https:\/\/portaltela.pt\/noticias\/2026\/02\/24\/capitania-do-funchal-emite-aviso-de-agitacao-maritima-forte-para-a-madeira-4\/#breadcrumb"},"inLanguage":"pt-PT","potentialAction":[{"@type":"ReadAction","target":["https:\/\/portaltela.pt\/noticias\/2026\/02\/24\/capitania-do-funchal-emite-aviso-de-agitacao-maritima-forte-para-a-madeira-4\/"]}]},{"@type":"ImageObject","inLanguage":"pt-PT","@id":"https:\/\/portaltela.pt\/noticias\/2026\/02\/24\/capitania-do-funchal-emite-aviso-de-agitacao-maritima-forte-para-a-madeira-4\/#primaryimage","url":"https:\/\/portaltela.pt\/s.01k8rhncp4jt1\/2026\/02\/img_1500x1000uu2023-10-21-10-56-20-1473028-2.jpg","contentUrl":"https:\/\/portaltela.pt\/s.01k8rhncp4jt1\/2026\/02\/img_1500x1000uu2023-10-21-10-56-20-1473028-2.jpg","width":796,"height":448,"caption":"Capit\u00e2nia do funchal, Madeira"},{"@type":"BreadcrumbList","@id":"https:\/\/portaltela.pt\/noticias\/2026\/02\/24\/capitania-do-funchal-emite-aviso-de-agitacao-maritima-forte-para-a-madeira-4\/#breadcrumb","itemListElement":[{"@type":"ListItem","position":1,"name":"In\u00edcio","item":"https:\/\/portaltela.pt\/"},{"@type":"ListItem","position":2,"name":"Capitania do Funchal emite aviso de agita\u00e7\u00e3o mar\u00edtima forte para a Madeira"}]},{"@type":"WebSite","@id":"https:\/\/portaltela.pt\/#website","url":"https:\/\/portaltela.pt\/","name":"Portal Tela Portugal","description":"","potentialAction":[{"@type":"SearchAction","target":{"@type":"EntryPoint","urlTemplate":"https:\/\/portaltela.pt\/?s={search_term_string}"},"query-input":{"@type":"PropertyValueSpecification","valueRequired":true,"valueName":"search_term_string"}}],"inLanguage":"pt-PT"},{"@type":"Person","@id":"https:\/\/portaltela.pt\/#\/schema\/person\/c4278d4a6028830caff9ee44b42d32ed","name":"Telinha","image":{"@type":"ImageObject","inLanguage":"pt-PT","@id":"https:\/\/portaltela.pt\/s.01k8rhncp4jt1\/2025\/11\/talking-bot-125x125.png","url":"https:\/\/portaltela.pt\/s.01k8rhncp4jt1\/2025\/11\/talking-bot-125x125.png","contentUrl":"https:\/\/portaltela.pt\/s.01k8rhncp4jt1\/2025\/11\/talking-bot-125x125.png","caption":"Telinha"},"sameAs":["https:\/\/portaltela.pt\/"],"url":"https:\/\/portaltela.pt\/por\/367410592786\/"}]}},"_links":{"self":[{"href":"https:\/\/portaltela.pt\/api\/wp\/v2\/posts\/224036","targetHints":{"allow":["GET"]}}],"collection":[{"href":"https:\/\/portaltela.pt\/api\/wp\/v2\/posts"}],"about":[{"href":"https:\/\/portaltela.pt\/api\/wp\/v2\/types\/post"}],"author":[{"embeddable":true,"href":"https:\/\/portaltela.pt\/api\/wp\/v2\/users\/2"}],"replies":[{"embeddable":true,"href":"https:\/\/portaltela.pt\/api\/wp\/v2\/comments?post=224036"}],"version-history":[{"count":0,"href":"https:\/\/portaltela.pt\/api\/wp\/v2\/posts\/224036\/revisions"}],"wp:featuredmedia":[{"embeddable":true,"href":"https:\/\/portaltela.pt\/api\/wp\/v2\/media\/224042"}],"wp:attachment":[{"href":"https:\/\/portaltela.pt\/api\/wp\/v2\/media?parent=224036"}],"wp:term":[{"taxonomy":"category","embeddable":true,"href":"https:\/\/portaltela.pt\/api\/wp\/v2\/categories?post=224036"},{"taxonomy":"post_tag","embeddable":true,"href":"https:\/\/portaltela.pt\/api\/wp\/v2\/tags?post=224036"}],"curies":[{"name":"wp","href":"https:\/\/api.w.org\/{rel}","templated":true}]}}