{"id":224034,"date":"2026-02-24T08:15:00","date_gmt":"2026-02-24T11:15:00","guid":{"rendered":"https:\/\/portaltela.pt\/noticias\/2026\/02\/24\/urgencia-de-obstetricia-do-barreiro-vai-fechar\/"},"modified":"2026-02-24T08:15:00","modified_gmt":"2026-02-24T11:15:00","slug":"urgencia-de-obstetricia-do-barreiro-vai-fechar","status":"publish","type":"post","link":"https:\/\/portaltela.pt\/noticias\/2026\/02\/24\/urgencia-de-obstetricia-do-barreiro-vai-fechar\/","title":{"rendered":"Urg\u00eancia de obstetr\u00edcia do Barreiro vai fechar"},"content":{"rendered":"<p>A urg\u00eancia de obstetr\u00edcia e ginecologia do Hospital do Barreiro vai encerrar, com a entrada em funcionamento da nova urg\u00eancia regional da Pen\u00ednsula de Set\u00fabal prevista para mar\u00e7o. A decis\u00e3o foi confirmada pela ministra da Sa\u00fade, Ana Paula Martins, durante uma audi\u00e7\u00e3o na comiss\u00e3o parlamentar de sa\u00fade.<\/p>\n<p>Segundo a ministra, o Barreiro n\u00e3o tem condi\u00e7\u00f5es para manter o servi\u00e7o aberto, em fun\u00e7\u00e3o do esfor\u00e7o desumano enfrentado pelos profissionais. O funcionamento das tr\u00eas urg\u00eancias de obstetr\u00edcia da regi\u00e3o em regime de rotatividade foi apontado como contributo para a dificuldade existente.<\/p>\n<p>Apesar do encerramento, a ministra assegurou que o servi\u00e7o de obstetr\u00edcia e ginecologia do Barreiro n\u00e3o deixar\u00e1 de realizar partos programados, mantendo \u00e1reas diferenciadas e a possibilidade de nascimento de beb\u00e9s no hospital.<\/p>\n<p>A nova urg\u00eancia regional de obstetr\u00edcia e ginecologia da Pen\u00ednsula de Set\u00fabal dever\u00e1 funcionar no Hospital Garcia de Orta, em Almada, com previs\u00e3o de entrada em funcionamento em mar\u00e7o. Est\u00e1 prevista ainda a cria\u00e7\u00e3o de uma segunda urg\u00eancia para Vila Franca de Xira e Beatriz \u00c2ngelo.<\/p>\n<p>Durante a audi\u00e7\u00e3o, Ana Paula Martins reconheceu o atraso na publica\u00e7\u00e3o do Quadro Global de Refer\u00eancia do SNS para os pr\u00f3ximos anos. A governante garantiu, no entanto, que o referencial de indicadores poder\u00e1 estender-se at\u00e9 2028.<\/p>\n<p>Ainda assim, a ministra informou que, neste primeiro trimestre, as unidades locais de sa\u00fade j\u00e1 t\u00eam uma ideia dos indicadores assistenciais a cumprir, com base na procura hist\u00f3rica. O processo de contratualiza\u00e7\u00e3o com os hospitais dever\u00e1 decorrer at\u00e9 final de mar\u00e7o.<\/p>\n","protected":false},"excerpt":{"rendered":"<ul>\n<li>A urg\u00eancia de obstetr\u00edcia e ginecologia do Hospital do Barreiro vai encerrar, em mar\u00e7o, com a entrada em funcionamento da nova urg\u00eancia regional para a Pen\u00ednsula de Set\u00fabal.<\/li>\n<li>A ministra da Sa\u00fade, Ana Paula Martins, explicou que o Barreiro n\u00e3o tem condi\u00e7\u00f5es para continuar a funcionar.<\/li>\n<li>A ministra disse que o encerramento n\u00e3o impede que o servi\u00e7o de obstetr\u00edcia e ginecologia continue a realizar partos programados no Barreiro.<\/li>\n<li>A urg\u00eancia regional de obstetr\u00edcia e ginecologia da Pen\u00ednsula de Set\u00fabal vai funcionar no Hospital Garcia de Orta, em Almada, com entrada prevista para mar\u00e7o; haver\u00e1 uma segunda urg\u00eancia para Vila Franca de Xira e Beatriz \u00c2ngelo.<\/li>\n<li>A comiss\u00e1ria afirmou ainda que houve atraso na Publica\u00e7\u00e3o do Quadro Global de Refer\u00eancia do SNS para os pr\u00f3ximos anos, e que o contrato com os hospitais deve avan\u00e7ar at\u00e9 ao final de mar\u00e7o.<\/li>\n<\/ul>\n","protected":false},"author":2,"featured_media":224050,"comment_status":"closed","ping_status":"closed","sticky":false,"template":"","format":"standard","meta":{"footnotes":""},"categories":[1],"tags":[1373,1056,2869,6312,1402,1826],"class_list":["post-224034","post","type-post","status-publish","format-standard","has-post-thumbnail","hentry","category-noticias","tag-almada","tag-barreiro","tag-beatriz-angelo","tag-ginecologia","tag-obstetricia","tag-peninsula-de-setubal"],"yoast_head":"<!-- This site is optimized with the Yoast SEO plugin v27.2 - https:\/\/yoast.com\/product\/yoast-seo-wordpress\/ -->\n<title>Urg\u00eancia de obstetr\u00edcia do Barreiro vai fechar - Portal Tela Portugal<\/title>\n<meta name=\"robots\" content=\"index, follow, max-snippet:-1, max-image-preview:large, max-video-preview:-1\" \/>\n<meta property=\"og:locale\" content=\"pt_PT\" \/>\n<meta property=\"og:type\" content=\"article\" \/>\n<meta property=\"og:title\" content=\"Urg\u00eancia de obstetr\u00edcia do Barreiro vai fechar - Portal Tela Portugal\" \/>\n<meta property=\"og:description\" content=\"A urg\u00eancia de obstetr\u00edcia e ginecologia do Hospital do Barreiro vai encerrar, em mar\u00e7o, com a entrada em funcionamento da nova urg\u00eancia regional para a Pen\u00ednsula de Set\u00fabal. A ministra da Sa\u00fade, Ana Paula Martins, explicou que o Barreiro n\u00e3o tem condi\u00e7\u00f5es para continuar a funcionar. A ministra disse que o encerramento n\u00e3o impede que o servi\u00e7o de obstetr\u00edcia e ginecologia continue a realizar partos programados no Barreiro. A urg\u00eancia regional de obstetr\u00edcia e ginecologia da Pen\u00ednsula de Set\u00fabal vai funcionar no Hospital Garcia de Orta, em Almada, com entrada prevista para mar\u00e7o; haver\u00e1 uma segunda urg\u00eancia para Vila Franca de Xira e Beatriz \u00c2ngelo. A comiss\u00e1ria afirmou ainda que houve atraso na Publica\u00e7\u00e3o do Quadro Global de Refer\u00eancia do SNS para os pr\u00f3ximos anos, e que o contrato com os hospitais deve avan\u00e7ar at\u00e9 ao final de mar\u00e7o.\" \/>\n<meta property=\"og:url\" content=\"https:\/\/portaltela.pt\/noticias\/2026\/02\/24\/urgencia-de-obstetricia-do-barreiro-vai-fechar\/\" \/>\n<meta property=\"og:site_name\" content=\"Portal Tela Portugal\" \/>\n<meta property=\"article:published_time\" content=\"2026-02-24T11:15:00+00:00\" \/>\n<meta name=\"author\" content=\"Telinha\" \/>\n<meta name=\"twitter:card\" content=\"summary_large_image\" \/>\n<meta name=\"twitter:label1\" content=\"Escrito por\" \/>\n\t<meta name=\"twitter:data1\" content=\"Telinha\" \/>\n\t<meta name=\"twitter:label2\" content=\"Tempo estimado de leitura\" \/>\n\t<meta name=\"twitter:data2\" content=\"1 minuto\" \/>\n<script type=\"application\/ld+json\" class=\"yoast-schema-graph\">{\"@context\":\"https:\/\/schema.org\",\"@graph\":[{\"@type\":\"Article\",\"@id\":\"https:\/\/portaltela.pt\/noticias\/2026\/02\/24\/urgencia-de-obstetricia-do-barreiro-vai-fechar\/#article\",\"isPartOf\":{\"@id\":\"https:\/\/portaltela.pt\/noticias\/2026\/02\/24\/urgencia-de-obstetricia-do-barreiro-vai-fechar\/\"},\"author\":{\"name\":\"Telinha\",\"@id\":\"https:\/\/portaltela.pt\/#\/schema\/person\/c4278d4a6028830caff9ee44b42d32ed\"},\"headline\":\"Urg\u00eancia de obstetr\u00edcia do Barreiro vai fechar\",\"datePublished\":\"2026-02-24T11:15:00+00:00\",\"mainEntityOfPage\":{\"@id\":\"https:\/\/portaltela.pt\/noticias\/2026\/02\/24\/urgencia-de-obstetricia-do-barreiro-vai-fechar\/\"},\"wordCount\":294,\"image\":{\"@id\":\"https:\/\/portaltela.pt\/noticias\/2026\/02\/24\/urgencia-de-obstetricia-do-barreiro-vai-fechar\/#primaryimage\"},\"thumbnailUrl\":\"https:\/\/portaltela.pt\/s.01k8rhncp4jt1\/2026\/02\/image-1761.jpg\",\"keywords\":[\"Almada\",\"Barreiro\",\"Beatriz \u00c2ngelo\",\"ginecologia\",\"Obstetr\u00edcia\",\"Pen\u00ednsula de Set\u00fabal\"],\"articleSection\":[\"Not\u00edcias\"],\"inLanguage\":\"pt-PT\"},{\"@type\":\"WebPage\",\"@id\":\"https:\/\/portaltela.pt\/noticias\/2026\/02\/24\/urgencia-de-obstetricia-do-barreiro-vai-fechar\/\",\"url\":\"https:\/\/portaltela.pt\/noticias\/2026\/02\/24\/urgencia-de-obstetricia-do-barreiro-vai-fechar\/\",\"name\":\"Urg\u00eancia de obstetr\u00edcia do Barreiro vai fechar - Portal Tela Portugal\",\"isPartOf\":{\"@id\":\"https:\/\/portaltela.pt\/#website\"},\"primaryImageOfPage\":{\"@id\":\"https:\/\/portaltela.pt\/noticias\/2026\/02\/24\/urgencia-de-obstetricia-do-barreiro-vai-fechar\/#primaryimage\"},\"image\":{\"@id\":\"https:\/\/portaltela.pt\/noticias\/2026\/02\/24\/urgencia-de-obstetricia-do-barreiro-vai-fechar\/#primaryimage\"},\"thumbnailUrl\":\"https:\/\/portaltela.pt\/s.01k8rhncp4jt1\/2026\/02\/image-1761.jpg\",\"datePublished\":\"2026-02-24T11:15:00+00:00\",\"author\":{\"@id\":\"https:\/\/portaltela.pt\/#\/schema\/person\/c4278d4a6028830caff9ee44b42d32ed\"},\"breadcrumb\":{\"@id\":\"https:\/\/portaltela.pt\/noticias\/2026\/02\/24\/urgencia-de-obstetricia-do-barreiro-vai-fechar\/#breadcrumb\"},\"inLanguage\":\"pt-PT\",\"potentialAction\":[{\"@type\":\"ReadAction\",\"target\":[\"https:\/\/portaltela.pt\/noticias\/2026\/02\/24\/urgencia-de-obstetricia-do-barreiro-vai-fechar\/\"]}]},{\"@type\":\"ImageObject\",\"inLanguage\":\"pt-PT\",\"@id\":\"https:\/\/portaltela.pt\/noticias\/2026\/02\/24\/urgencia-de-obstetricia-do-barreiro-vai-fechar\/#primaryimage\",\"url\":\"https:\/\/portaltela.pt\/s.01k8rhncp4jt1\/2026\/02\/image-1761.jpg\",\"contentUrl\":\"https:\/\/portaltela.pt\/s.01k8rhncp4jt1\/2026\/02\/image-1761.jpg\",\"width\":796,\"height\":448,\"caption\":\"Ministra da Sa\u00fade, Ana Paula Martins\"},{\"@type\":\"BreadcrumbList\",\"@id\":\"https:\/\/portaltela.pt\/noticias\/2026\/02\/24\/urgencia-de-obstetricia-do-barreiro-vai-fechar\/#breadcrumb\",\"itemListElement\":[{\"@type\":\"ListItem\",\"position\":1,\"name\":\"In\u00edcio\",\"item\":\"https:\/\/portaltela.pt\/\"},{\"@type\":\"ListItem\",\"position\":2,\"name\":\"Urg\u00eancia de obstetr\u00edcia do Barreiro vai fechar\"}]},{\"@type\":\"WebSite\",\"@id\":\"https:\/\/portaltela.pt\/#website\",\"url\":\"https:\/\/portaltela.pt\/\",\"name\":\"Portal Tela Portugal\",\"description\":\"\",\"potentialAction\":[{\"@type\":\"SearchAction\",\"target\":{\"@type\":\"EntryPoint\",\"urlTemplate\":\"https:\/\/portaltela.pt\/?s={search_term_string}\"},\"query-input\":{\"@type\":\"PropertyValueSpecification\",\"valueRequired\":true,\"valueName\":\"search_term_string\"}}],\"inLanguage\":\"pt-PT\"},{\"@type\":\"Person\",\"@id\":\"https:\/\/portaltela.pt\/#\/schema\/person\/c4278d4a6028830caff9ee44b42d32ed\",\"name\":\"Telinha\",\"image\":{\"@type\":\"ImageObject\",\"inLanguage\":\"pt-PT\",\"@id\":\"https:\/\/portaltela.pt\/s.01k8rhncp4jt1\/2025\/11\/talking-bot-125x125.png\",\"url\":\"https:\/\/portaltela.pt\/s.01k8rhncp4jt1\/2025\/11\/talking-bot-125x125.png\",\"contentUrl\":\"https:\/\/portaltela.pt\/s.01k8rhncp4jt1\/2025\/11\/talking-bot-125x125.png\",\"caption\":\"Telinha\"},\"sameAs\":[\"https:\/\/portaltela.pt\/\"],\"url\":\"https:\/\/portaltela.pt\/por\/367410592786\/\"}]}<\/script>\n<!-- \/ Yoast SEO plugin. -->","yoast_head_json":{"title":"Urg\u00eancia de obstetr\u00edcia do Barreiro vai fechar - Portal Tela Portugal","robots":{"index":"index","follow":"follow","max-snippet":"max-snippet:-1","max-image-preview":"max-image-preview:large","max-video-preview":"max-video-preview:-1"},"og_locale":"pt_PT","og_type":"article","og_title":"Urg\u00eancia de obstetr\u00edcia do Barreiro vai fechar - Portal Tela Portugal","og_description":"A urg\u00eancia de obstetr\u00edcia e ginecologia do Hospital do Barreiro vai encerrar, em mar\u00e7o, com a entrada em funcionamento da nova urg\u00eancia regional para a Pen\u00ednsula de Set\u00fabal. A ministra da Sa\u00fade, Ana Paula Martins, explicou que o Barreiro n\u00e3o tem condi\u00e7\u00f5es para continuar a funcionar. A ministra disse que o encerramento n\u00e3o impede que o servi\u00e7o de obstetr\u00edcia e ginecologia continue a realizar partos programados no Barreiro. A urg\u00eancia regional de obstetr\u00edcia e ginecologia da Pen\u00ednsula de Set\u00fabal vai funcionar no Hospital Garcia de Orta, em Almada, com entrada prevista para mar\u00e7o; haver\u00e1 uma segunda urg\u00eancia para Vila Franca de Xira e Beatriz \u00c2ngelo. A comiss\u00e1ria afirmou ainda que houve atraso na Publica\u00e7\u00e3o do Quadro Global de Refer\u00eancia do SNS para os pr\u00f3ximos anos, e que o contrato com os hospitais deve avan\u00e7ar at\u00e9 ao final de mar\u00e7o.","og_url":"https:\/\/portaltela.pt\/noticias\/2026\/02\/24\/urgencia-de-obstetricia-do-barreiro-vai-fechar\/","og_site_name":"Portal Tela Portugal","article_published_time":"2026-02-24T11:15:00+00:00","author":"Telinha","twitter_card":"summary_large_image","twitter_misc":{"Escrito por":"Telinha","Tempo estimado de leitura":"1 minuto"},"schema":{"@context":"https:\/\/schema.org","@graph":[{"@type":"Article","@id":"https:\/\/portaltela.pt\/noticias\/2026\/02\/24\/urgencia-de-obstetricia-do-barreiro-vai-fechar\/#article","isPartOf":{"@id":"https:\/\/portaltela.pt\/noticias\/2026\/02\/24\/urgencia-de-obstetricia-do-barreiro-vai-fechar\/"},"author":{"name":"Telinha","@id":"https:\/\/portaltela.pt\/#\/schema\/person\/c4278d4a6028830caff9ee44b42d32ed"},"headline":"Urg\u00eancia de obstetr\u00edcia do Barreiro vai fechar","datePublished":"2026-02-24T11:15:00+00:00","mainEntityOfPage":{"@id":"https:\/\/portaltela.pt\/noticias\/2026\/02\/24\/urgencia-de-obstetricia-do-barreiro-vai-fechar\/"},"wordCount":294,"image":{"@id":"https:\/\/portaltela.pt\/noticias\/2026\/02\/24\/urgencia-de-obstetricia-do-barreiro-vai-fechar\/#primaryimage"},"thumbnailUrl":"https:\/\/portaltela.pt\/s.01k8rhncp4jt1\/2026\/02\/image-1761.jpg","keywords":["Almada","Barreiro","Beatriz \u00c2ngelo","ginecologia","Obstetr\u00edcia","Pen\u00ednsula de Set\u00fabal"],"articleSection":["Not\u00edcias"],"inLanguage":"pt-PT"},{"@type":"WebPage","@id":"https:\/\/portaltela.pt\/noticias\/2026\/02\/24\/urgencia-de-obstetricia-do-barreiro-vai-fechar\/","url":"https:\/\/portaltela.pt\/noticias\/2026\/02\/24\/urgencia-de-obstetricia-do-barreiro-vai-fechar\/","name":"Urg\u00eancia de obstetr\u00edcia do Barreiro vai fechar - Portal Tela Portugal","isPartOf":{"@id":"https:\/\/portaltela.pt\/#website"},"primaryImageOfPage":{"@id":"https:\/\/portaltela.pt\/noticias\/2026\/02\/24\/urgencia-de-obstetricia-do-barreiro-vai-fechar\/#primaryimage"},"image":{"@id":"https:\/\/portaltela.pt\/noticias\/2026\/02\/24\/urgencia-de-obstetricia-do-barreiro-vai-fechar\/#primaryimage"},"thumbnailUrl":"https:\/\/portaltela.pt\/s.01k8rhncp4jt1\/2026\/02\/image-1761.jpg","datePublished":"2026-02-24T11:15:00+00:00","author":{"@id":"https:\/\/portaltela.pt\/#\/schema\/person\/c4278d4a6028830caff9ee44b42d32ed"},"breadcrumb":{"@id":"https:\/\/portaltela.pt\/noticias\/2026\/02\/24\/urgencia-de-obstetricia-do-barreiro-vai-fechar\/#breadcrumb"},"inLanguage":"pt-PT","potentialAction":[{"@type":"ReadAction","target":["https:\/\/portaltela.pt\/noticias\/2026\/02\/24\/urgencia-de-obstetricia-do-barreiro-vai-fechar\/"]}]},{"@type":"ImageObject","inLanguage":"pt-PT","@id":"https:\/\/portaltela.pt\/noticias\/2026\/02\/24\/urgencia-de-obstetricia-do-barreiro-vai-fechar\/#primaryimage","url":"https:\/\/portaltela.pt\/s.01k8rhncp4jt1\/2026\/02\/image-1761.jpg","contentUrl":"https:\/\/portaltela.pt\/s.01k8rhncp4jt1\/2026\/02\/image-1761.jpg","width":796,"height":448,"caption":"Ministra da Sa\u00fade, Ana Paula Martins"},{"@type":"BreadcrumbList","@id":"https:\/\/portaltela.pt\/noticias\/2026\/02\/24\/urgencia-de-obstetricia-do-barreiro-vai-fechar\/#breadcrumb","itemListElement":[{"@type":"ListItem","position":1,"name":"In\u00edcio","item":"https:\/\/portaltela.pt\/"},{"@type":"ListItem","position":2,"name":"Urg\u00eancia de obstetr\u00edcia do Barreiro vai fechar"}]},{"@type":"WebSite","@id":"https:\/\/portaltela.pt\/#website","url":"https:\/\/portaltela.pt\/","name":"Portal Tela Portugal","description":"","potentialAction":[{"@type":"SearchAction","target":{"@type":"EntryPoint","urlTemplate":"https:\/\/portaltela.pt\/?s={search_term_string}"},"query-input":{"@type":"PropertyValueSpecification","valueRequired":true,"valueName":"search_term_string"}}],"inLanguage":"pt-PT"},{"@type":"Person","@id":"https:\/\/portaltela.pt\/#\/schema\/person\/c4278d4a6028830caff9ee44b42d32ed","name":"Telinha","image":{"@type":"ImageObject","inLanguage":"pt-PT","@id":"https:\/\/portaltela.pt\/s.01k8rhncp4jt1\/2025\/11\/talking-bot-125x125.png","url":"https:\/\/portaltela.pt\/s.01k8rhncp4jt1\/2025\/11\/talking-bot-125x125.png","contentUrl":"https:\/\/portaltela.pt\/s.01k8rhncp4jt1\/2025\/11\/talking-bot-125x125.png","caption":"Telinha"},"sameAs":["https:\/\/portaltela.pt\/"],"url":"https:\/\/portaltela.pt\/por\/367410592786\/"}]}},"_links":{"self":[{"href":"https:\/\/portaltela.pt\/api\/wp\/v2\/posts\/224034","targetHints":{"allow":["GET"]}}],"collection":[{"href":"https:\/\/portaltela.pt\/api\/wp\/v2\/posts"}],"about":[{"href":"https:\/\/portaltela.pt\/api\/wp\/v2\/types\/post"}],"author":[{"embeddable":true,"href":"https:\/\/portaltela.pt\/api\/wp\/v2\/users\/2"}],"replies":[{"embeddable":true,"href":"https:\/\/portaltela.pt\/api\/wp\/v2\/comments?post=224034"}],"version-history":[{"count":0,"href":"https:\/\/portaltela.pt\/api\/wp\/v2\/posts\/224034\/revisions"}],"wp:featuredmedia":[{"embeddable":true,"href":"https:\/\/portaltela.pt\/api\/wp\/v2\/media\/224050"}],"wp:attachment":[{"href":"https:\/\/portaltela.pt\/api\/wp\/v2\/media?parent=224034"}],"wp:term":[{"taxonomy":"category","embeddable":true,"href":"https:\/\/portaltela.pt\/api\/wp\/v2\/categories?post=224034"},{"taxonomy":"post_tag","embeddable":true,"href":"https:\/\/portaltela.pt\/api\/wp\/v2\/tags?post=224034"}],"curies":[{"name":"wp","href":"https:\/\/api.w.org\/{rel}","templated":true}]}}