{"id":223996,"date":"2026-02-24T07:55:17","date_gmt":"2026-02-24T10:55:17","guid":{"rendered":"https:\/\/portaltela.pt\/noticias\/2026\/02\/24\/zelensky-assinala-quatro-anos-de-guerra-e-elogia-a-resistencia-ucraniana\/"},"modified":"2026-02-24T07:55:17","modified_gmt":"2026-02-24T10:55:17","slug":"zelensky-assinala-quatro-anos-de-guerra-e-elogia-a-resistencia-ucraniana","status":"publish","type":"post","link":"https:\/\/portaltela.pt\/noticias\/internacional\/2026\/02\/24\/zelensky-assinala-quatro-anos-de-guerra-e-elogia-a-resistencia-ucraniana\/","title":{"rendered":"Zelensky assinala quatro anos de guerra e elogia a resist\u00eancia ucraniana"},"content":{"rendered":"<p>O presidente da Ucr\u00e2nia, Volodymyr Zelensky, deixou uma mensagem na ter\u00e7a-feira para assinalar os quatro anos da invas\u00e3o russa, na Ucr\u00e2nia, ressaltando a resist\u00eancia do povo e o desejo de paz.<\/p>\n<p>Zelensky elogiou a capacidade de resist\u00eancia do pa\u00eds e reiterou que a na\u00e7\u00e3o continua firme diante do conflito, aspirando a uma resolu\u00e7\u00e3o que ponha fim \u00e0s hostilidades em breve.<\/p>\n<p>O marco corresponde ao quarto anivers\u00e1rio da invas\u00e3o iniciada em fevereiro de 2022, com impactos no territ\u00f3rio ucraniano. O presidente enfatizou o desejo de que a paz seja alcan\u00e7ada o mais r\u00e1pido poss\u00edvel.<\/p>\n","protected":false},"excerpt":{"rendered":"<ul>\n<li>Zelensky assinala os quatro anos da invas\u00e3o russa da Ucr\u00e2nia.<\/li>\n<li>O presidente ucraniano elogia a resist\u00eancia do povo ucraniano.<\/li>\n<li>A mensagem expressa o desejo de que a paz seja alcan\u00e7ada em breve.<\/li>\n<li>A declara\u00e7\u00e3o foi divulgada nesta ter\u00e7a-feira, 24 de fevereiro.<\/li>\n<\/ul>\n","protected":false},"author":2,"featured_media":224003,"comment_status":"closed","ping_status":"closed","sticky":false,"template":"","format":"standard","meta":{"footnotes":""},"categories":[4,1],"tags":[254,2198,62,5698,2134,4833],"class_list":["post-223996","post","type-post","status-publish","format-standard","has-post-thumbnail","hentry","category-internacional","category-noticias","tag-conflito","tag-conflitos-internacionais","tag-guerra","tag-politica-internacional","tag-ucrania","tag-volodymyr-zelenski"],"yoast_head":"<!-- This site is optimized with the Yoast SEO plugin v27.2 - https:\/\/yoast.com\/product\/yoast-seo-wordpress\/ -->\n<title>Zelensky assinala quatro anos de guerra e elogia a resist\u00eancia ucraniana - Portal Tela Portugal<\/title>\n<meta name=\"robots\" content=\"index, follow, max-snippet:-1, max-image-preview:large, max-video-preview:-1\" \/>\n<meta property=\"og:locale\" content=\"pt_PT\" \/>\n<meta property=\"og:type\" content=\"article\" \/>\n<meta property=\"og:title\" content=\"Zelensky assinala quatro anos de guerra e elogia a resist\u00eancia ucraniana - Portal Tela Portugal\" \/>\n<meta property=\"og:description\" content=\"Zelensky assinala os quatro anos da invas\u00e3o russa da Ucr\u00e2nia. O presidente ucraniano elogia a resist\u00eancia do povo ucraniano. A mensagem expressa o desejo de que a paz seja alcan\u00e7ada em breve. A declara\u00e7\u00e3o foi divulgada nesta ter\u00e7a-feira, 24 de fevereiro.\" \/>\n<meta property=\"og:url\" content=\"https:\/\/portaltela.pt\/noticias\/2026\/02\/24\/zelensky-assinala-quatro-anos-de-guerra-e-elogia-a-resistencia-ucraniana\/\" \/>\n<meta property=\"og:site_name\" content=\"Portal Tela Portugal\" \/>\n<meta property=\"article:published_time\" content=\"2026-02-24T10:55:17+00:00\" \/>\n<meta name=\"author\" content=\"Telinha\" \/>\n<meta name=\"twitter:card\" content=\"summary_large_image\" \/>\n<meta name=\"twitter:label1\" content=\"Escrito por\" \/>\n\t<meta name=\"twitter:data1\" content=\"Telinha\" \/>\n\t<meta name=\"twitter:label2\" content=\"Tempo estimado de leitura\" \/>\n\t<meta name=\"twitter:data2\" content=\"1 minuto\" \/>\n<script type=\"application\/ld+json\" class=\"yoast-schema-graph\">{\"@context\":\"https:\/\/schema.org\",\"@graph\":[{\"@type\":\"Article\",\"@id\":\"https:\/\/portaltela.pt\/noticias\/2026\/02\/24\/zelensky-assinala-quatro-anos-de-guerra-e-elogia-a-resistencia-ucraniana\/#article\",\"isPartOf\":{\"@id\":\"https:\/\/portaltela.pt\/noticias\/2026\/02\/24\/zelensky-assinala-quatro-anos-de-guerra-e-elogia-a-resistencia-ucraniana\/\"},\"author\":{\"name\":\"Telinha\",\"@id\":\"https:\/\/portaltela.pt\/#\/schema\/person\/c4278d4a6028830caff9ee44b42d32ed\"},\"headline\":\"Zelensky assinala quatro anos de guerra e elogia a resist\u00eancia ucraniana\",\"datePublished\":\"2026-02-24T10:55:17+00:00\",\"mainEntityOfPage\":{\"@id\":\"https:\/\/portaltela.pt\/noticias\/2026\/02\/24\/zelensky-assinala-quatro-anos-de-guerra-e-elogia-a-resistencia-ucraniana\/\"},\"wordCount\":119,\"image\":{\"@id\":\"https:\/\/portaltela.pt\/noticias\/2026\/02\/24\/zelensky-assinala-quatro-anos-de-guerra-e-elogia-a-resistencia-ucraniana\/#primaryimage\"},\"thumbnailUrl\":\"https:\/\/portaltela.pt\/s.01k8rhncp4jt1\/2026\/02\/img_1200x721uu2026-02-24-10-53-23-2423402.jpg\",\"keywords\":[\"conflito\",\"conflitos internacionais\",\"guerra\",\"pol\u00edtica internacional\",\"Ucr\u00e2nia\",\"Volodymyr Zelenski\"],\"articleSection\":[\"Internacional\",\"Not\u00edcias\"],\"inLanguage\":\"pt-PT\"},{\"@type\":\"WebPage\",\"@id\":\"https:\/\/portaltela.pt\/noticias\/2026\/02\/24\/zelensky-assinala-quatro-anos-de-guerra-e-elogia-a-resistencia-ucraniana\/\",\"url\":\"https:\/\/portaltela.pt\/noticias\/2026\/02\/24\/zelensky-assinala-quatro-anos-de-guerra-e-elogia-a-resistencia-ucraniana\/\",\"name\":\"Zelensky assinala quatro anos de guerra e elogia a resist\u00eancia ucraniana - Portal Tela Portugal\",\"isPartOf\":{\"@id\":\"https:\/\/portaltela.pt\/#website\"},\"primaryImageOfPage\":{\"@id\":\"https:\/\/portaltela.pt\/noticias\/2026\/02\/24\/zelensky-assinala-quatro-anos-de-guerra-e-elogia-a-resistencia-ucraniana\/#primaryimage\"},\"image\":{\"@id\":\"https:\/\/portaltela.pt\/noticias\/2026\/02\/24\/zelensky-assinala-quatro-anos-de-guerra-e-elogia-a-resistencia-ucraniana\/#primaryimage\"},\"thumbnailUrl\":\"https:\/\/portaltela.pt\/s.01k8rhncp4jt1\/2026\/02\/img_1200x721uu2026-02-24-10-53-23-2423402.jpg\",\"datePublished\":\"2026-02-24T10:55:17+00:00\",\"author\":{\"@id\":\"https:\/\/portaltela.pt\/#\/schema\/person\/c4278d4a6028830caff9ee44b42d32ed\"},\"breadcrumb\":{\"@id\":\"https:\/\/portaltela.pt\/noticias\/2026\/02\/24\/zelensky-assinala-quatro-anos-de-guerra-e-elogia-a-resistencia-ucraniana\/#breadcrumb\"},\"inLanguage\":\"pt-PT\",\"potentialAction\":[{\"@type\":\"ReadAction\",\"target\":[\"https:\/\/portaltela.pt\/noticias\/2026\/02\/24\/zelensky-assinala-quatro-anos-de-guerra-e-elogia-a-resistencia-ucraniana\/\"]}]},{\"@type\":\"ImageObject\",\"inLanguage\":\"pt-PT\",\"@id\":\"https:\/\/portaltela.pt\/noticias\/2026\/02\/24\/zelensky-assinala-quatro-anos-de-guerra-e-elogia-a-resistencia-ucraniana\/#primaryimage\",\"url\":\"https:\/\/portaltela.pt\/s.01k8rhncp4jt1\/2026\/02\/img_1200x721uu2026-02-24-10-53-23-2423402.jpg\",\"contentUrl\":\"https:\/\/portaltela.pt\/s.01k8rhncp4jt1\/2026\/02\/img_1200x721uu2026-02-24-10-53-23-2423402.jpg\",\"width\":796,\"height\":448,\"caption\":\"\u00abPutin n\u00e3o quebrou os ucranianos\u00bb: Zelensky assinala os quatro anos de guerra e elogia resist\u00eancia da Ucr\u00e2nia\"},{\"@type\":\"BreadcrumbList\",\"@id\":\"https:\/\/portaltela.pt\/noticias\/2026\/02\/24\/zelensky-assinala-quatro-anos-de-guerra-e-elogia-a-resistencia-ucraniana\/#breadcrumb\",\"itemListElement\":[{\"@type\":\"ListItem\",\"position\":1,\"name\":\"In\u00edcio\",\"item\":\"https:\/\/portaltela.pt\/\"},{\"@type\":\"ListItem\",\"position\":2,\"name\":\"Zelensky assinala quatro anos de guerra e elogia a resist\u00eancia ucraniana\"}]},{\"@type\":\"WebSite\",\"@id\":\"https:\/\/portaltela.pt\/#website\",\"url\":\"https:\/\/portaltela.pt\/\",\"name\":\"Portal Tela Portugal\",\"description\":\"\",\"potentialAction\":[{\"@type\":\"SearchAction\",\"target\":{\"@type\":\"EntryPoint\",\"urlTemplate\":\"https:\/\/portaltela.pt\/?s={search_term_string}\"},\"query-input\":{\"@type\":\"PropertyValueSpecification\",\"valueRequired\":true,\"valueName\":\"search_term_string\"}}],\"inLanguage\":\"pt-PT\"},{\"@type\":\"Person\",\"@id\":\"https:\/\/portaltela.pt\/#\/schema\/person\/c4278d4a6028830caff9ee44b42d32ed\",\"name\":\"Telinha\",\"image\":{\"@type\":\"ImageObject\",\"inLanguage\":\"pt-PT\",\"@id\":\"https:\/\/portaltela.pt\/s.01k8rhncp4jt1\/2025\/11\/talking-bot-125x125.png\",\"url\":\"https:\/\/portaltela.pt\/s.01k8rhncp4jt1\/2025\/11\/talking-bot-125x125.png\",\"contentUrl\":\"https:\/\/portaltela.pt\/s.01k8rhncp4jt1\/2025\/11\/talking-bot-125x125.png\",\"caption\":\"Telinha\"},\"sameAs\":[\"https:\/\/portaltela.pt\/\"],\"url\":\"https:\/\/portaltela.pt\/por\/367410592786\/\"}]}<\/script>\n<!-- \/ Yoast SEO plugin. -->","yoast_head_json":{"title":"Zelensky assinala quatro anos de guerra e elogia a resist\u00eancia ucraniana - Portal Tela Portugal","robots":{"index":"index","follow":"follow","max-snippet":"max-snippet:-1","max-image-preview":"max-image-preview:large","max-video-preview":"max-video-preview:-1"},"og_locale":"pt_PT","og_type":"article","og_title":"Zelensky assinala quatro anos de guerra e elogia a resist\u00eancia ucraniana - Portal Tela Portugal","og_description":"Zelensky assinala os quatro anos da invas\u00e3o russa da Ucr\u00e2nia. O presidente ucraniano elogia a resist\u00eancia do povo ucraniano. A mensagem expressa o desejo de que a paz seja alcan\u00e7ada em breve. A declara\u00e7\u00e3o foi divulgada nesta ter\u00e7a-feira, 24 de fevereiro.","og_url":"https:\/\/portaltela.pt\/noticias\/2026\/02\/24\/zelensky-assinala-quatro-anos-de-guerra-e-elogia-a-resistencia-ucraniana\/","og_site_name":"Portal Tela Portugal","article_published_time":"2026-02-24T10:55:17+00:00","author":"Telinha","twitter_card":"summary_large_image","twitter_misc":{"Escrito por":"Telinha","Tempo estimado de leitura":"1 minuto"},"schema":{"@context":"https:\/\/schema.org","@graph":[{"@type":"Article","@id":"https:\/\/portaltela.pt\/noticias\/2026\/02\/24\/zelensky-assinala-quatro-anos-de-guerra-e-elogia-a-resistencia-ucraniana\/#article","isPartOf":{"@id":"https:\/\/portaltela.pt\/noticias\/2026\/02\/24\/zelensky-assinala-quatro-anos-de-guerra-e-elogia-a-resistencia-ucraniana\/"},"author":{"name":"Telinha","@id":"https:\/\/portaltela.pt\/#\/schema\/person\/c4278d4a6028830caff9ee44b42d32ed"},"headline":"Zelensky assinala quatro anos de guerra e elogia a resist\u00eancia ucraniana","datePublished":"2026-02-24T10:55:17+00:00","mainEntityOfPage":{"@id":"https:\/\/portaltela.pt\/noticias\/2026\/02\/24\/zelensky-assinala-quatro-anos-de-guerra-e-elogia-a-resistencia-ucraniana\/"},"wordCount":119,"image":{"@id":"https:\/\/portaltela.pt\/noticias\/2026\/02\/24\/zelensky-assinala-quatro-anos-de-guerra-e-elogia-a-resistencia-ucraniana\/#primaryimage"},"thumbnailUrl":"https:\/\/portaltela.pt\/s.01k8rhncp4jt1\/2026\/02\/img_1200x721uu2026-02-24-10-53-23-2423402.jpg","keywords":["conflito","conflitos internacionais","guerra","pol\u00edtica internacional","Ucr\u00e2nia","Volodymyr Zelenski"],"articleSection":["Internacional","Not\u00edcias"],"inLanguage":"pt-PT"},{"@type":"WebPage","@id":"https:\/\/portaltela.pt\/noticias\/2026\/02\/24\/zelensky-assinala-quatro-anos-de-guerra-e-elogia-a-resistencia-ucraniana\/","url":"https:\/\/portaltela.pt\/noticias\/2026\/02\/24\/zelensky-assinala-quatro-anos-de-guerra-e-elogia-a-resistencia-ucraniana\/","name":"Zelensky assinala quatro anos de guerra e elogia a resist\u00eancia ucraniana - Portal Tela Portugal","isPartOf":{"@id":"https:\/\/portaltela.pt\/#website"},"primaryImageOfPage":{"@id":"https:\/\/portaltela.pt\/noticias\/2026\/02\/24\/zelensky-assinala-quatro-anos-de-guerra-e-elogia-a-resistencia-ucraniana\/#primaryimage"},"image":{"@id":"https:\/\/portaltela.pt\/noticias\/2026\/02\/24\/zelensky-assinala-quatro-anos-de-guerra-e-elogia-a-resistencia-ucraniana\/#primaryimage"},"thumbnailUrl":"https:\/\/portaltela.pt\/s.01k8rhncp4jt1\/2026\/02\/img_1200x721uu2026-02-24-10-53-23-2423402.jpg","datePublished":"2026-02-24T10:55:17+00:00","author":{"@id":"https:\/\/portaltela.pt\/#\/schema\/person\/c4278d4a6028830caff9ee44b42d32ed"},"breadcrumb":{"@id":"https:\/\/portaltela.pt\/noticias\/2026\/02\/24\/zelensky-assinala-quatro-anos-de-guerra-e-elogia-a-resistencia-ucraniana\/#breadcrumb"},"inLanguage":"pt-PT","potentialAction":[{"@type":"ReadAction","target":["https:\/\/portaltela.pt\/noticias\/2026\/02\/24\/zelensky-assinala-quatro-anos-de-guerra-e-elogia-a-resistencia-ucraniana\/"]}]},{"@type":"ImageObject","inLanguage":"pt-PT","@id":"https:\/\/portaltela.pt\/noticias\/2026\/02\/24\/zelensky-assinala-quatro-anos-de-guerra-e-elogia-a-resistencia-ucraniana\/#primaryimage","url":"https:\/\/portaltela.pt\/s.01k8rhncp4jt1\/2026\/02\/img_1200x721uu2026-02-24-10-53-23-2423402.jpg","contentUrl":"https:\/\/portaltela.pt\/s.01k8rhncp4jt1\/2026\/02\/img_1200x721uu2026-02-24-10-53-23-2423402.jpg","width":796,"height":448,"caption":"\u00abPutin n\u00e3o quebrou os ucranianos\u00bb: Zelensky assinala os quatro anos de guerra e elogia resist\u00eancia da Ucr\u00e2nia"},{"@type":"BreadcrumbList","@id":"https:\/\/portaltela.pt\/noticias\/2026\/02\/24\/zelensky-assinala-quatro-anos-de-guerra-e-elogia-a-resistencia-ucraniana\/#breadcrumb","itemListElement":[{"@type":"ListItem","position":1,"name":"In\u00edcio","item":"https:\/\/portaltela.pt\/"},{"@type":"ListItem","position":2,"name":"Zelensky assinala quatro anos de guerra e elogia a resist\u00eancia ucraniana"}]},{"@type":"WebSite","@id":"https:\/\/portaltela.pt\/#website","url":"https:\/\/portaltela.pt\/","name":"Portal Tela Portugal","description":"","potentialAction":[{"@type":"SearchAction","target":{"@type":"EntryPoint","urlTemplate":"https:\/\/portaltela.pt\/?s={search_term_string}"},"query-input":{"@type":"PropertyValueSpecification","valueRequired":true,"valueName":"search_term_string"}}],"inLanguage":"pt-PT"},{"@type":"Person","@id":"https:\/\/portaltela.pt\/#\/schema\/person\/c4278d4a6028830caff9ee44b42d32ed","name":"Telinha","image":{"@type":"ImageObject","inLanguage":"pt-PT","@id":"https:\/\/portaltela.pt\/s.01k8rhncp4jt1\/2025\/11\/talking-bot-125x125.png","url":"https:\/\/portaltela.pt\/s.01k8rhncp4jt1\/2025\/11\/talking-bot-125x125.png","contentUrl":"https:\/\/portaltela.pt\/s.01k8rhncp4jt1\/2025\/11\/talking-bot-125x125.png","caption":"Telinha"},"sameAs":["https:\/\/portaltela.pt\/"],"url":"https:\/\/portaltela.pt\/por\/367410592786\/"}]}},"_links":{"self":[{"href":"https:\/\/portaltela.pt\/api\/wp\/v2\/posts\/223996","targetHints":{"allow":["GET"]}}],"collection":[{"href":"https:\/\/portaltela.pt\/api\/wp\/v2\/posts"}],"about":[{"href":"https:\/\/portaltela.pt\/api\/wp\/v2\/types\/post"}],"author":[{"embeddable":true,"href":"https:\/\/portaltela.pt\/api\/wp\/v2\/users\/2"}],"replies":[{"embeddable":true,"href":"https:\/\/portaltela.pt\/api\/wp\/v2\/comments?post=223996"}],"version-history":[{"count":0,"href":"https:\/\/portaltela.pt\/api\/wp\/v2\/posts\/223996\/revisions"}],"wp:featuredmedia":[{"embeddable":true,"href":"https:\/\/portaltela.pt\/api\/wp\/v2\/media\/224003"}],"wp:attachment":[{"href":"https:\/\/portaltela.pt\/api\/wp\/v2\/media?parent=223996"}],"wp:term":[{"taxonomy":"category","embeddable":true,"href":"https:\/\/portaltela.pt\/api\/wp\/v2\/categories?post=223996"},{"taxonomy":"post_tag","embeddable":true,"href":"https:\/\/portaltela.pt\/api\/wp\/v2\/tags?post=223996"}],"curies":[{"name":"wp","href":"https:\/\/api.w.org\/{rel}","templated":true}]}}