{"id":223980,"date":"2026-02-24T07:53:00","date_gmt":"2026-02-24T10:53:00","guid":{"rendered":"https:\/\/portaltela.pt\/noticias\/2026\/02\/24\/pedro-proenca-completa-um-ano-de-mandato-na-fpf\/"},"modified":"2026-02-24T07:53:00","modified_gmt":"2026-02-24T10:53:00","slug":"pedro-proenca-completa-um-ano-de-mandato-na-fpf","status":"publish","type":"post","link":"https:\/\/portaltela.pt\/desporto\/futebol\/2026\/02\/24\/pedro-proenca-completa-um-ano-de-mandato-na-fpf\/","title":{"rendered":"Pedro Proen\u00e7a completa um ano de mandato na FPF"},"content":{"rendered":"<p>Pedro Proen\u00e7a celebra um ano \u00e0 frente da Federa\u00e7\u00e3o Portuguesa de Futebol (FPF). A dire\u00e7\u00e3o aborda um per\u00edodo marcado por vit\u00f3rias nacionais e desafios, refletindo sobre o trabalho realizado e os pr\u00f3ximos passos.<\/p>\n<p>O presidente destacou os resultados das sele\u00e7\u00f5es portuguesas, com cinco t\u00edtulos internacionais em sete finais. Tamb\u00e9m enalteceu o contributo de jogadores como Diogo Jota, Andr\u00e9 Silva e Jorge Costa ao longo do ano.<\/p>\n<p>Para al\u00e9m do sucesso desportivo, a dire\u00e7\u00e3o aponta avan\u00e7os institucionais. Entre eles, a melhoria do modelo de governa\u00e7\u00e3o, o ecossistema empresarial da FPF e a proximidade aos s\u00f3cios. O evento Portugal Football Summit foi citado como marco internacional.<\/p>\n<h3>Conquistas desportivas e institucionaliza\u00e7\u00e3o<\/h3>\n<p>Proen\u00e7a referiu que o desempenho das sele\u00e7\u00f5es no Futebol, Futsal, Futebol de Praia e em ambos os g\u00e9neros consolidou a nova Cultura de Vit\u00f3ria. O trabalho conjunto com clubes, associa\u00e7\u00f5es distritais e regionais foi tido como fundamental.<\/p>\n<p>A dire\u00e7\u00e3o aponta ainda melhorias fora do campo: realiza\u00e7\u00e3o de grandes congressos, alinhamento estrat\u00e9gico com a Dire\u00e7\u00e3o T\u00e9cnica Nacional e uma vis\u00e3o partilhada para o futuro. O objetivo \u00e9 manter Portugal competitivo a n\u00edvel mundial.<\/p>\n<h3>Perspectivas e pr\u00f3ximos desafios<\/h3>\n<p>Entre as prioridades futuras, o presidente mencionou a cria\u00e7\u00e3o de um novo modelo de financiamento para o futebol e o desenvolvimento de uma Universidade do Futebol. A gest\u00e3o pretende manter a ambi\u00e7\u00e3o sem perder a responsabilidade.<\/p>\n","protected":false},"excerpt":{"rendered":"<ul>\n<li>Pedro Proen\u00e7a celebra um ano de mandato \u00e0 frente da Federa\u00e7\u00e3o Portuguesa de Futebol (FPF).<\/li>\n<li>O presidente destaca o trabalho intenso, vit\u00f3rias e desafios, incluindo as partidas de Diogo Jota, Andr\u00e9 Silva e Jorge Costa.<\/li>\n<li>As sele\u00e7\u00f5es nacionais somaram cinco t\u00edtulos internacionais em sete finais, em v\u00e1rias modalidades (Futebol, Futsal, Futebol de Praia) e categorias masculina e feminina.<\/li>\n<li>A FPF diz ter criado um novo ecossistema empresarial, com modelo de governa\u00e7\u00e3o e maior proximidade aos s\u00f3cios, al\u00e9m de ter promovido o Portugal Football Summit e o Congresso do Futebol Portugu\u00eas.<\/li>\n<li>O futuro passa por novos modelos de financiamento, uma ind\u00fastria mais competitiva e sustent\u00e1vel, a cria\u00e7\u00e3o da Universidade do Futebol e a continuidade de uma Cultura de Vit\u00f3ria.<\/li>\n<\/ul>\n","protected":false},"author":2,"featured_media":223994,"comment_status":"closed","ping_status":"closed","sticky":false,"template":"","format":"standard","meta":{"footnotes":""},"categories":[21,24],"tags":[152,2705,32,2497,2057],"class_list":["post-223980","post","type-post","status-publish","format-standard","has-post-thumbnail","hentry","category-desporto","category-futebol","tag-desporto","tag-federacao-portuguesa-de-futebol","tag-futebol","tag-governacao","tag-selecao-nacional"],"yoast_head":"<!-- This site is optimized with the Yoast SEO plugin v27.2 - https:\/\/yoast.com\/product\/yoast-seo-wordpress\/ -->\n<title>Pedro Proen\u00e7a completa um ano de mandato na FPF - Portal Tela Portugal<\/title>\n<meta name=\"robots\" content=\"index, follow, max-snippet:-1, max-image-preview:large, max-video-preview:-1\" \/>\n<meta property=\"og:locale\" content=\"pt_PT\" \/>\n<meta property=\"og:type\" content=\"article\" \/>\n<meta property=\"og:title\" content=\"Pedro Proen\u00e7a completa um ano de mandato na FPF - Portal Tela Portugal\" \/>\n<meta property=\"og:description\" content=\"Pedro Proen\u00e7a celebra um ano de mandato \u00e0 frente da Federa\u00e7\u00e3o Portuguesa de Futebol (FPF). O presidente destaca o trabalho intenso, vit\u00f3rias e desafios, incluindo as partidas de Diogo Jota, Andr\u00e9 Silva e Jorge Costa. As sele\u00e7\u00f5es nacionais somaram cinco t\u00edtulos internacionais em sete finais, em v\u00e1rias modalidades (Futebol, Futsal, Futebol de Praia) e categorias masculina e feminina. A FPF diz ter criado um novo ecossistema empresarial, com modelo de governa\u00e7\u00e3o e maior proximidade aos s\u00f3cios, al\u00e9m de ter promovido o Portugal Football Summit e o Congresso do Futebol Portugu\u00eas. O futuro passa por novos modelos de financiamento, uma ind\u00fastria mais competitiva e sustent\u00e1vel, a cria\u00e7\u00e3o da Universidade do Futebol e a continuidade de uma Cultura de Vit\u00f3ria.\" \/>\n<meta property=\"og:url\" content=\"https:\/\/portaltela.pt\/noticias\/2026\/02\/24\/pedro-proenca-completa-um-ano-de-mandato-na-fpf\/\" \/>\n<meta property=\"og:site_name\" content=\"Portal Tela Portugal\" \/>\n<meta property=\"article:published_time\" content=\"2026-02-24T10:53:00+00:00\" \/>\n<meta name=\"author\" content=\"Telinha\" \/>\n<meta name=\"twitter:card\" content=\"summary_large_image\" \/>\n<meta name=\"twitter:label1\" content=\"Escrito por\" \/>\n\t<meta name=\"twitter:data1\" content=\"Telinha\" \/>\n\t<meta name=\"twitter:label2\" content=\"Tempo estimado de leitura\" \/>\n\t<meta name=\"twitter:data2\" content=\"1 minuto\" \/>\n<script type=\"application\/ld+json\" class=\"yoast-schema-graph\">{\"@context\":\"https:\/\/schema.org\",\"@graph\":[{\"@type\":\"Article\",\"@id\":\"https:\/\/portaltela.pt\/noticias\/2026\/02\/24\/pedro-proenca-completa-um-ano-de-mandato-na-fpf\/#article\",\"isPartOf\":{\"@id\":\"https:\/\/portaltela.pt\/noticias\/2026\/02\/24\/pedro-proenca-completa-um-ano-de-mandato-na-fpf\/\"},\"author\":{\"name\":\"Telinha\",\"@id\":\"https:\/\/portaltela.pt\/#\/schema\/person\/c4278d4a6028830caff9ee44b42d32ed\"},\"headline\":\"Pedro Proen\u00e7a completa um ano de mandato na FPF\",\"datePublished\":\"2026-02-24T10:53:00+00:00\",\"mainEntityOfPage\":{\"@id\":\"https:\/\/portaltela.pt\/noticias\/2026\/02\/24\/pedro-proenca-completa-um-ano-de-mandato-na-fpf\/\"},\"wordCount\":259,\"image\":{\"@id\":\"https:\/\/portaltela.pt\/noticias\/2026\/02\/24\/pedro-proenca-completa-um-ano-de-mandato-na-fpf\/#primaryimage\"},\"thumbnailUrl\":\"https:\/\/portaltela.pt\/s.01k8rhncp4jt1\/2026\/02\/image-1759.jpg\",\"keywords\":[\"desporto\",\"Federa\u00e7\u00e3o Portuguesa de Futebol\",\"futebol\",\"governa\u00e7\u00e3o\",\"Sele\u00e7\u00e3o Nacional\"],\"articleSection\":[\"Desporto\",\"Futebol\"],\"inLanguage\":\"pt-PT\"},{\"@type\":\"WebPage\",\"@id\":\"https:\/\/portaltela.pt\/noticias\/2026\/02\/24\/pedro-proenca-completa-um-ano-de-mandato-na-fpf\/\",\"url\":\"https:\/\/portaltela.pt\/noticias\/2026\/02\/24\/pedro-proenca-completa-um-ano-de-mandato-na-fpf\/\",\"name\":\"Pedro Proen\u00e7a completa um ano de mandato na FPF - Portal Tela Portugal\",\"isPartOf\":{\"@id\":\"https:\/\/portaltela.pt\/#website\"},\"primaryImageOfPage\":{\"@id\":\"https:\/\/portaltela.pt\/noticias\/2026\/02\/24\/pedro-proenca-completa-um-ano-de-mandato-na-fpf\/#primaryimage\"},\"image\":{\"@id\":\"https:\/\/portaltela.pt\/noticias\/2026\/02\/24\/pedro-proenca-completa-um-ano-de-mandato-na-fpf\/#primaryimage\"},\"thumbnailUrl\":\"https:\/\/portaltela.pt\/s.01k8rhncp4jt1\/2026\/02\/image-1759.jpg\",\"datePublished\":\"2026-02-24T10:53:00+00:00\",\"author\":{\"@id\":\"https:\/\/portaltela.pt\/#\/schema\/person\/c4278d4a6028830caff9ee44b42d32ed\"},\"breadcrumb\":{\"@id\":\"https:\/\/portaltela.pt\/noticias\/2026\/02\/24\/pedro-proenca-completa-um-ano-de-mandato-na-fpf\/#breadcrumb\"},\"inLanguage\":\"pt-PT\",\"potentialAction\":[{\"@type\":\"ReadAction\",\"target\":[\"https:\/\/portaltela.pt\/noticias\/2026\/02\/24\/pedro-proenca-completa-um-ano-de-mandato-na-fpf\/\"]}]},{\"@type\":\"ImageObject\",\"inLanguage\":\"pt-PT\",\"@id\":\"https:\/\/portaltela.pt\/noticias\/2026\/02\/24\/pedro-proenca-completa-um-ano-de-mandato-na-fpf\/#primaryimage\",\"url\":\"https:\/\/portaltela.pt\/s.01k8rhncp4jt1\/2026\/02\/image-1759.jpg\",\"contentUrl\":\"https:\/\/portaltela.pt\/s.01k8rhncp4jt1\/2026\/02\/image-1759.jpg\",\"width\":796,\"height\":448,\"caption\":\"Pedro Proen\u00e7a, presidente da FPF\"},{\"@type\":\"BreadcrumbList\",\"@id\":\"https:\/\/portaltela.pt\/noticias\/2026\/02\/24\/pedro-proenca-completa-um-ano-de-mandato-na-fpf\/#breadcrumb\",\"itemListElement\":[{\"@type\":\"ListItem\",\"position\":1,\"name\":\"In\u00edcio\",\"item\":\"https:\/\/portaltela.pt\/\"},{\"@type\":\"ListItem\",\"position\":2,\"name\":\"Pedro Proen\u00e7a completa um ano de mandato na FPF\"}]},{\"@type\":\"WebSite\",\"@id\":\"https:\/\/portaltela.pt\/#website\",\"url\":\"https:\/\/portaltela.pt\/\",\"name\":\"Portal Tela Portugal\",\"description\":\"\",\"potentialAction\":[{\"@type\":\"SearchAction\",\"target\":{\"@type\":\"EntryPoint\",\"urlTemplate\":\"https:\/\/portaltela.pt\/?s={search_term_string}\"},\"query-input\":{\"@type\":\"PropertyValueSpecification\",\"valueRequired\":true,\"valueName\":\"search_term_string\"}}],\"inLanguage\":\"pt-PT\"},{\"@type\":\"Person\",\"@id\":\"https:\/\/portaltela.pt\/#\/schema\/person\/c4278d4a6028830caff9ee44b42d32ed\",\"name\":\"Telinha\",\"image\":{\"@type\":\"ImageObject\",\"inLanguage\":\"pt-PT\",\"@id\":\"https:\/\/portaltela.pt\/s.01k8rhncp4jt1\/2025\/11\/talking-bot-125x125.png\",\"url\":\"https:\/\/portaltela.pt\/s.01k8rhncp4jt1\/2025\/11\/talking-bot-125x125.png\",\"contentUrl\":\"https:\/\/portaltela.pt\/s.01k8rhncp4jt1\/2025\/11\/talking-bot-125x125.png\",\"caption\":\"Telinha\"},\"sameAs\":[\"https:\/\/portaltela.pt\/\"],\"url\":\"https:\/\/portaltela.pt\/por\/367410592786\/\"}]}<\/script>\n<!-- \/ Yoast SEO plugin. -->","yoast_head_json":{"title":"Pedro Proen\u00e7a completa um ano de mandato na FPF - Portal Tela Portugal","robots":{"index":"index","follow":"follow","max-snippet":"max-snippet:-1","max-image-preview":"max-image-preview:large","max-video-preview":"max-video-preview:-1"},"og_locale":"pt_PT","og_type":"article","og_title":"Pedro Proen\u00e7a completa um ano de mandato na FPF - Portal Tela Portugal","og_description":"Pedro Proen\u00e7a celebra um ano de mandato \u00e0 frente da Federa\u00e7\u00e3o Portuguesa de Futebol (FPF). O presidente destaca o trabalho intenso, vit\u00f3rias e desafios, incluindo as partidas de Diogo Jota, Andr\u00e9 Silva e Jorge Costa. As sele\u00e7\u00f5es nacionais somaram cinco t\u00edtulos internacionais em sete finais, em v\u00e1rias modalidades (Futebol, Futsal, Futebol de Praia) e categorias masculina e feminina. A FPF diz ter criado um novo ecossistema empresarial, com modelo de governa\u00e7\u00e3o e maior proximidade aos s\u00f3cios, al\u00e9m de ter promovido o Portugal Football Summit e o Congresso do Futebol Portugu\u00eas. O futuro passa por novos modelos de financiamento, uma ind\u00fastria mais competitiva e sustent\u00e1vel, a cria\u00e7\u00e3o da Universidade do Futebol e a continuidade de uma Cultura de Vit\u00f3ria.","og_url":"https:\/\/portaltela.pt\/noticias\/2026\/02\/24\/pedro-proenca-completa-um-ano-de-mandato-na-fpf\/","og_site_name":"Portal Tela Portugal","article_published_time":"2026-02-24T10:53:00+00:00","author":"Telinha","twitter_card":"summary_large_image","twitter_misc":{"Escrito por":"Telinha","Tempo estimado de leitura":"1 minuto"},"schema":{"@context":"https:\/\/schema.org","@graph":[{"@type":"Article","@id":"https:\/\/portaltela.pt\/noticias\/2026\/02\/24\/pedro-proenca-completa-um-ano-de-mandato-na-fpf\/#article","isPartOf":{"@id":"https:\/\/portaltela.pt\/noticias\/2026\/02\/24\/pedro-proenca-completa-um-ano-de-mandato-na-fpf\/"},"author":{"name":"Telinha","@id":"https:\/\/portaltela.pt\/#\/schema\/person\/c4278d4a6028830caff9ee44b42d32ed"},"headline":"Pedro Proen\u00e7a completa um ano de mandato na FPF","datePublished":"2026-02-24T10:53:00+00:00","mainEntityOfPage":{"@id":"https:\/\/portaltela.pt\/noticias\/2026\/02\/24\/pedro-proenca-completa-um-ano-de-mandato-na-fpf\/"},"wordCount":259,"image":{"@id":"https:\/\/portaltela.pt\/noticias\/2026\/02\/24\/pedro-proenca-completa-um-ano-de-mandato-na-fpf\/#primaryimage"},"thumbnailUrl":"https:\/\/portaltela.pt\/s.01k8rhncp4jt1\/2026\/02\/image-1759.jpg","keywords":["desporto","Federa\u00e7\u00e3o Portuguesa de Futebol","futebol","governa\u00e7\u00e3o","Sele\u00e7\u00e3o Nacional"],"articleSection":["Desporto","Futebol"],"inLanguage":"pt-PT"},{"@type":"WebPage","@id":"https:\/\/portaltela.pt\/noticias\/2026\/02\/24\/pedro-proenca-completa-um-ano-de-mandato-na-fpf\/","url":"https:\/\/portaltela.pt\/noticias\/2026\/02\/24\/pedro-proenca-completa-um-ano-de-mandato-na-fpf\/","name":"Pedro Proen\u00e7a completa um ano de mandato na FPF - Portal Tela Portugal","isPartOf":{"@id":"https:\/\/portaltela.pt\/#website"},"primaryImageOfPage":{"@id":"https:\/\/portaltela.pt\/noticias\/2026\/02\/24\/pedro-proenca-completa-um-ano-de-mandato-na-fpf\/#primaryimage"},"image":{"@id":"https:\/\/portaltela.pt\/noticias\/2026\/02\/24\/pedro-proenca-completa-um-ano-de-mandato-na-fpf\/#primaryimage"},"thumbnailUrl":"https:\/\/portaltela.pt\/s.01k8rhncp4jt1\/2026\/02\/image-1759.jpg","datePublished":"2026-02-24T10:53:00+00:00","author":{"@id":"https:\/\/portaltela.pt\/#\/schema\/person\/c4278d4a6028830caff9ee44b42d32ed"},"breadcrumb":{"@id":"https:\/\/portaltela.pt\/noticias\/2026\/02\/24\/pedro-proenca-completa-um-ano-de-mandato-na-fpf\/#breadcrumb"},"inLanguage":"pt-PT","potentialAction":[{"@type":"ReadAction","target":["https:\/\/portaltela.pt\/noticias\/2026\/02\/24\/pedro-proenca-completa-um-ano-de-mandato-na-fpf\/"]}]},{"@type":"ImageObject","inLanguage":"pt-PT","@id":"https:\/\/portaltela.pt\/noticias\/2026\/02\/24\/pedro-proenca-completa-um-ano-de-mandato-na-fpf\/#primaryimage","url":"https:\/\/portaltela.pt\/s.01k8rhncp4jt1\/2026\/02\/image-1759.jpg","contentUrl":"https:\/\/portaltela.pt\/s.01k8rhncp4jt1\/2026\/02\/image-1759.jpg","width":796,"height":448,"caption":"Pedro Proen\u00e7a, presidente da FPF"},{"@type":"BreadcrumbList","@id":"https:\/\/portaltela.pt\/noticias\/2026\/02\/24\/pedro-proenca-completa-um-ano-de-mandato-na-fpf\/#breadcrumb","itemListElement":[{"@type":"ListItem","position":1,"name":"In\u00edcio","item":"https:\/\/portaltela.pt\/"},{"@type":"ListItem","position":2,"name":"Pedro Proen\u00e7a completa um ano de mandato na FPF"}]},{"@type":"WebSite","@id":"https:\/\/portaltela.pt\/#website","url":"https:\/\/portaltela.pt\/","name":"Portal Tela Portugal","description":"","potentialAction":[{"@type":"SearchAction","target":{"@type":"EntryPoint","urlTemplate":"https:\/\/portaltela.pt\/?s={search_term_string}"},"query-input":{"@type":"PropertyValueSpecification","valueRequired":true,"valueName":"search_term_string"}}],"inLanguage":"pt-PT"},{"@type":"Person","@id":"https:\/\/portaltela.pt\/#\/schema\/person\/c4278d4a6028830caff9ee44b42d32ed","name":"Telinha","image":{"@type":"ImageObject","inLanguage":"pt-PT","@id":"https:\/\/portaltela.pt\/s.01k8rhncp4jt1\/2025\/11\/talking-bot-125x125.png","url":"https:\/\/portaltela.pt\/s.01k8rhncp4jt1\/2025\/11\/talking-bot-125x125.png","contentUrl":"https:\/\/portaltela.pt\/s.01k8rhncp4jt1\/2025\/11\/talking-bot-125x125.png","caption":"Telinha"},"sameAs":["https:\/\/portaltela.pt\/"],"url":"https:\/\/portaltela.pt\/por\/367410592786\/"}]}},"_links":{"self":[{"href":"https:\/\/portaltela.pt\/api\/wp\/v2\/posts\/223980","targetHints":{"allow":["GET"]}}],"collection":[{"href":"https:\/\/portaltela.pt\/api\/wp\/v2\/posts"}],"about":[{"href":"https:\/\/portaltela.pt\/api\/wp\/v2\/types\/post"}],"author":[{"embeddable":true,"href":"https:\/\/portaltela.pt\/api\/wp\/v2\/users\/2"}],"replies":[{"embeddable":true,"href":"https:\/\/portaltela.pt\/api\/wp\/v2\/comments?post=223980"}],"version-history":[{"count":0,"href":"https:\/\/portaltela.pt\/api\/wp\/v2\/posts\/223980\/revisions"}],"wp:featuredmedia":[{"embeddable":true,"href":"https:\/\/portaltela.pt\/api\/wp\/v2\/media\/223994"}],"wp:attachment":[{"href":"https:\/\/portaltela.pt\/api\/wp\/v2\/media?parent=223980"}],"wp:term":[{"taxonomy":"category","embeddable":true,"href":"https:\/\/portaltela.pt\/api\/wp\/v2\/categories?post=223980"},{"taxonomy":"post_tag","embeddable":true,"href":"https:\/\/portaltela.pt\/api\/wp\/v2\/tags?post=223980"}],"curies":[{"name":"wp","href":"https:\/\/api.w.org\/{rel}","templated":true}]}}