{"id":223960,"date":"2026-02-24T07:38:02","date_gmt":"2026-02-24T10:38:02","guid":{"rendered":"https:\/\/portaltela.pt\/noticias\/2026\/02\/24\/primeiras-urgencias-regionais-abrem-em-breve-afirma-ministra-da-saude\/"},"modified":"2026-02-24T07:38:02","modified_gmt":"2026-02-24T10:38:02","slug":"primeiras-urgencias-regionais-abrem-em-breve-afirma-ministra-da-saude","status":"publish","type":"post","link":"https:\/\/portaltela.pt\/noticias\/2026\/02\/24\/primeiras-urgencias-regionais-abrem-em-breve-afirma-ministra-da-saude\/","title":{"rendered":"Primeiras urg\u00eancias regionais abrem em breve, afirma ministra da Sa\u00fade"},"content":{"rendered":"<p>A ministra da Sa\u00fade indicou hoje que as primeiras urg\u00eancias regionais de obstetr\u00edcia e ginecologia v\u00e3o entrar em funcionamento em breve. A medida visa responder \u00e0 crescente procura de urg\u00eancia nesta \u00e1rea.<\/p>\n<p>A implementa\u00e7\u00e3o \u00e9 descrita como um trabalho direto com os profissionais de sa\u00fade que atuam no terreno, garantindo que as solu\u00e7\u00f5es surgem por meio de participa\u00e7\u00e3o ativa de quem est\u00e1 na linha de frente.<\/p>\n<p>Segundo Ana Paula Martins, as primeiras urg\u00eancias externas de \u00e2mbito regional v\u00e3o arrancar na Pen\u00ednsula de Set\u00fabal, centralizadas no Hospital Garcia de Orta, e nas ULS Vila Franca de Xira e Beatriz \u00c2ngelo, com funcionamento dentro de pouco tempo.<\/p>\n","protected":false},"excerpt":{"rendered":"<ul>\n<li>A ministra da Sa\u00fade afirmou que as primeiras urg\u00eancias regionais de obstetr\u00edcia e ginecologia v\u00e3o entrar em funcionamento dentro de pouco tempo.<\/li>\n<li>As urg\u00eancias externas ser\u00e3o criadas na Pen\u00ednsula de Set\u00fabal, centralizadas no Hospital Garcia de Orta.<\/li>\n<li>Tamb\u00e9m ir\u00e3o abrir nas unidades de Vila Franca de Xira e Beatriz \u00c2ngelo (ULS).<\/li>\n<li>O processo est\u00e1 a ser trabalhado diretamente com os profissionais no terreno, que foram chamados a participar nas solu\u00e7\u00f5es.<\/li>\n<\/ul>\n","protected":false},"author":2,"featured_media":223964,"comment_status":"closed","ping_status":"closed","sticky":false,"template":"","format":"standard","meta":{"footnotes":""},"categories":[1],"tags":[2869,1520,6312,1402,1826,1899],"class_list":["post-223960","post","type-post","status-publish","format-standard","has-post-thumbnail","hentry","category-noticias","tag-beatriz-angelo","tag-garcia-de-orta","tag-ginecologia","tag-obstetricia","tag-peninsula-de-setubal","tag-urgencias"],"yoast_head":"<!-- This site is optimized with the Yoast SEO plugin v27.2 - https:\/\/yoast.com\/product\/yoast-seo-wordpress\/ -->\n<title>Primeiras urg\u00eancias regionais abrem em breve, afirma ministra da Sa\u00fade - Portal Tela Portugal<\/title>\n<meta name=\"robots\" content=\"index, follow, max-snippet:-1, max-image-preview:large, max-video-preview:-1\" \/>\n<meta property=\"og:locale\" content=\"pt_PT\" \/>\n<meta property=\"og:type\" content=\"article\" \/>\n<meta property=\"og:title\" content=\"Primeiras urg\u00eancias regionais abrem em breve, afirma ministra da Sa\u00fade - Portal Tela Portugal\" \/>\n<meta property=\"og:description\" content=\"A ministra da Sa\u00fade afirmou que as primeiras urg\u00eancias regionais de obstetr\u00edcia e ginecologia v\u00e3o entrar em funcionamento dentro de pouco tempo. As urg\u00eancias externas ser\u00e3o criadas na Pen\u00ednsula de Set\u00fabal, centralizadas no Hospital Garcia de Orta. Tamb\u00e9m ir\u00e3o abrir nas unidades de Vila Franca de Xira e Beatriz \u00c2ngelo (ULS). O processo est\u00e1 a ser trabalhado diretamente com os profissionais no terreno, que foram chamados a participar nas solu\u00e7\u00f5es.\" \/>\n<meta property=\"og:url\" content=\"https:\/\/portaltela.pt\/noticias\/2026\/02\/24\/primeiras-urgencias-regionais-abrem-em-breve-afirma-ministra-da-saude\/\" \/>\n<meta property=\"og:site_name\" content=\"Portal Tela Portugal\" \/>\n<meta property=\"article:published_time\" content=\"2026-02-24T10:38:02+00:00\" \/>\n<meta name=\"author\" content=\"Telinha\" \/>\n<meta name=\"twitter:card\" content=\"summary_large_image\" \/>\n<meta name=\"twitter:label1\" content=\"Escrito por\" \/>\n\t<meta name=\"twitter:data1\" content=\"Telinha\" \/>\n\t<meta name=\"twitter:label2\" content=\"Tempo estimado de leitura\" \/>\n\t<meta name=\"twitter:data2\" content=\"1 minuto\" \/>\n<script type=\"application\/ld+json\" class=\"yoast-schema-graph\">{\"@context\":\"https:\/\/schema.org\",\"@graph\":[{\"@type\":\"Article\",\"@id\":\"https:\/\/portaltela.pt\/noticias\/2026\/02\/24\/primeiras-urgencias-regionais-abrem-em-breve-afirma-ministra-da-saude\/#article\",\"isPartOf\":{\"@id\":\"https:\/\/portaltela.pt\/noticias\/2026\/02\/24\/primeiras-urgencias-regionais-abrem-em-breve-afirma-ministra-da-saude\/\"},\"author\":{\"name\":\"Telinha\",\"@id\":\"https:\/\/portaltela.pt\/#\/schema\/person\/c4278d4a6028830caff9ee44b42d32ed\"},\"headline\":\"Primeiras urg\u00eancias regionais abrem em breve, afirma ministra da Sa\u00fade\",\"datePublished\":\"2026-02-24T10:38:02+00:00\",\"mainEntityOfPage\":{\"@id\":\"https:\/\/portaltela.pt\/noticias\/2026\/02\/24\/primeiras-urgencias-regionais-abrem-em-breve-afirma-ministra-da-saude\/\"},\"wordCount\":128,\"image\":{\"@id\":\"https:\/\/portaltela.pt\/noticias\/2026\/02\/24\/primeiras-urgencias-regionais-abrem-em-breve-afirma-ministra-da-saude\/#primaryimage\"},\"thumbnailUrl\":\"https:\/\/portaltela.pt\/s.01k8rhncp4jt1\/2026\/02\/img_1500x1000uu2025-02-26-19-33-41-2195265.jpg\",\"keywords\":[\"Beatriz \u00c2ngelo\",\"Garcia de Orta\",\"ginecologia\",\"Obstetr\u00edcia\",\"Pen\u00ednsula de Set\u00fabal\",\"urg\u00eancias\"],\"articleSection\":[\"Not\u00edcias\"],\"inLanguage\":\"pt-PT\"},{\"@type\":\"WebPage\",\"@id\":\"https:\/\/portaltela.pt\/noticias\/2026\/02\/24\/primeiras-urgencias-regionais-abrem-em-breve-afirma-ministra-da-saude\/\",\"url\":\"https:\/\/portaltela.pt\/noticias\/2026\/02\/24\/primeiras-urgencias-regionais-abrem-em-breve-afirma-ministra-da-saude\/\",\"name\":\"Primeiras urg\u00eancias regionais abrem em breve, afirma ministra da Sa\u00fade - Portal Tela Portugal\",\"isPartOf\":{\"@id\":\"https:\/\/portaltela.pt\/#website\"},\"primaryImageOfPage\":{\"@id\":\"https:\/\/portaltela.pt\/noticias\/2026\/02\/24\/primeiras-urgencias-regionais-abrem-em-breve-afirma-ministra-da-saude\/#primaryimage\"},\"image\":{\"@id\":\"https:\/\/portaltela.pt\/noticias\/2026\/02\/24\/primeiras-urgencias-regionais-abrem-em-breve-afirma-ministra-da-saude\/#primaryimage\"},\"thumbnailUrl\":\"https:\/\/portaltela.pt\/s.01k8rhncp4jt1\/2026\/02\/img_1500x1000uu2025-02-26-19-33-41-2195265.jpg\",\"datePublished\":\"2026-02-24T10:38:02+00:00\",\"author\":{\"@id\":\"https:\/\/portaltela.pt\/#\/schema\/person\/c4278d4a6028830caff9ee44b42d32ed\"},\"breadcrumb\":{\"@id\":\"https:\/\/portaltela.pt\/noticias\/2026\/02\/24\/primeiras-urgencias-regionais-abrem-em-breve-afirma-ministra-da-saude\/#breadcrumb\"},\"inLanguage\":\"pt-PT\",\"potentialAction\":[{\"@type\":\"ReadAction\",\"target\":[\"https:\/\/portaltela.pt\/noticias\/2026\/02\/24\/primeiras-urgencias-regionais-abrem-em-breve-afirma-ministra-da-saude\/\"]}]},{\"@type\":\"ImageObject\",\"inLanguage\":\"pt-PT\",\"@id\":\"https:\/\/portaltela.pt\/noticias\/2026\/02\/24\/primeiras-urgencias-regionais-abrem-em-breve-afirma-ministra-da-saude\/#primaryimage\",\"url\":\"https:\/\/portaltela.pt\/s.01k8rhncp4jt1\/2026\/02\/img_1500x1000uu2025-02-26-19-33-41-2195265.jpg\",\"contentUrl\":\"https:\/\/portaltela.pt\/s.01k8rhncp4jt1\/2026\/02\/img_1500x1000uu2025-02-26-19-33-41-2195265.jpg\",\"width\":796,\"height\":448,\"caption\":\"Ana Paula Martins, ministra da Sa\u00fade\"},{\"@type\":\"BreadcrumbList\",\"@id\":\"https:\/\/portaltela.pt\/noticias\/2026\/02\/24\/primeiras-urgencias-regionais-abrem-em-breve-afirma-ministra-da-saude\/#breadcrumb\",\"itemListElement\":[{\"@type\":\"ListItem\",\"position\":1,\"name\":\"In\u00edcio\",\"item\":\"https:\/\/portaltela.pt\/\"},{\"@type\":\"ListItem\",\"position\":2,\"name\":\"Primeiras urg\u00eancias regionais abrem em breve, afirma ministra da Sa\u00fade\"}]},{\"@type\":\"WebSite\",\"@id\":\"https:\/\/portaltela.pt\/#website\",\"url\":\"https:\/\/portaltela.pt\/\",\"name\":\"Portal Tela Portugal\",\"description\":\"\",\"potentialAction\":[{\"@type\":\"SearchAction\",\"target\":{\"@type\":\"EntryPoint\",\"urlTemplate\":\"https:\/\/portaltela.pt\/?s={search_term_string}\"},\"query-input\":{\"@type\":\"PropertyValueSpecification\",\"valueRequired\":true,\"valueName\":\"search_term_string\"}}],\"inLanguage\":\"pt-PT\"},{\"@type\":\"Person\",\"@id\":\"https:\/\/portaltela.pt\/#\/schema\/person\/c4278d4a6028830caff9ee44b42d32ed\",\"name\":\"Telinha\",\"image\":{\"@type\":\"ImageObject\",\"inLanguage\":\"pt-PT\",\"@id\":\"https:\/\/portaltela.pt\/s.01k8rhncp4jt1\/2025\/11\/talking-bot-125x125.png\",\"url\":\"https:\/\/portaltela.pt\/s.01k8rhncp4jt1\/2025\/11\/talking-bot-125x125.png\",\"contentUrl\":\"https:\/\/portaltela.pt\/s.01k8rhncp4jt1\/2025\/11\/talking-bot-125x125.png\",\"caption\":\"Telinha\"},\"sameAs\":[\"https:\/\/portaltela.pt\/\"],\"url\":\"https:\/\/portaltela.pt\/por\/367410592786\/\"}]}<\/script>\n<!-- \/ Yoast SEO plugin. -->","yoast_head_json":{"title":"Primeiras urg\u00eancias regionais abrem em breve, afirma ministra da Sa\u00fade - Portal Tela Portugal","robots":{"index":"index","follow":"follow","max-snippet":"max-snippet:-1","max-image-preview":"max-image-preview:large","max-video-preview":"max-video-preview:-1"},"og_locale":"pt_PT","og_type":"article","og_title":"Primeiras urg\u00eancias regionais abrem em breve, afirma ministra da Sa\u00fade - Portal Tela Portugal","og_description":"A ministra da Sa\u00fade afirmou que as primeiras urg\u00eancias regionais de obstetr\u00edcia e ginecologia v\u00e3o entrar em funcionamento dentro de pouco tempo. As urg\u00eancias externas ser\u00e3o criadas na Pen\u00ednsula de Set\u00fabal, centralizadas no Hospital Garcia de Orta. Tamb\u00e9m ir\u00e3o abrir nas unidades de Vila Franca de Xira e Beatriz \u00c2ngelo (ULS). O processo est\u00e1 a ser trabalhado diretamente com os profissionais no terreno, que foram chamados a participar nas solu\u00e7\u00f5es.","og_url":"https:\/\/portaltela.pt\/noticias\/2026\/02\/24\/primeiras-urgencias-regionais-abrem-em-breve-afirma-ministra-da-saude\/","og_site_name":"Portal Tela Portugal","article_published_time":"2026-02-24T10:38:02+00:00","author":"Telinha","twitter_card":"summary_large_image","twitter_misc":{"Escrito por":"Telinha","Tempo estimado de leitura":"1 minuto"},"schema":{"@context":"https:\/\/schema.org","@graph":[{"@type":"Article","@id":"https:\/\/portaltela.pt\/noticias\/2026\/02\/24\/primeiras-urgencias-regionais-abrem-em-breve-afirma-ministra-da-saude\/#article","isPartOf":{"@id":"https:\/\/portaltela.pt\/noticias\/2026\/02\/24\/primeiras-urgencias-regionais-abrem-em-breve-afirma-ministra-da-saude\/"},"author":{"name":"Telinha","@id":"https:\/\/portaltela.pt\/#\/schema\/person\/c4278d4a6028830caff9ee44b42d32ed"},"headline":"Primeiras urg\u00eancias regionais abrem em breve, afirma ministra da Sa\u00fade","datePublished":"2026-02-24T10:38:02+00:00","mainEntityOfPage":{"@id":"https:\/\/portaltela.pt\/noticias\/2026\/02\/24\/primeiras-urgencias-regionais-abrem-em-breve-afirma-ministra-da-saude\/"},"wordCount":128,"image":{"@id":"https:\/\/portaltela.pt\/noticias\/2026\/02\/24\/primeiras-urgencias-regionais-abrem-em-breve-afirma-ministra-da-saude\/#primaryimage"},"thumbnailUrl":"https:\/\/portaltela.pt\/s.01k8rhncp4jt1\/2026\/02\/img_1500x1000uu2025-02-26-19-33-41-2195265.jpg","keywords":["Beatriz \u00c2ngelo","Garcia de Orta","ginecologia","Obstetr\u00edcia","Pen\u00ednsula de Set\u00fabal","urg\u00eancias"],"articleSection":["Not\u00edcias"],"inLanguage":"pt-PT"},{"@type":"WebPage","@id":"https:\/\/portaltela.pt\/noticias\/2026\/02\/24\/primeiras-urgencias-regionais-abrem-em-breve-afirma-ministra-da-saude\/","url":"https:\/\/portaltela.pt\/noticias\/2026\/02\/24\/primeiras-urgencias-regionais-abrem-em-breve-afirma-ministra-da-saude\/","name":"Primeiras urg\u00eancias regionais abrem em breve, afirma ministra da Sa\u00fade - Portal Tela Portugal","isPartOf":{"@id":"https:\/\/portaltela.pt\/#website"},"primaryImageOfPage":{"@id":"https:\/\/portaltela.pt\/noticias\/2026\/02\/24\/primeiras-urgencias-regionais-abrem-em-breve-afirma-ministra-da-saude\/#primaryimage"},"image":{"@id":"https:\/\/portaltela.pt\/noticias\/2026\/02\/24\/primeiras-urgencias-regionais-abrem-em-breve-afirma-ministra-da-saude\/#primaryimage"},"thumbnailUrl":"https:\/\/portaltela.pt\/s.01k8rhncp4jt1\/2026\/02\/img_1500x1000uu2025-02-26-19-33-41-2195265.jpg","datePublished":"2026-02-24T10:38:02+00:00","author":{"@id":"https:\/\/portaltela.pt\/#\/schema\/person\/c4278d4a6028830caff9ee44b42d32ed"},"breadcrumb":{"@id":"https:\/\/portaltela.pt\/noticias\/2026\/02\/24\/primeiras-urgencias-regionais-abrem-em-breve-afirma-ministra-da-saude\/#breadcrumb"},"inLanguage":"pt-PT","potentialAction":[{"@type":"ReadAction","target":["https:\/\/portaltela.pt\/noticias\/2026\/02\/24\/primeiras-urgencias-regionais-abrem-em-breve-afirma-ministra-da-saude\/"]}]},{"@type":"ImageObject","inLanguage":"pt-PT","@id":"https:\/\/portaltela.pt\/noticias\/2026\/02\/24\/primeiras-urgencias-regionais-abrem-em-breve-afirma-ministra-da-saude\/#primaryimage","url":"https:\/\/portaltela.pt\/s.01k8rhncp4jt1\/2026\/02\/img_1500x1000uu2025-02-26-19-33-41-2195265.jpg","contentUrl":"https:\/\/portaltela.pt\/s.01k8rhncp4jt1\/2026\/02\/img_1500x1000uu2025-02-26-19-33-41-2195265.jpg","width":796,"height":448,"caption":"Ana Paula Martins, ministra da Sa\u00fade"},{"@type":"BreadcrumbList","@id":"https:\/\/portaltela.pt\/noticias\/2026\/02\/24\/primeiras-urgencias-regionais-abrem-em-breve-afirma-ministra-da-saude\/#breadcrumb","itemListElement":[{"@type":"ListItem","position":1,"name":"In\u00edcio","item":"https:\/\/portaltela.pt\/"},{"@type":"ListItem","position":2,"name":"Primeiras urg\u00eancias regionais abrem em breve, afirma ministra da Sa\u00fade"}]},{"@type":"WebSite","@id":"https:\/\/portaltela.pt\/#website","url":"https:\/\/portaltela.pt\/","name":"Portal Tela Portugal","description":"","potentialAction":[{"@type":"SearchAction","target":{"@type":"EntryPoint","urlTemplate":"https:\/\/portaltela.pt\/?s={search_term_string}"},"query-input":{"@type":"PropertyValueSpecification","valueRequired":true,"valueName":"search_term_string"}}],"inLanguage":"pt-PT"},{"@type":"Person","@id":"https:\/\/portaltela.pt\/#\/schema\/person\/c4278d4a6028830caff9ee44b42d32ed","name":"Telinha","image":{"@type":"ImageObject","inLanguage":"pt-PT","@id":"https:\/\/portaltela.pt\/s.01k8rhncp4jt1\/2025\/11\/talking-bot-125x125.png","url":"https:\/\/portaltela.pt\/s.01k8rhncp4jt1\/2025\/11\/talking-bot-125x125.png","contentUrl":"https:\/\/portaltela.pt\/s.01k8rhncp4jt1\/2025\/11\/talking-bot-125x125.png","caption":"Telinha"},"sameAs":["https:\/\/portaltela.pt\/"],"url":"https:\/\/portaltela.pt\/por\/367410592786\/"}]}},"_links":{"self":[{"href":"https:\/\/portaltela.pt\/api\/wp\/v2\/posts\/223960","targetHints":{"allow":["GET"]}}],"collection":[{"href":"https:\/\/portaltela.pt\/api\/wp\/v2\/posts"}],"about":[{"href":"https:\/\/portaltela.pt\/api\/wp\/v2\/types\/post"}],"author":[{"embeddable":true,"href":"https:\/\/portaltela.pt\/api\/wp\/v2\/users\/2"}],"replies":[{"embeddable":true,"href":"https:\/\/portaltela.pt\/api\/wp\/v2\/comments?post=223960"}],"version-history":[{"count":0,"href":"https:\/\/portaltela.pt\/api\/wp\/v2\/posts\/223960\/revisions"}],"wp:featuredmedia":[{"embeddable":true,"href":"https:\/\/portaltela.pt\/api\/wp\/v2\/media\/223964"}],"wp:attachment":[{"href":"https:\/\/portaltela.pt\/api\/wp\/v2\/media?parent=223960"}],"wp:term":[{"taxonomy":"category","embeddable":true,"href":"https:\/\/portaltela.pt\/api\/wp\/v2\/categories?post=223960"},{"taxonomy":"post_tag","embeddable":true,"href":"https:\/\/portaltela.pt\/api\/wp\/v2\/tags?post=223960"}],"curies":[{"name":"wp","href":"https:\/\/api.w.org\/{rel}","templated":true}]}}