{"id":223930,"date":"2026-02-24T07:15:59","date_gmt":"2026-02-24T10:15:59","guid":{"rendered":"https:\/\/portaltela.pt\/noticias\/2026\/02\/24\/sete-menores-roubam-com-violencia-no-parque-das-nacoes\/"},"modified":"2026-02-24T07:15:59","modified_gmt":"2026-02-24T10:15:59","slug":"sete-menores-roubam-com-violencia-no-parque-das-nacoes","status":"publish","type":"post","link":"https:\/\/portaltela.pt\/noticias\/2026\/02\/24\/sete-menores-roubam-com-violencia-no-parque-das-nacoes\/","title":{"rendered":"Sete menores roubam com viol\u00eancia no Parque das Na\u00e7\u00f5es"},"content":{"rendered":"<p>Sete menores, com 16 e 17 anos, foram detidos pela PSP de Lisboa pela pr\u00e1tica de tr\u00eas roubos com viol\u00eancia na zona do Parque das Na\u00e7\u00f5es. As agress\u00f5es deixaram as v\u00edtimas inconscientes e necessitando de assist\u00eancia hospitalar.<\/p>\n<p>O incidente ocorreu no domingo \u00e0 noite, junto ao Meo Arena. A PSP recebeu a den\u00fancia de roubo em curso e localizou o grupo nas imedia\u00e7\u00f5es, que reagiu de forma hostil e tentou fugir repetidamente.<\/p>\n<p>Quatro pessoas foram detidas em flagrante, e o s\u00e9timo suspeito foi intercetado pouco depois durante as dilig\u00eancias. Os menores estavam na posse de bens roubados em cada caso.<\/p>\n<h3>Deten\u00e7\u00e3o e medidas<\/h3>\n<p>Os sete detidos foram conduzidos ao Comando Metropolitano de Lisboa. Presentes a juiz, ficaram em liberdade com a medida de apresenta\u00e7\u00f5es semanais. N\u00e3o houve detalhes sobre o andamento do processo penal.<\/p>\n","protected":false},"excerpt":{"rendered":"<ul>\n<li>Sete menores, com 16 e 17 anos, foram detidos pela PSP de Lisboa pela pr\u00e1tica de tr\u00eas roubos na zona do Parque das Na\u00e7\u00f5es.<\/li>\n<li>O incidente ocorreu no domingo \u00e0 noite, junto ao Meo Arena, conforme apurado pela Divis\u00e3o de Investiga\u00e7\u00e3o Criminal.<\/li>\n<li>Os menores, que atuavam em grupo, agrediram brutalmente as v\u00edtimas, deixando-as inconscientes e a necessitar de assist\u00eancia hospitalar, e levaram os seus pertences.<\/li>\n<li>Seis suspeitos foram detidos em flagrante, com o s\u00e9timo intercetado pouco tempo depois; todos foram recolhidos \u00e0s celas do Comando Metropolitano de Lisboa.<\/li>\n<li>Em juiz, ficaram em liberdade com a medida de coa\u00e7\u00e3o de apresenta\u00e7\u00f5es semanais.<\/li>\n<\/ul>\n","protected":false},"author":2,"featured_media":223933,"comment_status":"closed","ping_status":"closed","sticky":false,"template":"","format":"standard","meta":{"footnotes":""},"categories":[1],"tags":[981,6056,3715,1381,203,939],"class_list":["post-223930","post","type-post","status-publish","format-standard","has-post-thumbnail","hentry","category-noticias","tag-lisboa","tag-menores","tag-parque-das-nacoes","tag-psp","tag-roubo","tag-violencia"],"yoast_head":"<!-- This site is optimized with the Yoast SEO plugin v27.2 - https:\/\/yoast.com\/product\/yoast-seo-wordpress\/ -->\n<title>Sete menores roubam com viol\u00eancia no Parque das Na\u00e7\u00f5es - Portal Tela Portugal<\/title>\n<meta name=\"robots\" content=\"index, follow, max-snippet:-1, max-image-preview:large, max-video-preview:-1\" \/>\n<meta property=\"og:locale\" content=\"pt_PT\" \/>\n<meta property=\"og:type\" content=\"article\" \/>\n<meta property=\"og:title\" content=\"Sete menores roubam com viol\u00eancia no Parque das Na\u00e7\u00f5es - Portal Tela Portugal\" \/>\n<meta property=\"og:description\" content=\"Sete menores, com 16 e 17 anos, foram detidos pela PSP de Lisboa pela pr\u00e1tica de tr\u00eas roubos na zona do Parque das Na\u00e7\u00f5es. O incidente ocorreu no domingo \u00e0 noite, junto ao Meo Arena, conforme apurado pela Divis\u00e3o de Investiga\u00e7\u00e3o Criminal. Os menores, que atuavam em grupo, agrediram brutalmente as v\u00edtimas, deixando-as inconscientes e a necessitar de assist\u00eancia hospitalar, e levaram os seus pertences. Seis suspeitos foram detidos em flagrante, com o s\u00e9timo intercetado pouco tempo depois; todos foram recolhidos \u00e0s celas do Comando Metropolitano de Lisboa. Em juiz, ficaram em liberdade com a medida de coa\u00e7\u00e3o de apresenta\u00e7\u00f5es semanais.\" \/>\n<meta property=\"og:url\" content=\"https:\/\/portaltela.pt\/noticias\/2026\/02\/24\/sete-menores-roubam-com-violencia-no-parque-das-nacoes\/\" \/>\n<meta property=\"og:site_name\" content=\"Portal Tela Portugal\" \/>\n<meta property=\"article:published_time\" content=\"2026-02-24T10:15:59+00:00\" \/>\n<meta name=\"author\" content=\"Telinha\" \/>\n<meta name=\"twitter:card\" content=\"summary_large_image\" \/>\n<meta name=\"twitter:label1\" content=\"Escrito por\" \/>\n\t<meta name=\"twitter:data1\" content=\"Telinha\" \/>\n\t<meta name=\"twitter:label2\" content=\"Tempo estimado de leitura\" \/>\n\t<meta name=\"twitter:data2\" content=\"1 minuto\" \/>\n<script type=\"application\/ld+json\" class=\"yoast-schema-graph\">{\"@context\":\"https:\/\/schema.org\",\"@graph\":[{\"@type\":\"Article\",\"@id\":\"https:\/\/portaltela.pt\/noticias\/2026\/02\/24\/sete-menores-roubam-com-violencia-no-parque-das-nacoes\/#article\",\"isPartOf\":{\"@id\":\"https:\/\/portaltela.pt\/noticias\/2026\/02\/24\/sete-menores-roubam-com-violencia-no-parque-das-nacoes\/\"},\"author\":{\"name\":\"Telinha\",\"@id\":\"https:\/\/portaltela.pt\/#\/schema\/person\/c4278d4a6028830caff9ee44b42d32ed\"},\"headline\":\"Sete menores roubam com viol\u00eancia no Parque das Na\u00e7\u00f5es\",\"datePublished\":\"2026-02-24T10:15:59+00:00\",\"mainEntityOfPage\":{\"@id\":\"https:\/\/portaltela.pt\/noticias\/2026\/02\/24\/sete-menores-roubam-com-violencia-no-parque-das-nacoes\/\"},\"wordCount\":156,\"image\":{\"@id\":\"https:\/\/portaltela.pt\/noticias\/2026\/02\/24\/sete-menores-roubam-com-violencia-no-parque-das-nacoes\/#primaryimage\"},\"thumbnailUrl\":\"https:\/\/portaltela.pt\/s.01k8rhncp4jt1\/2026\/02\/img_1280x721uu2026-02-23-12-06-02-2267040.jpg\",\"keywords\":[\"Lisboa\",\"menores\",\"Parque das Na\u00e7\u00f5es\",\"PSP\",\"roubo\",\"viol\u00eancia\"],\"articleSection\":[\"Not\u00edcias\"],\"inLanguage\":\"pt-PT\"},{\"@type\":\"WebPage\",\"@id\":\"https:\/\/portaltela.pt\/noticias\/2026\/02\/24\/sete-menores-roubam-com-violencia-no-parque-das-nacoes\/\",\"url\":\"https:\/\/portaltela.pt\/noticias\/2026\/02\/24\/sete-menores-roubam-com-violencia-no-parque-das-nacoes\/\",\"name\":\"Sete menores roubam com viol\u00eancia no Parque das Na\u00e7\u00f5es - Portal Tela Portugal\",\"isPartOf\":{\"@id\":\"https:\/\/portaltela.pt\/#website\"},\"primaryImageOfPage\":{\"@id\":\"https:\/\/portaltela.pt\/noticias\/2026\/02\/24\/sete-menores-roubam-com-violencia-no-parque-das-nacoes\/#primaryimage\"},\"image\":{\"@id\":\"https:\/\/portaltela.pt\/noticias\/2026\/02\/24\/sete-menores-roubam-com-violencia-no-parque-das-nacoes\/#primaryimage\"},\"thumbnailUrl\":\"https:\/\/portaltela.pt\/s.01k8rhncp4jt1\/2026\/02\/img_1280x721uu2026-02-23-12-06-02-2267040.jpg\",\"datePublished\":\"2026-02-24T10:15:59+00:00\",\"author\":{\"@id\":\"https:\/\/portaltela.pt\/#\/schema\/person\/c4278d4a6028830caff9ee44b42d32ed\"},\"breadcrumb\":{\"@id\":\"https:\/\/portaltela.pt\/noticias\/2026\/02\/24\/sete-menores-roubam-com-violencia-no-parque-das-nacoes\/#breadcrumb\"},\"inLanguage\":\"pt-PT\",\"potentialAction\":[{\"@type\":\"ReadAction\",\"target\":[\"https:\/\/portaltela.pt\/noticias\/2026\/02\/24\/sete-menores-roubam-com-violencia-no-parque-das-nacoes\/\"]}]},{\"@type\":\"ImageObject\",\"inLanguage\":\"pt-PT\",\"@id\":\"https:\/\/portaltela.pt\/noticias\/2026\/02\/24\/sete-menores-roubam-com-violencia-no-parque-das-nacoes\/#primaryimage\",\"url\":\"https:\/\/portaltela.pt\/s.01k8rhncp4jt1\/2026\/02\/img_1280x721uu2026-02-23-12-06-02-2267040.jpg\",\"contentUrl\":\"https:\/\/portaltela.pt\/s.01k8rhncp4jt1\/2026\/02\/img_1280x721uu2026-02-23-12-06-02-2267040.jpg\",\"width\":796,\"height\":448,\"caption\":\"Foram detidos pela PSP\"},{\"@type\":\"BreadcrumbList\",\"@id\":\"https:\/\/portaltela.pt\/noticias\/2026\/02\/24\/sete-menores-roubam-com-violencia-no-parque-das-nacoes\/#breadcrumb\",\"itemListElement\":[{\"@type\":\"ListItem\",\"position\":1,\"name\":\"In\u00edcio\",\"item\":\"https:\/\/portaltela.pt\/\"},{\"@type\":\"ListItem\",\"position\":2,\"name\":\"Sete menores roubam com viol\u00eancia no Parque das Na\u00e7\u00f5es\"}]},{\"@type\":\"WebSite\",\"@id\":\"https:\/\/portaltela.pt\/#website\",\"url\":\"https:\/\/portaltela.pt\/\",\"name\":\"Portal Tela Portugal\",\"description\":\"\",\"potentialAction\":[{\"@type\":\"SearchAction\",\"target\":{\"@type\":\"EntryPoint\",\"urlTemplate\":\"https:\/\/portaltela.pt\/?s={search_term_string}\"},\"query-input\":{\"@type\":\"PropertyValueSpecification\",\"valueRequired\":true,\"valueName\":\"search_term_string\"}}],\"inLanguage\":\"pt-PT\"},{\"@type\":\"Person\",\"@id\":\"https:\/\/portaltela.pt\/#\/schema\/person\/c4278d4a6028830caff9ee44b42d32ed\",\"name\":\"Telinha\",\"image\":{\"@type\":\"ImageObject\",\"inLanguage\":\"pt-PT\",\"@id\":\"https:\/\/portaltela.pt\/s.01k8rhncp4jt1\/2025\/11\/talking-bot-125x125.png\",\"url\":\"https:\/\/portaltela.pt\/s.01k8rhncp4jt1\/2025\/11\/talking-bot-125x125.png\",\"contentUrl\":\"https:\/\/portaltela.pt\/s.01k8rhncp4jt1\/2025\/11\/talking-bot-125x125.png\",\"caption\":\"Telinha\"},\"sameAs\":[\"https:\/\/portaltela.pt\/\"],\"url\":\"https:\/\/portaltela.pt\/por\/367410592786\/\"}]}<\/script>\n<!-- \/ Yoast SEO plugin. -->","yoast_head_json":{"title":"Sete menores roubam com viol\u00eancia no Parque das Na\u00e7\u00f5es - Portal Tela Portugal","robots":{"index":"index","follow":"follow","max-snippet":"max-snippet:-1","max-image-preview":"max-image-preview:large","max-video-preview":"max-video-preview:-1"},"og_locale":"pt_PT","og_type":"article","og_title":"Sete menores roubam com viol\u00eancia no Parque das Na\u00e7\u00f5es - Portal Tela Portugal","og_description":"Sete menores, com 16 e 17 anos, foram detidos pela PSP de Lisboa pela pr\u00e1tica de tr\u00eas roubos na zona do Parque das Na\u00e7\u00f5es. O incidente ocorreu no domingo \u00e0 noite, junto ao Meo Arena, conforme apurado pela Divis\u00e3o de Investiga\u00e7\u00e3o Criminal. Os menores, que atuavam em grupo, agrediram brutalmente as v\u00edtimas, deixando-as inconscientes e a necessitar de assist\u00eancia hospitalar, e levaram os seus pertences. Seis suspeitos foram detidos em flagrante, com o s\u00e9timo intercetado pouco tempo depois; todos foram recolhidos \u00e0s celas do Comando Metropolitano de Lisboa. Em juiz, ficaram em liberdade com a medida de coa\u00e7\u00e3o de apresenta\u00e7\u00f5es semanais.","og_url":"https:\/\/portaltela.pt\/noticias\/2026\/02\/24\/sete-menores-roubam-com-violencia-no-parque-das-nacoes\/","og_site_name":"Portal Tela Portugal","article_published_time":"2026-02-24T10:15:59+00:00","author":"Telinha","twitter_card":"summary_large_image","twitter_misc":{"Escrito por":"Telinha","Tempo estimado de leitura":"1 minuto"},"schema":{"@context":"https:\/\/schema.org","@graph":[{"@type":"Article","@id":"https:\/\/portaltela.pt\/noticias\/2026\/02\/24\/sete-menores-roubam-com-violencia-no-parque-das-nacoes\/#article","isPartOf":{"@id":"https:\/\/portaltela.pt\/noticias\/2026\/02\/24\/sete-menores-roubam-com-violencia-no-parque-das-nacoes\/"},"author":{"name":"Telinha","@id":"https:\/\/portaltela.pt\/#\/schema\/person\/c4278d4a6028830caff9ee44b42d32ed"},"headline":"Sete menores roubam com viol\u00eancia no Parque das Na\u00e7\u00f5es","datePublished":"2026-02-24T10:15:59+00:00","mainEntityOfPage":{"@id":"https:\/\/portaltela.pt\/noticias\/2026\/02\/24\/sete-menores-roubam-com-violencia-no-parque-das-nacoes\/"},"wordCount":156,"image":{"@id":"https:\/\/portaltela.pt\/noticias\/2026\/02\/24\/sete-menores-roubam-com-violencia-no-parque-das-nacoes\/#primaryimage"},"thumbnailUrl":"https:\/\/portaltela.pt\/s.01k8rhncp4jt1\/2026\/02\/img_1280x721uu2026-02-23-12-06-02-2267040.jpg","keywords":["Lisboa","menores","Parque das Na\u00e7\u00f5es","PSP","roubo","viol\u00eancia"],"articleSection":["Not\u00edcias"],"inLanguage":"pt-PT"},{"@type":"WebPage","@id":"https:\/\/portaltela.pt\/noticias\/2026\/02\/24\/sete-menores-roubam-com-violencia-no-parque-das-nacoes\/","url":"https:\/\/portaltela.pt\/noticias\/2026\/02\/24\/sete-menores-roubam-com-violencia-no-parque-das-nacoes\/","name":"Sete menores roubam com viol\u00eancia no Parque das Na\u00e7\u00f5es - Portal Tela Portugal","isPartOf":{"@id":"https:\/\/portaltela.pt\/#website"},"primaryImageOfPage":{"@id":"https:\/\/portaltela.pt\/noticias\/2026\/02\/24\/sete-menores-roubam-com-violencia-no-parque-das-nacoes\/#primaryimage"},"image":{"@id":"https:\/\/portaltela.pt\/noticias\/2026\/02\/24\/sete-menores-roubam-com-violencia-no-parque-das-nacoes\/#primaryimage"},"thumbnailUrl":"https:\/\/portaltela.pt\/s.01k8rhncp4jt1\/2026\/02\/img_1280x721uu2026-02-23-12-06-02-2267040.jpg","datePublished":"2026-02-24T10:15:59+00:00","author":{"@id":"https:\/\/portaltela.pt\/#\/schema\/person\/c4278d4a6028830caff9ee44b42d32ed"},"breadcrumb":{"@id":"https:\/\/portaltela.pt\/noticias\/2026\/02\/24\/sete-menores-roubam-com-violencia-no-parque-das-nacoes\/#breadcrumb"},"inLanguage":"pt-PT","potentialAction":[{"@type":"ReadAction","target":["https:\/\/portaltela.pt\/noticias\/2026\/02\/24\/sete-menores-roubam-com-violencia-no-parque-das-nacoes\/"]}]},{"@type":"ImageObject","inLanguage":"pt-PT","@id":"https:\/\/portaltela.pt\/noticias\/2026\/02\/24\/sete-menores-roubam-com-violencia-no-parque-das-nacoes\/#primaryimage","url":"https:\/\/portaltela.pt\/s.01k8rhncp4jt1\/2026\/02\/img_1280x721uu2026-02-23-12-06-02-2267040.jpg","contentUrl":"https:\/\/portaltela.pt\/s.01k8rhncp4jt1\/2026\/02\/img_1280x721uu2026-02-23-12-06-02-2267040.jpg","width":796,"height":448,"caption":"Foram detidos pela PSP"},{"@type":"BreadcrumbList","@id":"https:\/\/portaltela.pt\/noticias\/2026\/02\/24\/sete-menores-roubam-com-violencia-no-parque-das-nacoes\/#breadcrumb","itemListElement":[{"@type":"ListItem","position":1,"name":"In\u00edcio","item":"https:\/\/portaltela.pt\/"},{"@type":"ListItem","position":2,"name":"Sete menores roubam com viol\u00eancia no Parque das Na\u00e7\u00f5es"}]},{"@type":"WebSite","@id":"https:\/\/portaltela.pt\/#website","url":"https:\/\/portaltela.pt\/","name":"Portal Tela Portugal","description":"","potentialAction":[{"@type":"SearchAction","target":{"@type":"EntryPoint","urlTemplate":"https:\/\/portaltela.pt\/?s={search_term_string}"},"query-input":{"@type":"PropertyValueSpecification","valueRequired":true,"valueName":"search_term_string"}}],"inLanguage":"pt-PT"},{"@type":"Person","@id":"https:\/\/portaltela.pt\/#\/schema\/person\/c4278d4a6028830caff9ee44b42d32ed","name":"Telinha","image":{"@type":"ImageObject","inLanguage":"pt-PT","@id":"https:\/\/portaltela.pt\/s.01k8rhncp4jt1\/2025\/11\/talking-bot-125x125.png","url":"https:\/\/portaltela.pt\/s.01k8rhncp4jt1\/2025\/11\/talking-bot-125x125.png","contentUrl":"https:\/\/portaltela.pt\/s.01k8rhncp4jt1\/2025\/11\/talking-bot-125x125.png","caption":"Telinha"},"sameAs":["https:\/\/portaltela.pt\/"],"url":"https:\/\/portaltela.pt\/por\/367410592786\/"}]}},"_links":{"self":[{"href":"https:\/\/portaltela.pt\/api\/wp\/v2\/posts\/223930","targetHints":{"allow":["GET"]}}],"collection":[{"href":"https:\/\/portaltela.pt\/api\/wp\/v2\/posts"}],"about":[{"href":"https:\/\/portaltela.pt\/api\/wp\/v2\/types\/post"}],"author":[{"embeddable":true,"href":"https:\/\/portaltela.pt\/api\/wp\/v2\/users\/2"}],"replies":[{"embeddable":true,"href":"https:\/\/portaltela.pt\/api\/wp\/v2\/comments?post=223930"}],"version-history":[{"count":0,"href":"https:\/\/portaltela.pt\/api\/wp\/v2\/posts\/223930\/revisions"}],"wp:featuredmedia":[{"embeddable":true,"href":"https:\/\/portaltela.pt\/api\/wp\/v2\/media\/223933"}],"wp:attachment":[{"href":"https:\/\/portaltela.pt\/api\/wp\/v2\/media?parent=223930"}],"wp:term":[{"taxonomy":"category","embeddable":true,"href":"https:\/\/portaltela.pt\/api\/wp\/v2\/categories?post=223930"},{"taxonomy":"post_tag","embeddable":true,"href":"https:\/\/portaltela.pt\/api\/wp\/v2\/tags?post=223930"}],"curies":[{"name":"wp","href":"https:\/\/api.w.org\/{rel}","templated":true}]}}