{"id":223912,"date":"2026-02-24T07:03:00","date_gmt":"2026-02-24T10:03:00","guid":{"rendered":"https:\/\/portaltela.pt\/noticias\/2026\/02\/24\/poeiras-do-saara-no-ar-e-cuidados-para-criancas-e-idosos\/"},"modified":"2026-02-24T07:03:00","modified_gmt":"2026-02-24T10:03:00","slug":"poeiras-do-saara-no-ar-e-cuidados-para-criancas-e-idosos","status":"publish","type":"post","link":"https:\/\/portaltela.pt\/noticias\/2026\/02\/24\/poeiras-do-saara-no-ar-e-cuidados-para-criancas-e-idosos\/","title":{"rendered":"Poeiras do Saara no ar e cuidados para crian\u00e7as e idosos"},"content":{"rendered":"<p>O sol encobriu o territ\u00f3rio com poeiras trazidas do deserto do Saara. O fen\u00f3meno foi confirmado pelo Instituto Portugu\u00eas do Mar e da Atmosfera (IPMA). A mudan\u00e7a de tempo veio ap\u00f3s dias de sol e calor.<\/p>\n<p>A qualidade do ar agravou-se, levando a orienta\u00e7\u00f5es da Dire\u00e7\u00e3o-Geral da Sa\u00fade (DGS). Mant\u00ea-lo-emos informado sobre impactos na sa\u00fade, especialmente para crian\u00e7as, idosos e pessoas com doen\u00e7as respirat\u00f3rias ou card\u00edacas.<\/p>\n<p>Esta ter\u00e7a-feira registam-se temperaturas mais baixas e c\u00e9u nublado, em todo o pa\u00eds. Os especialistas aconselham reduzir esfor\u00e7os f\u00edsicos ao ar livre e evitar fumos ou irritantes no ambiente.<\/p>\n<h3>Cuidados da popula\u00e7\u00e3o<\/h3>\n<p>Crian\u00e7as, idosos e doentes cr\u00f3nicos devem <strong>permanecer em casa<\/strong> sempre que poss\u00edvel, preferindo interiores com as <strong>janelas fechadas<\/strong>. A popula\u00e7\u00e3o em geral deve evitar atividades prolongadas ao ar livre.<\/p>\n<p>Os doentes cr\u00f3nicos devem manter os tratamentos em curso. Em caso de agravamento, contactar a Linha Sa\u00fade 24 (808242424) ou procurar um servi\u00e7o de sa\u00fade. A DGS refor\u00e7a a prioridade da prote\u00e7\u00e3o individual neste contexto.<\/p>\n","protected":false},"excerpt":{"rendered":"<ul>\n<li>Esta ter\u00e7a-feira registou-se uma descida das temperaturas m\u00e1ximas e c\u00e9u nublado, com poeiras oriundas do Saara no ar, segundo o Instituto Portugu\u00eas do Mar e da Atmosfera.<\/li>\n<li>As poeiras afetam a qualidade do ar, pelo que a Dire\u00e7\u00e3o-Geral da Sa\u00fade recomenda que crian\u00e7as, idosos e doentes com problemas respirat\u00f3rios e cardiovasculares permane\u00e7am em casa, preferencialmente com as janelas fechadas.<\/li>\n<li>Para a popula\u00e7\u00e3o em geral, evita-se esfor\u00e7o f\u00edsico prolongado, limita-se a atividade ao ar livre e evita-se a exposi\u00e7\u00e3o a fumo de tabaco e irritantes.<\/li>\n<li>Doentes cr\u00f3nicos devem manter os tratamentos m\u00e9dicos em curso e, em caso de agravamento de sintomas, contactar a Linha Sa\u00fade 24 (808242424) ou recorrer a um servi\u00e7o de sa\u00fade.<\/li>\n<\/ul>\n","protected":false},"author":2,"featured_media":223914,"comment_status":"closed","ping_status":"closed","sticky":false,"template":"","format":"standard","meta":{"footnotes":""},"categories":[1],"tags":[3953,3639,2736,3968,3460,271],"class_list":["post-223912","post","type-post","status-publish","format-standard","has-post-thumbnail","hentry","category-noticias","tag-criancas","tag-doentes-cronicos","tag-idosos","tag-ipma","tag-qualidade-do-ar","tag-saude-publica"],"yoast_head":"<!-- This site is optimized with the Yoast SEO plugin v27.2 - https:\/\/yoast.com\/product\/yoast-seo-wordpress\/ -->\n<title>Poeiras do Saara no ar e cuidados para crian\u00e7as e idosos - Portal Tela Portugal<\/title>\n<meta name=\"robots\" content=\"index, follow, max-snippet:-1, max-image-preview:large, max-video-preview:-1\" \/>\n<meta property=\"og:locale\" content=\"pt_PT\" \/>\n<meta property=\"og:type\" content=\"article\" \/>\n<meta property=\"og:title\" content=\"Poeiras do Saara no ar e cuidados para crian\u00e7as e idosos - Portal Tela Portugal\" \/>\n<meta property=\"og:description\" content=\"Esta ter\u00e7a-feira registou-se uma descida das temperaturas m\u00e1ximas e c\u00e9u nublado, com poeiras oriundas do Saara no ar, segundo o Instituto Portugu\u00eas do Mar e da Atmosfera. As poeiras afetam a qualidade do ar, pelo que a Dire\u00e7\u00e3o-Geral da Sa\u00fade recomenda que crian\u00e7as, idosos e doentes com problemas respirat\u00f3rios e cardiovasculares permane\u00e7am em casa, preferencialmente com as janelas fechadas. Para a popula\u00e7\u00e3o em geral, evita-se esfor\u00e7o f\u00edsico prolongado, limita-se a atividade ao ar livre e evita-se a exposi\u00e7\u00e3o a fumo de tabaco e irritantes. Doentes cr\u00f3nicos devem manter os tratamentos m\u00e9dicos em curso e, em caso de agravamento de sintomas, contactar a Linha Sa\u00fade 24 (808242424) ou recorrer a um servi\u00e7o de sa\u00fade.\" \/>\n<meta property=\"og:url\" content=\"https:\/\/portaltela.pt\/noticias\/2026\/02\/24\/poeiras-do-saara-no-ar-e-cuidados-para-criancas-e-idosos\/\" \/>\n<meta property=\"og:site_name\" content=\"Portal Tela Portugal\" \/>\n<meta property=\"article:published_time\" content=\"2026-02-24T10:03:00+00:00\" \/>\n<meta name=\"author\" content=\"Telinha\" \/>\n<meta name=\"twitter:card\" content=\"summary_large_image\" \/>\n<meta name=\"twitter:label1\" content=\"Escrito por\" \/>\n\t<meta name=\"twitter:data1\" content=\"Telinha\" \/>\n\t<meta name=\"twitter:label2\" content=\"Tempo estimado de leitura\" \/>\n\t<meta name=\"twitter:data2\" content=\"1 minuto\" \/>\n<script type=\"application\/ld+json\" class=\"yoast-schema-graph\">{\"@context\":\"https:\/\/schema.org\",\"@graph\":[{\"@type\":\"Article\",\"@id\":\"https:\/\/portaltela.pt\/noticias\/2026\/02\/24\/poeiras-do-saara-no-ar-e-cuidados-para-criancas-e-idosos\/#article\",\"isPartOf\":{\"@id\":\"https:\/\/portaltela.pt\/noticias\/2026\/02\/24\/poeiras-do-saara-no-ar-e-cuidados-para-criancas-e-idosos\/\"},\"author\":{\"name\":\"Telinha\",\"@id\":\"https:\/\/portaltela.pt\/#\/schema\/person\/c4278d4a6028830caff9ee44b42d32ed\"},\"headline\":\"Poeiras do Saara no ar e cuidados para crian\u00e7as e idosos\",\"datePublished\":\"2026-02-24T10:03:00+00:00\",\"mainEntityOfPage\":{\"@id\":\"https:\/\/portaltela.pt\/noticias\/2026\/02\/24\/poeiras-do-saara-no-ar-e-cuidados-para-criancas-e-idosos\/\"},\"wordCount\":202,\"image\":{\"@id\":\"https:\/\/portaltela.pt\/noticias\/2026\/02\/24\/poeiras-do-saara-no-ar-e-cuidados-para-criancas-e-idosos\/#primaryimage\"},\"thumbnailUrl\":\"https:\/\/portaltela.pt\/s.01k8rhncp4jt1\/2026\/02\/d3038d17-2432-48ae-b6dd-25e82e5a5a7c_1200x675.jpg\",\"keywords\":[\"crian\u00e7as\",\"doentes cr\u00f3nicos\",\"idosos\",\"IPMA\",\"Qualidade do Ar\",\"sa\u00fade p\u00fablica\"],\"articleSection\":[\"Not\u00edcias\"],\"inLanguage\":\"pt-PT\"},{\"@type\":\"WebPage\",\"@id\":\"https:\/\/portaltela.pt\/noticias\/2026\/02\/24\/poeiras-do-saara-no-ar-e-cuidados-para-criancas-e-idosos\/\",\"url\":\"https:\/\/portaltela.pt\/noticias\/2026\/02\/24\/poeiras-do-saara-no-ar-e-cuidados-para-criancas-e-idosos\/\",\"name\":\"Poeiras do Saara no ar e cuidados para crian\u00e7as e idosos - Portal Tela Portugal\",\"isPartOf\":{\"@id\":\"https:\/\/portaltela.pt\/#website\"},\"primaryImageOfPage\":{\"@id\":\"https:\/\/portaltela.pt\/noticias\/2026\/02\/24\/poeiras-do-saara-no-ar-e-cuidados-para-criancas-e-idosos\/#primaryimage\"},\"image\":{\"@id\":\"https:\/\/portaltela.pt\/noticias\/2026\/02\/24\/poeiras-do-saara-no-ar-e-cuidados-para-criancas-e-idosos\/#primaryimage\"},\"thumbnailUrl\":\"https:\/\/portaltela.pt\/s.01k8rhncp4jt1\/2026\/02\/d3038d17-2432-48ae-b6dd-25e82e5a5a7c_1200x675.jpg\",\"datePublished\":\"2026-02-24T10:03:00+00:00\",\"author\":{\"@id\":\"https:\/\/portaltela.pt\/#\/schema\/person\/c4278d4a6028830caff9ee44b42d32ed\"},\"breadcrumb\":{\"@id\":\"https:\/\/portaltela.pt\/noticias\/2026\/02\/24\/poeiras-do-saara-no-ar-e-cuidados-para-criancas-e-idosos\/#breadcrumb\"},\"inLanguage\":\"pt-PT\",\"potentialAction\":[{\"@type\":\"ReadAction\",\"target\":[\"https:\/\/portaltela.pt\/noticias\/2026\/02\/24\/poeiras-do-saara-no-ar-e-cuidados-para-criancas-e-idosos\/\"]}]},{\"@type\":\"ImageObject\",\"inLanguage\":\"pt-PT\",\"@id\":\"https:\/\/portaltela.pt\/noticias\/2026\/02\/24\/poeiras-do-saara-no-ar-e-cuidados-para-criancas-e-idosos\/#primaryimage\",\"url\":\"https:\/\/portaltela.pt\/s.01k8rhncp4jt1\/2026\/02\/d3038d17-2432-48ae-b6dd-25e82e5a5a7c_1200x675.jpg\",\"contentUrl\":\"https:\/\/portaltela.pt\/s.01k8rhncp4jt1\/2026\/02\/d3038d17-2432-48ae-b6dd-25e82e5a5a7c_1200x675.jpg\",\"width\":796,\"height\":448,\"caption\":\"Previs\u00e3o de poeiras em suspens\u00e3o durante esta semana\"},{\"@type\":\"BreadcrumbList\",\"@id\":\"https:\/\/portaltela.pt\/noticias\/2026\/02\/24\/poeiras-do-saara-no-ar-e-cuidados-para-criancas-e-idosos\/#breadcrumb\",\"itemListElement\":[{\"@type\":\"ListItem\",\"position\":1,\"name\":\"In\u00edcio\",\"item\":\"https:\/\/portaltela.pt\/\"},{\"@type\":\"ListItem\",\"position\":2,\"name\":\"Poeiras do Saara no ar e cuidados para crian\u00e7as e idosos\"}]},{\"@type\":\"WebSite\",\"@id\":\"https:\/\/portaltela.pt\/#website\",\"url\":\"https:\/\/portaltela.pt\/\",\"name\":\"Portal Tela Portugal\",\"description\":\"\",\"potentialAction\":[{\"@type\":\"SearchAction\",\"target\":{\"@type\":\"EntryPoint\",\"urlTemplate\":\"https:\/\/portaltela.pt\/?s={search_term_string}\"},\"query-input\":{\"@type\":\"PropertyValueSpecification\",\"valueRequired\":true,\"valueName\":\"search_term_string\"}}],\"inLanguage\":\"pt-PT\"},{\"@type\":\"Person\",\"@id\":\"https:\/\/portaltela.pt\/#\/schema\/person\/c4278d4a6028830caff9ee44b42d32ed\",\"name\":\"Telinha\",\"image\":{\"@type\":\"ImageObject\",\"inLanguage\":\"pt-PT\",\"@id\":\"https:\/\/portaltela.pt\/s.01k8rhncp4jt1\/2025\/11\/talking-bot-125x125.png\",\"url\":\"https:\/\/portaltela.pt\/s.01k8rhncp4jt1\/2025\/11\/talking-bot-125x125.png\",\"contentUrl\":\"https:\/\/portaltela.pt\/s.01k8rhncp4jt1\/2025\/11\/talking-bot-125x125.png\",\"caption\":\"Telinha\"},\"sameAs\":[\"https:\/\/portaltela.pt\/\"],\"url\":\"https:\/\/portaltela.pt\/por\/367410592786\/\"}]}<\/script>\n<!-- \/ Yoast SEO plugin. -->","yoast_head_json":{"title":"Poeiras do Saara no ar e cuidados para crian\u00e7as e idosos - Portal Tela Portugal","robots":{"index":"index","follow":"follow","max-snippet":"max-snippet:-1","max-image-preview":"max-image-preview:large","max-video-preview":"max-video-preview:-1"},"og_locale":"pt_PT","og_type":"article","og_title":"Poeiras do Saara no ar e cuidados para crian\u00e7as e idosos - Portal Tela Portugal","og_description":"Esta ter\u00e7a-feira registou-se uma descida das temperaturas m\u00e1ximas e c\u00e9u nublado, com poeiras oriundas do Saara no ar, segundo o Instituto Portugu\u00eas do Mar e da Atmosfera. As poeiras afetam a qualidade do ar, pelo que a Dire\u00e7\u00e3o-Geral da Sa\u00fade recomenda que crian\u00e7as, idosos e doentes com problemas respirat\u00f3rios e cardiovasculares permane\u00e7am em casa, preferencialmente com as janelas fechadas. Para a popula\u00e7\u00e3o em geral, evita-se esfor\u00e7o f\u00edsico prolongado, limita-se a atividade ao ar livre e evita-se a exposi\u00e7\u00e3o a fumo de tabaco e irritantes. Doentes cr\u00f3nicos devem manter os tratamentos m\u00e9dicos em curso e, em caso de agravamento de sintomas, contactar a Linha Sa\u00fade 24 (808242424) ou recorrer a um servi\u00e7o de sa\u00fade.","og_url":"https:\/\/portaltela.pt\/noticias\/2026\/02\/24\/poeiras-do-saara-no-ar-e-cuidados-para-criancas-e-idosos\/","og_site_name":"Portal Tela Portugal","article_published_time":"2026-02-24T10:03:00+00:00","author":"Telinha","twitter_card":"summary_large_image","twitter_misc":{"Escrito por":"Telinha","Tempo estimado de leitura":"1 minuto"},"schema":{"@context":"https:\/\/schema.org","@graph":[{"@type":"Article","@id":"https:\/\/portaltela.pt\/noticias\/2026\/02\/24\/poeiras-do-saara-no-ar-e-cuidados-para-criancas-e-idosos\/#article","isPartOf":{"@id":"https:\/\/portaltela.pt\/noticias\/2026\/02\/24\/poeiras-do-saara-no-ar-e-cuidados-para-criancas-e-idosos\/"},"author":{"name":"Telinha","@id":"https:\/\/portaltela.pt\/#\/schema\/person\/c4278d4a6028830caff9ee44b42d32ed"},"headline":"Poeiras do Saara no ar e cuidados para crian\u00e7as e idosos","datePublished":"2026-02-24T10:03:00+00:00","mainEntityOfPage":{"@id":"https:\/\/portaltela.pt\/noticias\/2026\/02\/24\/poeiras-do-saara-no-ar-e-cuidados-para-criancas-e-idosos\/"},"wordCount":202,"image":{"@id":"https:\/\/portaltela.pt\/noticias\/2026\/02\/24\/poeiras-do-saara-no-ar-e-cuidados-para-criancas-e-idosos\/#primaryimage"},"thumbnailUrl":"https:\/\/portaltela.pt\/s.01k8rhncp4jt1\/2026\/02\/d3038d17-2432-48ae-b6dd-25e82e5a5a7c_1200x675.jpg","keywords":["crian\u00e7as","doentes cr\u00f3nicos","idosos","IPMA","Qualidade do Ar","sa\u00fade p\u00fablica"],"articleSection":["Not\u00edcias"],"inLanguage":"pt-PT"},{"@type":"WebPage","@id":"https:\/\/portaltela.pt\/noticias\/2026\/02\/24\/poeiras-do-saara-no-ar-e-cuidados-para-criancas-e-idosos\/","url":"https:\/\/portaltela.pt\/noticias\/2026\/02\/24\/poeiras-do-saara-no-ar-e-cuidados-para-criancas-e-idosos\/","name":"Poeiras do Saara no ar e cuidados para crian\u00e7as e idosos - Portal Tela Portugal","isPartOf":{"@id":"https:\/\/portaltela.pt\/#website"},"primaryImageOfPage":{"@id":"https:\/\/portaltela.pt\/noticias\/2026\/02\/24\/poeiras-do-saara-no-ar-e-cuidados-para-criancas-e-idosos\/#primaryimage"},"image":{"@id":"https:\/\/portaltela.pt\/noticias\/2026\/02\/24\/poeiras-do-saara-no-ar-e-cuidados-para-criancas-e-idosos\/#primaryimage"},"thumbnailUrl":"https:\/\/portaltela.pt\/s.01k8rhncp4jt1\/2026\/02\/d3038d17-2432-48ae-b6dd-25e82e5a5a7c_1200x675.jpg","datePublished":"2026-02-24T10:03:00+00:00","author":{"@id":"https:\/\/portaltela.pt\/#\/schema\/person\/c4278d4a6028830caff9ee44b42d32ed"},"breadcrumb":{"@id":"https:\/\/portaltela.pt\/noticias\/2026\/02\/24\/poeiras-do-saara-no-ar-e-cuidados-para-criancas-e-idosos\/#breadcrumb"},"inLanguage":"pt-PT","potentialAction":[{"@type":"ReadAction","target":["https:\/\/portaltela.pt\/noticias\/2026\/02\/24\/poeiras-do-saara-no-ar-e-cuidados-para-criancas-e-idosos\/"]}]},{"@type":"ImageObject","inLanguage":"pt-PT","@id":"https:\/\/portaltela.pt\/noticias\/2026\/02\/24\/poeiras-do-saara-no-ar-e-cuidados-para-criancas-e-idosos\/#primaryimage","url":"https:\/\/portaltela.pt\/s.01k8rhncp4jt1\/2026\/02\/d3038d17-2432-48ae-b6dd-25e82e5a5a7c_1200x675.jpg","contentUrl":"https:\/\/portaltela.pt\/s.01k8rhncp4jt1\/2026\/02\/d3038d17-2432-48ae-b6dd-25e82e5a5a7c_1200x675.jpg","width":796,"height":448,"caption":"Previs\u00e3o de poeiras em suspens\u00e3o durante esta semana"},{"@type":"BreadcrumbList","@id":"https:\/\/portaltela.pt\/noticias\/2026\/02\/24\/poeiras-do-saara-no-ar-e-cuidados-para-criancas-e-idosos\/#breadcrumb","itemListElement":[{"@type":"ListItem","position":1,"name":"In\u00edcio","item":"https:\/\/portaltela.pt\/"},{"@type":"ListItem","position":2,"name":"Poeiras do Saara no ar e cuidados para crian\u00e7as e idosos"}]},{"@type":"WebSite","@id":"https:\/\/portaltela.pt\/#website","url":"https:\/\/portaltela.pt\/","name":"Portal Tela Portugal","description":"","potentialAction":[{"@type":"SearchAction","target":{"@type":"EntryPoint","urlTemplate":"https:\/\/portaltela.pt\/?s={search_term_string}"},"query-input":{"@type":"PropertyValueSpecification","valueRequired":true,"valueName":"search_term_string"}}],"inLanguage":"pt-PT"},{"@type":"Person","@id":"https:\/\/portaltela.pt\/#\/schema\/person\/c4278d4a6028830caff9ee44b42d32ed","name":"Telinha","image":{"@type":"ImageObject","inLanguage":"pt-PT","@id":"https:\/\/portaltela.pt\/s.01k8rhncp4jt1\/2025\/11\/talking-bot-125x125.png","url":"https:\/\/portaltela.pt\/s.01k8rhncp4jt1\/2025\/11\/talking-bot-125x125.png","contentUrl":"https:\/\/portaltela.pt\/s.01k8rhncp4jt1\/2025\/11\/talking-bot-125x125.png","caption":"Telinha"},"sameAs":["https:\/\/portaltela.pt\/"],"url":"https:\/\/portaltela.pt\/por\/367410592786\/"}]}},"_links":{"self":[{"href":"https:\/\/portaltela.pt\/api\/wp\/v2\/posts\/223912","targetHints":{"allow":["GET"]}}],"collection":[{"href":"https:\/\/portaltela.pt\/api\/wp\/v2\/posts"}],"about":[{"href":"https:\/\/portaltela.pt\/api\/wp\/v2\/types\/post"}],"author":[{"embeddable":true,"href":"https:\/\/portaltela.pt\/api\/wp\/v2\/users\/2"}],"replies":[{"embeddable":true,"href":"https:\/\/portaltela.pt\/api\/wp\/v2\/comments?post=223912"}],"version-history":[{"count":0,"href":"https:\/\/portaltela.pt\/api\/wp\/v2\/posts\/223912\/revisions"}],"wp:featuredmedia":[{"embeddable":true,"href":"https:\/\/portaltela.pt\/api\/wp\/v2\/media\/223914"}],"wp:attachment":[{"href":"https:\/\/portaltela.pt\/api\/wp\/v2\/media?parent=223912"}],"wp:term":[{"taxonomy":"category","embeddable":true,"href":"https:\/\/portaltela.pt\/api\/wp\/v2\/categories?post=223912"},{"taxonomy":"post_tag","embeddable":true,"href":"https:\/\/portaltela.pt\/api\/wp\/v2\/tags?post=223912"}],"curies":[{"name":"wp","href":"https:\/\/api.w.org\/{rel}","templated":true}]}}