{"id":223906,"date":"2026-02-24T07:02:13","date_gmt":"2026-02-24T10:02:13","guid":{"rendered":"https:\/\/portaltela.pt\/noticias\/2026\/02\/24\/ex-prisioneiro-ucraniano-relata-ter-limpado-celas-de-tortura-sob-tropas-russas\/"},"modified":"2026-02-24T07:02:13","modified_gmt":"2026-02-24T10:02:13","slug":"ex-prisioneiro-ucraniano-relata-ter-limpado-celas-de-tortura-sob-tropas-russas","status":"publish","type":"post","link":"https:\/\/portaltela.pt\/noticias\/2026\/02\/24\/ex-prisioneiro-ucraniano-relata-ter-limpado-celas-de-tortura-sob-tropas-russas\/","title":{"rendered":"Ex-prisioneiro ucraniano relata ter limpado celas de tortura sob tropas russas"},"content":{"rendered":"<p>Vlad Buriak, de 16 anos na altura, foi raptado em Melitopol, regi\u00e3o de Zaporizhia, durante a ocupa\u00e7\u00e3o russa. Em 8 de abril de 2022, o ve\u00edculo em que seguia foi parado em Vasylivka e o jovem foi retirado do carro ap\u00f3s suspeitas de filmar. Afastou-se com o pai e ficou em cativeiro durante 90 dias, divididos entre um campo de filtragem, uma pris\u00e3o da pol\u00edcia e um hotel convertido em centro de deten\u00e7\u00e3o.<\/p>\n<p>Durante o per\u00edodo, Vlad descreveu abusos de viol\u00eancia e de tortura, bem como obriga\u00e7\u00f5es de limpeza de uma cela de tortura na pris\u00e3o de Melitopol. Tamb\u00e9m prestava servi\u00e7os como ajudante de cozinha e de limpeza em \u00e1reas comuns, entre outras tarefas, sempre sob press\u00e3o psicol\u00f3gica. A pol\u00edcia russa chegou a falsificar registos criminais contra ele, acusando-o de tr\u00e1fico de drogas.<\/p>\n<p>A fam\u00edlia de Vlad e autoridades ucranianas realizaram um esfor\u00e7o conjunto que permitiu o seu regresso ap\u00f3s quatro meses de cativeiro na R\u00fassia, que terminou com o retorno a Melitopol. Vlad tinha 16 anos na altura do rapto e hoje tem 20, mantendo o relato de dificuldades enfrentadas para voltar \u00e0 Ucr\u00e2nia.<\/p>\n<h2>Global e contexto de deslocamento infantil<\/h2>\n<p>At\u00e9 ao momento, a Ucr\u00e2nia conseguiu trazer de volta cerca de 2.000 crian\u00e7as de um dif\u00edcil total estimado em 20.000 deportadas pela R\u00fassia, conforme dados de entidades pr\u00f3-Ucr\u00e2nia. O regresso envolve processos longos de identifica\u00e7\u00e3o, isolamento, reabilita\u00e7\u00e3o e prote\u00e7\u00e3o, com v\u00e1rias equipas a coordenarem o retorno.<\/p>\n<p>Maksym Maksymov, da Bring Kids Back UA, sublinha que n\u00e3o existe ainda um mecanismo jur\u00eddico global para as devolu\u00e7\u00f5es e que as opera\u00e7\u00f5es requerem esfor\u00e7o de m\u00faltiplos departamentos. O objetivo \u00e9 assegurar apoio educativo, psicol\u00f3gico e m\u00e9dico, bem como um alojamento est\u00e1vel para cada crian\u00e7a.<\/p>\n<p>Evid\u00eancias de investiga\u00e7\u00e3o indicam que o rapto de crian\u00e7as \u00e9 uma pr\u00e1tica sist\u00e9mica, com planos documentados no Kremlin que visavam retirar crian\u00e7as de regi\u00f5es ocupadas para a R\u00fassia sob o pretexto de opera\u00e7\u00f5es humanit\u00e1rias. O ISW refere que muitos casos n\u00e3o s\u00e3o verific\u00e1veis com exatid\u00e3o, mas a tend\u00eancia \u00e9 clara: a inten\u00e7\u00e3o \u00e9 corroer identidades ucranianas.<\/p>\n<h2>Estrat\u00e9gia de isolamento, reimplanta\u00e7\u00e3o e recrutamento<\/h2>\n<p>Specialistas descrevem um trio de fases na apropria\u00e7\u00e3o de crian\u00e7as: isolamento, redesign da identidade e forma\u00e7\u00e3o militar. O objetivo \u00e9 impedir o regresso legal e emocional, para, posteriormente, integrar os jovens em programas de treino e doutrina\u00e7\u00e3o, abrindo caminho para o recrutamento aos 18 anos.<\/p>\n<p>A recupera\u00e7\u00e3o de crian\u00e7as devolvidas envolve um plano de prote\u00e7\u00e3o individual, com avalia\u00e7\u00e3o de necessidades educativas, psicol\u00f3gicas, m\u00e9dicas e de habita\u00e7\u00e3o. Cada jovem recebe um gestor de caso que coordena um programa de apoio de curto, m\u00e9dio e longo prazo, com monitoriza\u00e7\u00f5es a 3, 12 e 18 meses.<\/p>\n<p>O eixo humano deste processo destaca que muitas crian\u00e7as devolvidas s\u00e3o \u00f3rf\u00e3s, e que o objetivo \u00e9 evitar que voltem a viver em orfanatos, procurando coloca\u00e7\u00e3o familiar est\u00e1vel, seja na fam\u00edlia biol\u00f3gica, numa fam\u00edlia de acolhimento ou numa fam\u00edlia de ado\u00e7\u00e3o.<\/p>\n","protected":false},"excerpt":{"rendered":"<ul>\n<li>Vlad Buriak, com 16 anos na altura, foi raptado em Melitopol e obrigado a abandonar o carro quando as tropas russas o abordaram no posto de Vasylivka.<\/li>\n<li>Em cativeiro russo de 90 dias, foi usado para tarefas como limpar c\u00e2maras de tortura, ajudar na cozinha e realizar trabalhos para prisioneiros, incluindo a limpeza de uma sala de tortura.<\/li>\n<li>Al\u00e9m de abusos f\u00edsicos, Vlad sofreu propaganda destinada a substituir a identidade ucraniana pela russa; acabou por voltar a Melitopol e, depois, regressar \u00e0 Ucr\u00e2nia gra\u00e7as a um esfor\u00e7o familiar e institucional.<\/li>\n<li>A Ucr\u00e2nia j\u00e1 trouxe de volta cerca de 2.000 crian\u00e7as, num total estimado de 20.000 deportadas, segundo a iniciativa Bring Kids Back UA; o n\u00famero real de deporta\u00e7\u00f5es ainda \u00e9 contestado por fontes como Yale e o Institute for the Study of War.<\/li>\n<li>Especialistas afirmam que a Russia utiliza uma estrat\u00e9gia de isolar, reprogramar e militarizar crian\u00e7as migradas, com documentos do Kremlin de 2022 a indicar planos de retirar crian\u00e7as de regi\u00f5es ocupadas para a R\u00fassia sob o pretexto de \u201cretiradas humanit\u00e1rias\u201d.<\/li>\n<\/ul>\n","protected":false},"author":2,"featured_media":223907,"comment_status":"closed","ping_status":"closed","sticky":false,"template":"","format":"standard","meta":{"footnotes":""},"categories":[1],"tags":[3953,6210,4332,3110,3535,1705],"class_list":["post-223906","post","type-post","status-publish","format-standard","has-post-thumbnail","hentry","category-noticias","tag-criancas","tag-crimes-contra-menores","tag-rapto-agravado","tag-russia","tag-tortura","tag-trafico-de-menores"],"yoast_head":"<!-- This site is optimized with the Yoast SEO plugin v27.2 - https:\/\/yoast.com\/product\/yoast-seo-wordpress\/ -->\n<title>Ex-prisioneiro ucraniano relata ter limpado celas de tortura sob tropas russas - Portal Tela Portugal<\/title>\n<meta name=\"robots\" content=\"index, follow, max-snippet:-1, max-image-preview:large, max-video-preview:-1\" \/>\n<meta property=\"og:locale\" content=\"pt_PT\" \/>\n<meta property=\"og:type\" content=\"article\" \/>\n<meta property=\"og:title\" content=\"Ex-prisioneiro ucraniano relata ter limpado celas de tortura sob tropas russas - Portal Tela Portugal\" \/>\n<meta property=\"og:description\" content=\"Vlad Buriak, com 16 anos na altura, foi raptado em Melitopol e obrigado a abandonar o carro quando as tropas russas o abordaram no posto de Vasylivka. Em cativeiro russo de 90 dias, foi usado para tarefas como limpar c\u00e2maras de tortura, ajudar na cozinha e realizar trabalhos para prisioneiros, incluindo a limpeza de uma sala de tortura. Al\u00e9m de abusos f\u00edsicos, Vlad sofreu propaganda destinada a substituir a identidade ucraniana pela russa; acabou por voltar a Melitopol e, depois, regressar \u00e0 Ucr\u00e2nia gra\u00e7as a um esfor\u00e7o familiar e institucional. A Ucr\u00e2nia j\u00e1 trouxe de volta cerca de 2.000 crian\u00e7as, num total estimado de 20.000 deportadas, segundo a iniciativa Bring Kids Back UA; o n\u00famero real de deporta\u00e7\u00f5es ainda \u00e9 contestado por fontes como Yale e o Institute for the Study of War. Especialistas afirmam que a Russia utiliza uma estrat\u00e9gia de isolar, reprogramar e militarizar crian\u00e7as migradas, com documentos do Kremlin de 2022 a indicar planos de retirar crian\u00e7as de regi\u00f5es ocupadas para a R\u00fassia sob o pretexto de \u201cretiradas humanit\u00e1rias\u201d.\" \/>\n<meta property=\"og:url\" content=\"https:\/\/portaltela.pt\/noticias\/2026\/02\/24\/ex-prisioneiro-ucraniano-relata-ter-limpado-celas-de-tortura-sob-tropas-russas\/\" \/>\n<meta property=\"og:site_name\" content=\"Portal Tela Portugal\" \/>\n<meta property=\"article:published_time\" content=\"2026-02-24T10:02:13+00:00\" \/>\n<meta name=\"author\" content=\"Telinha\" \/>\n<meta name=\"twitter:card\" content=\"summary_large_image\" \/>\n<meta name=\"twitter:label1\" content=\"Escrito por\" \/>\n\t<meta name=\"twitter:data1\" content=\"Telinha\" \/>\n\t<meta name=\"twitter:label2\" content=\"Tempo estimado de leitura\" \/>\n\t<meta name=\"twitter:data2\" content=\"3 minutos\" \/>\n<script type=\"application\/ld+json\" class=\"yoast-schema-graph\">{\"@context\":\"https:\/\/schema.org\",\"@graph\":[{\"@type\":\"Article\",\"@id\":\"https:\/\/portaltela.pt\/noticias\/2026\/02\/24\/ex-prisioneiro-ucraniano-relata-ter-limpado-celas-de-tortura-sob-tropas-russas\/#article\",\"isPartOf\":{\"@id\":\"https:\/\/portaltela.pt\/noticias\/2026\/02\/24\/ex-prisioneiro-ucraniano-relata-ter-limpado-celas-de-tortura-sob-tropas-russas\/\"},\"author\":{\"name\":\"Telinha\",\"@id\":\"https:\/\/portaltela.pt\/#\/schema\/person\/c4278d4a6028830caff9ee44b42d32ed\"},\"headline\":\"Ex-prisioneiro ucraniano relata ter limpado celas de tortura sob tropas russas\",\"datePublished\":\"2026-02-24T10:02:13+00:00\",\"mainEntityOfPage\":{\"@id\":\"https:\/\/portaltela.pt\/noticias\/2026\/02\/24\/ex-prisioneiro-ucraniano-relata-ter-limpado-celas-de-tortura-sob-tropas-russas\/\"},\"wordCount\":553,\"image\":{\"@id\":\"https:\/\/portaltela.pt\/noticias\/2026\/02\/24\/ex-prisioneiro-ucraniano-relata-ter-limpado-celas-de-tortura-sob-tropas-russas\/#primaryimage\"},\"thumbnailUrl\":\"https:\/\/portaltela.pt\/s.01k8rhncp4jt1\/2026\/02\/1536x864_cmsv2_26df0c9f-2465-5cf9-8d70-32de3c4d1a1a-9314965.jpg\",\"keywords\":[\"crian\u00e7as\",\"crimes contra menores\",\"rapto agravado\",\"R\u00fassia\",\"tortura\",\"tr\u00e1fico de menores\"],\"articleSection\":[\"Not\u00edcias\"],\"inLanguage\":\"pt-PT\"},{\"@type\":\"WebPage\",\"@id\":\"https:\/\/portaltela.pt\/noticias\/2026\/02\/24\/ex-prisioneiro-ucraniano-relata-ter-limpado-celas-de-tortura-sob-tropas-russas\/\",\"url\":\"https:\/\/portaltela.pt\/noticias\/2026\/02\/24\/ex-prisioneiro-ucraniano-relata-ter-limpado-celas-de-tortura-sob-tropas-russas\/\",\"name\":\"Ex-prisioneiro ucraniano relata ter limpado celas de tortura sob tropas russas - Portal Tela Portugal\",\"isPartOf\":{\"@id\":\"https:\/\/portaltela.pt\/#website\"},\"primaryImageOfPage\":{\"@id\":\"https:\/\/portaltela.pt\/noticias\/2026\/02\/24\/ex-prisioneiro-ucraniano-relata-ter-limpado-celas-de-tortura-sob-tropas-russas\/#primaryimage\"},\"image\":{\"@id\":\"https:\/\/portaltela.pt\/noticias\/2026\/02\/24\/ex-prisioneiro-ucraniano-relata-ter-limpado-celas-de-tortura-sob-tropas-russas\/#primaryimage\"},\"thumbnailUrl\":\"https:\/\/portaltela.pt\/s.01k8rhncp4jt1\/2026\/02\/1536x864_cmsv2_26df0c9f-2465-5cf9-8d70-32de3c4d1a1a-9314965.jpg\",\"datePublished\":\"2026-02-24T10:02:13+00:00\",\"author\":{\"@id\":\"https:\/\/portaltela.pt\/#\/schema\/person\/c4278d4a6028830caff9ee44b42d32ed\"},\"breadcrumb\":{\"@id\":\"https:\/\/portaltela.pt\/noticias\/2026\/02\/24\/ex-prisioneiro-ucraniano-relata-ter-limpado-celas-de-tortura-sob-tropas-russas\/#breadcrumb\"},\"inLanguage\":\"pt-PT\",\"potentialAction\":[{\"@type\":\"ReadAction\",\"target\":[\"https:\/\/portaltela.pt\/noticias\/2026\/02\/24\/ex-prisioneiro-ucraniano-relata-ter-limpado-celas-de-tortura-sob-tropas-russas\/\"]}]},{\"@type\":\"ImageObject\",\"inLanguage\":\"pt-PT\",\"@id\":\"https:\/\/portaltela.pt\/noticias\/2026\/02\/24\/ex-prisioneiro-ucraniano-relata-ter-limpado-celas-de-tortura-sob-tropas-russas\/#primaryimage\",\"url\":\"https:\/\/portaltela.pt\/s.01k8rhncp4jt1\/2026\/02\/1536x864_cmsv2_26df0c9f-2465-5cf9-8d70-32de3c4d1a1a-9314965.jpg\",\"contentUrl\":\"https:\/\/portaltela.pt\/s.01k8rhncp4jt1\/2026\/02\/1536x864_cmsv2_26df0c9f-2465-5cf9-8d70-32de3c4d1a1a-9314965.jpg\",\"width\":796,\"height\":448,\"caption\":\"ARQUIVO - Crian\u00e7as ucranianas brincam num posto de controlo abandonado em Kherson, no sul da Ucr\u00e2nia, quarta-feira, 23 de novembro de 2022.\"},{\"@type\":\"BreadcrumbList\",\"@id\":\"https:\/\/portaltela.pt\/noticias\/2026\/02\/24\/ex-prisioneiro-ucraniano-relata-ter-limpado-celas-de-tortura-sob-tropas-russas\/#breadcrumb\",\"itemListElement\":[{\"@type\":\"ListItem\",\"position\":1,\"name\":\"In\u00edcio\",\"item\":\"https:\/\/portaltela.pt\/\"},{\"@type\":\"ListItem\",\"position\":2,\"name\":\"Ex-prisioneiro ucraniano relata ter limpado celas de tortura sob tropas russas\"}]},{\"@type\":\"WebSite\",\"@id\":\"https:\/\/portaltela.pt\/#website\",\"url\":\"https:\/\/portaltela.pt\/\",\"name\":\"Portal Tela Portugal\",\"description\":\"\",\"potentialAction\":[{\"@type\":\"SearchAction\",\"target\":{\"@type\":\"EntryPoint\",\"urlTemplate\":\"https:\/\/portaltela.pt\/?s={search_term_string}\"},\"query-input\":{\"@type\":\"PropertyValueSpecification\",\"valueRequired\":true,\"valueName\":\"search_term_string\"}}],\"inLanguage\":\"pt-PT\"},{\"@type\":\"Person\",\"@id\":\"https:\/\/portaltela.pt\/#\/schema\/person\/c4278d4a6028830caff9ee44b42d32ed\",\"name\":\"Telinha\",\"image\":{\"@type\":\"ImageObject\",\"inLanguage\":\"pt-PT\",\"@id\":\"https:\/\/portaltela.pt\/s.01k8rhncp4jt1\/2025\/11\/talking-bot-125x125.png\",\"url\":\"https:\/\/portaltela.pt\/s.01k8rhncp4jt1\/2025\/11\/talking-bot-125x125.png\",\"contentUrl\":\"https:\/\/portaltela.pt\/s.01k8rhncp4jt1\/2025\/11\/talking-bot-125x125.png\",\"caption\":\"Telinha\"},\"sameAs\":[\"https:\/\/portaltela.pt\/\"],\"url\":\"https:\/\/portaltela.pt\/por\/367410592786\/\"}]}<\/script>\n<!-- \/ Yoast SEO plugin. -->","yoast_head_json":{"title":"Ex-prisioneiro ucraniano relata ter limpado celas de tortura sob tropas russas - Portal Tela Portugal","robots":{"index":"index","follow":"follow","max-snippet":"max-snippet:-1","max-image-preview":"max-image-preview:large","max-video-preview":"max-video-preview:-1"},"og_locale":"pt_PT","og_type":"article","og_title":"Ex-prisioneiro ucraniano relata ter limpado celas de tortura sob tropas russas - Portal Tela Portugal","og_description":"Vlad Buriak, com 16 anos na altura, foi raptado em Melitopol e obrigado a abandonar o carro quando as tropas russas o abordaram no posto de Vasylivka. Em cativeiro russo de 90 dias, foi usado para tarefas como limpar c\u00e2maras de tortura, ajudar na cozinha e realizar trabalhos para prisioneiros, incluindo a limpeza de uma sala de tortura. Al\u00e9m de abusos f\u00edsicos, Vlad sofreu propaganda destinada a substituir a identidade ucraniana pela russa; acabou por voltar a Melitopol e, depois, regressar \u00e0 Ucr\u00e2nia gra\u00e7as a um esfor\u00e7o familiar e institucional. A Ucr\u00e2nia j\u00e1 trouxe de volta cerca de 2.000 crian\u00e7as, num total estimado de 20.000 deportadas, segundo a iniciativa Bring Kids Back UA; o n\u00famero real de deporta\u00e7\u00f5es ainda \u00e9 contestado por fontes como Yale e o Institute for the Study of War. Especialistas afirmam que a Russia utiliza uma estrat\u00e9gia de isolar, reprogramar e militarizar crian\u00e7as migradas, com documentos do Kremlin de 2022 a indicar planos de retirar crian\u00e7as de regi\u00f5es ocupadas para a R\u00fassia sob o pretexto de \u201cretiradas humanit\u00e1rias\u201d.","og_url":"https:\/\/portaltela.pt\/noticias\/2026\/02\/24\/ex-prisioneiro-ucraniano-relata-ter-limpado-celas-de-tortura-sob-tropas-russas\/","og_site_name":"Portal Tela Portugal","article_published_time":"2026-02-24T10:02:13+00:00","author":"Telinha","twitter_card":"summary_large_image","twitter_misc":{"Escrito por":"Telinha","Tempo estimado de leitura":"3 minutos"},"schema":{"@context":"https:\/\/schema.org","@graph":[{"@type":"Article","@id":"https:\/\/portaltela.pt\/noticias\/2026\/02\/24\/ex-prisioneiro-ucraniano-relata-ter-limpado-celas-de-tortura-sob-tropas-russas\/#article","isPartOf":{"@id":"https:\/\/portaltela.pt\/noticias\/2026\/02\/24\/ex-prisioneiro-ucraniano-relata-ter-limpado-celas-de-tortura-sob-tropas-russas\/"},"author":{"name":"Telinha","@id":"https:\/\/portaltela.pt\/#\/schema\/person\/c4278d4a6028830caff9ee44b42d32ed"},"headline":"Ex-prisioneiro ucraniano relata ter limpado celas de tortura sob tropas russas","datePublished":"2026-02-24T10:02:13+00:00","mainEntityOfPage":{"@id":"https:\/\/portaltela.pt\/noticias\/2026\/02\/24\/ex-prisioneiro-ucraniano-relata-ter-limpado-celas-de-tortura-sob-tropas-russas\/"},"wordCount":553,"image":{"@id":"https:\/\/portaltela.pt\/noticias\/2026\/02\/24\/ex-prisioneiro-ucraniano-relata-ter-limpado-celas-de-tortura-sob-tropas-russas\/#primaryimage"},"thumbnailUrl":"https:\/\/portaltela.pt\/s.01k8rhncp4jt1\/2026\/02\/1536x864_cmsv2_26df0c9f-2465-5cf9-8d70-32de3c4d1a1a-9314965.jpg","keywords":["crian\u00e7as","crimes contra menores","rapto agravado","R\u00fassia","tortura","tr\u00e1fico de menores"],"articleSection":["Not\u00edcias"],"inLanguage":"pt-PT"},{"@type":"WebPage","@id":"https:\/\/portaltela.pt\/noticias\/2026\/02\/24\/ex-prisioneiro-ucraniano-relata-ter-limpado-celas-de-tortura-sob-tropas-russas\/","url":"https:\/\/portaltela.pt\/noticias\/2026\/02\/24\/ex-prisioneiro-ucraniano-relata-ter-limpado-celas-de-tortura-sob-tropas-russas\/","name":"Ex-prisioneiro ucraniano relata ter limpado celas de tortura sob tropas russas - Portal Tela Portugal","isPartOf":{"@id":"https:\/\/portaltela.pt\/#website"},"primaryImageOfPage":{"@id":"https:\/\/portaltela.pt\/noticias\/2026\/02\/24\/ex-prisioneiro-ucraniano-relata-ter-limpado-celas-de-tortura-sob-tropas-russas\/#primaryimage"},"image":{"@id":"https:\/\/portaltela.pt\/noticias\/2026\/02\/24\/ex-prisioneiro-ucraniano-relata-ter-limpado-celas-de-tortura-sob-tropas-russas\/#primaryimage"},"thumbnailUrl":"https:\/\/portaltela.pt\/s.01k8rhncp4jt1\/2026\/02\/1536x864_cmsv2_26df0c9f-2465-5cf9-8d70-32de3c4d1a1a-9314965.jpg","datePublished":"2026-02-24T10:02:13+00:00","author":{"@id":"https:\/\/portaltela.pt\/#\/schema\/person\/c4278d4a6028830caff9ee44b42d32ed"},"breadcrumb":{"@id":"https:\/\/portaltela.pt\/noticias\/2026\/02\/24\/ex-prisioneiro-ucraniano-relata-ter-limpado-celas-de-tortura-sob-tropas-russas\/#breadcrumb"},"inLanguage":"pt-PT","potentialAction":[{"@type":"ReadAction","target":["https:\/\/portaltela.pt\/noticias\/2026\/02\/24\/ex-prisioneiro-ucraniano-relata-ter-limpado-celas-de-tortura-sob-tropas-russas\/"]}]},{"@type":"ImageObject","inLanguage":"pt-PT","@id":"https:\/\/portaltela.pt\/noticias\/2026\/02\/24\/ex-prisioneiro-ucraniano-relata-ter-limpado-celas-de-tortura-sob-tropas-russas\/#primaryimage","url":"https:\/\/portaltela.pt\/s.01k8rhncp4jt1\/2026\/02\/1536x864_cmsv2_26df0c9f-2465-5cf9-8d70-32de3c4d1a1a-9314965.jpg","contentUrl":"https:\/\/portaltela.pt\/s.01k8rhncp4jt1\/2026\/02\/1536x864_cmsv2_26df0c9f-2465-5cf9-8d70-32de3c4d1a1a-9314965.jpg","width":796,"height":448,"caption":"ARQUIVO - Crian\u00e7as ucranianas brincam num posto de controlo abandonado em Kherson, no sul da Ucr\u00e2nia, quarta-feira, 23 de novembro de 2022."},{"@type":"BreadcrumbList","@id":"https:\/\/portaltela.pt\/noticias\/2026\/02\/24\/ex-prisioneiro-ucraniano-relata-ter-limpado-celas-de-tortura-sob-tropas-russas\/#breadcrumb","itemListElement":[{"@type":"ListItem","position":1,"name":"In\u00edcio","item":"https:\/\/portaltela.pt\/"},{"@type":"ListItem","position":2,"name":"Ex-prisioneiro ucraniano relata ter limpado celas de tortura sob tropas russas"}]},{"@type":"WebSite","@id":"https:\/\/portaltela.pt\/#website","url":"https:\/\/portaltela.pt\/","name":"Portal Tela Portugal","description":"","potentialAction":[{"@type":"SearchAction","target":{"@type":"EntryPoint","urlTemplate":"https:\/\/portaltela.pt\/?s={search_term_string}"},"query-input":{"@type":"PropertyValueSpecification","valueRequired":true,"valueName":"search_term_string"}}],"inLanguage":"pt-PT"},{"@type":"Person","@id":"https:\/\/portaltela.pt\/#\/schema\/person\/c4278d4a6028830caff9ee44b42d32ed","name":"Telinha","image":{"@type":"ImageObject","inLanguage":"pt-PT","@id":"https:\/\/portaltela.pt\/s.01k8rhncp4jt1\/2025\/11\/talking-bot-125x125.png","url":"https:\/\/portaltela.pt\/s.01k8rhncp4jt1\/2025\/11\/talking-bot-125x125.png","contentUrl":"https:\/\/portaltela.pt\/s.01k8rhncp4jt1\/2025\/11\/talking-bot-125x125.png","caption":"Telinha"},"sameAs":["https:\/\/portaltela.pt\/"],"url":"https:\/\/portaltela.pt\/por\/367410592786\/"}]}},"_links":{"self":[{"href":"https:\/\/portaltela.pt\/api\/wp\/v2\/posts\/223906","targetHints":{"allow":["GET"]}}],"collection":[{"href":"https:\/\/portaltela.pt\/api\/wp\/v2\/posts"}],"about":[{"href":"https:\/\/portaltela.pt\/api\/wp\/v2\/types\/post"}],"author":[{"embeddable":true,"href":"https:\/\/portaltela.pt\/api\/wp\/v2\/users\/2"}],"replies":[{"embeddable":true,"href":"https:\/\/portaltela.pt\/api\/wp\/v2\/comments?post=223906"}],"version-history":[{"count":0,"href":"https:\/\/portaltela.pt\/api\/wp\/v2\/posts\/223906\/revisions"}],"wp:featuredmedia":[{"embeddable":true,"href":"https:\/\/portaltela.pt\/api\/wp\/v2\/media\/223907"}],"wp:attachment":[{"href":"https:\/\/portaltela.pt\/api\/wp\/v2\/media?parent=223906"}],"wp:term":[{"taxonomy":"category","embeddable":true,"href":"https:\/\/portaltela.pt\/api\/wp\/v2\/categories?post=223906"},{"taxonomy":"post_tag","embeddable":true,"href":"https:\/\/portaltela.pt\/api\/wp\/v2\/tags?post=223906"}],"curies":[{"name":"wp","href":"https:\/\/api.w.org\/{rel}","templated":true}]}}