{"id":223864,"date":"2026-02-24T06:30:00","date_gmt":"2026-02-24T09:30:00","guid":{"rendered":"https:\/\/portaltela.pt\/noticias\/2026\/02\/24\/governo-analisa-sistema-de-ciencia-e-inovacao-oito-meses-apos-morte-da-fct\/"},"modified":"2026-02-24T06:30:00","modified_gmt":"2026-02-24T09:30:00","slug":"governo-analisa-sistema-de-ciencia-e-inovacao-oito-meses-apos-morte-da-fct","status":"publish","type":"post","link":"https:\/\/portaltela.pt\/noticias\/2026\/02\/24\/governo-analisa-sistema-de-ciencia-e-inovacao-oito-meses-apos-morte-da-fct\/","title":{"rendered":"Governo analisa sistema de ci\u00eancia e inova\u00e7\u00e3o oito meses ap\u00f3s morte da FCT"},"content":{"rendered":"<p>O Governo requisitou uma an\u00e1lise ao ecossistema nacional de investiga\u00e7\u00e3o e inova\u00e7\u00e3o. O grupo de trabalho iniciou em janeiro, \u00e9 composto apenas por homens e tem como coordenador um catedr\u00e1tico casado com a presidente da FCT. O relat\u00f3rio ser\u00e1 apresentado esta ter\u00e7a-feira, em Lisboa.<\/p>\n<p>O pedido integra a reforma anunciada pelo Governo para o minist\u00e9rio da Educa\u00e7\u00e3o, Ci\u00eancia e Inova\u00e7\u00e3o, que prev\u00ea a extin\u00e7\u00e3o da FCT e a fus\u00e3o com a Ag\u00eancia Nacional de Inova\u00e7\u00e3o numa nova entidade, a AI2. A apresenta\u00e7\u00e3o ocorre no contexto do novo organismo.<\/p>\n<p>O grupo tem como miss\u00e3o recolher e analisar de forma cr\u00edtica a informa\u00e7\u00e3o dispon\u00edvel sobre o ecossistema nacional de investiga\u00e7\u00e3o e inova\u00e7\u00e3o. O despacho de cria\u00e7\u00e3o foi emitido na semana passada, na sequ\u00eancia de an\u00fancios sobre a reorganiza\u00e7\u00e3o ministerial.<\/p>\n<p>O relat\u00f3rio dever\u00e1 mapear o estado atual do sistema, incluindo institui\u00e7\u00f5es, financiamento, recursos humanos e capacidades tecnol\u00f3gicas. O objetivo \u00e9 fundamentar decis\u00f5es sobre o futuro modelo de governan\u00e7a.<\/p>\n<p>O evento em Lisboa que acolhe a apresenta\u00e7\u00e3o contar\u00e1 com a participa\u00e7\u00e3o de diversas entidades p\u00fablicas e do setor da ci\u00eancia e da inova\u00e7\u00e3o, segundo fontes oficiais. O foco \u00e9 clarificar o enquadramento do AI2 e as suas fun\u00e7\u00f5es.<\/p>\n","protected":false},"excerpt":{"rendered":"<ul>\n<li>O Governo pediu uma recolha e an\u00e1lise cr\u00edtica da informa\u00e7\u00e3o dispon\u00edvel sobre o ecossistema nacional de investiga\u00e7\u00e3o e inova\u00e7\u00e3o.<\/li>\n<li>Foi criado, em janeiro, um grupo de trabalho composto apenas por homens e coordenado por um catedr\u00e1tico casado com a presidente da FCT.<\/li>\n<li>O objetivo \u00e9 apresentar um relat\u00f3rio t\u00e9cnico sobre o estado do ecossistema de investiga\u00e7\u00e3o e inova\u00e7\u00e3o em Portugal.<\/li>\n<li>O relat\u00f3rio ser\u00e1 apresentado publicamente nesta ter\u00e7a-feira, num evento em Lisboa dedicado ao novo organismo de ci\u00eancia e inova\u00e7\u00e3o, a AI\u00b2 (Ag\u00eancia de Investiga\u00e7\u00e3o e Inova\u00e7\u00e3o).<\/li>\n<li>O an\u00fancio da an\u00e1lise saiu num despacho conjunto dos minist\u00e9rios da Educa\u00e7\u00e3o, Ci\u00eancia e Inova\u00e7\u00e3o e da Economia, alinhado com a reforma que visa extinguir a FCT e fundi-la na AI\u00b2.<\/li>\n<\/ul>\n","protected":false},"author":2,"featured_media":223866,"comment_status":"closed","ping_status":"closed","sticky":false,"template":"","format":"standard","meta":{"footnotes":""},"categories":[1],"tags":[168,4561,1992,163,34,215],"class_list":["post-223864","post","type-post","status-publish","format-standard","has-post-thumbnail","hentry","category-noticias","tag-administracao-publica","tag-agencia-publica","tag-ciencia","tag-educacao","tag-governo","tag-investigacao"],"yoast_head":"<!-- This site is optimized with the Yoast SEO plugin v27.2 - https:\/\/yoast.com\/product\/yoast-seo-wordpress\/ -->\n<title>Governo analisa sistema de ci\u00eancia e inova\u00e7\u00e3o oito meses ap\u00f3s morte da FCT - Portal Tela Portugal<\/title>\n<meta name=\"robots\" content=\"index, follow, max-snippet:-1, max-image-preview:large, max-video-preview:-1\" \/>\n<meta property=\"og:locale\" content=\"pt_PT\" \/>\n<meta property=\"og:type\" content=\"article\" \/>\n<meta property=\"og:title\" content=\"Governo analisa sistema de ci\u00eancia e inova\u00e7\u00e3o oito meses ap\u00f3s morte da FCT - Portal Tela Portugal\" \/>\n<meta property=\"og:description\" content=\"O Governo pediu uma recolha e an\u00e1lise cr\u00edtica da informa\u00e7\u00e3o dispon\u00edvel sobre o ecossistema nacional de investiga\u00e7\u00e3o e inova\u00e7\u00e3o. Foi criado, em janeiro, um grupo de trabalho composto apenas por homens e coordenado por um catedr\u00e1tico casado com a presidente da FCT. O objetivo \u00e9 apresentar um relat\u00f3rio t\u00e9cnico sobre o estado do ecossistema de investiga\u00e7\u00e3o e inova\u00e7\u00e3o em Portugal. O relat\u00f3rio ser\u00e1 apresentado publicamente nesta ter\u00e7a-feira, num evento em Lisboa dedicado ao novo organismo de ci\u00eancia e inova\u00e7\u00e3o, a AI\u00b2 (Ag\u00eancia de Investiga\u00e7\u00e3o e Inova\u00e7\u00e3o). O an\u00fancio da an\u00e1lise saiu num despacho conjunto dos minist\u00e9rios da Educa\u00e7\u00e3o, Ci\u00eancia e Inova\u00e7\u00e3o e da Economia, alinhado com a reforma que visa extinguir a FCT e fundi-la na AI\u00b2.\" \/>\n<meta property=\"og:url\" content=\"https:\/\/portaltela.pt\/noticias\/2026\/02\/24\/governo-analisa-sistema-de-ciencia-e-inovacao-oito-meses-apos-morte-da-fct\/\" \/>\n<meta property=\"og:site_name\" content=\"Portal Tela Portugal\" \/>\n<meta property=\"article:published_time\" content=\"2026-02-24T09:30:00+00:00\" \/>\n<meta name=\"author\" content=\"Telinha\" \/>\n<meta name=\"twitter:card\" content=\"summary_large_image\" \/>\n<meta name=\"twitter:label1\" content=\"Escrito por\" \/>\n\t<meta name=\"twitter:data1\" content=\"Telinha\" \/>\n\t<meta name=\"twitter:label2\" content=\"Tempo estimado de leitura\" \/>\n\t<meta name=\"twitter:data2\" content=\"1 minuto\" \/>\n<script type=\"application\/ld+json\" class=\"yoast-schema-graph\">{\"@context\":\"https:\/\/schema.org\",\"@graph\":[{\"@type\":\"Article\",\"@id\":\"https:\/\/portaltela.pt\/noticias\/2026\/02\/24\/governo-analisa-sistema-de-ciencia-e-inovacao-oito-meses-apos-morte-da-fct\/#article\",\"isPartOf\":{\"@id\":\"https:\/\/portaltela.pt\/noticias\/2026\/02\/24\/governo-analisa-sistema-de-ciencia-e-inovacao-oito-meses-apos-morte-da-fct\/\"},\"author\":{\"name\":\"Telinha\",\"@id\":\"https:\/\/portaltela.pt\/#\/schema\/person\/c4278d4a6028830caff9ee44b42d32ed\"},\"headline\":\"Governo analisa sistema de ci\u00eancia e inova\u00e7\u00e3o oito meses ap\u00f3s morte da FCT\",\"datePublished\":\"2026-02-24T09:30:00+00:00\",\"mainEntityOfPage\":{\"@id\":\"https:\/\/portaltela.pt\/noticias\/2026\/02\/24\/governo-analisa-sistema-de-ciencia-e-inovacao-oito-meses-apos-morte-da-fct\/\"},\"wordCount\":243,\"image\":{\"@id\":\"https:\/\/portaltela.pt\/noticias\/2026\/02\/24\/governo-analisa-sistema-de-ciencia-e-inovacao-oito-meses-apos-morte-da-fct\/#primaryimage\"},\"thumbnailUrl\":\"https:\/\/portaltela.pt\/s.01k8rhncp4jt1\/2026\/02\/2068505.jpg\",\"keywords\":[\"administra\u00e7\u00e3o p\u00fablica\",\"ag\u00eancia p\u00fablica\",\"ci\u00eancia\",\"educa\u00e7\u00e3o\",\"governo\",\"investiga\u00e7\u00e3o\"],\"articleSection\":[\"Not\u00edcias\"],\"inLanguage\":\"pt-PT\"},{\"@type\":\"WebPage\",\"@id\":\"https:\/\/portaltela.pt\/noticias\/2026\/02\/24\/governo-analisa-sistema-de-ciencia-e-inovacao-oito-meses-apos-morte-da-fct\/\",\"url\":\"https:\/\/portaltela.pt\/noticias\/2026\/02\/24\/governo-analisa-sistema-de-ciencia-e-inovacao-oito-meses-apos-morte-da-fct\/\",\"name\":\"Governo analisa sistema de ci\u00eancia e inova\u00e7\u00e3o oito meses ap\u00f3s morte da FCT - Portal Tela Portugal\",\"isPartOf\":{\"@id\":\"https:\/\/portaltela.pt\/#website\"},\"primaryImageOfPage\":{\"@id\":\"https:\/\/portaltela.pt\/noticias\/2026\/02\/24\/governo-analisa-sistema-de-ciencia-e-inovacao-oito-meses-apos-morte-da-fct\/#primaryimage\"},\"image\":{\"@id\":\"https:\/\/portaltela.pt\/noticias\/2026\/02\/24\/governo-analisa-sistema-de-ciencia-e-inovacao-oito-meses-apos-morte-da-fct\/#primaryimage\"},\"thumbnailUrl\":\"https:\/\/portaltela.pt\/s.01k8rhncp4jt1\/2026\/02\/2068505.jpg\",\"datePublished\":\"2026-02-24T09:30:00+00:00\",\"author\":{\"@id\":\"https:\/\/portaltela.pt\/#\/schema\/person\/c4278d4a6028830caff9ee44b42d32ed\"},\"breadcrumb\":{\"@id\":\"https:\/\/portaltela.pt\/noticias\/2026\/02\/24\/governo-analisa-sistema-de-ciencia-e-inovacao-oito-meses-apos-morte-da-fct\/#breadcrumb\"},\"inLanguage\":\"pt-PT\",\"potentialAction\":[{\"@type\":\"ReadAction\",\"target\":[\"https:\/\/portaltela.pt\/noticias\/2026\/02\/24\/governo-analisa-sistema-de-ciencia-e-inovacao-oito-meses-apos-morte-da-fct\/\"]}]},{\"@type\":\"ImageObject\",\"inLanguage\":\"pt-PT\",\"@id\":\"https:\/\/portaltela.pt\/noticias\/2026\/02\/24\/governo-analisa-sistema-de-ciencia-e-inovacao-oito-meses-apos-morte-da-fct\/#primaryimage\",\"url\":\"https:\/\/portaltela.pt\/s.01k8rhncp4jt1\/2026\/02\/2068505.jpg\",\"contentUrl\":\"https:\/\/portaltela.pt\/s.01k8rhncp4jt1\/2026\/02\/2068505.jpg\",\"width\":796,\"height\":448,\"caption\":\"Fernando Alexandre, ministro da Educa\u00e7\u00e3o, Ci\u00eancia e Inova\u00e7\u00e3o, tem encabe\u00e7ado o que chama \\\"transforma\u00e7\u00e3o\\\" do minist\u00e9rio e do sistema cient\u00edfico\"},{\"@type\":\"BreadcrumbList\",\"@id\":\"https:\/\/portaltela.pt\/noticias\/2026\/02\/24\/governo-analisa-sistema-de-ciencia-e-inovacao-oito-meses-apos-morte-da-fct\/#breadcrumb\",\"itemListElement\":[{\"@type\":\"ListItem\",\"position\":1,\"name\":\"In\u00edcio\",\"item\":\"https:\/\/portaltela.pt\/\"},{\"@type\":\"ListItem\",\"position\":2,\"name\":\"Governo analisa sistema de ci\u00eancia e inova\u00e7\u00e3o oito meses ap\u00f3s morte da FCT\"}]},{\"@type\":\"WebSite\",\"@id\":\"https:\/\/portaltela.pt\/#website\",\"url\":\"https:\/\/portaltela.pt\/\",\"name\":\"Portal Tela Portugal\",\"description\":\"\",\"potentialAction\":[{\"@type\":\"SearchAction\",\"target\":{\"@type\":\"EntryPoint\",\"urlTemplate\":\"https:\/\/portaltela.pt\/?s={search_term_string}\"},\"query-input\":{\"@type\":\"PropertyValueSpecification\",\"valueRequired\":true,\"valueName\":\"search_term_string\"}}],\"inLanguage\":\"pt-PT\"},{\"@type\":\"Person\",\"@id\":\"https:\/\/portaltela.pt\/#\/schema\/person\/c4278d4a6028830caff9ee44b42d32ed\",\"name\":\"Telinha\",\"image\":{\"@type\":\"ImageObject\",\"inLanguage\":\"pt-PT\",\"@id\":\"https:\/\/portaltela.pt\/s.01k8rhncp4jt1\/2025\/11\/talking-bot-125x125.png\",\"url\":\"https:\/\/portaltela.pt\/s.01k8rhncp4jt1\/2025\/11\/talking-bot-125x125.png\",\"contentUrl\":\"https:\/\/portaltela.pt\/s.01k8rhncp4jt1\/2025\/11\/talking-bot-125x125.png\",\"caption\":\"Telinha\"},\"sameAs\":[\"https:\/\/portaltela.pt\/\"],\"url\":\"https:\/\/portaltela.pt\/por\/367410592786\/\"}]}<\/script>\n<!-- \/ Yoast SEO plugin. -->","yoast_head_json":{"title":"Governo analisa sistema de ci\u00eancia e inova\u00e7\u00e3o oito meses ap\u00f3s morte da FCT - Portal Tela Portugal","robots":{"index":"index","follow":"follow","max-snippet":"max-snippet:-1","max-image-preview":"max-image-preview:large","max-video-preview":"max-video-preview:-1"},"og_locale":"pt_PT","og_type":"article","og_title":"Governo analisa sistema de ci\u00eancia e inova\u00e7\u00e3o oito meses ap\u00f3s morte da FCT - Portal Tela Portugal","og_description":"O Governo pediu uma recolha e an\u00e1lise cr\u00edtica da informa\u00e7\u00e3o dispon\u00edvel sobre o ecossistema nacional de investiga\u00e7\u00e3o e inova\u00e7\u00e3o. Foi criado, em janeiro, um grupo de trabalho composto apenas por homens e coordenado por um catedr\u00e1tico casado com a presidente da FCT. O objetivo \u00e9 apresentar um relat\u00f3rio t\u00e9cnico sobre o estado do ecossistema de investiga\u00e7\u00e3o e inova\u00e7\u00e3o em Portugal. O relat\u00f3rio ser\u00e1 apresentado publicamente nesta ter\u00e7a-feira, num evento em Lisboa dedicado ao novo organismo de ci\u00eancia e inova\u00e7\u00e3o, a AI\u00b2 (Ag\u00eancia de Investiga\u00e7\u00e3o e Inova\u00e7\u00e3o). O an\u00fancio da an\u00e1lise saiu num despacho conjunto dos minist\u00e9rios da Educa\u00e7\u00e3o, Ci\u00eancia e Inova\u00e7\u00e3o e da Economia, alinhado com a reforma que visa extinguir a FCT e fundi-la na AI\u00b2.","og_url":"https:\/\/portaltela.pt\/noticias\/2026\/02\/24\/governo-analisa-sistema-de-ciencia-e-inovacao-oito-meses-apos-morte-da-fct\/","og_site_name":"Portal Tela Portugal","article_published_time":"2026-02-24T09:30:00+00:00","author":"Telinha","twitter_card":"summary_large_image","twitter_misc":{"Escrito por":"Telinha","Tempo estimado de leitura":"1 minuto"},"schema":{"@context":"https:\/\/schema.org","@graph":[{"@type":"Article","@id":"https:\/\/portaltela.pt\/noticias\/2026\/02\/24\/governo-analisa-sistema-de-ciencia-e-inovacao-oito-meses-apos-morte-da-fct\/#article","isPartOf":{"@id":"https:\/\/portaltela.pt\/noticias\/2026\/02\/24\/governo-analisa-sistema-de-ciencia-e-inovacao-oito-meses-apos-morte-da-fct\/"},"author":{"name":"Telinha","@id":"https:\/\/portaltela.pt\/#\/schema\/person\/c4278d4a6028830caff9ee44b42d32ed"},"headline":"Governo analisa sistema de ci\u00eancia e inova\u00e7\u00e3o oito meses ap\u00f3s morte da FCT","datePublished":"2026-02-24T09:30:00+00:00","mainEntityOfPage":{"@id":"https:\/\/portaltela.pt\/noticias\/2026\/02\/24\/governo-analisa-sistema-de-ciencia-e-inovacao-oito-meses-apos-morte-da-fct\/"},"wordCount":243,"image":{"@id":"https:\/\/portaltela.pt\/noticias\/2026\/02\/24\/governo-analisa-sistema-de-ciencia-e-inovacao-oito-meses-apos-morte-da-fct\/#primaryimage"},"thumbnailUrl":"https:\/\/portaltela.pt\/s.01k8rhncp4jt1\/2026\/02\/2068505.jpg","keywords":["administra\u00e7\u00e3o p\u00fablica","ag\u00eancia p\u00fablica","ci\u00eancia","educa\u00e7\u00e3o","governo","investiga\u00e7\u00e3o"],"articleSection":["Not\u00edcias"],"inLanguage":"pt-PT"},{"@type":"WebPage","@id":"https:\/\/portaltela.pt\/noticias\/2026\/02\/24\/governo-analisa-sistema-de-ciencia-e-inovacao-oito-meses-apos-morte-da-fct\/","url":"https:\/\/portaltela.pt\/noticias\/2026\/02\/24\/governo-analisa-sistema-de-ciencia-e-inovacao-oito-meses-apos-morte-da-fct\/","name":"Governo analisa sistema de ci\u00eancia e inova\u00e7\u00e3o oito meses ap\u00f3s morte da FCT - Portal Tela Portugal","isPartOf":{"@id":"https:\/\/portaltela.pt\/#website"},"primaryImageOfPage":{"@id":"https:\/\/portaltela.pt\/noticias\/2026\/02\/24\/governo-analisa-sistema-de-ciencia-e-inovacao-oito-meses-apos-morte-da-fct\/#primaryimage"},"image":{"@id":"https:\/\/portaltela.pt\/noticias\/2026\/02\/24\/governo-analisa-sistema-de-ciencia-e-inovacao-oito-meses-apos-morte-da-fct\/#primaryimage"},"thumbnailUrl":"https:\/\/portaltela.pt\/s.01k8rhncp4jt1\/2026\/02\/2068505.jpg","datePublished":"2026-02-24T09:30:00+00:00","author":{"@id":"https:\/\/portaltela.pt\/#\/schema\/person\/c4278d4a6028830caff9ee44b42d32ed"},"breadcrumb":{"@id":"https:\/\/portaltela.pt\/noticias\/2026\/02\/24\/governo-analisa-sistema-de-ciencia-e-inovacao-oito-meses-apos-morte-da-fct\/#breadcrumb"},"inLanguage":"pt-PT","potentialAction":[{"@type":"ReadAction","target":["https:\/\/portaltela.pt\/noticias\/2026\/02\/24\/governo-analisa-sistema-de-ciencia-e-inovacao-oito-meses-apos-morte-da-fct\/"]}]},{"@type":"ImageObject","inLanguage":"pt-PT","@id":"https:\/\/portaltela.pt\/noticias\/2026\/02\/24\/governo-analisa-sistema-de-ciencia-e-inovacao-oito-meses-apos-morte-da-fct\/#primaryimage","url":"https:\/\/portaltela.pt\/s.01k8rhncp4jt1\/2026\/02\/2068505.jpg","contentUrl":"https:\/\/portaltela.pt\/s.01k8rhncp4jt1\/2026\/02\/2068505.jpg","width":796,"height":448,"caption":"Fernando Alexandre, ministro da Educa\u00e7\u00e3o, Ci\u00eancia e Inova\u00e7\u00e3o, tem encabe\u00e7ado o que chama \"transforma\u00e7\u00e3o\" do minist\u00e9rio e do sistema cient\u00edfico"},{"@type":"BreadcrumbList","@id":"https:\/\/portaltela.pt\/noticias\/2026\/02\/24\/governo-analisa-sistema-de-ciencia-e-inovacao-oito-meses-apos-morte-da-fct\/#breadcrumb","itemListElement":[{"@type":"ListItem","position":1,"name":"In\u00edcio","item":"https:\/\/portaltela.pt\/"},{"@type":"ListItem","position":2,"name":"Governo analisa sistema de ci\u00eancia e inova\u00e7\u00e3o oito meses ap\u00f3s morte da FCT"}]},{"@type":"WebSite","@id":"https:\/\/portaltela.pt\/#website","url":"https:\/\/portaltela.pt\/","name":"Portal Tela Portugal","description":"","potentialAction":[{"@type":"SearchAction","target":{"@type":"EntryPoint","urlTemplate":"https:\/\/portaltela.pt\/?s={search_term_string}"},"query-input":{"@type":"PropertyValueSpecification","valueRequired":true,"valueName":"search_term_string"}}],"inLanguage":"pt-PT"},{"@type":"Person","@id":"https:\/\/portaltela.pt\/#\/schema\/person\/c4278d4a6028830caff9ee44b42d32ed","name":"Telinha","image":{"@type":"ImageObject","inLanguage":"pt-PT","@id":"https:\/\/portaltela.pt\/s.01k8rhncp4jt1\/2025\/11\/talking-bot-125x125.png","url":"https:\/\/portaltela.pt\/s.01k8rhncp4jt1\/2025\/11\/talking-bot-125x125.png","contentUrl":"https:\/\/portaltela.pt\/s.01k8rhncp4jt1\/2025\/11\/talking-bot-125x125.png","caption":"Telinha"},"sameAs":["https:\/\/portaltela.pt\/"],"url":"https:\/\/portaltela.pt\/por\/367410592786\/"}]}},"_links":{"self":[{"href":"https:\/\/portaltela.pt\/api\/wp\/v2\/posts\/223864","targetHints":{"allow":["GET"]}}],"collection":[{"href":"https:\/\/portaltela.pt\/api\/wp\/v2\/posts"}],"about":[{"href":"https:\/\/portaltela.pt\/api\/wp\/v2\/types\/post"}],"author":[{"embeddable":true,"href":"https:\/\/portaltela.pt\/api\/wp\/v2\/users\/2"}],"replies":[{"embeddable":true,"href":"https:\/\/portaltela.pt\/api\/wp\/v2\/comments?post=223864"}],"version-history":[{"count":0,"href":"https:\/\/portaltela.pt\/api\/wp\/v2\/posts\/223864\/revisions"}],"wp:featuredmedia":[{"embeddable":true,"href":"https:\/\/portaltela.pt\/api\/wp\/v2\/media\/223866"}],"wp:attachment":[{"href":"https:\/\/portaltela.pt\/api\/wp\/v2\/media?parent=223864"}],"wp:term":[{"taxonomy":"category","embeddable":true,"href":"https:\/\/portaltela.pt\/api\/wp\/v2\/categories?post=223864"},{"taxonomy":"post_tag","embeddable":true,"href":"https:\/\/portaltela.pt\/api\/wp\/v2\/tags?post=223864"}],"curies":[{"name":"wp","href":"https:\/\/api.w.org\/{rel}","templated":true}]}}