{"id":223836,"date":"2026-02-24T06:06:00","date_gmt":"2026-02-24T09:06:00","guid":{"rendered":"https:\/\/portaltela.pt\/noticias\/2026\/02\/24\/mais-de-200-infracoes-detetadas-no-transporte-de-mercadorias\/"},"modified":"2026-02-24T06:06:00","modified_gmt":"2026-02-24T09:06:00","slug":"mais-de-200-infracoes-detetadas-no-transporte-de-mercadorias","status":"publish","type":"post","link":"https:\/\/portaltela.pt\/noticias\/2026\/02\/24\/mais-de-200-infracoes-detetadas-no-transporte-de-mercadorias\/","title":{"rendered":"Mais de 200 infra\u00e7\u00f5es detetadas no transporte de mercadorias"},"content":{"rendered":"<p>A Guarda Nacional Republicana (GNR) detetou mais de 200 infra\u00e7\u00f5es no transporte de mercadorias numa opera\u00e7\u00e3o de fiscaliza\u00e7\u00e3o nacional realizada na passada sexta-feira. A a\u00e7\u00e3o visou refor\u00e7ar o controlo sobre mercadorias em circula\u00e7\u00e3o, com foco especial nos documentos de transporte.<\/p>\n<p>A opera\u00e7\u00e3o, designada Tributo I, decorreu nos principais eixos rodovi\u00e1rios do pa\u00eds e contou com a colabora\u00e7\u00e3o dos Comandos Territoriais dos A\u00e7ores e da Madeira, al\u00e9m de refor\u00e7o da Unidade Nacional de Tr\u00e2nsito (UNT) e de comandos de Viana do Castelo, Guarda, Lisboa e \u00c9vora. No total, estiveram envolvidos 141 militares e 46 viaturas.<\/p>\n<h3>Principais resultados e objetivos<\/h3>\n<p>Foram instaurados 118 autos de contraordena\u00e7\u00e3o fiscal no \u00e2mbito do Regime de Bens em Circula\u00e7\u00e3o (RBC), por falta, omiss\u00e3o ou inexatid\u00e3o de documentos de transporte. Houve ainda 53 autos por infra\u00e7\u00f5es da legisla\u00e7\u00e3o rodovi\u00e1ria e 5 autos aduaneiros relacionados com o ISV.<\/p>\n<p>Durante a opera\u00e7\u00e3o, a GNR apreendeu um ve\u00edculo em circula\u00e7\u00e3o irregular. Al\u00e9m disso, foram realizados controlos de fatura\u00e7\u00e3o e de mercadorias sujeitas a IEC, como ISP, IT, IABA e IVA.<\/p>\n<p>A a\u00e7\u00e3o incluiu verifica\u00e7\u00e3o da situa\u00e7\u00e3o tribut\u00e1ria e legal de ve\u00edculos com matr\u00edcula estrangeira em circula\u00e7\u00e3o no territ\u00f3rio nacional, num esfor\u00e7o para assegurar conformidade fiscal e regulat\u00f3ria em todo o territ\u00f3rio. Em conjunto, foram fiscalizados 1.239 ve\u00edculos e respetivos ocupantes.<\/p>\n","protected":false},"excerpt":{"rendered":"<ul>\n<li>A GNR detetou mais de 200 infra\u00e7\u00f5es no transporte de mercadorias durante a opera\u00e7\u00e3o nacional Tributo I, realizada na passada sexta-feira.<\/li>\n<li>Foram instaurados 118 autos de contraordena\u00e7\u00e3o fiscal no \u00e2mbito do Regime de Bens em Circula\u00e7\u00e3o (RBC), por falta ou inexatid\u00e3o de documentos de transporte.<\/li>\n<li>Houve 53 autos por infra\u00e7\u00f5es da legisla\u00e7\u00e3o rodovi\u00e1ria e cinco autos aduaneiros ligados ao Imposto sobre ve\u00edculos (ISV).<\/li>\n<li>A opera\u00e7\u00e3o resultou na apreens\u00e3o de um ve\u00edculo que circulava em situa\u00e7\u00e3o irregular, envolvendo 141 militares e 46 viaturas.<\/li>\n<li>Foram fiscalizados 1.239 ve\u00edculos e verificadas mercadorias sujeitas a diversos impostos especiais sobre o consumo, bem como a situa\u00e7\u00e3o tribut\u00e1ria de ve\u00edculos com matr\u00edcula estrangeira em circula\u00e7\u00e3o.<\/li>\n<\/ul>\n","protected":false},"author":2,"featured_media":223846,"comment_status":"closed","ping_status":"closed","sticky":false,"template":"","format":"standard","meta":{"footnotes":""},"categories":[1],"tags":[6305,695,3613,4536,192,4971],"class_list":["post-223836","post","type-post","status-publish","format-standard","has-post-thumbnail","hentry","category-noticias","tag-aduaneiros","tag-fiscalizacao","tag-impostos","tag-seguranca","tag-transporte","tag-transporte-rodoviario"],"yoast_head":"<!-- This site is optimized with the Yoast SEO plugin v27.2 - https:\/\/yoast.com\/product\/yoast-seo-wordpress\/ -->\n<title>Mais de 200 infra\u00e7\u00f5es detetadas no transporte de mercadorias - Portal Tela Portugal<\/title>\n<meta name=\"robots\" content=\"index, follow, max-snippet:-1, max-image-preview:large, max-video-preview:-1\" \/>\n<meta property=\"og:locale\" content=\"pt_PT\" \/>\n<meta property=\"og:type\" content=\"article\" \/>\n<meta property=\"og:title\" content=\"Mais de 200 infra\u00e7\u00f5es detetadas no transporte de mercadorias - Portal Tela Portugal\" \/>\n<meta property=\"og:description\" content=\"A GNR detetou mais de 200 infra\u00e7\u00f5es no transporte de mercadorias durante a opera\u00e7\u00e3o nacional Tributo I, realizada na passada sexta-feira. Foram instaurados 118 autos de contraordena\u00e7\u00e3o fiscal no \u00e2mbito do Regime de Bens em Circula\u00e7\u00e3o (RBC), por falta ou inexatid\u00e3o de documentos de transporte. Houve 53 autos por infra\u00e7\u00f5es da legisla\u00e7\u00e3o rodovi\u00e1ria e cinco autos aduaneiros ligados ao Imposto sobre ve\u00edculos (ISV). A opera\u00e7\u00e3o resultou na apreens\u00e3o de um ve\u00edculo que circulava em situa\u00e7\u00e3o irregular, envolvendo 141 militares e 46 viaturas. Foram fiscalizados 1.239 ve\u00edculos e verificadas mercadorias sujeitas a diversos impostos especiais sobre o consumo, bem como a situa\u00e7\u00e3o tribut\u00e1ria de ve\u00edculos com matr\u00edcula estrangeira em circula\u00e7\u00e3o.\" \/>\n<meta property=\"og:url\" content=\"https:\/\/portaltela.pt\/noticias\/2026\/02\/24\/mais-de-200-infracoes-detetadas-no-transporte-de-mercadorias\/\" \/>\n<meta property=\"og:site_name\" content=\"Portal Tela Portugal\" \/>\n<meta property=\"article:published_time\" content=\"2026-02-24T09:06:00+00:00\" \/>\n<meta name=\"author\" content=\"Telinha\" \/>\n<meta name=\"twitter:card\" content=\"summary_large_image\" \/>\n<meta name=\"twitter:label1\" content=\"Escrito por\" \/>\n\t<meta name=\"twitter:data1\" content=\"Telinha\" \/>\n\t<meta name=\"twitter:label2\" content=\"Tempo estimado de leitura\" \/>\n\t<meta name=\"twitter:data2\" content=\"1 minuto\" \/>\n<script type=\"application\/ld+json\" class=\"yoast-schema-graph\">{\"@context\":\"https:\/\/schema.org\",\"@graph\":[{\"@type\":\"Article\",\"@id\":\"https:\/\/portaltela.pt\/noticias\/2026\/02\/24\/mais-de-200-infracoes-detetadas-no-transporte-de-mercadorias\/#article\",\"isPartOf\":{\"@id\":\"https:\/\/portaltela.pt\/noticias\/2026\/02\/24\/mais-de-200-infracoes-detetadas-no-transporte-de-mercadorias\/\"},\"author\":{\"name\":\"Telinha\",\"@id\":\"https:\/\/portaltela.pt\/#\/schema\/person\/c4278d4a6028830caff9ee44b42d32ed\"},\"headline\":\"Mais de 200 infra\u00e7\u00f5es detetadas no transporte de mercadorias\",\"datePublished\":\"2026-02-24T09:06:00+00:00\",\"mainEntityOfPage\":{\"@id\":\"https:\/\/portaltela.pt\/noticias\/2026\/02\/24\/mais-de-200-infracoes-detetadas-no-transporte-de-mercadorias\/\"},\"wordCount\":250,\"image\":{\"@id\":\"https:\/\/portaltela.pt\/noticias\/2026\/02\/24\/mais-de-200-infracoes-detetadas-no-transporte-de-mercadorias\/#primaryimage\"},\"thumbnailUrl\":\"https:\/\/portaltela.pt\/s.01k8rhncp4jt1\/2026\/02\/image-1747.jpg\",\"keywords\":[\"aduaneiros\",\"fiscaliza\u00e7\u00e3o\",\"impostos\",\"seguran\u00e7a\",\"transporte\",\"transporte rodovi\u00e1rio\"],\"articleSection\":[\"Not\u00edcias\"],\"inLanguage\":\"pt-PT\"},{\"@type\":\"WebPage\",\"@id\":\"https:\/\/portaltela.pt\/noticias\/2026\/02\/24\/mais-de-200-infracoes-detetadas-no-transporte-de-mercadorias\/\",\"url\":\"https:\/\/portaltela.pt\/noticias\/2026\/02\/24\/mais-de-200-infracoes-detetadas-no-transporte-de-mercadorias\/\",\"name\":\"Mais de 200 infra\u00e7\u00f5es detetadas no transporte de mercadorias - Portal Tela Portugal\",\"isPartOf\":{\"@id\":\"https:\/\/portaltela.pt\/#website\"},\"primaryImageOfPage\":{\"@id\":\"https:\/\/portaltela.pt\/noticias\/2026\/02\/24\/mais-de-200-infracoes-detetadas-no-transporte-de-mercadorias\/#primaryimage\"},\"image\":{\"@id\":\"https:\/\/portaltela.pt\/noticias\/2026\/02\/24\/mais-de-200-infracoes-detetadas-no-transporte-de-mercadorias\/#primaryimage\"},\"thumbnailUrl\":\"https:\/\/portaltela.pt\/s.01k8rhncp4jt1\/2026\/02\/image-1747.jpg\",\"datePublished\":\"2026-02-24T09:06:00+00:00\",\"author\":{\"@id\":\"https:\/\/portaltela.pt\/#\/schema\/person\/c4278d4a6028830caff9ee44b42d32ed\"},\"breadcrumb\":{\"@id\":\"https:\/\/portaltela.pt\/noticias\/2026\/02\/24\/mais-de-200-infracoes-detetadas-no-transporte-de-mercadorias\/#breadcrumb\"},\"inLanguage\":\"pt-PT\",\"potentialAction\":[{\"@type\":\"ReadAction\",\"target\":[\"https:\/\/portaltela.pt\/noticias\/2026\/02\/24\/mais-de-200-infracoes-detetadas-no-transporte-de-mercadorias\/\"]}]},{\"@type\":\"ImageObject\",\"inLanguage\":\"pt-PT\",\"@id\":\"https:\/\/portaltela.pt\/noticias\/2026\/02\/24\/mais-de-200-infracoes-detetadas-no-transporte-de-mercadorias\/#primaryimage\",\"url\":\"https:\/\/portaltela.pt\/s.01k8rhncp4jt1\/2026\/02\/image-1747.jpg\",\"contentUrl\":\"https:\/\/portaltela.pt\/s.01k8rhncp4jt1\/2026\/02\/image-1747.jpg\",\"width\":796,\"height\":448,\"caption\":\"Mais de 200 infra\u00e7\u00f5es detetadas no transporte de mercadorias\"},{\"@type\":\"BreadcrumbList\",\"@id\":\"https:\/\/portaltela.pt\/noticias\/2026\/02\/24\/mais-de-200-infracoes-detetadas-no-transporte-de-mercadorias\/#breadcrumb\",\"itemListElement\":[{\"@type\":\"ListItem\",\"position\":1,\"name\":\"In\u00edcio\",\"item\":\"https:\/\/portaltela.pt\/\"},{\"@type\":\"ListItem\",\"position\":2,\"name\":\"Mais de 200 infra\u00e7\u00f5es detetadas no transporte de mercadorias\"}]},{\"@type\":\"WebSite\",\"@id\":\"https:\/\/portaltela.pt\/#website\",\"url\":\"https:\/\/portaltela.pt\/\",\"name\":\"Portal Tela Portugal\",\"description\":\"\",\"potentialAction\":[{\"@type\":\"SearchAction\",\"target\":{\"@type\":\"EntryPoint\",\"urlTemplate\":\"https:\/\/portaltela.pt\/?s={search_term_string}\"},\"query-input\":{\"@type\":\"PropertyValueSpecification\",\"valueRequired\":true,\"valueName\":\"search_term_string\"}}],\"inLanguage\":\"pt-PT\"},{\"@type\":\"Person\",\"@id\":\"https:\/\/portaltela.pt\/#\/schema\/person\/c4278d4a6028830caff9ee44b42d32ed\",\"name\":\"Telinha\",\"image\":{\"@type\":\"ImageObject\",\"inLanguage\":\"pt-PT\",\"@id\":\"https:\/\/portaltela.pt\/s.01k8rhncp4jt1\/2025\/11\/talking-bot-125x125.png\",\"url\":\"https:\/\/portaltela.pt\/s.01k8rhncp4jt1\/2025\/11\/talking-bot-125x125.png\",\"contentUrl\":\"https:\/\/portaltela.pt\/s.01k8rhncp4jt1\/2025\/11\/talking-bot-125x125.png\",\"caption\":\"Telinha\"},\"sameAs\":[\"https:\/\/portaltela.pt\/\"],\"url\":\"https:\/\/portaltela.pt\/por\/367410592786\/\"}]}<\/script>\n<!-- \/ Yoast SEO plugin. -->","yoast_head_json":{"title":"Mais de 200 infra\u00e7\u00f5es detetadas no transporte de mercadorias - Portal Tela Portugal","robots":{"index":"index","follow":"follow","max-snippet":"max-snippet:-1","max-image-preview":"max-image-preview:large","max-video-preview":"max-video-preview:-1"},"og_locale":"pt_PT","og_type":"article","og_title":"Mais de 200 infra\u00e7\u00f5es detetadas no transporte de mercadorias - Portal Tela Portugal","og_description":"A GNR detetou mais de 200 infra\u00e7\u00f5es no transporte de mercadorias durante a opera\u00e7\u00e3o nacional Tributo I, realizada na passada sexta-feira. Foram instaurados 118 autos de contraordena\u00e7\u00e3o fiscal no \u00e2mbito do Regime de Bens em Circula\u00e7\u00e3o (RBC), por falta ou inexatid\u00e3o de documentos de transporte. Houve 53 autos por infra\u00e7\u00f5es da legisla\u00e7\u00e3o rodovi\u00e1ria e cinco autos aduaneiros ligados ao Imposto sobre ve\u00edculos (ISV). A opera\u00e7\u00e3o resultou na apreens\u00e3o de um ve\u00edculo que circulava em situa\u00e7\u00e3o irregular, envolvendo 141 militares e 46 viaturas. Foram fiscalizados 1.239 ve\u00edculos e verificadas mercadorias sujeitas a diversos impostos especiais sobre o consumo, bem como a situa\u00e7\u00e3o tribut\u00e1ria de ve\u00edculos com matr\u00edcula estrangeira em circula\u00e7\u00e3o.","og_url":"https:\/\/portaltela.pt\/noticias\/2026\/02\/24\/mais-de-200-infracoes-detetadas-no-transporte-de-mercadorias\/","og_site_name":"Portal Tela Portugal","article_published_time":"2026-02-24T09:06:00+00:00","author":"Telinha","twitter_card":"summary_large_image","twitter_misc":{"Escrito por":"Telinha","Tempo estimado de leitura":"1 minuto"},"schema":{"@context":"https:\/\/schema.org","@graph":[{"@type":"Article","@id":"https:\/\/portaltela.pt\/noticias\/2026\/02\/24\/mais-de-200-infracoes-detetadas-no-transporte-de-mercadorias\/#article","isPartOf":{"@id":"https:\/\/portaltela.pt\/noticias\/2026\/02\/24\/mais-de-200-infracoes-detetadas-no-transporte-de-mercadorias\/"},"author":{"name":"Telinha","@id":"https:\/\/portaltela.pt\/#\/schema\/person\/c4278d4a6028830caff9ee44b42d32ed"},"headline":"Mais de 200 infra\u00e7\u00f5es detetadas no transporte de mercadorias","datePublished":"2026-02-24T09:06:00+00:00","mainEntityOfPage":{"@id":"https:\/\/portaltela.pt\/noticias\/2026\/02\/24\/mais-de-200-infracoes-detetadas-no-transporte-de-mercadorias\/"},"wordCount":250,"image":{"@id":"https:\/\/portaltela.pt\/noticias\/2026\/02\/24\/mais-de-200-infracoes-detetadas-no-transporte-de-mercadorias\/#primaryimage"},"thumbnailUrl":"https:\/\/portaltela.pt\/s.01k8rhncp4jt1\/2026\/02\/image-1747.jpg","keywords":["aduaneiros","fiscaliza\u00e7\u00e3o","impostos","seguran\u00e7a","transporte","transporte rodovi\u00e1rio"],"articleSection":["Not\u00edcias"],"inLanguage":"pt-PT"},{"@type":"WebPage","@id":"https:\/\/portaltela.pt\/noticias\/2026\/02\/24\/mais-de-200-infracoes-detetadas-no-transporte-de-mercadorias\/","url":"https:\/\/portaltela.pt\/noticias\/2026\/02\/24\/mais-de-200-infracoes-detetadas-no-transporte-de-mercadorias\/","name":"Mais de 200 infra\u00e7\u00f5es detetadas no transporte de mercadorias - Portal Tela Portugal","isPartOf":{"@id":"https:\/\/portaltela.pt\/#website"},"primaryImageOfPage":{"@id":"https:\/\/portaltela.pt\/noticias\/2026\/02\/24\/mais-de-200-infracoes-detetadas-no-transporte-de-mercadorias\/#primaryimage"},"image":{"@id":"https:\/\/portaltela.pt\/noticias\/2026\/02\/24\/mais-de-200-infracoes-detetadas-no-transporte-de-mercadorias\/#primaryimage"},"thumbnailUrl":"https:\/\/portaltela.pt\/s.01k8rhncp4jt1\/2026\/02\/image-1747.jpg","datePublished":"2026-02-24T09:06:00+00:00","author":{"@id":"https:\/\/portaltela.pt\/#\/schema\/person\/c4278d4a6028830caff9ee44b42d32ed"},"breadcrumb":{"@id":"https:\/\/portaltela.pt\/noticias\/2026\/02\/24\/mais-de-200-infracoes-detetadas-no-transporte-de-mercadorias\/#breadcrumb"},"inLanguage":"pt-PT","potentialAction":[{"@type":"ReadAction","target":["https:\/\/portaltela.pt\/noticias\/2026\/02\/24\/mais-de-200-infracoes-detetadas-no-transporte-de-mercadorias\/"]}]},{"@type":"ImageObject","inLanguage":"pt-PT","@id":"https:\/\/portaltela.pt\/noticias\/2026\/02\/24\/mais-de-200-infracoes-detetadas-no-transporte-de-mercadorias\/#primaryimage","url":"https:\/\/portaltela.pt\/s.01k8rhncp4jt1\/2026\/02\/image-1747.jpg","contentUrl":"https:\/\/portaltela.pt\/s.01k8rhncp4jt1\/2026\/02\/image-1747.jpg","width":796,"height":448,"caption":"Mais de 200 infra\u00e7\u00f5es detetadas no transporte de mercadorias"},{"@type":"BreadcrumbList","@id":"https:\/\/portaltela.pt\/noticias\/2026\/02\/24\/mais-de-200-infracoes-detetadas-no-transporte-de-mercadorias\/#breadcrumb","itemListElement":[{"@type":"ListItem","position":1,"name":"In\u00edcio","item":"https:\/\/portaltela.pt\/"},{"@type":"ListItem","position":2,"name":"Mais de 200 infra\u00e7\u00f5es detetadas no transporte de mercadorias"}]},{"@type":"WebSite","@id":"https:\/\/portaltela.pt\/#website","url":"https:\/\/portaltela.pt\/","name":"Portal Tela Portugal","description":"","potentialAction":[{"@type":"SearchAction","target":{"@type":"EntryPoint","urlTemplate":"https:\/\/portaltela.pt\/?s={search_term_string}"},"query-input":{"@type":"PropertyValueSpecification","valueRequired":true,"valueName":"search_term_string"}}],"inLanguage":"pt-PT"},{"@type":"Person","@id":"https:\/\/portaltela.pt\/#\/schema\/person\/c4278d4a6028830caff9ee44b42d32ed","name":"Telinha","image":{"@type":"ImageObject","inLanguage":"pt-PT","@id":"https:\/\/portaltela.pt\/s.01k8rhncp4jt1\/2025\/11\/talking-bot-125x125.png","url":"https:\/\/portaltela.pt\/s.01k8rhncp4jt1\/2025\/11\/talking-bot-125x125.png","contentUrl":"https:\/\/portaltela.pt\/s.01k8rhncp4jt1\/2025\/11\/talking-bot-125x125.png","caption":"Telinha"},"sameAs":["https:\/\/portaltela.pt\/"],"url":"https:\/\/portaltela.pt\/por\/367410592786\/"}]}},"_links":{"self":[{"href":"https:\/\/portaltela.pt\/api\/wp\/v2\/posts\/223836","targetHints":{"allow":["GET"]}}],"collection":[{"href":"https:\/\/portaltela.pt\/api\/wp\/v2\/posts"}],"about":[{"href":"https:\/\/portaltela.pt\/api\/wp\/v2\/types\/post"}],"author":[{"embeddable":true,"href":"https:\/\/portaltela.pt\/api\/wp\/v2\/users\/2"}],"replies":[{"embeddable":true,"href":"https:\/\/portaltela.pt\/api\/wp\/v2\/comments?post=223836"}],"version-history":[{"count":0,"href":"https:\/\/portaltela.pt\/api\/wp\/v2\/posts\/223836\/revisions"}],"wp:featuredmedia":[{"embeddable":true,"href":"https:\/\/portaltela.pt\/api\/wp\/v2\/media\/223846"}],"wp:attachment":[{"href":"https:\/\/portaltela.pt\/api\/wp\/v2\/media?parent=223836"}],"wp:term":[{"taxonomy":"category","embeddable":true,"href":"https:\/\/portaltela.pt\/api\/wp\/v2\/categories?post=223836"},{"taxonomy":"post_tag","embeddable":true,"href":"https:\/\/portaltela.pt\/api\/wp\/v2\/tags?post=223836"}],"curies":[{"name":"wp","href":"https:\/\/api.w.org\/{rel}","templated":true}]}}