{"id":223834,"date":"2026-02-24T06:16:42","date_gmt":"2026-02-24T09:16:42","guid":{"rendered":"https:\/\/portaltela.pt\/noticias\/2026\/02\/24\/grecia-celebra-segunda-feira-limpa-com-guerra-de-farinha-em-galaxidi\/"},"modified":"2026-02-24T06:16:42","modified_gmt":"2026-02-24T09:16:42","slug":"grecia-celebra-segunda-feira-limpa-com-guerra-de-farinha-em-galaxidi","status":"publish","type":"post","link":"https:\/\/portaltela.pt\/noticias\/2026\/02\/24\/grecia-celebra-segunda-feira-limpa-com-guerra-de-farinha-em-galaxidi\/","title":{"rendered":"Gr\u00e9cia celebra Segunda-feira Limpa com guerra de farinha em Galaxidi"},"content":{"rendered":"<p>Gr\u00e9cia celebra a Segunda-feira Limpa com guerra de farinha em Galaxidi, uma tradi\u00e7\u00e3o costeira que transforma a localidade num festival de cores. Centenas de pessoas participam na luta de farinha ao meio-dia, encerrando o Carnaval.<\/p>\n<p>Na aproxima\u00e7\u00e3o da Quaresma, moradores e visitantes atiram sacos de farinha colorida pela rua junto ao mar, dan\u00e7am ao som de m\u00fasica e interagem com carros aleg\u00f3ricos. Assistentes desde varandas evitam as nuvens pigmentadas.<\/p>\n<p>A celebra\u00e7\u00e3o marca o in\u00edcio da Quaresma no calend\u00e1rio ortodoxo. Re\u00fane ainda papagaios de papel no ar e refei\u00e7\u00f5es simples de marisco, aumentando o agito t\u00edpico da vila de Galaxidi, a cerca de 200 km a oeste de Atenas.<\/p>\n<p>A guerra da farinha tem ra\u00edzes no s\u00e9culo XIX, possivelmente moldada por costumes sicilianos trazidos por marinheiros. O evento encerra o entrudo numa explos\u00e3o de cor que permanece como tradi\u00e7\u00e3o local.<\/p>\n<h3>Contexto hist\u00f3rico<\/h3>\n<p>Gr\u00e9cia adotou a tradi\u00e7\u00e3o como parte das festividades que antecedem a Quaresma, com o objetivo de simbolizar a purifica\u00e7\u00e3o. Galaxidi, com a sua orla, recebe a atividade de forma particularmente intensa.<\/p>\n<h3>Local e participa\u00e7\u00e3o<\/h3>\n<p>A cidade de Galaxidi recebe moradores de toda a regi\u00e3o e destaca a participa\u00e7\u00e3o de turistas. A rua costeira fica coberta de farinha tingida, criando uma paisagem festiva e imperd\u00edvel para quem visita a regi\u00e3o.<\/p>\n","protected":false},"excerpt":{"rendered":"<ul>\n<li>Na Gr\u00e9cia, Galaxidi celebra a Segunda-feira Limpa com a guerra da farinha ao meio\u2011-dia, quando a estrada junto ao mar fica coberta de farinha colorida.<\/li>\n<li>Moradores e visitantes atiram sacos de farinha, dan\u00e7am ao som da m\u00fasica e sobem aos carros aleg\u00f3ricos; muitos assistem das varandas, evitando as nuvens coloridas.<\/li>\n<li>A tradi\u00e7\u00e3o marca o in\u00edcio da Quaresma no calend\u00e1rio ortodoxo e costuma incluir papagaios de papel e refei\u00e7\u00f5es simples de marisco.<\/li>\n<li>Galaxidi, a cerca de duzentos quil\u00f3metros a oeste de Atenas, \u00e9 o palco desta celebra\u00e7\u00e3o mais ruidosa do que o habitual.<\/li>\n<li>A guerra da farinha remonta ao s\u00e9culo XIX, provavelmente inspirada em costumes sicilianos trazidos por marinheiros, encerrando o entrudo com cores.<\/li>\n<\/ul>\n","protected":false},"author":2,"featured_media":223844,"comment_status":"closed","ping_status":"closed","sticky":false,"template":"","format":"standard","meta":{"footnotes":""},"categories":[1],"tags":[5468,3137,2926,146,169],"class_list":["post-223834","post","type-post","status-publish","format-standard","has-post-thumbnail","hentry","category-noticias","tag-festa","tag-grecia","tag-quaresma","tag-tradicoes","tag-turismo"],"yoast_head":"<!-- This site is optimized with the Yoast SEO plugin v27.2 - https:\/\/yoast.com\/product\/yoast-seo-wordpress\/ -->\n<title>Gr\u00e9cia celebra Segunda-feira Limpa com guerra de farinha em Galaxidi - Portal Tela Portugal<\/title>\n<meta name=\"robots\" content=\"index, follow, max-snippet:-1, max-image-preview:large, max-video-preview:-1\" \/>\n<meta property=\"og:locale\" content=\"pt_PT\" \/>\n<meta property=\"og:type\" content=\"article\" \/>\n<meta property=\"og:title\" content=\"Gr\u00e9cia celebra Segunda-feira Limpa com guerra de farinha em Galaxidi - Portal Tela Portugal\" \/>\n<meta property=\"og:description\" content=\"Na Gr\u00e9cia, Galaxidi celebra a Segunda-feira Limpa com a guerra da farinha ao meio\u2011-dia, quando a estrada junto ao mar fica coberta de farinha colorida. Moradores e visitantes atiram sacos de farinha, dan\u00e7am ao som da m\u00fasica e sobem aos carros aleg\u00f3ricos; muitos assistem das varandas, evitando as nuvens coloridas. A tradi\u00e7\u00e3o marca o in\u00edcio da Quaresma no calend\u00e1rio ortodoxo e costuma incluir papagaios de papel e refei\u00e7\u00f5es simples de marisco. Galaxidi, a cerca de duzentos quil\u00f3metros a oeste de Atenas, \u00e9 o palco desta celebra\u00e7\u00e3o mais ruidosa do que o habitual. A guerra da farinha remonta ao s\u00e9culo XIX, provavelmente inspirada em costumes sicilianos trazidos por marinheiros, encerrando o entrudo com cores.\" \/>\n<meta property=\"og:url\" content=\"https:\/\/portaltela.pt\/noticias\/2026\/02\/24\/grecia-celebra-segunda-feira-limpa-com-guerra-de-farinha-em-galaxidi\/\" \/>\n<meta property=\"og:site_name\" content=\"Portal Tela Portugal\" \/>\n<meta property=\"article:published_time\" content=\"2026-02-24T09:16:42+00:00\" \/>\n<meta name=\"author\" content=\"Telinha\" \/>\n<meta name=\"twitter:card\" content=\"summary_large_image\" \/>\n<meta name=\"twitter:label1\" content=\"Escrito por\" \/>\n\t<meta name=\"twitter:data1\" content=\"Telinha\" \/>\n\t<meta name=\"twitter:label2\" content=\"Tempo estimado de leitura\" \/>\n\t<meta name=\"twitter:data2\" content=\"1 minuto\" \/>\n<script type=\"application\/ld+json\" class=\"yoast-schema-graph\">{\"@context\":\"https:\/\/schema.org\",\"@graph\":[{\"@type\":\"Article\",\"@id\":\"https:\/\/portaltela.pt\/noticias\/2026\/02\/24\/grecia-celebra-segunda-feira-limpa-com-guerra-de-farinha-em-galaxidi\/#article\",\"isPartOf\":{\"@id\":\"https:\/\/portaltela.pt\/noticias\/2026\/02\/24\/grecia-celebra-segunda-feira-limpa-com-guerra-de-farinha-em-galaxidi\/\"},\"author\":{\"name\":\"Telinha\",\"@id\":\"https:\/\/portaltela.pt\/#\/schema\/person\/c4278d4a6028830caff9ee44b42d32ed\"},\"headline\":\"Gr\u00e9cia celebra Segunda-feira Limpa com guerra de farinha em Galaxidi\",\"datePublished\":\"2026-02-24T09:16:42+00:00\",\"mainEntityOfPage\":{\"@id\":\"https:\/\/portaltela.pt\/noticias\/2026\/02\/24\/grecia-celebra-segunda-feira-limpa-com-guerra-de-farinha-em-galaxidi\/\"},\"wordCount\":245,\"image\":{\"@id\":\"https:\/\/portaltela.pt\/noticias\/2026\/02\/24\/grecia-celebra-segunda-feira-limpa-com-guerra-de-farinha-em-galaxidi\/#primaryimage\"},\"thumbnailUrl\":\"https:\/\/portaltela.pt\/s.01k8rhncp4jt1\/2026\/02\/1536x864_cmsv2_c2ecd266-02c7-56b6-ac45-f22853c5c0f6-9662919.jpg\",\"keywords\":[\"festa\",\"Gr\u00e9cia\",\"Quaresma\",\"tradi\u00e7\u00f5es\",\"turismo\"],\"articleSection\":[\"Not\u00edcias\"],\"inLanguage\":\"pt-PT\"},{\"@type\":\"WebPage\",\"@id\":\"https:\/\/portaltela.pt\/noticias\/2026\/02\/24\/grecia-celebra-segunda-feira-limpa-com-guerra-de-farinha-em-galaxidi\/\",\"url\":\"https:\/\/portaltela.pt\/noticias\/2026\/02\/24\/grecia-celebra-segunda-feira-limpa-com-guerra-de-farinha-em-galaxidi\/\",\"name\":\"Gr\u00e9cia celebra Segunda-feira Limpa com guerra de farinha em Galaxidi - Portal Tela Portugal\",\"isPartOf\":{\"@id\":\"https:\/\/portaltela.pt\/#website\"},\"primaryImageOfPage\":{\"@id\":\"https:\/\/portaltela.pt\/noticias\/2026\/02\/24\/grecia-celebra-segunda-feira-limpa-com-guerra-de-farinha-em-galaxidi\/#primaryimage\"},\"image\":{\"@id\":\"https:\/\/portaltela.pt\/noticias\/2026\/02\/24\/grecia-celebra-segunda-feira-limpa-com-guerra-de-farinha-em-galaxidi\/#primaryimage\"},\"thumbnailUrl\":\"https:\/\/portaltela.pt\/s.01k8rhncp4jt1\/2026\/02\/1536x864_cmsv2_c2ecd266-02c7-56b6-ac45-f22853c5c0f6-9662919.jpg\",\"datePublished\":\"2026-02-24T09:16:42+00:00\",\"author\":{\"@id\":\"https:\/\/portaltela.pt\/#\/schema\/person\/c4278d4a6028830caff9ee44b42d32ed\"},\"breadcrumb\":{\"@id\":\"https:\/\/portaltela.pt\/noticias\/2026\/02\/24\/grecia-celebra-segunda-feira-limpa-com-guerra-de-farinha-em-galaxidi\/#breadcrumb\"},\"inLanguage\":\"pt-PT\",\"potentialAction\":[{\"@type\":\"ReadAction\",\"target\":[\"https:\/\/portaltela.pt\/noticias\/2026\/02\/24\/grecia-celebra-segunda-feira-limpa-com-guerra-de-farinha-em-galaxidi\/\"]}]},{\"@type\":\"ImageObject\",\"inLanguage\":\"pt-PT\",\"@id\":\"https:\/\/portaltela.pt\/noticias\/2026\/02\/24\/grecia-celebra-segunda-feira-limpa-com-guerra-de-farinha-em-galaxidi\/#primaryimage\",\"url\":\"https:\/\/portaltela.pt\/s.01k8rhncp4jt1\/2026\/02\/1536x864_cmsv2_c2ecd266-02c7-56b6-ac45-f22853c5c0f6-9662919.jpg\",\"contentUrl\":\"https:\/\/portaltela.pt\/s.01k8rhncp4jt1\/2026\/02\/1536x864_cmsv2_c2ecd266-02c7-56b6-ac45-f22853c5c0f6-9662919.jpg\",\"width\":796,\"height\":448,\"caption\":\"Foli\u00f5es participam na tradicional guerra de farinha que assinala o fim do Carnaval, na Segunda-feira Limpa, em Galaxidi\"},{\"@type\":\"BreadcrumbList\",\"@id\":\"https:\/\/portaltela.pt\/noticias\/2026\/02\/24\/grecia-celebra-segunda-feira-limpa-com-guerra-de-farinha-em-galaxidi\/#breadcrumb\",\"itemListElement\":[{\"@type\":\"ListItem\",\"position\":1,\"name\":\"In\u00edcio\",\"item\":\"https:\/\/portaltela.pt\/\"},{\"@type\":\"ListItem\",\"position\":2,\"name\":\"Gr\u00e9cia celebra Segunda-feira Limpa com guerra de farinha em Galaxidi\"}]},{\"@type\":\"WebSite\",\"@id\":\"https:\/\/portaltela.pt\/#website\",\"url\":\"https:\/\/portaltela.pt\/\",\"name\":\"Portal Tela Portugal\",\"description\":\"\",\"potentialAction\":[{\"@type\":\"SearchAction\",\"target\":{\"@type\":\"EntryPoint\",\"urlTemplate\":\"https:\/\/portaltela.pt\/?s={search_term_string}\"},\"query-input\":{\"@type\":\"PropertyValueSpecification\",\"valueRequired\":true,\"valueName\":\"search_term_string\"}}],\"inLanguage\":\"pt-PT\"},{\"@type\":\"Person\",\"@id\":\"https:\/\/portaltela.pt\/#\/schema\/person\/c4278d4a6028830caff9ee44b42d32ed\",\"name\":\"Telinha\",\"image\":{\"@type\":\"ImageObject\",\"inLanguage\":\"pt-PT\",\"@id\":\"https:\/\/portaltela.pt\/s.01k8rhncp4jt1\/2025\/11\/talking-bot-125x125.png\",\"url\":\"https:\/\/portaltela.pt\/s.01k8rhncp4jt1\/2025\/11\/talking-bot-125x125.png\",\"contentUrl\":\"https:\/\/portaltela.pt\/s.01k8rhncp4jt1\/2025\/11\/talking-bot-125x125.png\",\"caption\":\"Telinha\"},\"sameAs\":[\"https:\/\/portaltela.pt\/\"],\"url\":\"https:\/\/portaltela.pt\/por\/367410592786\/\"}]}<\/script>\n<!-- \/ Yoast SEO plugin. -->","yoast_head_json":{"title":"Gr\u00e9cia celebra Segunda-feira Limpa com guerra de farinha em Galaxidi - Portal Tela Portugal","robots":{"index":"index","follow":"follow","max-snippet":"max-snippet:-1","max-image-preview":"max-image-preview:large","max-video-preview":"max-video-preview:-1"},"og_locale":"pt_PT","og_type":"article","og_title":"Gr\u00e9cia celebra Segunda-feira Limpa com guerra de farinha em Galaxidi - Portal Tela Portugal","og_description":"Na Gr\u00e9cia, Galaxidi celebra a Segunda-feira Limpa com a guerra da farinha ao meio\u2011-dia, quando a estrada junto ao mar fica coberta de farinha colorida. Moradores e visitantes atiram sacos de farinha, dan\u00e7am ao som da m\u00fasica e sobem aos carros aleg\u00f3ricos; muitos assistem das varandas, evitando as nuvens coloridas. A tradi\u00e7\u00e3o marca o in\u00edcio da Quaresma no calend\u00e1rio ortodoxo e costuma incluir papagaios de papel e refei\u00e7\u00f5es simples de marisco. Galaxidi, a cerca de duzentos quil\u00f3metros a oeste de Atenas, \u00e9 o palco desta celebra\u00e7\u00e3o mais ruidosa do que o habitual. A guerra da farinha remonta ao s\u00e9culo XIX, provavelmente inspirada em costumes sicilianos trazidos por marinheiros, encerrando o entrudo com cores.","og_url":"https:\/\/portaltela.pt\/noticias\/2026\/02\/24\/grecia-celebra-segunda-feira-limpa-com-guerra-de-farinha-em-galaxidi\/","og_site_name":"Portal Tela Portugal","article_published_time":"2026-02-24T09:16:42+00:00","author":"Telinha","twitter_card":"summary_large_image","twitter_misc":{"Escrito por":"Telinha","Tempo estimado de leitura":"1 minuto"},"schema":{"@context":"https:\/\/schema.org","@graph":[{"@type":"Article","@id":"https:\/\/portaltela.pt\/noticias\/2026\/02\/24\/grecia-celebra-segunda-feira-limpa-com-guerra-de-farinha-em-galaxidi\/#article","isPartOf":{"@id":"https:\/\/portaltela.pt\/noticias\/2026\/02\/24\/grecia-celebra-segunda-feira-limpa-com-guerra-de-farinha-em-galaxidi\/"},"author":{"name":"Telinha","@id":"https:\/\/portaltela.pt\/#\/schema\/person\/c4278d4a6028830caff9ee44b42d32ed"},"headline":"Gr\u00e9cia celebra Segunda-feira Limpa com guerra de farinha em Galaxidi","datePublished":"2026-02-24T09:16:42+00:00","mainEntityOfPage":{"@id":"https:\/\/portaltela.pt\/noticias\/2026\/02\/24\/grecia-celebra-segunda-feira-limpa-com-guerra-de-farinha-em-galaxidi\/"},"wordCount":245,"image":{"@id":"https:\/\/portaltela.pt\/noticias\/2026\/02\/24\/grecia-celebra-segunda-feira-limpa-com-guerra-de-farinha-em-galaxidi\/#primaryimage"},"thumbnailUrl":"https:\/\/portaltela.pt\/s.01k8rhncp4jt1\/2026\/02\/1536x864_cmsv2_c2ecd266-02c7-56b6-ac45-f22853c5c0f6-9662919.jpg","keywords":["festa","Gr\u00e9cia","Quaresma","tradi\u00e7\u00f5es","turismo"],"articleSection":["Not\u00edcias"],"inLanguage":"pt-PT"},{"@type":"WebPage","@id":"https:\/\/portaltela.pt\/noticias\/2026\/02\/24\/grecia-celebra-segunda-feira-limpa-com-guerra-de-farinha-em-galaxidi\/","url":"https:\/\/portaltela.pt\/noticias\/2026\/02\/24\/grecia-celebra-segunda-feira-limpa-com-guerra-de-farinha-em-galaxidi\/","name":"Gr\u00e9cia celebra Segunda-feira Limpa com guerra de farinha em Galaxidi - Portal Tela Portugal","isPartOf":{"@id":"https:\/\/portaltela.pt\/#website"},"primaryImageOfPage":{"@id":"https:\/\/portaltela.pt\/noticias\/2026\/02\/24\/grecia-celebra-segunda-feira-limpa-com-guerra-de-farinha-em-galaxidi\/#primaryimage"},"image":{"@id":"https:\/\/portaltela.pt\/noticias\/2026\/02\/24\/grecia-celebra-segunda-feira-limpa-com-guerra-de-farinha-em-galaxidi\/#primaryimage"},"thumbnailUrl":"https:\/\/portaltela.pt\/s.01k8rhncp4jt1\/2026\/02\/1536x864_cmsv2_c2ecd266-02c7-56b6-ac45-f22853c5c0f6-9662919.jpg","datePublished":"2026-02-24T09:16:42+00:00","author":{"@id":"https:\/\/portaltela.pt\/#\/schema\/person\/c4278d4a6028830caff9ee44b42d32ed"},"breadcrumb":{"@id":"https:\/\/portaltela.pt\/noticias\/2026\/02\/24\/grecia-celebra-segunda-feira-limpa-com-guerra-de-farinha-em-galaxidi\/#breadcrumb"},"inLanguage":"pt-PT","potentialAction":[{"@type":"ReadAction","target":["https:\/\/portaltela.pt\/noticias\/2026\/02\/24\/grecia-celebra-segunda-feira-limpa-com-guerra-de-farinha-em-galaxidi\/"]}]},{"@type":"ImageObject","inLanguage":"pt-PT","@id":"https:\/\/portaltela.pt\/noticias\/2026\/02\/24\/grecia-celebra-segunda-feira-limpa-com-guerra-de-farinha-em-galaxidi\/#primaryimage","url":"https:\/\/portaltela.pt\/s.01k8rhncp4jt1\/2026\/02\/1536x864_cmsv2_c2ecd266-02c7-56b6-ac45-f22853c5c0f6-9662919.jpg","contentUrl":"https:\/\/portaltela.pt\/s.01k8rhncp4jt1\/2026\/02\/1536x864_cmsv2_c2ecd266-02c7-56b6-ac45-f22853c5c0f6-9662919.jpg","width":796,"height":448,"caption":"Foli\u00f5es participam na tradicional guerra de farinha que assinala o fim do Carnaval, na Segunda-feira Limpa, em Galaxidi"},{"@type":"BreadcrumbList","@id":"https:\/\/portaltela.pt\/noticias\/2026\/02\/24\/grecia-celebra-segunda-feira-limpa-com-guerra-de-farinha-em-galaxidi\/#breadcrumb","itemListElement":[{"@type":"ListItem","position":1,"name":"In\u00edcio","item":"https:\/\/portaltela.pt\/"},{"@type":"ListItem","position":2,"name":"Gr\u00e9cia celebra Segunda-feira Limpa com guerra de farinha em Galaxidi"}]},{"@type":"WebSite","@id":"https:\/\/portaltela.pt\/#website","url":"https:\/\/portaltela.pt\/","name":"Portal Tela Portugal","description":"","potentialAction":[{"@type":"SearchAction","target":{"@type":"EntryPoint","urlTemplate":"https:\/\/portaltela.pt\/?s={search_term_string}"},"query-input":{"@type":"PropertyValueSpecification","valueRequired":true,"valueName":"search_term_string"}}],"inLanguage":"pt-PT"},{"@type":"Person","@id":"https:\/\/portaltela.pt\/#\/schema\/person\/c4278d4a6028830caff9ee44b42d32ed","name":"Telinha","image":{"@type":"ImageObject","inLanguage":"pt-PT","@id":"https:\/\/portaltela.pt\/s.01k8rhncp4jt1\/2025\/11\/talking-bot-125x125.png","url":"https:\/\/portaltela.pt\/s.01k8rhncp4jt1\/2025\/11\/talking-bot-125x125.png","contentUrl":"https:\/\/portaltela.pt\/s.01k8rhncp4jt1\/2025\/11\/talking-bot-125x125.png","caption":"Telinha"},"sameAs":["https:\/\/portaltela.pt\/"],"url":"https:\/\/portaltela.pt\/por\/367410592786\/"}]}},"_links":{"self":[{"href":"https:\/\/portaltela.pt\/api\/wp\/v2\/posts\/223834","targetHints":{"allow":["GET"]}}],"collection":[{"href":"https:\/\/portaltela.pt\/api\/wp\/v2\/posts"}],"about":[{"href":"https:\/\/portaltela.pt\/api\/wp\/v2\/types\/post"}],"author":[{"embeddable":true,"href":"https:\/\/portaltela.pt\/api\/wp\/v2\/users\/2"}],"replies":[{"embeddable":true,"href":"https:\/\/portaltela.pt\/api\/wp\/v2\/comments?post=223834"}],"version-history":[{"count":0,"href":"https:\/\/portaltela.pt\/api\/wp\/v2\/posts\/223834\/revisions"}],"wp:featuredmedia":[{"embeddable":true,"href":"https:\/\/portaltela.pt\/api\/wp\/v2\/media\/223844"}],"wp:attachment":[{"href":"https:\/\/portaltela.pt\/api\/wp\/v2\/media?parent=223834"}],"wp:term":[{"taxonomy":"category","embeddable":true,"href":"https:\/\/portaltela.pt\/api\/wp\/v2\/categories?post=223834"},{"taxonomy":"post_tag","embeddable":true,"href":"https:\/\/portaltela.pt\/api\/wp\/v2\/tags?post=223834"}],"curies":[{"name":"wp","href":"https:\/\/api.w.org\/{rel}","templated":true}]}}