{"id":223795,"date":"2026-02-24T05:15:57","date_gmt":"2026-02-24T08:15:57","guid":{"rendered":"https:\/\/portaltela.pt\/noticias\/2026\/02\/24\/marcelo-rebelo-de-sousa-sondou-luis-neves-para-o-mai-bastidores-da-escolha\/"},"modified":"2026-02-24T05:15:57","modified_gmt":"2026-02-24T08:15:57","slug":"marcelo-rebelo-de-sousa-sondou-luis-neves-para-o-mai-bastidores-da-escolha","status":"publish","type":"post","link":"https:\/\/portaltela.pt\/noticias\/politica\/2026\/02\/24\/marcelo-rebelo-de-sousa-sondou-luis-neves-para-o-mai-bastidores-da-escolha\/","title":{"rendered":"Marcelo Rebelo de Sousa sondou Lu\u00eds Neves para o MAI: bastidores da escolha"},"content":{"rendered":"<p>Foi Marcelo Rebelo de Sousa quem sondou Lu\u00eds Neves para o Minist\u00e9rio da Administra\u00e7\u00e3o Interna, segundo relatos associados aos bastidores da cerim\u00f3nia de 80.\u00ba anivers\u00e1rio da Pol\u00edcia Judici\u00e1ria (PJ). O epis\u00f3dio ocorreu a 21 de outubro de 2025, durante a sess\u00e3o solene na sede da PJ, em Lisboa.<\/p>\n<p>Durante o evento, o Presidente apontou a poss\u00edvel grande mudan\u00e7a na lideran\u00e7a da PJ. Lu\u00eds Neves, ent\u00e3o diretor nacional da PJ, indicou que a sua comiss\u00e3o de servi\u00e7o ainda teria cerca de um ano e meio pela frente, planeando dedicar-se a atividades pessoais ap\u00f3s esse per\u00edodo, sem confirmar qualquer inten\u00e7\u00e3o de transi\u00e7\u00e3o imediata.<\/p>\n<p>A conversa, descrita por uma fonte que acompanhava o evento, refor\u00e7ou o interesse do Presidente na sucess\u00e3o da PJ com algu\u00e9m da prata da casa. A ideia de Neves para o futuro n\u00e3o foi traduzida em decis\u00e3o formal, mantendo o tema apenas nos bastidores da cerim\u00f3nia.<\/p>\n<h3>Bastidores da sondagem<\/h3>\n<p>A not\u00edcia, divulgada pela edi\u00e7\u00e3o desta semana da S\u00e1bado, coloca a aten\u00e7\u00e3o sobre o papel de Marcelo Rebelo de Sousa na sua eventual nomea\u00e7\u00e3o para o MAI. A not\u00edcia n\u00e3o indica qualquer decis\u00e3o oficial anunciada pelo Governo ou pelo pr\u00f3prio Presidente.<\/p>\n<p>O objetivo do epis\u00f3dio parece ser esclarecer o processo de escolha para o MAI, com especial foco numa poss\u00edvel continuidade interna na PJ. A avalia\u00e7\u00e3o de candidatos mant\u00e9m-se, segundo as informa\u00e7\u00f5es dispon\u00edveis, em est\u00e1gio inicial e sem confirma\u00e7\u00e3o p\u00fablica.<\/p>\n","protected":false},"excerpt":{"rendered":"<ul>\n<li>No dia 21 de outubro de 2025, durante a cerim\u00f3nia de anivers\u00e1rio da Pol\u00edcia Judici\u00e1ria (PJ) em Lisboa, Marcelo Rebelo de Sousa sondou Lu\u00eds Neves para o Minist\u00e9rio da Administra\u00e7\u00e3o Interna (MAI).<\/li>\n<li>Lu\u00eds Neves, ent\u00e3o diretor nacional da PJ, afirmou que faltava um ano e meio para terminar a comiss\u00e3o de servi\u00e7o.<\/li>\n<li>Marcelo Rebelo de Sousa disse que Neves seria um excelente ministro da Administra\u00e7\u00e3o Interna.<\/li>\n<li>O epis\u00f3dio ocorreu num dos grupos de conversa durante o Porto de Honra, ap\u00f3s os discursos da dire\u00e7\u00e3o da PJ, da ministra da Justi\u00e7a e do Presidente da Rep\u00fablica.<\/li>\n<li>A not\u00edcia tamb\u00e9m aponta que a sucess\u00e3o na PJ dever\u00e1 ser \u201cprata da casa\u201d.<\/li>\n<\/ul>\n","protected":false},"author":2,"featured_media":223800,"comment_status":"closed","ping_status":"closed","sticky":false,"template":"","format":"standard","meta":{"footnotes":""},"categories":[1,5],"tags":[5798,168,981,6229,1802,2832],"class_list":["post-223795","post","type-post","status-publish","format-standard","has-post-thumbnail","hentry","category-noticias","category-politica","tag-administracao-interna","tag-administracao-publica","tag-lisboa","tag-luis-neves","tag-policia-judiciaria","tag-politica"],"yoast_head":"<!-- This site is optimized with the Yoast SEO plugin v27.2 - https:\/\/yoast.com\/product\/yoast-seo-wordpress\/ -->\n<title>Marcelo Rebelo de Sousa sondou Lu\u00eds Neves para o MAI: bastidores da escolha - Portal Tela Portugal<\/title>\n<meta name=\"robots\" content=\"index, follow, max-snippet:-1, max-image-preview:large, max-video-preview:-1\" \/>\n<meta property=\"og:locale\" content=\"pt_PT\" \/>\n<meta property=\"og:type\" content=\"article\" \/>\n<meta property=\"og:title\" content=\"Marcelo Rebelo de Sousa sondou Lu\u00eds Neves para o MAI: bastidores da escolha - Portal Tela Portugal\" \/>\n<meta property=\"og:description\" content=\"No dia 21 de outubro de 2025, durante a cerim\u00f3nia de anivers\u00e1rio da Pol\u00edcia Judici\u00e1ria (PJ) em Lisboa, Marcelo Rebelo de Sousa sondou Lu\u00eds Neves para o Minist\u00e9rio da Administra\u00e7\u00e3o Interna (MAI). Lu\u00eds Neves, ent\u00e3o diretor nacional da PJ, afirmou que faltava um ano e meio para terminar a comiss\u00e3o de servi\u00e7o. Marcelo Rebelo de Sousa disse que Neves seria um excelente ministro da Administra\u00e7\u00e3o Interna. O epis\u00f3dio ocorreu num dos grupos de conversa durante o Porto de Honra, ap\u00f3s os discursos da dire\u00e7\u00e3o da PJ, da ministra da Justi\u00e7a e do Presidente da Rep\u00fablica. A not\u00edcia tamb\u00e9m aponta que a sucess\u00e3o na PJ dever\u00e1 ser \u201cprata da casa\u201d.\" \/>\n<meta property=\"og:url\" content=\"https:\/\/portaltela.pt\/noticias\/2026\/02\/24\/marcelo-rebelo-de-sousa-sondou-luis-neves-para-o-mai-bastidores-da-escolha\/\" \/>\n<meta property=\"og:site_name\" content=\"Portal Tela Portugal\" \/>\n<meta property=\"article:published_time\" content=\"2026-02-24T08:15:57+00:00\" \/>\n<meta name=\"author\" content=\"Telinha\" \/>\n<meta name=\"twitter:card\" content=\"summary_large_image\" \/>\n<meta name=\"twitter:label1\" content=\"Escrito por\" \/>\n\t<meta name=\"twitter:data1\" content=\"Telinha\" \/>\n\t<meta name=\"twitter:label2\" content=\"Tempo estimado de leitura\" \/>\n\t<meta name=\"twitter:data2\" content=\"1 minuto\" \/>\n<script type=\"application\/ld+json\" class=\"yoast-schema-graph\">{\"@context\":\"https:\/\/schema.org\",\"@graph\":[{\"@type\":\"Article\",\"@id\":\"https:\/\/portaltela.pt\/noticias\/2026\/02\/24\/marcelo-rebelo-de-sousa-sondou-luis-neves-para-o-mai-bastidores-da-escolha\/#article\",\"isPartOf\":{\"@id\":\"https:\/\/portaltela.pt\/noticias\/2026\/02\/24\/marcelo-rebelo-de-sousa-sondou-luis-neves-para-o-mai-bastidores-da-escolha\/\"},\"author\":{\"name\":\"Telinha\",\"@id\":\"https:\/\/portaltela.pt\/#\/schema\/person\/c4278d4a6028830caff9ee44b42d32ed\"},\"headline\":\"Marcelo Rebelo de Sousa sondou Lu\u00eds Neves para o MAI: bastidores da escolha\",\"datePublished\":\"2026-02-24T08:15:57+00:00\",\"mainEntityOfPage\":{\"@id\":\"https:\/\/portaltela.pt\/noticias\/2026\/02\/24\/marcelo-rebelo-de-sousa-sondou-luis-neves-para-o-mai-bastidores-da-escolha\/\"},\"wordCount\":285,\"image\":{\"@id\":\"https:\/\/portaltela.pt\/noticias\/2026\/02\/24\/marcelo-rebelo-de-sousa-sondou-luis-neves-para-o-mai-bastidores-da-escolha\/#primaryimage\"},\"thumbnailUrl\":\"https:\/\/portaltela.pt\/s.01k8rhncp4jt1\/2026\/02\/img_920x518uu2026-02-23-10-10-57-2423260.jpg\",\"keywords\":[\"Administra\u00e7\u00e3o Interna\",\"administra\u00e7\u00e3o p\u00fablica\",\"Lisboa\",\"Lu\u00eds Neves\",\"Pol\u00edcia Judici\u00e1ria\",\"pol\u00edtica\"],\"articleSection\":[\"Not\u00edcias\",\"Pol\u00edtica\"],\"inLanguage\":\"pt-PT\"},{\"@type\":\"WebPage\",\"@id\":\"https:\/\/portaltela.pt\/noticias\/2026\/02\/24\/marcelo-rebelo-de-sousa-sondou-luis-neves-para-o-mai-bastidores-da-escolha\/\",\"url\":\"https:\/\/portaltela.pt\/noticias\/2026\/02\/24\/marcelo-rebelo-de-sousa-sondou-luis-neves-para-o-mai-bastidores-da-escolha\/\",\"name\":\"Marcelo Rebelo de Sousa sondou Lu\u00eds Neves para o MAI: bastidores da escolha - Portal Tela Portugal\",\"isPartOf\":{\"@id\":\"https:\/\/portaltela.pt\/#website\"},\"primaryImageOfPage\":{\"@id\":\"https:\/\/portaltela.pt\/noticias\/2026\/02\/24\/marcelo-rebelo-de-sousa-sondou-luis-neves-para-o-mai-bastidores-da-escolha\/#primaryimage\"},\"image\":{\"@id\":\"https:\/\/portaltela.pt\/noticias\/2026\/02\/24\/marcelo-rebelo-de-sousa-sondou-luis-neves-para-o-mai-bastidores-da-escolha\/#primaryimage\"},\"thumbnailUrl\":\"https:\/\/portaltela.pt\/s.01k8rhncp4jt1\/2026\/02\/img_920x518uu2026-02-23-10-10-57-2423260.jpg\",\"datePublished\":\"2026-02-24T08:15:57+00:00\",\"author\":{\"@id\":\"https:\/\/portaltela.pt\/#\/schema\/person\/c4278d4a6028830caff9ee44b42d32ed\"},\"breadcrumb\":{\"@id\":\"https:\/\/portaltela.pt\/noticias\/2026\/02\/24\/marcelo-rebelo-de-sousa-sondou-luis-neves-para-o-mai-bastidores-da-escolha\/#breadcrumb\"},\"inLanguage\":\"pt-PT\",\"potentialAction\":[{\"@type\":\"ReadAction\",\"target\":[\"https:\/\/portaltela.pt\/noticias\/2026\/02\/24\/marcelo-rebelo-de-sousa-sondou-luis-neves-para-o-mai-bastidores-da-escolha\/\"]}]},{\"@type\":\"ImageObject\",\"inLanguage\":\"pt-PT\",\"@id\":\"https:\/\/portaltela.pt\/noticias\/2026\/02\/24\/marcelo-rebelo-de-sousa-sondou-luis-neves-para-o-mai-bastidores-da-escolha\/#primaryimage\",\"url\":\"https:\/\/portaltela.pt\/s.01k8rhncp4jt1\/2026\/02\/img_920x518uu2026-02-23-10-10-57-2423260.jpg\",\"contentUrl\":\"https:\/\/portaltela.pt\/s.01k8rhncp4jt1\/2026\/02\/img_920x518uu2026-02-23-10-10-57-2423260.jpg\",\"width\":796,\"height\":448,\"caption\":\"Lu\u00eds Neves\"},{\"@type\":\"BreadcrumbList\",\"@id\":\"https:\/\/portaltela.pt\/noticias\/2026\/02\/24\/marcelo-rebelo-de-sousa-sondou-luis-neves-para-o-mai-bastidores-da-escolha\/#breadcrumb\",\"itemListElement\":[{\"@type\":\"ListItem\",\"position\":1,\"name\":\"In\u00edcio\",\"item\":\"https:\/\/portaltela.pt\/\"},{\"@type\":\"ListItem\",\"position\":2,\"name\":\"Marcelo Rebelo de Sousa sondou Lu\u00eds Neves para o MAI: bastidores da escolha\"}]},{\"@type\":\"WebSite\",\"@id\":\"https:\/\/portaltela.pt\/#website\",\"url\":\"https:\/\/portaltela.pt\/\",\"name\":\"Portal Tela Portugal\",\"description\":\"\",\"potentialAction\":[{\"@type\":\"SearchAction\",\"target\":{\"@type\":\"EntryPoint\",\"urlTemplate\":\"https:\/\/portaltela.pt\/?s={search_term_string}\"},\"query-input\":{\"@type\":\"PropertyValueSpecification\",\"valueRequired\":true,\"valueName\":\"search_term_string\"}}],\"inLanguage\":\"pt-PT\"},{\"@type\":\"Person\",\"@id\":\"https:\/\/portaltela.pt\/#\/schema\/person\/c4278d4a6028830caff9ee44b42d32ed\",\"name\":\"Telinha\",\"image\":{\"@type\":\"ImageObject\",\"inLanguage\":\"pt-PT\",\"@id\":\"https:\/\/portaltela.pt\/s.01k8rhncp4jt1\/2025\/11\/talking-bot-125x125.png\",\"url\":\"https:\/\/portaltela.pt\/s.01k8rhncp4jt1\/2025\/11\/talking-bot-125x125.png\",\"contentUrl\":\"https:\/\/portaltela.pt\/s.01k8rhncp4jt1\/2025\/11\/talking-bot-125x125.png\",\"caption\":\"Telinha\"},\"sameAs\":[\"https:\/\/portaltela.pt\/\"],\"url\":\"https:\/\/portaltela.pt\/por\/367410592786\/\"}]}<\/script>\n<!-- \/ Yoast SEO plugin. -->","yoast_head_json":{"title":"Marcelo Rebelo de Sousa sondou Lu\u00eds Neves para o MAI: bastidores da escolha - Portal Tela Portugal","robots":{"index":"index","follow":"follow","max-snippet":"max-snippet:-1","max-image-preview":"max-image-preview:large","max-video-preview":"max-video-preview:-1"},"og_locale":"pt_PT","og_type":"article","og_title":"Marcelo Rebelo de Sousa sondou Lu\u00eds Neves para o MAI: bastidores da escolha - Portal Tela Portugal","og_description":"No dia 21 de outubro de 2025, durante a cerim\u00f3nia de anivers\u00e1rio da Pol\u00edcia Judici\u00e1ria (PJ) em Lisboa, Marcelo Rebelo de Sousa sondou Lu\u00eds Neves para o Minist\u00e9rio da Administra\u00e7\u00e3o Interna (MAI). Lu\u00eds Neves, ent\u00e3o diretor nacional da PJ, afirmou que faltava um ano e meio para terminar a comiss\u00e3o de servi\u00e7o. Marcelo Rebelo de Sousa disse que Neves seria um excelente ministro da Administra\u00e7\u00e3o Interna. O epis\u00f3dio ocorreu num dos grupos de conversa durante o Porto de Honra, ap\u00f3s os discursos da dire\u00e7\u00e3o da PJ, da ministra da Justi\u00e7a e do Presidente da Rep\u00fablica. A not\u00edcia tamb\u00e9m aponta que a sucess\u00e3o na PJ dever\u00e1 ser \u201cprata da casa\u201d.","og_url":"https:\/\/portaltela.pt\/noticias\/2026\/02\/24\/marcelo-rebelo-de-sousa-sondou-luis-neves-para-o-mai-bastidores-da-escolha\/","og_site_name":"Portal Tela Portugal","article_published_time":"2026-02-24T08:15:57+00:00","author":"Telinha","twitter_card":"summary_large_image","twitter_misc":{"Escrito por":"Telinha","Tempo estimado de leitura":"1 minuto"},"schema":{"@context":"https:\/\/schema.org","@graph":[{"@type":"Article","@id":"https:\/\/portaltela.pt\/noticias\/2026\/02\/24\/marcelo-rebelo-de-sousa-sondou-luis-neves-para-o-mai-bastidores-da-escolha\/#article","isPartOf":{"@id":"https:\/\/portaltela.pt\/noticias\/2026\/02\/24\/marcelo-rebelo-de-sousa-sondou-luis-neves-para-o-mai-bastidores-da-escolha\/"},"author":{"name":"Telinha","@id":"https:\/\/portaltela.pt\/#\/schema\/person\/c4278d4a6028830caff9ee44b42d32ed"},"headline":"Marcelo Rebelo de Sousa sondou Lu\u00eds Neves para o MAI: bastidores da escolha","datePublished":"2026-02-24T08:15:57+00:00","mainEntityOfPage":{"@id":"https:\/\/portaltela.pt\/noticias\/2026\/02\/24\/marcelo-rebelo-de-sousa-sondou-luis-neves-para-o-mai-bastidores-da-escolha\/"},"wordCount":285,"image":{"@id":"https:\/\/portaltela.pt\/noticias\/2026\/02\/24\/marcelo-rebelo-de-sousa-sondou-luis-neves-para-o-mai-bastidores-da-escolha\/#primaryimage"},"thumbnailUrl":"https:\/\/portaltela.pt\/s.01k8rhncp4jt1\/2026\/02\/img_920x518uu2026-02-23-10-10-57-2423260.jpg","keywords":["Administra\u00e7\u00e3o Interna","administra\u00e7\u00e3o p\u00fablica","Lisboa","Lu\u00eds Neves","Pol\u00edcia Judici\u00e1ria","pol\u00edtica"],"articleSection":["Not\u00edcias","Pol\u00edtica"],"inLanguage":"pt-PT"},{"@type":"WebPage","@id":"https:\/\/portaltela.pt\/noticias\/2026\/02\/24\/marcelo-rebelo-de-sousa-sondou-luis-neves-para-o-mai-bastidores-da-escolha\/","url":"https:\/\/portaltela.pt\/noticias\/2026\/02\/24\/marcelo-rebelo-de-sousa-sondou-luis-neves-para-o-mai-bastidores-da-escolha\/","name":"Marcelo Rebelo de Sousa sondou Lu\u00eds Neves para o MAI: bastidores da escolha - Portal Tela Portugal","isPartOf":{"@id":"https:\/\/portaltela.pt\/#website"},"primaryImageOfPage":{"@id":"https:\/\/portaltela.pt\/noticias\/2026\/02\/24\/marcelo-rebelo-de-sousa-sondou-luis-neves-para-o-mai-bastidores-da-escolha\/#primaryimage"},"image":{"@id":"https:\/\/portaltela.pt\/noticias\/2026\/02\/24\/marcelo-rebelo-de-sousa-sondou-luis-neves-para-o-mai-bastidores-da-escolha\/#primaryimage"},"thumbnailUrl":"https:\/\/portaltela.pt\/s.01k8rhncp4jt1\/2026\/02\/img_920x518uu2026-02-23-10-10-57-2423260.jpg","datePublished":"2026-02-24T08:15:57+00:00","author":{"@id":"https:\/\/portaltela.pt\/#\/schema\/person\/c4278d4a6028830caff9ee44b42d32ed"},"breadcrumb":{"@id":"https:\/\/portaltela.pt\/noticias\/2026\/02\/24\/marcelo-rebelo-de-sousa-sondou-luis-neves-para-o-mai-bastidores-da-escolha\/#breadcrumb"},"inLanguage":"pt-PT","potentialAction":[{"@type":"ReadAction","target":["https:\/\/portaltela.pt\/noticias\/2026\/02\/24\/marcelo-rebelo-de-sousa-sondou-luis-neves-para-o-mai-bastidores-da-escolha\/"]}]},{"@type":"ImageObject","inLanguage":"pt-PT","@id":"https:\/\/portaltela.pt\/noticias\/2026\/02\/24\/marcelo-rebelo-de-sousa-sondou-luis-neves-para-o-mai-bastidores-da-escolha\/#primaryimage","url":"https:\/\/portaltela.pt\/s.01k8rhncp4jt1\/2026\/02\/img_920x518uu2026-02-23-10-10-57-2423260.jpg","contentUrl":"https:\/\/portaltela.pt\/s.01k8rhncp4jt1\/2026\/02\/img_920x518uu2026-02-23-10-10-57-2423260.jpg","width":796,"height":448,"caption":"Lu\u00eds Neves"},{"@type":"BreadcrumbList","@id":"https:\/\/portaltela.pt\/noticias\/2026\/02\/24\/marcelo-rebelo-de-sousa-sondou-luis-neves-para-o-mai-bastidores-da-escolha\/#breadcrumb","itemListElement":[{"@type":"ListItem","position":1,"name":"In\u00edcio","item":"https:\/\/portaltela.pt\/"},{"@type":"ListItem","position":2,"name":"Marcelo Rebelo de Sousa sondou Lu\u00eds Neves para o MAI: bastidores da escolha"}]},{"@type":"WebSite","@id":"https:\/\/portaltela.pt\/#website","url":"https:\/\/portaltela.pt\/","name":"Portal Tela Portugal","description":"","potentialAction":[{"@type":"SearchAction","target":{"@type":"EntryPoint","urlTemplate":"https:\/\/portaltela.pt\/?s={search_term_string}"},"query-input":{"@type":"PropertyValueSpecification","valueRequired":true,"valueName":"search_term_string"}}],"inLanguage":"pt-PT"},{"@type":"Person","@id":"https:\/\/portaltela.pt\/#\/schema\/person\/c4278d4a6028830caff9ee44b42d32ed","name":"Telinha","image":{"@type":"ImageObject","inLanguage":"pt-PT","@id":"https:\/\/portaltela.pt\/s.01k8rhncp4jt1\/2025\/11\/talking-bot-125x125.png","url":"https:\/\/portaltela.pt\/s.01k8rhncp4jt1\/2025\/11\/talking-bot-125x125.png","contentUrl":"https:\/\/portaltela.pt\/s.01k8rhncp4jt1\/2025\/11\/talking-bot-125x125.png","caption":"Telinha"},"sameAs":["https:\/\/portaltela.pt\/"],"url":"https:\/\/portaltela.pt\/por\/367410592786\/"}]}},"_links":{"self":[{"href":"https:\/\/portaltela.pt\/api\/wp\/v2\/posts\/223795","targetHints":{"allow":["GET"]}}],"collection":[{"href":"https:\/\/portaltela.pt\/api\/wp\/v2\/posts"}],"about":[{"href":"https:\/\/portaltela.pt\/api\/wp\/v2\/types\/post"}],"author":[{"embeddable":true,"href":"https:\/\/portaltela.pt\/api\/wp\/v2\/users\/2"}],"replies":[{"embeddable":true,"href":"https:\/\/portaltela.pt\/api\/wp\/v2\/comments?post=223795"}],"version-history":[{"count":0,"href":"https:\/\/portaltela.pt\/api\/wp\/v2\/posts\/223795\/revisions"}],"wp:featuredmedia":[{"embeddable":true,"href":"https:\/\/portaltela.pt\/api\/wp\/v2\/media\/223800"}],"wp:attachment":[{"href":"https:\/\/portaltela.pt\/api\/wp\/v2\/media?parent=223795"}],"wp:term":[{"taxonomy":"category","embeddable":true,"href":"https:\/\/portaltela.pt\/api\/wp\/v2\/categories?post=223795"},{"taxonomy":"post_tag","embeddable":true,"href":"https:\/\/portaltela.pt\/api\/wp\/v2\/tags?post=223795"}],"curies":[{"name":"wp","href":"https:\/\/api.w.org\/{rel}","templated":true}]}}