{"id":223742,"date":"2026-02-24T04:40:00","date_gmt":"2026-02-24T07:40:00","guid":{"rendered":"https:\/\/portaltela.pt\/noticias\/2026\/02\/24\/lipor-passa-a-operar-numa-empresa-local-intermunicipal\/"},"modified":"2026-02-24T04:40:00","modified_gmt":"2026-02-24T07:40:00","slug":"lipor-passa-a-operar-numa-empresa-local-intermunicipal","status":"publish","type":"post","link":"https:\/\/portaltela.pt\/noticias\/2026\/02\/24\/lipor-passa-a-operar-numa-empresa-local-intermunicipal\/","title":{"rendered":"Lipor passa a operar numa empresa local intermunicipal"},"content":{"rendered":"<p>A Assembleia Municipal do Porto aprovou, por maioria, a transforma\u00e7\u00e3o da Lipor, a associa\u00e7\u00e3o que gere res\u00edduos de oito munic\u00edpios, numa empresa local de natureza intermunicipal. Foram aprovados tamb\u00e9m os novos estatutos que regulam a estrutura da nova entidade.<\/p>\n<p>A vota\u00e7\u00e3o ocorreu na noite de segunda-feira, ap\u00f3s recomenda\u00e7\u00e3o do executivo municipal. Os dois votos contra vieram da CDU, que teme a possibilidade de aliena\u00e7\u00e3o futura de posi\u00e7\u00f5es municipais e entrada de interesses privados.<\/p>\n<p>O presidente da C\u00e2mara explicou que a Lipor est\u00e1 em fase de transi\u00e7\u00e3o, sobretudo por causa deste processo. Refiriu que, no passado ver\u00e3o, era necess\u00e1ria apenas a aprova\u00e7\u00e3o dos conselhos do Porto e de Vila do Conde para avan\u00e7ar.<\/p>\n<p>Foi indicado que n\u00e3o houve possibilidade de cria\u00e7\u00e3o de um Conselho de Administra\u00e7\u00e3o transit\u00f3rio. Foi formalizado um pedido para a realiza\u00e7\u00e3o de uma assembleia extraordin\u00e1ria da Assembleia Intermunicipal para resolver a situa\u00e7\u00e3o de impasse.<\/p>\n<p>Segundo a proposta, a nova empresa ter\u00e1 um capital social de 25 milh\u00f5es de euros, reconvertido a partir do patrim\u00f3nio existente, sem ingresso de dinheiro novo. A mudan\u00e7a foi previamente estudada pelo Conselho de Administra\u00e7\u00e3o da Lipor.<\/p>\n<p>A delibera\u00e7\u00e3o segue a linha tra\u00e7ada pela intermunicipal em 2024 e pela assembleia intermunicipal em 2025, ap\u00f3s estudos t\u00e9cnicos, de viabilidade e an\u00e1lise jur\u00eddica. O documento foi assinado pela vice-presidente Catarina Ara\u00fajo.<\/p>\n<p>A transforma\u00e7\u00e3o visa responder ao Plano Estrat\u00e9gico para os Res\u00edduos Urbanos em Portugal continental (PERSU2030). Destaca-se a aposta numa melhoria de investimentos, com refor\u00e7o de equipamentos e de instala\u00e7\u00f5es.<\/p>\n<p>O estudo de viabilidade, elaborado pela PwC, indica que a mudan\u00e7a representa a op\u00e7\u00e3o mais vantajosa, com um valor atual l\u00edquido superior e melhor ajuste \u00e0s necessidades do setor. A PwC aponta vantagens estrat\u00e9gicas para o setor.<\/p>\n<p>A Lipor, criada em 1982, pesa sobre cerca de 10% da popula\u00e7\u00e3o portuguesa. O grupo \u00e9 composto pelos munic\u00edpios do Porto, Maia, Matosinhos, Gondomar, P\u00f3voa de Varzim, Vila do Conde, Espinho e Valongo, que passam a deter participa\u00e7\u00e3o no capital social da nova Lipor.<\/p>\n","protected":false},"excerpt":{"rendered":"<ul>\n<li>A Assembleia Municipal do Porto aprovou a transforma\u00e7\u00e3o da Lipor, gestora de res\u00edduos de oito munic\u00edpios, em empresa local de natureza intermunicipal, com novos estatutos.<\/li>\n<li>A decis\u00e3o teve o voto contra da CDU, que alegou risco de futura aliena\u00e7\u00e3o de posi\u00e7\u00f5es municipais e entrada de interesses privados.<\/li>\n<li>A nova empresa ter\u00e1 capital social de 25 milh\u00f5es de euros, reconvertendo patrim\u00f3nio existente, sem entrada de numer\u00e1rio.<\/li>\n<li>O Porto ficar\u00e1 com quarenta e nove v\u00edrgula quinze por cento do capital social da nova Lipor, com os restantes munic\u00edpios inclu\u00eddos no controlo proporcional.<\/li>\n<li>O estudo de viabilidade, realizado pela PricewaterhouseCoopers (PwC), considera a mudan\u00e7a a op\u00e7\u00e3o mais vantajosa e alinhada com o plano PERSU2030, visando refor\u00e7ar investimentos e moderniza\u00e7\u00e3o do setor.<\/li>\n<\/ul>\n","protected":false},"author":2,"featured_media":223744,"comment_status":"closed","ping_status":"closed","sticky":false,"template":"","format":"standard","meta":{"footnotes":""},"categories":[1],"tags":[6115,168,2706,860,982,645],"class_list":["post-223742","post","type-post","status-publish","format-standard","has-post-thumbnail","hentry","category-noticias","tag-_economia","tag-administracao-publica","tag-autarquias","tag-entidades-publicas","tag-porto","tag-residuos"],"yoast_head":"<!-- This site is optimized with the Yoast SEO plugin v27.2 - https:\/\/yoast.com\/product\/yoast-seo-wordpress\/ -->\n<title>Lipor passa a operar numa empresa local intermunicipal - Portal Tela Portugal<\/title>\n<meta name=\"robots\" content=\"index, follow, max-snippet:-1, max-image-preview:large, max-video-preview:-1\" \/>\n<meta property=\"og:locale\" content=\"pt_PT\" \/>\n<meta property=\"og:type\" content=\"article\" \/>\n<meta property=\"og:title\" content=\"Lipor passa a operar numa empresa local intermunicipal - Portal Tela Portugal\" \/>\n<meta property=\"og:description\" content=\"A Assembleia Municipal do Porto aprovou a transforma\u00e7\u00e3o da Lipor, gestora de res\u00edduos de oito munic\u00edpios, em empresa local de natureza intermunicipal, com novos estatutos. A decis\u00e3o teve o voto contra da CDU, que alegou risco de futura aliena\u00e7\u00e3o de posi\u00e7\u00f5es municipais e entrada de interesses privados. A nova empresa ter\u00e1 capital social de 25 milh\u00f5es de euros, reconvertendo patrim\u00f3nio existente, sem entrada de numer\u00e1rio. O Porto ficar\u00e1 com quarenta e nove v\u00edrgula quinze por cento do capital social da nova Lipor, com os restantes munic\u00edpios inclu\u00eddos no controlo proporcional. O estudo de viabilidade, realizado pela PricewaterhouseCoopers (PwC), considera a mudan\u00e7a a op\u00e7\u00e3o mais vantajosa e alinhada com o plano PERSU2030, visando refor\u00e7ar investimentos e moderniza\u00e7\u00e3o do setor.\" \/>\n<meta property=\"og:url\" content=\"https:\/\/portaltela.pt\/noticias\/2026\/02\/24\/lipor-passa-a-operar-numa-empresa-local-intermunicipal\/\" \/>\n<meta property=\"og:site_name\" content=\"Portal Tela Portugal\" \/>\n<meta property=\"article:published_time\" content=\"2026-02-24T07:40:00+00:00\" \/>\n<meta name=\"author\" content=\"Telinha\" \/>\n<meta name=\"twitter:card\" content=\"summary_large_image\" \/>\n<meta name=\"twitter:label1\" content=\"Escrito por\" \/>\n\t<meta name=\"twitter:data1\" content=\"Telinha\" \/>\n\t<meta name=\"twitter:label2\" content=\"Tempo estimado de leitura\" \/>\n\t<meta name=\"twitter:data2\" content=\"2 minutos\" \/>\n<script type=\"application\/ld+json\" class=\"yoast-schema-graph\">{\"@context\":\"https:\/\/schema.org\",\"@graph\":[{\"@type\":\"Article\",\"@id\":\"https:\/\/portaltela.pt\/noticias\/2026\/02\/24\/lipor-passa-a-operar-numa-empresa-local-intermunicipal\/#article\",\"isPartOf\":{\"@id\":\"https:\/\/portaltela.pt\/noticias\/2026\/02\/24\/lipor-passa-a-operar-numa-empresa-local-intermunicipal\/\"},\"author\":{\"name\":\"Telinha\",\"@id\":\"https:\/\/portaltela.pt\/#\/schema\/person\/c4278d4a6028830caff9ee44b42d32ed\"},\"headline\":\"Lipor passa a operar numa empresa local intermunicipal\",\"datePublished\":\"2026-02-24T07:40:00+00:00\",\"mainEntityOfPage\":{\"@id\":\"https:\/\/portaltela.pt\/noticias\/2026\/02\/24\/lipor-passa-a-operar-numa-empresa-local-intermunicipal\/\"},\"wordCount\":374,\"image\":{\"@id\":\"https:\/\/portaltela.pt\/noticias\/2026\/02\/24\/lipor-passa-a-operar-numa-empresa-local-intermunicipal\/#primaryimage\"},\"thumbnailUrl\":\"https:\/\/portaltela.pt\/s.01k8rhncp4jt1\/2026\/02\/image-1742.jpg\",\"keywords\":[\"_economia\",\"administra\u00e7\u00e3o p\u00fablica\",\"autarquias\",\"entidades p\u00fablicas\",\"Porto\",\"res\u00edduos\"],\"articleSection\":[\"Not\u00edcias\"],\"inLanguage\":\"pt-PT\"},{\"@type\":\"WebPage\",\"@id\":\"https:\/\/portaltela.pt\/noticias\/2026\/02\/24\/lipor-passa-a-operar-numa-empresa-local-intermunicipal\/\",\"url\":\"https:\/\/portaltela.pt\/noticias\/2026\/02\/24\/lipor-passa-a-operar-numa-empresa-local-intermunicipal\/\",\"name\":\"Lipor passa a operar numa empresa local intermunicipal - Portal Tela Portugal\",\"isPartOf\":{\"@id\":\"https:\/\/portaltela.pt\/#website\"},\"primaryImageOfPage\":{\"@id\":\"https:\/\/portaltela.pt\/noticias\/2026\/02\/24\/lipor-passa-a-operar-numa-empresa-local-intermunicipal\/#primaryimage\"},\"image\":{\"@id\":\"https:\/\/portaltela.pt\/noticias\/2026\/02\/24\/lipor-passa-a-operar-numa-empresa-local-intermunicipal\/#primaryimage\"},\"thumbnailUrl\":\"https:\/\/portaltela.pt\/s.01k8rhncp4jt1\/2026\/02\/image-1742.jpg\",\"datePublished\":\"2026-02-24T07:40:00+00:00\",\"author\":{\"@id\":\"https:\/\/portaltela.pt\/#\/schema\/person\/c4278d4a6028830caff9ee44b42d32ed\"},\"breadcrumb\":{\"@id\":\"https:\/\/portaltela.pt\/noticias\/2026\/02\/24\/lipor-passa-a-operar-numa-empresa-local-intermunicipal\/#breadcrumb\"},\"inLanguage\":\"pt-PT\",\"potentialAction\":[{\"@type\":\"ReadAction\",\"target\":[\"https:\/\/portaltela.pt\/noticias\/2026\/02\/24\/lipor-passa-a-operar-numa-empresa-local-intermunicipal\/\"]}]},{\"@type\":\"ImageObject\",\"inLanguage\":\"pt-PT\",\"@id\":\"https:\/\/portaltela.pt\/noticias\/2026\/02\/24\/lipor-passa-a-operar-numa-empresa-local-intermunicipal\/#primaryimage\",\"url\":\"https:\/\/portaltela.pt\/s.01k8rhncp4jt1\/2026\/02\/image-1742.jpg\",\"contentUrl\":\"https:\/\/portaltela.pt\/s.01k8rhncp4jt1\/2026\/02\/image-1742.jpg\",\"width\":796,\"height\":448,\"caption\":\"Lipor \u00e9 gestora dos res\u00edduos de oito munic\u00edpios\"},{\"@type\":\"BreadcrumbList\",\"@id\":\"https:\/\/portaltela.pt\/noticias\/2026\/02\/24\/lipor-passa-a-operar-numa-empresa-local-intermunicipal\/#breadcrumb\",\"itemListElement\":[{\"@type\":\"ListItem\",\"position\":1,\"name\":\"In\u00edcio\",\"item\":\"https:\/\/portaltela.pt\/\"},{\"@type\":\"ListItem\",\"position\":2,\"name\":\"Lipor passa a operar numa empresa local intermunicipal\"}]},{\"@type\":\"WebSite\",\"@id\":\"https:\/\/portaltela.pt\/#website\",\"url\":\"https:\/\/portaltela.pt\/\",\"name\":\"Portal Tela Portugal\",\"description\":\"\",\"potentialAction\":[{\"@type\":\"SearchAction\",\"target\":{\"@type\":\"EntryPoint\",\"urlTemplate\":\"https:\/\/portaltela.pt\/?s={search_term_string}\"},\"query-input\":{\"@type\":\"PropertyValueSpecification\",\"valueRequired\":true,\"valueName\":\"search_term_string\"}}],\"inLanguage\":\"pt-PT\"},{\"@type\":\"Person\",\"@id\":\"https:\/\/portaltela.pt\/#\/schema\/person\/c4278d4a6028830caff9ee44b42d32ed\",\"name\":\"Telinha\",\"image\":{\"@type\":\"ImageObject\",\"inLanguage\":\"pt-PT\",\"@id\":\"https:\/\/portaltela.pt\/s.01k8rhncp4jt1\/2025\/11\/talking-bot-125x125.png\",\"url\":\"https:\/\/portaltela.pt\/s.01k8rhncp4jt1\/2025\/11\/talking-bot-125x125.png\",\"contentUrl\":\"https:\/\/portaltela.pt\/s.01k8rhncp4jt1\/2025\/11\/talking-bot-125x125.png\",\"caption\":\"Telinha\"},\"sameAs\":[\"https:\/\/portaltela.pt\/\"],\"url\":\"https:\/\/portaltela.pt\/por\/367410592786\/\"}]}<\/script>\n<!-- \/ Yoast SEO plugin. -->","yoast_head_json":{"title":"Lipor passa a operar numa empresa local intermunicipal - Portal Tela Portugal","robots":{"index":"index","follow":"follow","max-snippet":"max-snippet:-1","max-image-preview":"max-image-preview:large","max-video-preview":"max-video-preview:-1"},"og_locale":"pt_PT","og_type":"article","og_title":"Lipor passa a operar numa empresa local intermunicipal - Portal Tela Portugal","og_description":"A Assembleia Municipal do Porto aprovou a transforma\u00e7\u00e3o da Lipor, gestora de res\u00edduos de oito munic\u00edpios, em empresa local de natureza intermunicipal, com novos estatutos. A decis\u00e3o teve o voto contra da CDU, que alegou risco de futura aliena\u00e7\u00e3o de posi\u00e7\u00f5es municipais e entrada de interesses privados. A nova empresa ter\u00e1 capital social de 25 milh\u00f5es de euros, reconvertendo patrim\u00f3nio existente, sem entrada de numer\u00e1rio. O Porto ficar\u00e1 com quarenta e nove v\u00edrgula quinze por cento do capital social da nova Lipor, com os restantes munic\u00edpios inclu\u00eddos no controlo proporcional. O estudo de viabilidade, realizado pela PricewaterhouseCoopers (PwC), considera a mudan\u00e7a a op\u00e7\u00e3o mais vantajosa e alinhada com o plano PERSU2030, visando refor\u00e7ar investimentos e moderniza\u00e7\u00e3o do setor.","og_url":"https:\/\/portaltela.pt\/noticias\/2026\/02\/24\/lipor-passa-a-operar-numa-empresa-local-intermunicipal\/","og_site_name":"Portal Tela Portugal","article_published_time":"2026-02-24T07:40:00+00:00","author":"Telinha","twitter_card":"summary_large_image","twitter_misc":{"Escrito por":"Telinha","Tempo estimado de leitura":"2 minutos"},"schema":{"@context":"https:\/\/schema.org","@graph":[{"@type":"Article","@id":"https:\/\/portaltela.pt\/noticias\/2026\/02\/24\/lipor-passa-a-operar-numa-empresa-local-intermunicipal\/#article","isPartOf":{"@id":"https:\/\/portaltela.pt\/noticias\/2026\/02\/24\/lipor-passa-a-operar-numa-empresa-local-intermunicipal\/"},"author":{"name":"Telinha","@id":"https:\/\/portaltela.pt\/#\/schema\/person\/c4278d4a6028830caff9ee44b42d32ed"},"headline":"Lipor passa a operar numa empresa local intermunicipal","datePublished":"2026-02-24T07:40:00+00:00","mainEntityOfPage":{"@id":"https:\/\/portaltela.pt\/noticias\/2026\/02\/24\/lipor-passa-a-operar-numa-empresa-local-intermunicipal\/"},"wordCount":374,"image":{"@id":"https:\/\/portaltela.pt\/noticias\/2026\/02\/24\/lipor-passa-a-operar-numa-empresa-local-intermunicipal\/#primaryimage"},"thumbnailUrl":"https:\/\/portaltela.pt\/s.01k8rhncp4jt1\/2026\/02\/image-1742.jpg","keywords":["_economia","administra\u00e7\u00e3o p\u00fablica","autarquias","entidades p\u00fablicas","Porto","res\u00edduos"],"articleSection":["Not\u00edcias"],"inLanguage":"pt-PT"},{"@type":"WebPage","@id":"https:\/\/portaltela.pt\/noticias\/2026\/02\/24\/lipor-passa-a-operar-numa-empresa-local-intermunicipal\/","url":"https:\/\/portaltela.pt\/noticias\/2026\/02\/24\/lipor-passa-a-operar-numa-empresa-local-intermunicipal\/","name":"Lipor passa a operar numa empresa local intermunicipal - Portal Tela Portugal","isPartOf":{"@id":"https:\/\/portaltela.pt\/#website"},"primaryImageOfPage":{"@id":"https:\/\/portaltela.pt\/noticias\/2026\/02\/24\/lipor-passa-a-operar-numa-empresa-local-intermunicipal\/#primaryimage"},"image":{"@id":"https:\/\/portaltela.pt\/noticias\/2026\/02\/24\/lipor-passa-a-operar-numa-empresa-local-intermunicipal\/#primaryimage"},"thumbnailUrl":"https:\/\/portaltela.pt\/s.01k8rhncp4jt1\/2026\/02\/image-1742.jpg","datePublished":"2026-02-24T07:40:00+00:00","author":{"@id":"https:\/\/portaltela.pt\/#\/schema\/person\/c4278d4a6028830caff9ee44b42d32ed"},"breadcrumb":{"@id":"https:\/\/portaltela.pt\/noticias\/2026\/02\/24\/lipor-passa-a-operar-numa-empresa-local-intermunicipal\/#breadcrumb"},"inLanguage":"pt-PT","potentialAction":[{"@type":"ReadAction","target":["https:\/\/portaltela.pt\/noticias\/2026\/02\/24\/lipor-passa-a-operar-numa-empresa-local-intermunicipal\/"]}]},{"@type":"ImageObject","inLanguage":"pt-PT","@id":"https:\/\/portaltela.pt\/noticias\/2026\/02\/24\/lipor-passa-a-operar-numa-empresa-local-intermunicipal\/#primaryimage","url":"https:\/\/portaltela.pt\/s.01k8rhncp4jt1\/2026\/02\/image-1742.jpg","contentUrl":"https:\/\/portaltela.pt\/s.01k8rhncp4jt1\/2026\/02\/image-1742.jpg","width":796,"height":448,"caption":"Lipor \u00e9 gestora dos res\u00edduos de oito munic\u00edpios"},{"@type":"BreadcrumbList","@id":"https:\/\/portaltela.pt\/noticias\/2026\/02\/24\/lipor-passa-a-operar-numa-empresa-local-intermunicipal\/#breadcrumb","itemListElement":[{"@type":"ListItem","position":1,"name":"In\u00edcio","item":"https:\/\/portaltela.pt\/"},{"@type":"ListItem","position":2,"name":"Lipor passa a operar numa empresa local intermunicipal"}]},{"@type":"WebSite","@id":"https:\/\/portaltela.pt\/#website","url":"https:\/\/portaltela.pt\/","name":"Portal Tela Portugal","description":"","potentialAction":[{"@type":"SearchAction","target":{"@type":"EntryPoint","urlTemplate":"https:\/\/portaltela.pt\/?s={search_term_string}"},"query-input":{"@type":"PropertyValueSpecification","valueRequired":true,"valueName":"search_term_string"}}],"inLanguage":"pt-PT"},{"@type":"Person","@id":"https:\/\/portaltela.pt\/#\/schema\/person\/c4278d4a6028830caff9ee44b42d32ed","name":"Telinha","image":{"@type":"ImageObject","inLanguage":"pt-PT","@id":"https:\/\/portaltela.pt\/s.01k8rhncp4jt1\/2025\/11\/talking-bot-125x125.png","url":"https:\/\/portaltela.pt\/s.01k8rhncp4jt1\/2025\/11\/talking-bot-125x125.png","contentUrl":"https:\/\/portaltela.pt\/s.01k8rhncp4jt1\/2025\/11\/talking-bot-125x125.png","caption":"Telinha"},"sameAs":["https:\/\/portaltela.pt\/"],"url":"https:\/\/portaltela.pt\/por\/367410592786\/"}]}},"_links":{"self":[{"href":"https:\/\/portaltela.pt\/api\/wp\/v2\/posts\/223742","targetHints":{"allow":["GET"]}}],"collection":[{"href":"https:\/\/portaltela.pt\/api\/wp\/v2\/posts"}],"about":[{"href":"https:\/\/portaltela.pt\/api\/wp\/v2\/types\/post"}],"author":[{"embeddable":true,"href":"https:\/\/portaltela.pt\/api\/wp\/v2\/users\/2"}],"replies":[{"embeddable":true,"href":"https:\/\/portaltela.pt\/api\/wp\/v2\/comments?post=223742"}],"version-history":[{"count":0,"href":"https:\/\/portaltela.pt\/api\/wp\/v2\/posts\/223742\/revisions"}],"wp:featuredmedia":[{"embeddable":true,"href":"https:\/\/portaltela.pt\/api\/wp\/v2\/media\/223744"}],"wp:attachment":[{"href":"https:\/\/portaltela.pt\/api\/wp\/v2\/media?parent=223742"}],"wp:term":[{"taxonomy":"category","embeddable":true,"href":"https:\/\/portaltela.pt\/api\/wp\/v2\/categories?post=223742"},{"taxonomy":"post_tag","embeddable":true,"href":"https:\/\/portaltela.pt\/api\/wp\/v2\/tags?post=223742"}],"curies":[{"name":"wp","href":"https:\/\/api.w.org\/{rel}","templated":true}]}}