{"id":223720,"date":"2026-02-24T04:38:53","date_gmt":"2026-02-24T07:38:53","guid":{"rendered":"https:\/\/portaltela.pt\/noticias\/2026\/02\/24\/mais-de-200-infracoes-no-transporte-de-mercadorias-na-operacao-da-gnr\/"},"modified":"2026-02-24T04:38:53","modified_gmt":"2026-02-24T07:38:53","slug":"mais-de-200-infracoes-no-transporte-de-mercadorias-na-operacao-da-gnr","status":"publish","type":"post","link":"https:\/\/portaltela.pt\/noticias\/2026\/02\/24\/mais-de-200-infracoes-no-transporte-de-mercadorias-na-operacao-da-gnr\/","title":{"rendered":"Mais de 200 infra\u00e7\u00f5es no transporte de mercadorias na opera\u00e7\u00e3o da GNR"},"content":{"rendered":"<p>A opera\u00e7\u00e3o nacional da GNR, denominada Tributo I, decorreu na sexta-feira com o objetivo de fiscalizar e controlar mercadorias a n\u00edvel nacional, com incid\u00eancia nos principais eixos rodovi\u00e1rios. A iniciativa contou com a colabora\u00e7\u00e3o de comandos locais e refor\u00e7o de unidades especializadas.<\/p>\n<p>Foram detetadas mais de 200 infra\u00e7\u00f5es relacionadas com o transporte de mercadorias, com destaque para a falta, omiss\u00e3o ou inexatid\u00e3o de documentos de transporte. A a\u00e7\u00e3o incidiu sobre o Regime de Bens em Circula\u00e7\u00e3o (RBC) e mercadorias sujeitas a impostos especiais.<\/p>\n<p>Ao todo, foram instaurados 118 autos de contraordena\u00e7\u00e3o fiscal no RBC, 53 por infra\u00e7\u00f5es da legisla\u00e7\u00e3o rodovi\u00e1ria e 5 autos aduaneiros, vinculados ao ISV. Tamb\u00e9m foi apreendido um ve\u00edculo em situa\u00e7\u00e3o irregular.<\/p>\n<p>A opera\u00e7\u00e3o envolveu 141 militares e 46 viaturas, com fiscaliza\u00e7\u00e3o de 1.239 ve\u00edculos e respetivos ocupantes. O foco incluiu controlo de documentos de transporte e fatura\u00e7\u00e3o, bem como de impostos IEC como ISP, IT, IABA e IVA. Refor\u00e7os vieram dos A\u00e7ores, Madeira, Viana do Castelo, Guarda, Lisboa e \u00c9vora.<\/p>\n<h3>Refor\u00e7o operacional e continuidade<\/h3>\n<p>Durante as a\u00e7\u00f5es, a GNR acentuou a verifica\u00e7\u00e3o de ve\u00edculos com matr\u00edcula estrangeira em circula\u00e7\u00e3o no territ\u00f3rio nacional, dentro do objetivo de combater a economia paralela, fraudes e evas\u00e3o fiscal.<\/p>\n<h3>Prop\u00f3sito e pr\u00f3ximos passos<\/h3>\n<p>A for\u00e7a de seguran\u00e7a reiterou que vai manter este tipo de opera\u00e7\u00f5es, refor\u00e7ando a monitoriza\u00e7\u00e3o do transporte de mercadorias e a fiscaliza\u00e7\u00e3o tribut\u00e1ria para garantir cumprimento das obriga\u00e7\u00f5es legais.<\/p>\n","protected":false},"excerpt":{"rendered":"<ul>\n<li>A GNR detetou mais de duzentas infra\u00e7\u00f5es no transporte de mercadorias durante a opera\u00e7\u00e3o nacional &#8220;Tributo I&#8221;, realizada na sexta-feira.<\/li>\n<li>Foram instaurados cento e dezoito autos de contraordena\u00e7\u00e3o fiscal no Regime de Bens em Circula\u00e7\u00e3o (RBC) por falta, omiss\u00f5es ou inexatid\u00e3o de documentos de transporte; cinquenta e tr\u00eas autos por infra\u00e7\u00f5es na legisla\u00e7\u00e3o rodovi\u00e1ria; e cinco autos aduaneiros relativos ao Imposto sobre Ve\u00edculos (ISV).<\/li>\n<li>Foi apreendido um ve\u00edculo em situa\u00e7\u00e3o irregular durante a opera\u00e7\u00e3o, que contou com a participa\u00e7\u00e3o de cento e quarenta e um militares e quarenta e seis viaturas.<\/li>\n<li>Envolvidos estiveram os comandos territoriais dos A\u00e7ores e da Madeira, com refor\u00e7o da Unidade Nacional de Tr\u00e2nsito e de comandos de Viana do Castelo, Guarda, Lisboa e \u00c9vora, numa fiscaliza\u00e7\u00e3o de 1.239 ve\u00edculos e respetivos ocupantes.<\/li>\n<li>O foco incluiu o controlo de documentos de transporte e fatura\u00e7\u00e3o no RBC, bem como de mercadorias sujeitas a impostos especiais de consumo, como ISP, IT, IABA e IVA, al\u00e9m da verifica\u00e7\u00e3o de ve\u00edculos com matr\u00edcula estrangeira.<\/li>\n<\/ul>\n","protected":false},"author":2,"featured_media":223723,"comment_status":"closed","ping_status":"closed","sticky":false,"template":"","format":"standard","meta":{"footnotes":""},"categories":[1],"tags":[6305,1926,1437,695,1380,192],"class_list":["post-223720","post","type-post","status-publish","format-standard","has-post-thumbnail","hentry","category-noticias","tag-aduaneiros","tag-contraordenacoes","tag-evasao-fiscal","tag-fiscalizacao","tag-gnr","tag-transporte"],"yoast_head":"<!-- This site is optimized with the Yoast SEO plugin v27.2 - https:\/\/yoast.com\/product\/yoast-seo-wordpress\/ -->\n<title>Mais de 200 infra\u00e7\u00f5es no transporte de mercadorias na opera\u00e7\u00e3o da GNR - Portal Tela Portugal<\/title>\n<meta name=\"robots\" content=\"index, follow, max-snippet:-1, max-image-preview:large, max-video-preview:-1\" \/>\n<meta property=\"og:locale\" content=\"pt_PT\" \/>\n<meta property=\"og:type\" content=\"article\" \/>\n<meta property=\"og:title\" content=\"Mais de 200 infra\u00e7\u00f5es no transporte de mercadorias na opera\u00e7\u00e3o da GNR - Portal Tela Portugal\" \/>\n<meta property=\"og:description\" content=\"A GNR detetou mais de duzentas infra\u00e7\u00f5es no transporte de mercadorias durante a opera\u00e7\u00e3o nacional &quot;Tributo I&quot;, realizada na sexta-feira. Foram instaurados cento e dezoito autos de contraordena\u00e7\u00e3o fiscal no Regime de Bens em Circula\u00e7\u00e3o (RBC) por falta, omiss\u00f5es ou inexatid\u00e3o de documentos de transporte; cinquenta e tr\u00eas autos por infra\u00e7\u00f5es na legisla\u00e7\u00e3o rodovi\u00e1ria; e cinco autos aduaneiros relativos ao Imposto sobre Ve\u00edculos (ISV). Foi apreendido um ve\u00edculo em situa\u00e7\u00e3o irregular durante a opera\u00e7\u00e3o, que contou com a participa\u00e7\u00e3o de cento e quarenta e um militares e quarenta e seis viaturas. Envolvidos estiveram os comandos territoriais dos A\u00e7ores e da Madeira, com refor\u00e7o da Unidade Nacional de Tr\u00e2nsito e de comandos de Viana do Castelo, Guarda, Lisboa e \u00c9vora, numa fiscaliza\u00e7\u00e3o de 1.239 ve\u00edculos e respetivos ocupantes. O foco incluiu o controlo de documentos de transporte e fatura\u00e7\u00e3o no RBC, bem como de mercadorias sujeitas a impostos especiais de consumo, como ISP, IT, IABA e IVA, al\u00e9m da verifica\u00e7\u00e3o de ve\u00edculos com matr\u00edcula estrangeira.\" \/>\n<meta property=\"og:url\" content=\"https:\/\/portaltela.pt\/noticias\/2026\/02\/24\/mais-de-200-infracoes-no-transporte-de-mercadorias-na-operacao-da-gnr\/\" \/>\n<meta property=\"og:site_name\" content=\"Portal Tela Portugal\" \/>\n<meta property=\"article:published_time\" content=\"2026-02-24T07:38:53+00:00\" \/>\n<meta name=\"author\" content=\"Telinha\" \/>\n<meta name=\"twitter:card\" content=\"summary_large_image\" \/>\n<meta name=\"twitter:label1\" content=\"Escrito por\" \/>\n\t<meta name=\"twitter:data1\" content=\"Telinha\" \/>\n\t<meta name=\"twitter:label2\" content=\"Tempo estimado de leitura\" \/>\n\t<meta name=\"twitter:data2\" content=\"1 minuto\" \/>\n<script type=\"application\/ld+json\" class=\"yoast-schema-graph\">{\"@context\":\"https:\/\/schema.org\",\"@graph\":[{\"@type\":\"Article\",\"@id\":\"https:\/\/portaltela.pt\/noticias\/2026\/02\/24\/mais-de-200-infracoes-no-transporte-de-mercadorias-na-operacao-da-gnr\/#article\",\"isPartOf\":{\"@id\":\"https:\/\/portaltela.pt\/noticias\/2026\/02\/24\/mais-de-200-infracoes-no-transporte-de-mercadorias-na-operacao-da-gnr\/\"},\"author\":{\"name\":\"Telinha\",\"@id\":\"https:\/\/portaltela.pt\/#\/schema\/person\/c4278d4a6028830caff9ee44b42d32ed\"},\"headline\":\"Mais de 200 infra\u00e7\u00f5es no transporte de mercadorias na opera\u00e7\u00e3o da GNR\",\"datePublished\":\"2026-02-24T07:38:53+00:00\",\"mainEntityOfPage\":{\"@id\":\"https:\/\/portaltela.pt\/noticias\/2026\/02\/24\/mais-de-200-infracoes-no-transporte-de-mercadorias-na-operacao-da-gnr\/\"},\"wordCount\":279,\"image\":{\"@id\":\"https:\/\/portaltela.pt\/noticias\/2026\/02\/24\/mais-de-200-infracoes-no-transporte-de-mercadorias-na-operacao-da-gnr\/#primaryimage\"},\"thumbnailUrl\":\"https:\/\/portaltela.pt\/s.01k8rhncp4jt1\/2026\/02\/img_1500x1000uu2026-02-22-18-45-54-2268356.jpg\",\"keywords\":[\"aduaneiros\",\"contraordena\u00e7\u00f5es\",\"evas\u00e3o fiscal\",\"fiscaliza\u00e7\u00e3o\",\"GNR\",\"transporte\"],\"articleSection\":[\"Not\u00edcias\"],\"inLanguage\":\"pt-PT\"},{\"@type\":\"WebPage\",\"@id\":\"https:\/\/portaltela.pt\/noticias\/2026\/02\/24\/mais-de-200-infracoes-no-transporte-de-mercadorias-na-operacao-da-gnr\/\",\"url\":\"https:\/\/portaltela.pt\/noticias\/2026\/02\/24\/mais-de-200-infracoes-no-transporte-de-mercadorias-na-operacao-da-gnr\/\",\"name\":\"Mais de 200 infra\u00e7\u00f5es no transporte de mercadorias na opera\u00e7\u00e3o da GNR - Portal Tela Portugal\",\"isPartOf\":{\"@id\":\"https:\/\/portaltela.pt\/#website\"},\"primaryImageOfPage\":{\"@id\":\"https:\/\/portaltela.pt\/noticias\/2026\/02\/24\/mais-de-200-infracoes-no-transporte-de-mercadorias-na-operacao-da-gnr\/#primaryimage\"},\"image\":{\"@id\":\"https:\/\/portaltela.pt\/noticias\/2026\/02\/24\/mais-de-200-infracoes-no-transporte-de-mercadorias-na-operacao-da-gnr\/#primaryimage\"},\"thumbnailUrl\":\"https:\/\/portaltela.pt\/s.01k8rhncp4jt1\/2026\/02\/img_1500x1000uu2026-02-22-18-45-54-2268356.jpg\",\"datePublished\":\"2026-02-24T07:38:53+00:00\",\"author\":{\"@id\":\"https:\/\/portaltela.pt\/#\/schema\/person\/c4278d4a6028830caff9ee44b42d32ed\"},\"breadcrumb\":{\"@id\":\"https:\/\/portaltela.pt\/noticias\/2026\/02\/24\/mais-de-200-infracoes-no-transporte-de-mercadorias-na-operacao-da-gnr\/#breadcrumb\"},\"inLanguage\":\"pt-PT\",\"potentialAction\":[{\"@type\":\"ReadAction\",\"target\":[\"https:\/\/portaltela.pt\/noticias\/2026\/02\/24\/mais-de-200-infracoes-no-transporte-de-mercadorias-na-operacao-da-gnr\/\"]}]},{\"@type\":\"ImageObject\",\"inLanguage\":\"pt-PT\",\"@id\":\"https:\/\/portaltela.pt\/noticias\/2026\/02\/24\/mais-de-200-infracoes-no-transporte-de-mercadorias-na-operacao-da-gnr\/#primaryimage\",\"url\":\"https:\/\/portaltela.pt\/s.01k8rhncp4jt1\/2026\/02\/img_1500x1000uu2026-02-22-18-45-54-2268356.jpg\",\"contentUrl\":\"https:\/\/portaltela.pt\/s.01k8rhncp4jt1\/2026\/02\/img_1500x1000uu2026-02-22-18-45-54-2268356.jpg\",\"width\":796,\"height\":448,\"caption\":\"Mais de 200 infra\u00e7\u00f5es no transporte de mercadorias detetadas em opera\u00e7\u00e3o nacional da GNR\"},{\"@type\":\"BreadcrumbList\",\"@id\":\"https:\/\/portaltela.pt\/noticias\/2026\/02\/24\/mais-de-200-infracoes-no-transporte-de-mercadorias-na-operacao-da-gnr\/#breadcrumb\",\"itemListElement\":[{\"@type\":\"ListItem\",\"position\":1,\"name\":\"In\u00edcio\",\"item\":\"https:\/\/portaltela.pt\/\"},{\"@type\":\"ListItem\",\"position\":2,\"name\":\"Mais de 200 infra\u00e7\u00f5es no transporte de mercadorias na opera\u00e7\u00e3o da GNR\"}]},{\"@type\":\"WebSite\",\"@id\":\"https:\/\/portaltela.pt\/#website\",\"url\":\"https:\/\/portaltela.pt\/\",\"name\":\"Portal Tela Portugal\",\"description\":\"\",\"potentialAction\":[{\"@type\":\"SearchAction\",\"target\":{\"@type\":\"EntryPoint\",\"urlTemplate\":\"https:\/\/portaltela.pt\/?s={search_term_string}\"},\"query-input\":{\"@type\":\"PropertyValueSpecification\",\"valueRequired\":true,\"valueName\":\"search_term_string\"}}],\"inLanguage\":\"pt-PT\"},{\"@type\":\"Person\",\"@id\":\"https:\/\/portaltela.pt\/#\/schema\/person\/c4278d4a6028830caff9ee44b42d32ed\",\"name\":\"Telinha\",\"image\":{\"@type\":\"ImageObject\",\"inLanguage\":\"pt-PT\",\"@id\":\"https:\/\/portaltela.pt\/s.01k8rhncp4jt1\/2025\/11\/talking-bot-125x125.png\",\"url\":\"https:\/\/portaltela.pt\/s.01k8rhncp4jt1\/2025\/11\/talking-bot-125x125.png\",\"contentUrl\":\"https:\/\/portaltela.pt\/s.01k8rhncp4jt1\/2025\/11\/talking-bot-125x125.png\",\"caption\":\"Telinha\"},\"sameAs\":[\"https:\/\/portaltela.pt\/\"],\"url\":\"https:\/\/portaltela.pt\/por\/367410592786\/\"}]}<\/script>\n<!-- \/ Yoast SEO plugin. -->","yoast_head_json":{"title":"Mais de 200 infra\u00e7\u00f5es no transporte de mercadorias na opera\u00e7\u00e3o da GNR - Portal Tela Portugal","robots":{"index":"index","follow":"follow","max-snippet":"max-snippet:-1","max-image-preview":"max-image-preview:large","max-video-preview":"max-video-preview:-1"},"og_locale":"pt_PT","og_type":"article","og_title":"Mais de 200 infra\u00e7\u00f5es no transporte de mercadorias na opera\u00e7\u00e3o da GNR - Portal Tela Portugal","og_description":"A GNR detetou mais de duzentas infra\u00e7\u00f5es no transporte de mercadorias durante a opera\u00e7\u00e3o nacional \"Tributo I\", realizada na sexta-feira. Foram instaurados cento e dezoito autos de contraordena\u00e7\u00e3o fiscal no Regime de Bens em Circula\u00e7\u00e3o (RBC) por falta, omiss\u00f5es ou inexatid\u00e3o de documentos de transporte; cinquenta e tr\u00eas autos por infra\u00e7\u00f5es na legisla\u00e7\u00e3o rodovi\u00e1ria; e cinco autos aduaneiros relativos ao Imposto sobre Ve\u00edculos (ISV). Foi apreendido um ve\u00edculo em situa\u00e7\u00e3o irregular durante a opera\u00e7\u00e3o, que contou com a participa\u00e7\u00e3o de cento e quarenta e um militares e quarenta e seis viaturas. Envolvidos estiveram os comandos territoriais dos A\u00e7ores e da Madeira, com refor\u00e7o da Unidade Nacional de Tr\u00e2nsito e de comandos de Viana do Castelo, Guarda, Lisboa e \u00c9vora, numa fiscaliza\u00e7\u00e3o de 1.239 ve\u00edculos e respetivos ocupantes. O foco incluiu o controlo de documentos de transporte e fatura\u00e7\u00e3o no RBC, bem como de mercadorias sujeitas a impostos especiais de consumo, como ISP, IT, IABA e IVA, al\u00e9m da verifica\u00e7\u00e3o de ve\u00edculos com matr\u00edcula estrangeira.","og_url":"https:\/\/portaltela.pt\/noticias\/2026\/02\/24\/mais-de-200-infracoes-no-transporte-de-mercadorias-na-operacao-da-gnr\/","og_site_name":"Portal Tela Portugal","article_published_time":"2026-02-24T07:38:53+00:00","author":"Telinha","twitter_card":"summary_large_image","twitter_misc":{"Escrito por":"Telinha","Tempo estimado de leitura":"1 minuto"},"schema":{"@context":"https:\/\/schema.org","@graph":[{"@type":"Article","@id":"https:\/\/portaltela.pt\/noticias\/2026\/02\/24\/mais-de-200-infracoes-no-transporte-de-mercadorias-na-operacao-da-gnr\/#article","isPartOf":{"@id":"https:\/\/portaltela.pt\/noticias\/2026\/02\/24\/mais-de-200-infracoes-no-transporte-de-mercadorias-na-operacao-da-gnr\/"},"author":{"name":"Telinha","@id":"https:\/\/portaltela.pt\/#\/schema\/person\/c4278d4a6028830caff9ee44b42d32ed"},"headline":"Mais de 200 infra\u00e7\u00f5es no transporte de mercadorias na opera\u00e7\u00e3o da GNR","datePublished":"2026-02-24T07:38:53+00:00","mainEntityOfPage":{"@id":"https:\/\/portaltela.pt\/noticias\/2026\/02\/24\/mais-de-200-infracoes-no-transporte-de-mercadorias-na-operacao-da-gnr\/"},"wordCount":279,"image":{"@id":"https:\/\/portaltela.pt\/noticias\/2026\/02\/24\/mais-de-200-infracoes-no-transporte-de-mercadorias-na-operacao-da-gnr\/#primaryimage"},"thumbnailUrl":"https:\/\/portaltela.pt\/s.01k8rhncp4jt1\/2026\/02\/img_1500x1000uu2026-02-22-18-45-54-2268356.jpg","keywords":["aduaneiros","contraordena\u00e7\u00f5es","evas\u00e3o fiscal","fiscaliza\u00e7\u00e3o","GNR","transporte"],"articleSection":["Not\u00edcias"],"inLanguage":"pt-PT"},{"@type":"WebPage","@id":"https:\/\/portaltela.pt\/noticias\/2026\/02\/24\/mais-de-200-infracoes-no-transporte-de-mercadorias-na-operacao-da-gnr\/","url":"https:\/\/portaltela.pt\/noticias\/2026\/02\/24\/mais-de-200-infracoes-no-transporte-de-mercadorias-na-operacao-da-gnr\/","name":"Mais de 200 infra\u00e7\u00f5es no transporte de mercadorias na opera\u00e7\u00e3o da GNR - Portal Tela Portugal","isPartOf":{"@id":"https:\/\/portaltela.pt\/#website"},"primaryImageOfPage":{"@id":"https:\/\/portaltela.pt\/noticias\/2026\/02\/24\/mais-de-200-infracoes-no-transporte-de-mercadorias-na-operacao-da-gnr\/#primaryimage"},"image":{"@id":"https:\/\/portaltela.pt\/noticias\/2026\/02\/24\/mais-de-200-infracoes-no-transporte-de-mercadorias-na-operacao-da-gnr\/#primaryimage"},"thumbnailUrl":"https:\/\/portaltela.pt\/s.01k8rhncp4jt1\/2026\/02\/img_1500x1000uu2026-02-22-18-45-54-2268356.jpg","datePublished":"2026-02-24T07:38:53+00:00","author":{"@id":"https:\/\/portaltela.pt\/#\/schema\/person\/c4278d4a6028830caff9ee44b42d32ed"},"breadcrumb":{"@id":"https:\/\/portaltela.pt\/noticias\/2026\/02\/24\/mais-de-200-infracoes-no-transporte-de-mercadorias-na-operacao-da-gnr\/#breadcrumb"},"inLanguage":"pt-PT","potentialAction":[{"@type":"ReadAction","target":["https:\/\/portaltela.pt\/noticias\/2026\/02\/24\/mais-de-200-infracoes-no-transporte-de-mercadorias-na-operacao-da-gnr\/"]}]},{"@type":"ImageObject","inLanguage":"pt-PT","@id":"https:\/\/portaltela.pt\/noticias\/2026\/02\/24\/mais-de-200-infracoes-no-transporte-de-mercadorias-na-operacao-da-gnr\/#primaryimage","url":"https:\/\/portaltela.pt\/s.01k8rhncp4jt1\/2026\/02\/img_1500x1000uu2026-02-22-18-45-54-2268356.jpg","contentUrl":"https:\/\/portaltela.pt\/s.01k8rhncp4jt1\/2026\/02\/img_1500x1000uu2026-02-22-18-45-54-2268356.jpg","width":796,"height":448,"caption":"Mais de 200 infra\u00e7\u00f5es no transporte de mercadorias detetadas em opera\u00e7\u00e3o nacional da GNR"},{"@type":"BreadcrumbList","@id":"https:\/\/portaltela.pt\/noticias\/2026\/02\/24\/mais-de-200-infracoes-no-transporte-de-mercadorias-na-operacao-da-gnr\/#breadcrumb","itemListElement":[{"@type":"ListItem","position":1,"name":"In\u00edcio","item":"https:\/\/portaltela.pt\/"},{"@type":"ListItem","position":2,"name":"Mais de 200 infra\u00e7\u00f5es no transporte de mercadorias na opera\u00e7\u00e3o da GNR"}]},{"@type":"WebSite","@id":"https:\/\/portaltela.pt\/#website","url":"https:\/\/portaltela.pt\/","name":"Portal Tela Portugal","description":"","potentialAction":[{"@type":"SearchAction","target":{"@type":"EntryPoint","urlTemplate":"https:\/\/portaltela.pt\/?s={search_term_string}"},"query-input":{"@type":"PropertyValueSpecification","valueRequired":true,"valueName":"search_term_string"}}],"inLanguage":"pt-PT"},{"@type":"Person","@id":"https:\/\/portaltela.pt\/#\/schema\/person\/c4278d4a6028830caff9ee44b42d32ed","name":"Telinha","image":{"@type":"ImageObject","inLanguage":"pt-PT","@id":"https:\/\/portaltela.pt\/s.01k8rhncp4jt1\/2025\/11\/talking-bot-125x125.png","url":"https:\/\/portaltela.pt\/s.01k8rhncp4jt1\/2025\/11\/talking-bot-125x125.png","contentUrl":"https:\/\/portaltela.pt\/s.01k8rhncp4jt1\/2025\/11\/talking-bot-125x125.png","caption":"Telinha"},"sameAs":["https:\/\/portaltela.pt\/"],"url":"https:\/\/portaltela.pt\/por\/367410592786\/"}]}},"_links":{"self":[{"href":"https:\/\/portaltela.pt\/api\/wp\/v2\/posts\/223720","targetHints":{"allow":["GET"]}}],"collection":[{"href":"https:\/\/portaltela.pt\/api\/wp\/v2\/posts"}],"about":[{"href":"https:\/\/portaltela.pt\/api\/wp\/v2\/types\/post"}],"author":[{"embeddable":true,"href":"https:\/\/portaltela.pt\/api\/wp\/v2\/users\/2"}],"replies":[{"embeddable":true,"href":"https:\/\/portaltela.pt\/api\/wp\/v2\/comments?post=223720"}],"version-history":[{"count":0,"href":"https:\/\/portaltela.pt\/api\/wp\/v2\/posts\/223720\/revisions"}],"wp:featuredmedia":[{"embeddable":true,"href":"https:\/\/portaltela.pt\/api\/wp\/v2\/media\/223723"}],"wp:attachment":[{"href":"https:\/\/portaltela.pt\/api\/wp\/v2\/media?parent=223720"}],"wp:term":[{"taxonomy":"category","embeddable":true,"href":"https:\/\/portaltela.pt\/api\/wp\/v2\/categories?post=223720"},{"taxonomy":"post_tag","embeddable":true,"href":"https:\/\/portaltela.pt\/api\/wp\/v2\/tags?post=223720"}],"curies":[{"name":"wp","href":"https:\/\/api.w.org\/{rel}","templated":true}]}}