{"id":223705,"date":"2026-02-24T04:33:00","date_gmt":"2026-02-24T07:33:00","guid":{"rendered":"https:\/\/portaltela.pt\/noticias\/2026\/02\/24\/abascal-esta-operacional-e-apto-para-o-onze-do-vitoria-de-guimaraes\/"},"modified":"2026-02-24T04:33:00","modified_gmt":"2026-02-24T07:33:00","slug":"abascal-esta-operacional-e-apto-para-o-onze-do-vitoria-de-guimaraes","status":"publish","type":"post","link":"https:\/\/portaltela.pt\/desporto\/futebol\/2026\/02\/24\/abascal-esta-operacional-e-apto-para-o-onze-do-vitoria-de-guimaraes\/","title":{"rendered":"Abascal est\u00e1 operacional e apto para o onze do Vit\u00f3ria de Guimar\u00e3es"},"content":{"rendered":"<p>Rodrigo Abascal est\u00e1 apto para voltar \u00e0s op\u00e7\u00f5es de Lu\u00eds Castro diante do Alverca. O defesa-central uruguaio j\u00e1 n\u00e3o figura no boletim cl\u00ednico do jogo anterior do V. Guimar\u00e3es frente ao Sp. Braga e encontra-se, segundo o jornal Record, totalmente operacional.<\/p>\n<p>Acompanhado pela equipa cl\u00ednica, Abascal aguarda apenas a decis\u00e3o t\u00e9cnica do treinador para entrar na convocat\u00f3ria. A confirma\u00e7\u00e3o de disponibilidade surge num momento de recupera\u00e7\u00e3o do plantel.<\/p>\n<h3>Regresso de Abascal ao onze<\/h3>\n<p>De acordo com Record, o jogador j\u00e1 est\u00e1 em condi\u00e7\u00f5es de competir e poder\u00e1 integrar o defesa-central titular ou entrar como op\u00e7\u00e3o a partir do banco, consoante a leitura da sess\u00e3o de treino. O duelo frente ao Alverca est\u00e1 por definir para a presente I Liga.<\/p>\n","protected":false},"excerpt":{"rendered":"<ul>\n<li>Rodrigo Abascal est\u00e1 pronto para voltar \u00e0s op\u00e7\u00f5es de Lu\u00eds Pinto perante o Alverca.<\/li>\n<li>O defesa-central uruguaio j\u00e1 n\u00e3o integra o boletim cl\u00ednico do encontro anterior do V. Guimar\u00e3es contra o Sp. Braga.<\/li>\n<li>Segundo informa\u00e7\u00f5es recolhidas pelo Record, Abascal j\u00e1 est\u00e1 totalmente operacional.<\/li>\n<li>A not\u00edcia indica que o jogador pode integrar o onze inicial do V. Guimar\u00e3es frente ao Alverca.<\/li>\n<li>O foco passa pela disponibilidade do defesa para a pr\u00f3xima partida da equipa fettiva perante o Alverca.<\/li>\n<\/ul>\n","protected":false},"author":2,"featured_media":223715,"comment_status":"closed","ping_status":"closed","sticky":false,"template":"","format":"standard","meta":{"footnotes":""},"categories":[21,24],"tags":[1230,262,4077,32,1684,2428],"class_list":["post-223705","post","type-post","status-publish","format-standard","has-post-thumbnail","hentry","category-desporto","category-futebol","tag-alverca","tag-convocados","tag-defesa-central","tag-futebol","tag-i-liga","tag-vitoria"],"yoast_head":"<!-- This site is optimized with the Yoast SEO plugin v27.2 - https:\/\/yoast.com\/product\/yoast-seo-wordpress\/ -->\n<title>Abascal est\u00e1 operacional e apto para o onze do Vit\u00f3ria de Guimar\u00e3es - Portal Tela Portugal<\/title>\n<meta name=\"robots\" content=\"index, follow, max-snippet:-1, max-image-preview:large, max-video-preview:-1\" \/>\n<meta property=\"og:locale\" content=\"pt_PT\" \/>\n<meta property=\"og:type\" content=\"article\" \/>\n<meta property=\"og:title\" content=\"Abascal est\u00e1 operacional e apto para o onze do Vit\u00f3ria de Guimar\u00e3es - Portal Tela Portugal\" \/>\n<meta property=\"og:description\" content=\"Rodrigo Abascal est\u00e1 pronto para voltar \u00e0s op\u00e7\u00f5es de Lu\u00eds Pinto perante o Alverca. O defesa-central uruguaio j\u00e1 n\u00e3o integra o boletim cl\u00ednico do encontro anterior do V. Guimar\u00e3es contra o Sp. Braga. Segundo informa\u00e7\u00f5es recolhidas pelo Record, Abascal j\u00e1 est\u00e1 totalmente operacional. A not\u00edcia indica que o jogador pode integrar o onze inicial do V. Guimar\u00e3es frente ao Alverca. O foco passa pela disponibilidade do defesa para a pr\u00f3xima partida da equipa fettiva perante o Alverca.\" \/>\n<meta property=\"og:url\" content=\"https:\/\/portaltela.pt\/noticias\/2026\/02\/24\/abascal-esta-operacional-e-apto-para-o-onze-do-vitoria-de-guimaraes\/\" \/>\n<meta property=\"og:site_name\" content=\"Portal Tela Portugal\" \/>\n<meta property=\"article:published_time\" content=\"2026-02-24T07:33:00+00:00\" \/>\n<meta name=\"author\" content=\"Telinha\" \/>\n<meta name=\"twitter:card\" content=\"summary_large_image\" \/>\n<meta name=\"twitter:label1\" content=\"Escrito por\" \/>\n\t<meta name=\"twitter:data1\" content=\"Telinha\" \/>\n\t<meta name=\"twitter:label2\" content=\"Tempo estimado de leitura\" \/>\n\t<meta name=\"twitter:data2\" content=\"1 minuto\" \/>\n<script type=\"application\/ld+json\" class=\"yoast-schema-graph\">{\"@context\":\"https:\/\/schema.org\",\"@graph\":[{\"@type\":\"Article\",\"@id\":\"https:\/\/portaltela.pt\/noticias\/2026\/02\/24\/abascal-esta-operacional-e-apto-para-o-onze-do-vitoria-de-guimaraes\/#article\",\"isPartOf\":{\"@id\":\"https:\/\/portaltela.pt\/noticias\/2026\/02\/24\/abascal-esta-operacional-e-apto-para-o-onze-do-vitoria-de-guimaraes\/\"},\"author\":{\"name\":\"Telinha\",\"@id\":\"https:\/\/portaltela.pt\/#\/schema\/person\/c4278d4a6028830caff9ee44b42d32ed\"},\"headline\":\"Abascal est\u00e1 operacional e apto para o onze do Vit\u00f3ria de Guimar\u00e3es\",\"datePublished\":\"2026-02-24T07:33:00+00:00\",\"mainEntityOfPage\":{\"@id\":\"https:\/\/portaltela.pt\/noticias\/2026\/02\/24\/abascal-esta-operacional-e-apto-para-o-onze-do-vitoria-de-guimaraes\/\"},\"wordCount\":147,\"image\":{\"@id\":\"https:\/\/portaltela.pt\/noticias\/2026\/02\/24\/abascal-esta-operacional-e-apto-para-o-onze-do-vitoria-de-guimaraes\/#primaryimage\"},\"thumbnailUrl\":\"https:\/\/portaltela.pt\/s.01k8rhncp4jt1\/2026\/02\/img_920x518uu2026-02-23-23-36-56-2423378.jpg\",\"keywords\":[\"Alverca\",\"convocados\",\"defesa-central\",\"futebol\",\"I Liga\",\"Vit\u00f3ria\"],\"articleSection\":[\"Desporto\",\"Futebol\"],\"inLanguage\":\"pt-PT\"},{\"@type\":\"WebPage\",\"@id\":\"https:\/\/portaltela.pt\/noticias\/2026\/02\/24\/abascal-esta-operacional-e-apto-para-o-onze-do-vitoria-de-guimaraes\/\",\"url\":\"https:\/\/portaltela.pt\/noticias\/2026\/02\/24\/abascal-esta-operacional-e-apto-para-o-onze-do-vitoria-de-guimaraes\/\",\"name\":\"Abascal est\u00e1 operacional e apto para o onze do Vit\u00f3ria de Guimar\u00e3es - Portal Tela Portugal\",\"isPartOf\":{\"@id\":\"https:\/\/portaltela.pt\/#website\"},\"primaryImageOfPage\":{\"@id\":\"https:\/\/portaltela.pt\/noticias\/2026\/02\/24\/abascal-esta-operacional-e-apto-para-o-onze-do-vitoria-de-guimaraes\/#primaryimage\"},\"image\":{\"@id\":\"https:\/\/portaltela.pt\/noticias\/2026\/02\/24\/abascal-esta-operacional-e-apto-para-o-onze-do-vitoria-de-guimaraes\/#primaryimage\"},\"thumbnailUrl\":\"https:\/\/portaltela.pt\/s.01k8rhncp4jt1\/2026\/02\/img_920x518uu2026-02-23-23-36-56-2423378.jpg\",\"datePublished\":\"2026-02-24T07:33:00+00:00\",\"author\":{\"@id\":\"https:\/\/portaltela.pt\/#\/schema\/person\/c4278d4a6028830caff9ee44b42d32ed\"},\"breadcrumb\":{\"@id\":\"https:\/\/portaltela.pt\/noticias\/2026\/02\/24\/abascal-esta-operacional-e-apto-para-o-onze-do-vitoria-de-guimaraes\/#breadcrumb\"},\"inLanguage\":\"pt-PT\",\"potentialAction\":[{\"@type\":\"ReadAction\",\"target\":[\"https:\/\/portaltela.pt\/noticias\/2026\/02\/24\/abascal-esta-operacional-e-apto-para-o-onze-do-vitoria-de-guimaraes\/\"]}]},{\"@type\":\"ImageObject\",\"inLanguage\":\"pt-PT\",\"@id\":\"https:\/\/portaltela.pt\/noticias\/2026\/02\/24\/abascal-esta-operacional-e-apto-para-o-onze-do-vitoria-de-guimaraes\/#primaryimage\",\"url\":\"https:\/\/portaltela.pt\/s.01k8rhncp4jt1\/2026\/02\/img_920x518uu2026-02-23-23-36-56-2423378.jpg\",\"contentUrl\":\"https:\/\/portaltela.pt\/s.01k8rhncp4jt1\/2026\/02\/img_920x518uu2026-02-23-23-36-56-2423378.jpg\",\"width\":796,\"height\":448,\"caption\":\"Abascal tem via aberta para o onze do V. Guimar\u00e3es\"},{\"@type\":\"BreadcrumbList\",\"@id\":\"https:\/\/portaltela.pt\/noticias\/2026\/02\/24\/abascal-esta-operacional-e-apto-para-o-onze-do-vitoria-de-guimaraes\/#breadcrumb\",\"itemListElement\":[{\"@type\":\"ListItem\",\"position\":1,\"name\":\"In\u00edcio\",\"item\":\"https:\/\/portaltela.pt\/\"},{\"@type\":\"ListItem\",\"position\":2,\"name\":\"Abascal est\u00e1 operacional e apto para o onze do Vit\u00f3ria de Guimar\u00e3es\"}]},{\"@type\":\"WebSite\",\"@id\":\"https:\/\/portaltela.pt\/#website\",\"url\":\"https:\/\/portaltela.pt\/\",\"name\":\"Portal Tela Portugal\",\"description\":\"\",\"potentialAction\":[{\"@type\":\"SearchAction\",\"target\":{\"@type\":\"EntryPoint\",\"urlTemplate\":\"https:\/\/portaltela.pt\/?s={search_term_string}\"},\"query-input\":{\"@type\":\"PropertyValueSpecification\",\"valueRequired\":true,\"valueName\":\"search_term_string\"}}],\"inLanguage\":\"pt-PT\"},{\"@type\":\"Person\",\"@id\":\"https:\/\/portaltela.pt\/#\/schema\/person\/c4278d4a6028830caff9ee44b42d32ed\",\"name\":\"Telinha\",\"image\":{\"@type\":\"ImageObject\",\"inLanguage\":\"pt-PT\",\"@id\":\"https:\/\/portaltela.pt\/s.01k8rhncp4jt1\/2025\/11\/talking-bot-125x125.png\",\"url\":\"https:\/\/portaltela.pt\/s.01k8rhncp4jt1\/2025\/11\/talking-bot-125x125.png\",\"contentUrl\":\"https:\/\/portaltela.pt\/s.01k8rhncp4jt1\/2025\/11\/talking-bot-125x125.png\",\"caption\":\"Telinha\"},\"sameAs\":[\"https:\/\/portaltela.pt\/\"],\"url\":\"https:\/\/portaltela.pt\/por\/367410592786\/\"}]}<\/script>\n<!-- \/ Yoast SEO plugin. -->","yoast_head_json":{"title":"Abascal est\u00e1 operacional e apto para o onze do Vit\u00f3ria de Guimar\u00e3es - Portal Tela Portugal","robots":{"index":"index","follow":"follow","max-snippet":"max-snippet:-1","max-image-preview":"max-image-preview:large","max-video-preview":"max-video-preview:-1"},"og_locale":"pt_PT","og_type":"article","og_title":"Abascal est\u00e1 operacional e apto para o onze do Vit\u00f3ria de Guimar\u00e3es - Portal Tela Portugal","og_description":"Rodrigo Abascal est\u00e1 pronto para voltar \u00e0s op\u00e7\u00f5es de Lu\u00eds Pinto perante o Alverca. O defesa-central uruguaio j\u00e1 n\u00e3o integra o boletim cl\u00ednico do encontro anterior do V. Guimar\u00e3es contra o Sp. Braga. Segundo informa\u00e7\u00f5es recolhidas pelo Record, Abascal j\u00e1 est\u00e1 totalmente operacional. A not\u00edcia indica que o jogador pode integrar o onze inicial do V. Guimar\u00e3es frente ao Alverca. O foco passa pela disponibilidade do defesa para a pr\u00f3xima partida da equipa fettiva perante o Alverca.","og_url":"https:\/\/portaltela.pt\/noticias\/2026\/02\/24\/abascal-esta-operacional-e-apto-para-o-onze-do-vitoria-de-guimaraes\/","og_site_name":"Portal Tela Portugal","article_published_time":"2026-02-24T07:33:00+00:00","author":"Telinha","twitter_card":"summary_large_image","twitter_misc":{"Escrito por":"Telinha","Tempo estimado de leitura":"1 minuto"},"schema":{"@context":"https:\/\/schema.org","@graph":[{"@type":"Article","@id":"https:\/\/portaltela.pt\/noticias\/2026\/02\/24\/abascal-esta-operacional-e-apto-para-o-onze-do-vitoria-de-guimaraes\/#article","isPartOf":{"@id":"https:\/\/portaltela.pt\/noticias\/2026\/02\/24\/abascal-esta-operacional-e-apto-para-o-onze-do-vitoria-de-guimaraes\/"},"author":{"name":"Telinha","@id":"https:\/\/portaltela.pt\/#\/schema\/person\/c4278d4a6028830caff9ee44b42d32ed"},"headline":"Abascal est\u00e1 operacional e apto para o onze do Vit\u00f3ria de Guimar\u00e3es","datePublished":"2026-02-24T07:33:00+00:00","mainEntityOfPage":{"@id":"https:\/\/portaltela.pt\/noticias\/2026\/02\/24\/abascal-esta-operacional-e-apto-para-o-onze-do-vitoria-de-guimaraes\/"},"wordCount":147,"image":{"@id":"https:\/\/portaltela.pt\/noticias\/2026\/02\/24\/abascal-esta-operacional-e-apto-para-o-onze-do-vitoria-de-guimaraes\/#primaryimage"},"thumbnailUrl":"https:\/\/portaltela.pt\/s.01k8rhncp4jt1\/2026\/02\/img_920x518uu2026-02-23-23-36-56-2423378.jpg","keywords":["Alverca","convocados","defesa-central","futebol","I Liga","Vit\u00f3ria"],"articleSection":["Desporto","Futebol"],"inLanguage":"pt-PT"},{"@type":"WebPage","@id":"https:\/\/portaltela.pt\/noticias\/2026\/02\/24\/abascal-esta-operacional-e-apto-para-o-onze-do-vitoria-de-guimaraes\/","url":"https:\/\/portaltela.pt\/noticias\/2026\/02\/24\/abascal-esta-operacional-e-apto-para-o-onze-do-vitoria-de-guimaraes\/","name":"Abascal est\u00e1 operacional e apto para o onze do Vit\u00f3ria de Guimar\u00e3es - Portal Tela Portugal","isPartOf":{"@id":"https:\/\/portaltela.pt\/#website"},"primaryImageOfPage":{"@id":"https:\/\/portaltela.pt\/noticias\/2026\/02\/24\/abascal-esta-operacional-e-apto-para-o-onze-do-vitoria-de-guimaraes\/#primaryimage"},"image":{"@id":"https:\/\/portaltela.pt\/noticias\/2026\/02\/24\/abascal-esta-operacional-e-apto-para-o-onze-do-vitoria-de-guimaraes\/#primaryimage"},"thumbnailUrl":"https:\/\/portaltela.pt\/s.01k8rhncp4jt1\/2026\/02\/img_920x518uu2026-02-23-23-36-56-2423378.jpg","datePublished":"2026-02-24T07:33:00+00:00","author":{"@id":"https:\/\/portaltela.pt\/#\/schema\/person\/c4278d4a6028830caff9ee44b42d32ed"},"breadcrumb":{"@id":"https:\/\/portaltela.pt\/noticias\/2026\/02\/24\/abascal-esta-operacional-e-apto-para-o-onze-do-vitoria-de-guimaraes\/#breadcrumb"},"inLanguage":"pt-PT","potentialAction":[{"@type":"ReadAction","target":["https:\/\/portaltela.pt\/noticias\/2026\/02\/24\/abascal-esta-operacional-e-apto-para-o-onze-do-vitoria-de-guimaraes\/"]}]},{"@type":"ImageObject","inLanguage":"pt-PT","@id":"https:\/\/portaltela.pt\/noticias\/2026\/02\/24\/abascal-esta-operacional-e-apto-para-o-onze-do-vitoria-de-guimaraes\/#primaryimage","url":"https:\/\/portaltela.pt\/s.01k8rhncp4jt1\/2026\/02\/img_920x518uu2026-02-23-23-36-56-2423378.jpg","contentUrl":"https:\/\/portaltela.pt\/s.01k8rhncp4jt1\/2026\/02\/img_920x518uu2026-02-23-23-36-56-2423378.jpg","width":796,"height":448,"caption":"Abascal tem via aberta para o onze do V. Guimar\u00e3es"},{"@type":"BreadcrumbList","@id":"https:\/\/portaltela.pt\/noticias\/2026\/02\/24\/abascal-esta-operacional-e-apto-para-o-onze-do-vitoria-de-guimaraes\/#breadcrumb","itemListElement":[{"@type":"ListItem","position":1,"name":"In\u00edcio","item":"https:\/\/portaltela.pt\/"},{"@type":"ListItem","position":2,"name":"Abascal est\u00e1 operacional e apto para o onze do Vit\u00f3ria de Guimar\u00e3es"}]},{"@type":"WebSite","@id":"https:\/\/portaltela.pt\/#website","url":"https:\/\/portaltela.pt\/","name":"Portal Tela Portugal","description":"","potentialAction":[{"@type":"SearchAction","target":{"@type":"EntryPoint","urlTemplate":"https:\/\/portaltela.pt\/?s={search_term_string}"},"query-input":{"@type":"PropertyValueSpecification","valueRequired":true,"valueName":"search_term_string"}}],"inLanguage":"pt-PT"},{"@type":"Person","@id":"https:\/\/portaltela.pt\/#\/schema\/person\/c4278d4a6028830caff9ee44b42d32ed","name":"Telinha","image":{"@type":"ImageObject","inLanguage":"pt-PT","@id":"https:\/\/portaltela.pt\/s.01k8rhncp4jt1\/2025\/11\/talking-bot-125x125.png","url":"https:\/\/portaltela.pt\/s.01k8rhncp4jt1\/2025\/11\/talking-bot-125x125.png","contentUrl":"https:\/\/portaltela.pt\/s.01k8rhncp4jt1\/2025\/11\/talking-bot-125x125.png","caption":"Telinha"},"sameAs":["https:\/\/portaltela.pt\/"],"url":"https:\/\/portaltela.pt\/por\/367410592786\/"}]}},"_links":{"self":[{"href":"https:\/\/portaltela.pt\/api\/wp\/v2\/posts\/223705","targetHints":{"allow":["GET"]}}],"collection":[{"href":"https:\/\/portaltela.pt\/api\/wp\/v2\/posts"}],"about":[{"href":"https:\/\/portaltela.pt\/api\/wp\/v2\/types\/post"}],"author":[{"embeddable":true,"href":"https:\/\/portaltela.pt\/api\/wp\/v2\/users\/2"}],"replies":[{"embeddable":true,"href":"https:\/\/portaltela.pt\/api\/wp\/v2\/comments?post=223705"}],"version-history":[{"count":0,"href":"https:\/\/portaltela.pt\/api\/wp\/v2\/posts\/223705\/revisions"}],"wp:featuredmedia":[{"embeddable":true,"href":"https:\/\/portaltela.pt\/api\/wp\/v2\/media\/223715"}],"wp:attachment":[{"href":"https:\/\/portaltela.pt\/api\/wp\/v2\/media?parent=223705"}],"wp:term":[{"taxonomy":"category","embeddable":true,"href":"https:\/\/portaltela.pt\/api\/wp\/v2\/categories?post=223705"},{"taxonomy":"post_tag","embeddable":true,"href":"https:\/\/portaltela.pt\/api\/wp\/v2\/tags?post=223705"}],"curies":[{"name":"wp","href":"https:\/\/api.w.org\/{rel}","templated":true}]}}