{"id":223664,"date":"2026-02-24T04:04:00","date_gmt":"2026-02-24T07:04:00","guid":{"rendered":"https:\/\/portaltela.pt\/noticias\/2026\/02\/24\/medico-atendia-no-hospital-publico-apenas-quem-pagava-servico-privado\/"},"modified":"2026-02-24T04:04:00","modified_gmt":"2026-02-24T07:04:00","slug":"medico-atendia-no-hospital-publico-apenas-quem-pagava-servico-privado","status":"publish","type":"post","link":"https:\/\/portaltela.pt\/noticias\/2026\/02\/24\/medico-atendia-no-hospital-publico-apenas-quem-pagava-servico-privado\/","title":{"rendered":"M\u00e9dico atendia no hospital p\u00fablico apenas quem pagava servi\u00e7o privado"},"content":{"rendered":"<p>Um m\u00e9dico enfrenta julgamento por abuso de poder ap\u00f3s alegadamente favorecer pacientes de cl\u00ednicas privadas em detrimento do servi\u00e7o p\u00fablico. O caso envolve mais de 1600 utentes que tiveram consultas de oftalmologia no Hospital Sousa Martins, na Guarda, entre 2020 e 2024.<\/p>\n<p>Segundo o Minist\u00e9rio P\u00fablico, Henrique Fernandes, de 65 anos, quase n\u00e3o observava, tratava ou operava os pacientes da rede p\u00fablica, enquanto deixava que quem pagava nas cl\u00ednicas privadas fosse atendido no hospital p\u00fablico em cerca de um m\u00eas.<\/p>\n<p>A den\u00fancia sustenta que o m\u00e9dico atuava simultaneamente em v\u00e1rias cl\u00ednicas privadas, cobrando entre 60 e 80 euros por consulta, em troca de prioridade no atendimento p\u00fablico. O desvio de conduta teria ocorrido ao longo de v\u00e1rios anos.<\/p>\n<p>O processo avan\u00e7ou para instru\u00e7\u00e3o ap\u00f3s a acusa\u00e7\u00e3o em setembro de 2025, com pedido de abertura da instru\u00e7\u00e3o. Este m\u00eas, o juiz de instru\u00e7\u00e3o da Guarda confirmou o julgamento pelo crime.<\/p>\n<h3>Processo<\/h3>\n<p>O Minist\u00e9rio P\u00fablico mant\u00e9m que houve abuso de poder, com danos ao acompanhamento de pacientes no servi\u00e7o p\u00fablico. A defesa pode apresentar contesta\u00e7\u00f5es durante o julgamento, sem prejulgamento de nenhuma parte. O desfecho ser\u00e1 definido pelo tribunal.<\/p>\n","protected":false},"excerpt":{"rendered":"<ul>\n<li>Um m\u00e9dico de 65 anos vai ser julgado por abuso de poder por o caso ter causado que mais de 1600 utentes de consultas privadas furassem a fila de espera da oftalmologia do Hospital Sousa Martins, na Guarda, entre 2020 e 2024.<\/li>\n<li>Segundo o Minist\u00e9rio P\u00fablico, quase n\u00e3o observava ou tratava os pacientes que esperavam no hospital p\u00fablico, enquanto quem pagava entre 60 \u20ac e 80 \u20ac por consulta nas cl\u00ednicas privadas era atendido no hospital p\u00fablico em cerca de um m\u00eas.<\/li>\n<li>O oftalmologista em causa \u00e9 Henrique Fernandes.<\/li>\n<li>A acusa\u00e7\u00e3o foi apresentada em setembro de 2025, com pedido de abertura de instru\u00e7\u00e3o.<\/li>\n<li>Este m\u00eas, o juiz de instru\u00e7\u00e3o da Guarda confirmou o julgamento pelo crime.<\/li>\n<\/ul>\n","protected":false},"author":2,"featured_media":223668,"comment_status":"closed","ping_status":"closed","sticky":false,"template":"","format":"standard","meta":{"footnotes":""},"categories":[1],"tags":[470,212,6303,633,3265,271],"class_list":["post-223664","post","type-post","status-publish","format-standard","has-post-thumbnail","hentry","category-noticias","tag-abuso-de-autoridade","tag-abuso-de-poder","tag-desvio-de-conduta","tag-hospital","tag-oftalmologia","tag-saude-publica"],"yoast_head":"<!-- This site is optimized with the Yoast SEO plugin v27.2 - https:\/\/yoast.com\/product\/yoast-seo-wordpress\/ -->\n<title>M\u00e9dico atendia no hospital p\u00fablico apenas quem pagava servi\u00e7o privado - Portal Tela Portugal<\/title>\n<meta name=\"robots\" content=\"index, follow, max-snippet:-1, max-image-preview:large, max-video-preview:-1\" \/>\n<meta property=\"og:locale\" content=\"pt_PT\" \/>\n<meta property=\"og:type\" content=\"article\" \/>\n<meta property=\"og:title\" content=\"M\u00e9dico atendia no hospital p\u00fablico apenas quem pagava servi\u00e7o privado - Portal Tela Portugal\" \/>\n<meta property=\"og:description\" content=\"Um m\u00e9dico de 65 anos vai ser julgado por abuso de poder por o caso ter causado que mais de 1600 utentes de consultas privadas furassem a fila de espera da oftalmologia do Hospital Sousa Martins, na Guarda, entre 2020 e 2024. Segundo o Minist\u00e9rio P\u00fablico, quase n\u00e3o observava ou tratava os pacientes que esperavam no hospital p\u00fablico, enquanto quem pagava entre 60 \u20ac e 80 \u20ac por consulta nas cl\u00ednicas privadas era atendido no hospital p\u00fablico em cerca de um m\u00eas. O oftalmologista em causa \u00e9 Henrique Fernandes. A acusa\u00e7\u00e3o foi apresentada em setembro de 2025, com pedido de abertura de instru\u00e7\u00e3o. Este m\u00eas, o juiz de instru\u00e7\u00e3o da Guarda confirmou o julgamento pelo crime.\" \/>\n<meta property=\"og:url\" content=\"https:\/\/portaltela.pt\/noticias\/2026\/02\/24\/medico-atendia-no-hospital-publico-apenas-quem-pagava-servico-privado\/\" \/>\n<meta property=\"og:site_name\" content=\"Portal Tela Portugal\" \/>\n<meta property=\"article:published_time\" content=\"2026-02-24T07:04:00+00:00\" \/>\n<meta name=\"author\" content=\"Telinha\" \/>\n<meta name=\"twitter:card\" content=\"summary_large_image\" \/>\n<meta name=\"twitter:label1\" content=\"Escrito por\" \/>\n\t<meta name=\"twitter:data1\" content=\"Telinha\" \/>\n\t<meta name=\"twitter:label2\" content=\"Tempo estimado de leitura\" \/>\n\t<meta name=\"twitter:data2\" content=\"1 minuto\" \/>\n<script type=\"application\/ld+json\" class=\"yoast-schema-graph\">{\"@context\":\"https:\/\/schema.org\",\"@graph\":[{\"@type\":\"Article\",\"@id\":\"https:\/\/portaltela.pt\/noticias\/2026\/02\/24\/medico-atendia-no-hospital-publico-apenas-quem-pagava-servico-privado\/#article\",\"isPartOf\":{\"@id\":\"https:\/\/portaltela.pt\/noticias\/2026\/02\/24\/medico-atendia-no-hospital-publico-apenas-quem-pagava-servico-privado\/\"},\"author\":{\"name\":\"Telinha\",\"@id\":\"https:\/\/portaltela.pt\/#\/schema\/person\/c4278d4a6028830caff9ee44b42d32ed\"},\"headline\":\"M\u00e9dico atendia no hospital p\u00fablico apenas quem pagava servi\u00e7o privado\",\"datePublished\":\"2026-02-24T07:04:00+00:00\",\"mainEntityOfPage\":{\"@id\":\"https:\/\/portaltela.pt\/noticias\/2026\/02\/24\/medico-atendia-no-hospital-publico-apenas-quem-pagava-servico-privado\/\"},\"wordCount\":224,\"image\":{\"@id\":\"https:\/\/portaltela.pt\/noticias\/2026\/02\/24\/medico-atendia-no-hospital-publico-apenas-quem-pagava-servico-privado\/#primaryimage\"},\"thumbnailUrl\":\"https:\/\/portaltela.pt\/s.01k8rhncp4jt1\/2026\/02\/image-1737.jpg\",\"keywords\":[\"abuso de autoridade\",\"abuso de poder\",\"desvio de conduta\",\"hospital\",\"Oftalmologia\",\"sa\u00fade p\u00fablica\"],\"articleSection\":[\"Not\u00edcias\"],\"inLanguage\":\"pt-PT\"},{\"@type\":\"WebPage\",\"@id\":\"https:\/\/portaltela.pt\/noticias\/2026\/02\/24\/medico-atendia-no-hospital-publico-apenas-quem-pagava-servico-privado\/\",\"url\":\"https:\/\/portaltela.pt\/noticias\/2026\/02\/24\/medico-atendia-no-hospital-publico-apenas-quem-pagava-servico-privado\/\",\"name\":\"M\u00e9dico atendia no hospital p\u00fablico apenas quem pagava servi\u00e7o privado - Portal Tela Portugal\",\"isPartOf\":{\"@id\":\"https:\/\/portaltela.pt\/#website\"},\"primaryImageOfPage\":{\"@id\":\"https:\/\/portaltela.pt\/noticias\/2026\/02\/24\/medico-atendia-no-hospital-publico-apenas-quem-pagava-servico-privado\/#primaryimage\"},\"image\":{\"@id\":\"https:\/\/portaltela.pt\/noticias\/2026\/02\/24\/medico-atendia-no-hospital-publico-apenas-quem-pagava-servico-privado\/#primaryimage\"},\"thumbnailUrl\":\"https:\/\/portaltela.pt\/s.01k8rhncp4jt1\/2026\/02\/image-1737.jpg\",\"datePublished\":\"2026-02-24T07:04:00+00:00\",\"author\":{\"@id\":\"https:\/\/portaltela.pt\/#\/schema\/person\/c4278d4a6028830caff9ee44b42d32ed\"},\"breadcrumb\":{\"@id\":\"https:\/\/portaltela.pt\/noticias\/2026\/02\/24\/medico-atendia-no-hospital-publico-apenas-quem-pagava-servico-privado\/#breadcrumb\"},\"inLanguage\":\"pt-PT\",\"potentialAction\":[{\"@type\":\"ReadAction\",\"target\":[\"https:\/\/portaltela.pt\/noticias\/2026\/02\/24\/medico-atendia-no-hospital-publico-apenas-quem-pagava-servico-privado\/\"]}]},{\"@type\":\"ImageObject\",\"inLanguage\":\"pt-PT\",\"@id\":\"https:\/\/portaltela.pt\/noticias\/2026\/02\/24\/medico-atendia-no-hospital-publico-apenas-quem-pagava-servico-privado\/#primaryimage\",\"url\":\"https:\/\/portaltela.pt\/s.01k8rhncp4jt1\/2026\/02\/image-1737.jpg\",\"contentUrl\":\"https:\/\/portaltela.pt\/s.01k8rhncp4jt1\/2026\/02\/image-1737.jpg\",\"width\":796,\"height\":448,\"caption\":\"Utentes que necessitavam de tratamentos diferenciados eram encaminhados para o hospital p\u00fablico\"},{\"@type\":\"BreadcrumbList\",\"@id\":\"https:\/\/portaltela.pt\/noticias\/2026\/02\/24\/medico-atendia-no-hospital-publico-apenas-quem-pagava-servico-privado\/#breadcrumb\",\"itemListElement\":[{\"@type\":\"ListItem\",\"position\":1,\"name\":\"In\u00edcio\",\"item\":\"https:\/\/portaltela.pt\/\"},{\"@type\":\"ListItem\",\"position\":2,\"name\":\"M\u00e9dico atendia no hospital p\u00fablico apenas quem pagava servi\u00e7o privado\"}]},{\"@type\":\"WebSite\",\"@id\":\"https:\/\/portaltela.pt\/#website\",\"url\":\"https:\/\/portaltela.pt\/\",\"name\":\"Portal Tela Portugal\",\"description\":\"\",\"potentialAction\":[{\"@type\":\"SearchAction\",\"target\":{\"@type\":\"EntryPoint\",\"urlTemplate\":\"https:\/\/portaltela.pt\/?s={search_term_string}\"},\"query-input\":{\"@type\":\"PropertyValueSpecification\",\"valueRequired\":true,\"valueName\":\"search_term_string\"}}],\"inLanguage\":\"pt-PT\"},{\"@type\":\"Person\",\"@id\":\"https:\/\/portaltela.pt\/#\/schema\/person\/c4278d4a6028830caff9ee44b42d32ed\",\"name\":\"Telinha\",\"image\":{\"@type\":\"ImageObject\",\"inLanguage\":\"pt-PT\",\"@id\":\"https:\/\/portaltela.pt\/s.01k8rhncp4jt1\/2025\/11\/talking-bot-125x125.png\",\"url\":\"https:\/\/portaltela.pt\/s.01k8rhncp4jt1\/2025\/11\/talking-bot-125x125.png\",\"contentUrl\":\"https:\/\/portaltela.pt\/s.01k8rhncp4jt1\/2025\/11\/talking-bot-125x125.png\",\"caption\":\"Telinha\"},\"sameAs\":[\"https:\/\/portaltela.pt\/\"],\"url\":\"https:\/\/portaltela.pt\/por\/367410592786\/\"}]}<\/script>\n<!-- \/ Yoast SEO plugin. -->","yoast_head_json":{"title":"M\u00e9dico atendia no hospital p\u00fablico apenas quem pagava servi\u00e7o privado - Portal Tela Portugal","robots":{"index":"index","follow":"follow","max-snippet":"max-snippet:-1","max-image-preview":"max-image-preview:large","max-video-preview":"max-video-preview:-1"},"og_locale":"pt_PT","og_type":"article","og_title":"M\u00e9dico atendia no hospital p\u00fablico apenas quem pagava servi\u00e7o privado - Portal Tela Portugal","og_description":"Um m\u00e9dico de 65 anos vai ser julgado por abuso de poder por o caso ter causado que mais de 1600 utentes de consultas privadas furassem a fila de espera da oftalmologia do Hospital Sousa Martins, na Guarda, entre 2020 e 2024. Segundo o Minist\u00e9rio P\u00fablico, quase n\u00e3o observava ou tratava os pacientes que esperavam no hospital p\u00fablico, enquanto quem pagava entre 60 \u20ac e 80 \u20ac por consulta nas cl\u00ednicas privadas era atendido no hospital p\u00fablico em cerca de um m\u00eas. O oftalmologista em causa \u00e9 Henrique Fernandes. A acusa\u00e7\u00e3o foi apresentada em setembro de 2025, com pedido de abertura de instru\u00e7\u00e3o. Este m\u00eas, o juiz de instru\u00e7\u00e3o da Guarda confirmou o julgamento pelo crime.","og_url":"https:\/\/portaltela.pt\/noticias\/2026\/02\/24\/medico-atendia-no-hospital-publico-apenas-quem-pagava-servico-privado\/","og_site_name":"Portal Tela Portugal","article_published_time":"2026-02-24T07:04:00+00:00","author":"Telinha","twitter_card":"summary_large_image","twitter_misc":{"Escrito por":"Telinha","Tempo estimado de leitura":"1 minuto"},"schema":{"@context":"https:\/\/schema.org","@graph":[{"@type":"Article","@id":"https:\/\/portaltela.pt\/noticias\/2026\/02\/24\/medico-atendia-no-hospital-publico-apenas-quem-pagava-servico-privado\/#article","isPartOf":{"@id":"https:\/\/portaltela.pt\/noticias\/2026\/02\/24\/medico-atendia-no-hospital-publico-apenas-quem-pagava-servico-privado\/"},"author":{"name":"Telinha","@id":"https:\/\/portaltela.pt\/#\/schema\/person\/c4278d4a6028830caff9ee44b42d32ed"},"headline":"M\u00e9dico atendia no hospital p\u00fablico apenas quem pagava servi\u00e7o privado","datePublished":"2026-02-24T07:04:00+00:00","mainEntityOfPage":{"@id":"https:\/\/portaltela.pt\/noticias\/2026\/02\/24\/medico-atendia-no-hospital-publico-apenas-quem-pagava-servico-privado\/"},"wordCount":224,"image":{"@id":"https:\/\/portaltela.pt\/noticias\/2026\/02\/24\/medico-atendia-no-hospital-publico-apenas-quem-pagava-servico-privado\/#primaryimage"},"thumbnailUrl":"https:\/\/portaltela.pt\/s.01k8rhncp4jt1\/2026\/02\/image-1737.jpg","keywords":["abuso de autoridade","abuso de poder","desvio de conduta","hospital","Oftalmologia","sa\u00fade p\u00fablica"],"articleSection":["Not\u00edcias"],"inLanguage":"pt-PT"},{"@type":"WebPage","@id":"https:\/\/portaltela.pt\/noticias\/2026\/02\/24\/medico-atendia-no-hospital-publico-apenas-quem-pagava-servico-privado\/","url":"https:\/\/portaltela.pt\/noticias\/2026\/02\/24\/medico-atendia-no-hospital-publico-apenas-quem-pagava-servico-privado\/","name":"M\u00e9dico atendia no hospital p\u00fablico apenas quem pagava servi\u00e7o privado - Portal Tela Portugal","isPartOf":{"@id":"https:\/\/portaltela.pt\/#website"},"primaryImageOfPage":{"@id":"https:\/\/portaltela.pt\/noticias\/2026\/02\/24\/medico-atendia-no-hospital-publico-apenas-quem-pagava-servico-privado\/#primaryimage"},"image":{"@id":"https:\/\/portaltela.pt\/noticias\/2026\/02\/24\/medico-atendia-no-hospital-publico-apenas-quem-pagava-servico-privado\/#primaryimage"},"thumbnailUrl":"https:\/\/portaltela.pt\/s.01k8rhncp4jt1\/2026\/02\/image-1737.jpg","datePublished":"2026-02-24T07:04:00+00:00","author":{"@id":"https:\/\/portaltela.pt\/#\/schema\/person\/c4278d4a6028830caff9ee44b42d32ed"},"breadcrumb":{"@id":"https:\/\/portaltela.pt\/noticias\/2026\/02\/24\/medico-atendia-no-hospital-publico-apenas-quem-pagava-servico-privado\/#breadcrumb"},"inLanguage":"pt-PT","potentialAction":[{"@type":"ReadAction","target":["https:\/\/portaltela.pt\/noticias\/2026\/02\/24\/medico-atendia-no-hospital-publico-apenas-quem-pagava-servico-privado\/"]}]},{"@type":"ImageObject","inLanguage":"pt-PT","@id":"https:\/\/portaltela.pt\/noticias\/2026\/02\/24\/medico-atendia-no-hospital-publico-apenas-quem-pagava-servico-privado\/#primaryimage","url":"https:\/\/portaltela.pt\/s.01k8rhncp4jt1\/2026\/02\/image-1737.jpg","contentUrl":"https:\/\/portaltela.pt\/s.01k8rhncp4jt1\/2026\/02\/image-1737.jpg","width":796,"height":448,"caption":"Utentes que necessitavam de tratamentos diferenciados eram encaminhados para o hospital p\u00fablico"},{"@type":"BreadcrumbList","@id":"https:\/\/portaltela.pt\/noticias\/2026\/02\/24\/medico-atendia-no-hospital-publico-apenas-quem-pagava-servico-privado\/#breadcrumb","itemListElement":[{"@type":"ListItem","position":1,"name":"In\u00edcio","item":"https:\/\/portaltela.pt\/"},{"@type":"ListItem","position":2,"name":"M\u00e9dico atendia no hospital p\u00fablico apenas quem pagava servi\u00e7o privado"}]},{"@type":"WebSite","@id":"https:\/\/portaltela.pt\/#website","url":"https:\/\/portaltela.pt\/","name":"Portal Tela Portugal","description":"","potentialAction":[{"@type":"SearchAction","target":{"@type":"EntryPoint","urlTemplate":"https:\/\/portaltela.pt\/?s={search_term_string}"},"query-input":{"@type":"PropertyValueSpecification","valueRequired":true,"valueName":"search_term_string"}}],"inLanguage":"pt-PT"},{"@type":"Person","@id":"https:\/\/portaltela.pt\/#\/schema\/person\/c4278d4a6028830caff9ee44b42d32ed","name":"Telinha","image":{"@type":"ImageObject","inLanguage":"pt-PT","@id":"https:\/\/portaltela.pt\/s.01k8rhncp4jt1\/2025\/11\/talking-bot-125x125.png","url":"https:\/\/portaltela.pt\/s.01k8rhncp4jt1\/2025\/11\/talking-bot-125x125.png","contentUrl":"https:\/\/portaltela.pt\/s.01k8rhncp4jt1\/2025\/11\/talking-bot-125x125.png","caption":"Telinha"},"sameAs":["https:\/\/portaltela.pt\/"],"url":"https:\/\/portaltela.pt\/por\/367410592786\/"}]}},"_links":{"self":[{"href":"https:\/\/portaltela.pt\/api\/wp\/v2\/posts\/223664","targetHints":{"allow":["GET"]}}],"collection":[{"href":"https:\/\/portaltela.pt\/api\/wp\/v2\/posts"}],"about":[{"href":"https:\/\/portaltela.pt\/api\/wp\/v2\/types\/post"}],"author":[{"embeddable":true,"href":"https:\/\/portaltela.pt\/api\/wp\/v2\/users\/2"}],"replies":[{"embeddable":true,"href":"https:\/\/portaltela.pt\/api\/wp\/v2\/comments?post=223664"}],"version-history":[{"count":0,"href":"https:\/\/portaltela.pt\/api\/wp\/v2\/posts\/223664\/revisions"}],"wp:featuredmedia":[{"embeddable":true,"href":"https:\/\/portaltela.pt\/api\/wp\/v2\/media\/223668"}],"wp:attachment":[{"href":"https:\/\/portaltela.pt\/api\/wp\/v2\/media?parent=223664"}],"wp:term":[{"taxonomy":"category","embeddable":true,"href":"https:\/\/portaltela.pt\/api\/wp\/v2\/categories?post=223664"},{"taxonomy":"post_tag","embeddable":true,"href":"https:\/\/portaltela.pt\/api\/wp\/v2\/tags?post=223664"}],"curies":[{"name":"wp","href":"https:\/\/api.w.org\/{rel}","templated":true}]}}