{"id":223600,"date":"2026-02-23T22:30:00","date_gmt":"2026-02-24T01:30:00","guid":{"rendered":"https:\/\/portaltela.pt\/noticias\/2026\/02\/23\/farioli-irritado-com-ineficacia-ofensiva-do-fc-porto\/"},"modified":"2026-02-23T22:30:00","modified_gmt":"2026-02-24T01:30:00","slug":"farioli-irritado-com-ineficacia-ofensiva-do-fc-porto","status":"publish","type":"post","link":"https:\/\/portaltela.pt\/desporto\/futebol\/2026\/02\/23\/farioli-irritado-com-ineficacia-ofensiva-do-fc-porto\/","title":{"rendered":"Farioli irritado com inefic\u00e1cia ofensiva do FC Porto"},"content":{"rendered":"<p>Francesco Farioli est\u00e1 atento \u00e0 inefic\u00e1cia ofensiva do FC Porto, constatada ao longo de v\u00e1rios jogos. O t\u00e9cnico argelino, que falou de forma contida ap\u00f3s a vit\u00f3ria frente ao Rio Ave, referiu v\u00e1rias ocasi\u00f5es desperdi\u00e7adas, incluindo tr\u00eas remates a ferrar no poste, que poderiam ter garantido um resultado mais expressivo.<\/p>\n<p>O treinador reconhece que a equipa sente a aus\u00eancia de Luuk de Jong e, mais recentemente, de Samu, o que reduz o poder de fogo. Ainda assim, avalia que os extremos e os m\u00e9dios podiam ter rematado com maior efic\u00e1cia, particularmente nas situa\u00e7\u00f5es de finaliza\u00e7\u00e3o j\u00e1 estudadas nos treinos.<\/p>\n<h3>Efic\u00e1cia ofensiva sob escrut\u00ednio<\/h3>\n<p>A aposta na solidez defensiva continua como uma das marcas do clube, com 17 jogos sem sofrer golos em 23 jornadas. Contudo, metade das 20 vit\u00f3rias na Liga tem sido por diferen\u00e7a m\u00ednima, o que mant\u00e9m a lideran\u00e7a apertada. O t\u00e9cnico afirmou que desejava fechar o jogo, evitando arriscar desfechos inseguros em situa\u00e7\u00f5es de vantagem.<\/p>\n<p>Farioli tamb\u00e9m manifestou preocupa\u00e7\u00e3o com a repeti\u00e7\u00e3o de cen\u00e1rios em que o Porto, apesar de dominar, n\u00e3o consegue converter em golos. Apontou a necessidade de ampliar o leque de op\u00e7\u00f5es no plantel durante mar\u00e7o, atenuando restri\u00e7\u00f5es que surgem quando as vit\u00f3rias dependem de um \u00fanico golo.<\/p>\n","protected":false},"excerpt":{"rendered":"<ul>\n<li>Francesco Farioli diz estar irritado com a inefic\u00e1cia ofensiva do FC Porto, apesar da vit\u00f3ria frente ao Rio Ave, onde houve tr\u00eas remates ao poste e v\u00e1rias oportunidades.<\/li>\n<li>O t\u00e9cnico reconhece que as les\u00f5es de Luuk de Jong e Samu tiram poder de fogo \u00e0 equipa, mas esperava mais dos extremos e m\u00e9dios na finaliza\u00e7\u00e3o.<\/li>\n<li>O Porto mant\u00e9m-se l\u00edder por ter a defesa sem golos em 17 das 23 jornadas, embora muitas vit\u00f3rias tenham sido por diferen\u00e7a m\u00ednima.<\/li>\n<li>Depois do 1-0 frente aos vilacondenses, Farioli sublinha a dificuldade de fechar o jogo e o risco de manter partidas assim.<\/li>\n<li>O treinador pretende rodar mais o plantel em mar\u00e7o, face ao calend\u00e1rio acentuado, e teme ficar limitado se as vit\u00f3rias dependerem de apenas um golo.<\/li>\n<\/ul>\n","protected":false},"author":2,"featured_media":223603,"comment_status":"closed","ping_status":"closed","sticky":false,"template":"","format":"standard","meta":{"footnotes":""},"categories":[21,24],"tags":[4143,32,4048,982,2190,2570],"class_list":["post-223600","post","type-post","status-publish","format-standard","has-post-thumbnail","hentry","category-desporto","category-futebol","tag-1-liga","tag-futebol","tag-luuk-de-jong","tag-porto","tag-rio-ave","tag-samu"],"yoast_head":"<!-- This site is optimized with the Yoast SEO plugin v27.2 - https:\/\/yoast.com\/product\/yoast-seo-wordpress\/ -->\n<title>Farioli irritado com inefic\u00e1cia ofensiva do FC Porto - Portal Tela Portugal<\/title>\n<meta name=\"robots\" content=\"index, follow, max-snippet:-1, max-image-preview:large, max-video-preview:-1\" \/>\n<meta property=\"og:locale\" content=\"pt_PT\" \/>\n<meta property=\"og:type\" content=\"article\" \/>\n<meta property=\"og:title\" content=\"Farioli irritado com inefic\u00e1cia ofensiva do FC Porto - Portal Tela Portugal\" \/>\n<meta property=\"og:description\" content=\"Francesco Farioli diz estar irritado com a inefic\u00e1cia ofensiva do FC Porto, apesar da vit\u00f3ria frente ao Rio Ave, onde houve tr\u00eas remates ao poste e v\u00e1rias oportunidades. O t\u00e9cnico reconhece que as les\u00f5es de Luuk de Jong e Samu tiram poder de fogo \u00e0 equipa, mas esperava mais dos extremos e m\u00e9dios na finaliza\u00e7\u00e3o. O Porto mant\u00e9m-se l\u00edder por ter a defesa sem golos em 17 das 23 jornadas, embora muitas vit\u00f3rias tenham sido por diferen\u00e7a m\u00ednima. Depois do 1-0 frente aos vilacondenses, Farioli sublinha a dificuldade de fechar o jogo e o risco de manter partidas assim. O treinador pretende rodar mais o plantel em mar\u00e7o, face ao calend\u00e1rio acentuado, e teme ficar limitado se as vit\u00f3rias dependerem de apenas um golo.\" \/>\n<meta property=\"og:url\" content=\"https:\/\/portaltela.pt\/noticias\/2026\/02\/23\/farioli-irritado-com-ineficacia-ofensiva-do-fc-porto\/\" \/>\n<meta property=\"og:site_name\" content=\"Portal Tela Portugal\" \/>\n<meta property=\"article:published_time\" content=\"2026-02-24T01:30:00+00:00\" \/>\n<meta name=\"author\" content=\"Telinha\" \/>\n<meta name=\"twitter:card\" content=\"summary_large_image\" \/>\n<meta name=\"twitter:label1\" content=\"Escrito por\" \/>\n\t<meta name=\"twitter:data1\" content=\"Telinha\" \/>\n\t<meta name=\"twitter:label2\" content=\"Tempo estimado de leitura\" \/>\n\t<meta name=\"twitter:data2\" content=\"1 minuto\" \/>\n<script type=\"application\/ld+json\" class=\"yoast-schema-graph\">{\"@context\":\"https:\/\/schema.org\",\"@graph\":[{\"@type\":\"Article\",\"@id\":\"https:\/\/portaltela.pt\/noticias\/2026\/02\/23\/farioli-irritado-com-ineficacia-ofensiva-do-fc-porto\/#article\",\"isPartOf\":{\"@id\":\"https:\/\/portaltela.pt\/noticias\/2026\/02\/23\/farioli-irritado-com-ineficacia-ofensiva-do-fc-porto\/\"},\"author\":{\"name\":\"Telinha\",\"@id\":\"https:\/\/portaltela.pt\/#\/schema\/person\/c4278d4a6028830caff9ee44b42d32ed\"},\"headline\":\"Farioli irritado com inefic\u00e1cia ofensiva do FC Porto\",\"datePublished\":\"2026-02-24T01:30:00+00:00\",\"mainEntityOfPage\":{\"@id\":\"https:\/\/portaltela.pt\/noticias\/2026\/02\/23\/farioli-irritado-com-ineficacia-ofensiva-do-fc-porto\/\"},\"wordCount\":241,\"image\":{\"@id\":\"https:\/\/portaltela.pt\/noticias\/2026\/02\/23\/farioli-irritado-com-ineficacia-ofensiva-do-fc-porto\/#primaryimage\"},\"thumbnailUrl\":\"https:\/\/portaltela.pt\/s.01k8rhncp4jt1\/2026\/02\/img_1500x1000uu2026-01-29-18-54-58-2263447.jpg\",\"keywords\":[\"1. Liga\",\"futebol\",\"Luuk de Jong\",\"Porto\",\"Rio Ave\",\"Samu\"],\"articleSection\":[\"Desporto\",\"Futebol\"],\"inLanguage\":\"pt-PT\"},{\"@type\":\"WebPage\",\"@id\":\"https:\/\/portaltela.pt\/noticias\/2026\/02\/23\/farioli-irritado-com-ineficacia-ofensiva-do-fc-porto\/\",\"url\":\"https:\/\/portaltela.pt\/noticias\/2026\/02\/23\/farioli-irritado-com-ineficacia-ofensiva-do-fc-porto\/\",\"name\":\"Farioli irritado com inefic\u00e1cia ofensiva do FC Porto - Portal Tela Portugal\",\"isPartOf\":{\"@id\":\"https:\/\/portaltela.pt\/#website\"},\"primaryImageOfPage\":{\"@id\":\"https:\/\/portaltela.pt\/noticias\/2026\/02\/23\/farioli-irritado-com-ineficacia-ofensiva-do-fc-porto\/#primaryimage\"},\"image\":{\"@id\":\"https:\/\/portaltela.pt\/noticias\/2026\/02\/23\/farioli-irritado-com-ineficacia-ofensiva-do-fc-porto\/#primaryimage\"},\"thumbnailUrl\":\"https:\/\/portaltela.pt\/s.01k8rhncp4jt1\/2026\/02\/img_1500x1000uu2026-01-29-18-54-58-2263447.jpg\",\"datePublished\":\"2026-02-24T01:30:00+00:00\",\"author\":{\"@id\":\"https:\/\/portaltela.pt\/#\/schema\/person\/c4278d4a6028830caff9ee44b42d32ed\"},\"breadcrumb\":{\"@id\":\"https:\/\/portaltela.pt\/noticias\/2026\/02\/23\/farioli-irritado-com-ineficacia-ofensiva-do-fc-porto\/#breadcrumb\"},\"inLanguage\":\"pt-PT\",\"potentialAction\":[{\"@type\":\"ReadAction\",\"target\":[\"https:\/\/portaltela.pt\/noticias\/2026\/02\/23\/farioli-irritado-com-ineficacia-ofensiva-do-fc-porto\/\"]}]},{\"@type\":\"ImageObject\",\"inLanguage\":\"pt-PT\",\"@id\":\"https:\/\/portaltela.pt\/noticias\/2026\/02\/23\/farioli-irritado-com-ineficacia-ofensiva-do-fc-porto\/#primaryimage\",\"url\":\"https:\/\/portaltela.pt\/s.01k8rhncp4jt1\/2026\/02\/img_1500x1000uu2026-01-29-18-54-58-2263447.jpg\",\"contentUrl\":\"https:\/\/portaltela.pt\/s.01k8rhncp4jt1\/2026\/02\/img_1500x1000uu2026-01-29-18-54-58-2263447.jpg\",\"width\":796,\"height\":448,\"caption\":\"Francesco Farioli reage no banco do FC Porto durante o cl\u00e1ssico com o Benfica\"},{\"@type\":\"BreadcrumbList\",\"@id\":\"https:\/\/portaltela.pt\/noticias\/2026\/02\/23\/farioli-irritado-com-ineficacia-ofensiva-do-fc-porto\/#breadcrumb\",\"itemListElement\":[{\"@type\":\"ListItem\",\"position\":1,\"name\":\"In\u00edcio\",\"item\":\"https:\/\/portaltela.pt\/\"},{\"@type\":\"ListItem\",\"position\":2,\"name\":\"Farioli irritado com inefic\u00e1cia ofensiva do FC Porto\"}]},{\"@type\":\"WebSite\",\"@id\":\"https:\/\/portaltela.pt\/#website\",\"url\":\"https:\/\/portaltela.pt\/\",\"name\":\"Portal Tela Portugal\",\"description\":\"\",\"potentialAction\":[{\"@type\":\"SearchAction\",\"target\":{\"@type\":\"EntryPoint\",\"urlTemplate\":\"https:\/\/portaltela.pt\/?s={search_term_string}\"},\"query-input\":{\"@type\":\"PropertyValueSpecification\",\"valueRequired\":true,\"valueName\":\"search_term_string\"}}],\"inLanguage\":\"pt-PT\"},{\"@type\":\"Person\",\"@id\":\"https:\/\/portaltela.pt\/#\/schema\/person\/c4278d4a6028830caff9ee44b42d32ed\",\"name\":\"Telinha\",\"image\":{\"@type\":\"ImageObject\",\"inLanguage\":\"pt-PT\",\"@id\":\"https:\/\/portaltela.pt\/s.01k8rhncp4jt1\/2025\/11\/talking-bot-125x125.png\",\"url\":\"https:\/\/portaltela.pt\/s.01k8rhncp4jt1\/2025\/11\/talking-bot-125x125.png\",\"contentUrl\":\"https:\/\/portaltela.pt\/s.01k8rhncp4jt1\/2025\/11\/talking-bot-125x125.png\",\"caption\":\"Telinha\"},\"sameAs\":[\"https:\/\/portaltela.pt\/\"],\"url\":\"https:\/\/portaltela.pt\/por\/367410592786\/\"}]}<\/script>\n<!-- \/ Yoast SEO plugin. -->","yoast_head_json":{"title":"Farioli irritado com inefic\u00e1cia ofensiva do FC Porto - Portal Tela Portugal","robots":{"index":"index","follow":"follow","max-snippet":"max-snippet:-1","max-image-preview":"max-image-preview:large","max-video-preview":"max-video-preview:-1"},"og_locale":"pt_PT","og_type":"article","og_title":"Farioli irritado com inefic\u00e1cia ofensiva do FC Porto - Portal Tela Portugal","og_description":"Francesco Farioli diz estar irritado com a inefic\u00e1cia ofensiva do FC Porto, apesar da vit\u00f3ria frente ao Rio Ave, onde houve tr\u00eas remates ao poste e v\u00e1rias oportunidades. O t\u00e9cnico reconhece que as les\u00f5es de Luuk de Jong e Samu tiram poder de fogo \u00e0 equipa, mas esperava mais dos extremos e m\u00e9dios na finaliza\u00e7\u00e3o. O Porto mant\u00e9m-se l\u00edder por ter a defesa sem golos em 17 das 23 jornadas, embora muitas vit\u00f3rias tenham sido por diferen\u00e7a m\u00ednima. Depois do 1-0 frente aos vilacondenses, Farioli sublinha a dificuldade de fechar o jogo e o risco de manter partidas assim. O treinador pretende rodar mais o plantel em mar\u00e7o, face ao calend\u00e1rio acentuado, e teme ficar limitado se as vit\u00f3rias dependerem de apenas um golo.","og_url":"https:\/\/portaltela.pt\/noticias\/2026\/02\/23\/farioli-irritado-com-ineficacia-ofensiva-do-fc-porto\/","og_site_name":"Portal Tela Portugal","article_published_time":"2026-02-24T01:30:00+00:00","author":"Telinha","twitter_card":"summary_large_image","twitter_misc":{"Escrito por":"Telinha","Tempo estimado de leitura":"1 minuto"},"schema":{"@context":"https:\/\/schema.org","@graph":[{"@type":"Article","@id":"https:\/\/portaltela.pt\/noticias\/2026\/02\/23\/farioli-irritado-com-ineficacia-ofensiva-do-fc-porto\/#article","isPartOf":{"@id":"https:\/\/portaltela.pt\/noticias\/2026\/02\/23\/farioli-irritado-com-ineficacia-ofensiva-do-fc-porto\/"},"author":{"name":"Telinha","@id":"https:\/\/portaltela.pt\/#\/schema\/person\/c4278d4a6028830caff9ee44b42d32ed"},"headline":"Farioli irritado com inefic\u00e1cia ofensiva do FC Porto","datePublished":"2026-02-24T01:30:00+00:00","mainEntityOfPage":{"@id":"https:\/\/portaltela.pt\/noticias\/2026\/02\/23\/farioli-irritado-com-ineficacia-ofensiva-do-fc-porto\/"},"wordCount":241,"image":{"@id":"https:\/\/portaltela.pt\/noticias\/2026\/02\/23\/farioli-irritado-com-ineficacia-ofensiva-do-fc-porto\/#primaryimage"},"thumbnailUrl":"https:\/\/portaltela.pt\/s.01k8rhncp4jt1\/2026\/02\/img_1500x1000uu2026-01-29-18-54-58-2263447.jpg","keywords":["1. Liga","futebol","Luuk de Jong","Porto","Rio Ave","Samu"],"articleSection":["Desporto","Futebol"],"inLanguage":"pt-PT"},{"@type":"WebPage","@id":"https:\/\/portaltela.pt\/noticias\/2026\/02\/23\/farioli-irritado-com-ineficacia-ofensiva-do-fc-porto\/","url":"https:\/\/portaltela.pt\/noticias\/2026\/02\/23\/farioli-irritado-com-ineficacia-ofensiva-do-fc-porto\/","name":"Farioli irritado com inefic\u00e1cia ofensiva do FC Porto - Portal Tela Portugal","isPartOf":{"@id":"https:\/\/portaltela.pt\/#website"},"primaryImageOfPage":{"@id":"https:\/\/portaltela.pt\/noticias\/2026\/02\/23\/farioli-irritado-com-ineficacia-ofensiva-do-fc-porto\/#primaryimage"},"image":{"@id":"https:\/\/portaltela.pt\/noticias\/2026\/02\/23\/farioli-irritado-com-ineficacia-ofensiva-do-fc-porto\/#primaryimage"},"thumbnailUrl":"https:\/\/portaltela.pt\/s.01k8rhncp4jt1\/2026\/02\/img_1500x1000uu2026-01-29-18-54-58-2263447.jpg","datePublished":"2026-02-24T01:30:00+00:00","author":{"@id":"https:\/\/portaltela.pt\/#\/schema\/person\/c4278d4a6028830caff9ee44b42d32ed"},"breadcrumb":{"@id":"https:\/\/portaltela.pt\/noticias\/2026\/02\/23\/farioli-irritado-com-ineficacia-ofensiva-do-fc-porto\/#breadcrumb"},"inLanguage":"pt-PT","potentialAction":[{"@type":"ReadAction","target":["https:\/\/portaltela.pt\/noticias\/2026\/02\/23\/farioli-irritado-com-ineficacia-ofensiva-do-fc-porto\/"]}]},{"@type":"ImageObject","inLanguage":"pt-PT","@id":"https:\/\/portaltela.pt\/noticias\/2026\/02\/23\/farioli-irritado-com-ineficacia-ofensiva-do-fc-porto\/#primaryimage","url":"https:\/\/portaltela.pt\/s.01k8rhncp4jt1\/2026\/02\/img_1500x1000uu2026-01-29-18-54-58-2263447.jpg","contentUrl":"https:\/\/portaltela.pt\/s.01k8rhncp4jt1\/2026\/02\/img_1500x1000uu2026-01-29-18-54-58-2263447.jpg","width":796,"height":448,"caption":"Francesco Farioli reage no banco do FC Porto durante o cl\u00e1ssico com o Benfica"},{"@type":"BreadcrumbList","@id":"https:\/\/portaltela.pt\/noticias\/2026\/02\/23\/farioli-irritado-com-ineficacia-ofensiva-do-fc-porto\/#breadcrumb","itemListElement":[{"@type":"ListItem","position":1,"name":"In\u00edcio","item":"https:\/\/portaltela.pt\/"},{"@type":"ListItem","position":2,"name":"Farioli irritado com inefic\u00e1cia ofensiva do FC Porto"}]},{"@type":"WebSite","@id":"https:\/\/portaltela.pt\/#website","url":"https:\/\/portaltela.pt\/","name":"Portal Tela Portugal","description":"","potentialAction":[{"@type":"SearchAction","target":{"@type":"EntryPoint","urlTemplate":"https:\/\/portaltela.pt\/?s={search_term_string}"},"query-input":{"@type":"PropertyValueSpecification","valueRequired":true,"valueName":"search_term_string"}}],"inLanguage":"pt-PT"},{"@type":"Person","@id":"https:\/\/portaltela.pt\/#\/schema\/person\/c4278d4a6028830caff9ee44b42d32ed","name":"Telinha","image":{"@type":"ImageObject","inLanguage":"pt-PT","@id":"https:\/\/portaltela.pt\/s.01k8rhncp4jt1\/2025\/11\/talking-bot-125x125.png","url":"https:\/\/portaltela.pt\/s.01k8rhncp4jt1\/2025\/11\/talking-bot-125x125.png","contentUrl":"https:\/\/portaltela.pt\/s.01k8rhncp4jt1\/2025\/11\/talking-bot-125x125.png","caption":"Telinha"},"sameAs":["https:\/\/portaltela.pt\/"],"url":"https:\/\/portaltela.pt\/por\/367410592786\/"}]}},"_links":{"self":[{"href":"https:\/\/portaltela.pt\/api\/wp\/v2\/posts\/223600","targetHints":{"allow":["GET"]}}],"collection":[{"href":"https:\/\/portaltela.pt\/api\/wp\/v2\/posts"}],"about":[{"href":"https:\/\/portaltela.pt\/api\/wp\/v2\/types\/post"}],"author":[{"embeddable":true,"href":"https:\/\/portaltela.pt\/api\/wp\/v2\/users\/2"}],"replies":[{"embeddable":true,"href":"https:\/\/portaltela.pt\/api\/wp\/v2\/comments?post=223600"}],"version-history":[{"count":0,"href":"https:\/\/portaltela.pt\/api\/wp\/v2\/posts\/223600\/revisions"}],"wp:featuredmedia":[{"embeddable":true,"href":"https:\/\/portaltela.pt\/api\/wp\/v2\/media\/223603"}],"wp:attachment":[{"href":"https:\/\/portaltela.pt\/api\/wp\/v2\/media?parent=223600"}],"wp:term":[{"taxonomy":"category","embeddable":true,"href":"https:\/\/portaltela.pt\/api\/wp\/v2\/categories?post=223600"},{"taxonomy":"post_tag","embeddable":true,"href":"https:\/\/portaltela.pt\/api\/wp\/v2\/tags?post=223600"}],"curies":[{"name":"wp","href":"https:\/\/api.w.org\/{rel}","templated":true}]}}