{"id":223598,"date":"2026-02-23T21:42:00","date_gmt":"2026-02-24T00:42:00","guid":{"rendered":"https:\/\/portaltela.pt\/noticias\/2026\/02\/23\/filho-de-rob-reiner-declara-se-inocente-do-homicidio-dos-pais\/"},"modified":"2026-02-23T21:42:00","modified_gmt":"2026-02-24T00:42:00","slug":"filho-de-rob-reiner-declara-se-inocente-do-homicidio-dos-pais","status":"publish","type":"post","link":"https:\/\/portaltela.pt\/noticias\/2026\/02\/23\/filho-de-rob-reiner-declara-se-inocente-do-homicidio-dos-pais\/","title":{"rendered":"Filho de Rob Reiner declara-se inocente do homic\u00eddio dos pais"},"content":{"rendered":"<p>Nick Reiner, filho do realizador Rob Reiner, declarou-se inocente nesta segunda-feira, em tribunal de Los Angeles, da acusa\u00e7\u00e3o de homic\u00eddio dos seus pais, em dezembro passado. O julgamento come\u00e7ou com a leitura da defesa, dizendo-se inocente.<\/p>\n<p>Os corpos de Rob Reiner, 78 anos, e da mulher, 70, foram encontrados no dia 14 de dezembro na casa do casal, no bairro de Brentwood. Foram mortos com golpes de faca, segundo a acusa\u00e7\u00e3o.<\/p>\n<p>Nick Reiner enfrenta pena de pris\u00e3o perp\u00e9tica sem liberdade condicional; a pena de morte n\u00e3o foi abolida na Calif\u00f3rnia, que tem morat\u00f3ria desde 2019. O caso mant\u00e9m-se sujeito a futuras dilig\u00eancias judiciais.<\/p>\n<p>O jovem n\u00e3o teve direito a fian\u00e7a e continua detido, com pr\u00f3xima audi\u00eancia agendada para 29 de abril. A data original era janeiro, adiada ap\u00f3s o advogado abandonar o caso por circunst\u00e2ncias n\u00e3o reveladas.<\/p>\n<p>O advogado de defesa foi substitu\u00eddo por um defensor oficioso, enquanto a defesa n\u00e3o detalha estrat\u00e9gias. O caus\u00eddico anterior afirmou que Nick Reiner n\u00e3o \u00e9 culpado, sem comentar detalhes do processo.<\/p>\n<p>Segundo a imprensa, Nick vivia num anexo da propriedade dos pais. Na noite anterior aos homic\u00eddios ter\u00e1 interrompido uma festa com Conan O\u2019Brien, ocorrida na casa, gerando uma discuss\u00e3o com o pai.<\/p>\n<p>Fontes pr\u00f3ximas \u00e0 fam\u00edlia indicam ainda que, no dia do crime, havia jantar marcado com o ex-presidente Barack Obama e a mulher Michelle, bem como uma massagem agendada. Romy Reiner encontrou o corpo do pai; os param\u00e9dicos encontraram a m\u00e3e.<\/p>\n<p>A pol\u00edcia deteve Nick Reiner a poucos quil\u00f3metros do local do crime naquela mesma noite, conforme relatado em diversas fontes. O caso continua a aguardar novas informa\u00e7\u00f5es oficiais e prazos processuais.<\/p>\n","protected":false},"excerpt":{"rendered":"<ul>\n<li>Nick Reiner, filho do realizador Rob Reiner, declarou-se inocente, em tribunal de Los Angeles, da acusa\u00e7\u00e3o de homic\u00eddio dos pais, ocorridos em dezembro.<\/li>\n<li>Os corpos do cineasta de 78 anos e da mulher, de 70, foram encontrados \u00e0 firma de casa em Brentwood, Los Angeles, assassinados com esfaqueamentos.<\/li>\n<li>A defesa aponta para a sa\u00fade mental de Nick, com historial de abuso de subst\u00e2ncias e diagn\u00f3stico de esquizofrenia, como poss\u00edvel fator no caso.<\/li>\n<li>O tribunal rejeitou fian\u00e7a; Nick permanece detido e a pr\u00f3xima audi\u00eancia ficou marcada para 29 de abril; o advogado anterior abandonou o caso.<\/li>\n<li>Nick viveu num anexo da propriedade dos pais; houve relatos de uma discuss\u00e3o violenta ap\u00f3s interromper uma festa de Conan O\u2019Brien; uma massagem marcada para o dia do facto e a descoberta dos corpos tamb\u00e9m s\u00e3o mencionadas.<\/li>\n<\/ul>\n","protected":false},"author":2,"featured_media":223599,"comment_status":"closed","ping_status":"closed","sticky":false,"template":"","format":"standard","meta":{"footnotes":""},"categories":[1],"tags":[6044,147,64,1345,803,5661],"class_list":["post-223598","post","type-post","status-publish","format-standard","has-post-thumbnail","hentry","category-noticias","tag-barack-obama","tag-crime","tag-familia","tag-homicidio","tag-justica","tag-pessoas-publicas"],"yoast_head":"<!-- This site is optimized with the Yoast SEO plugin v27.2 - https:\/\/yoast.com\/product\/yoast-seo-wordpress\/ -->\n<title>Filho de Rob Reiner declara-se inocente do homic\u00eddio dos pais - Portal Tela Portugal<\/title>\n<meta name=\"robots\" content=\"index, follow, max-snippet:-1, max-image-preview:large, max-video-preview:-1\" \/>\n<meta property=\"og:locale\" content=\"pt_PT\" \/>\n<meta property=\"og:type\" content=\"article\" \/>\n<meta property=\"og:title\" content=\"Filho de Rob Reiner declara-se inocente do homic\u00eddio dos pais - Portal Tela Portugal\" \/>\n<meta property=\"og:description\" content=\"Nick Reiner, filho do realizador Rob Reiner, declarou-se inocente, em tribunal de Los Angeles, da acusa\u00e7\u00e3o de homic\u00eddio dos pais, ocorridos em dezembro. Os corpos do cineasta de 78 anos e da mulher, de 70, foram encontrados \u00e0 firma de casa em Brentwood, Los Angeles, assassinados com esfaqueamentos. A defesa aponta para a sa\u00fade mental de Nick, com historial de abuso de subst\u00e2ncias e diagn\u00f3stico de esquizofrenia, como poss\u00edvel fator no caso. O tribunal rejeitou fian\u00e7a; Nick permanece detido e a pr\u00f3xima audi\u00eancia ficou marcada para 29 de abril; o advogado anterior abandonou o caso. Nick viveu num anexo da propriedade dos pais; houve relatos de uma discuss\u00e3o violenta ap\u00f3s interromper uma festa de Conan O\u2019Brien; uma massagem marcada para o dia do facto e a descoberta dos corpos tamb\u00e9m s\u00e3o mencionadas.\" \/>\n<meta property=\"og:url\" content=\"https:\/\/portaltela.pt\/noticias\/2026\/02\/23\/filho-de-rob-reiner-declara-se-inocente-do-homicidio-dos-pais\/\" \/>\n<meta property=\"og:site_name\" content=\"Portal Tela Portugal\" \/>\n<meta property=\"article:published_time\" content=\"2026-02-24T00:42:00+00:00\" \/>\n<meta name=\"author\" content=\"Telinha\" \/>\n<meta name=\"twitter:card\" content=\"summary_large_image\" \/>\n<meta name=\"twitter:label1\" content=\"Escrito por\" \/>\n\t<meta name=\"twitter:data1\" content=\"Telinha\" \/>\n\t<meta name=\"twitter:label2\" content=\"Tempo estimado de leitura\" \/>\n\t<meta name=\"twitter:data2\" content=\"1 minuto\" \/>\n<script type=\"application\/ld+json\" class=\"yoast-schema-graph\">{\"@context\":\"https:\/\/schema.org\",\"@graph\":[{\"@type\":\"Article\",\"@id\":\"https:\/\/portaltela.pt\/noticias\/2026\/02\/23\/filho-de-rob-reiner-declara-se-inocente-do-homicidio-dos-pais\/#article\",\"isPartOf\":{\"@id\":\"https:\/\/portaltela.pt\/noticias\/2026\/02\/23\/filho-de-rob-reiner-declara-se-inocente-do-homicidio-dos-pais\/\"},\"author\":{\"name\":\"Telinha\",\"@id\":\"https:\/\/portaltela.pt\/#\/schema\/person\/c4278d4a6028830caff9ee44b42d32ed\"},\"headline\":\"Filho de Rob Reiner declara-se inocente do homic\u00eddio dos pais\",\"datePublished\":\"2026-02-24T00:42:00+00:00\",\"mainEntityOfPage\":{\"@id\":\"https:\/\/portaltela.pt\/noticias\/2026\/02\/23\/filho-de-rob-reiner-declara-se-inocente-do-homicidio-dos-pais\/\"},\"wordCount\":308,\"image\":{\"@id\":\"https:\/\/portaltela.pt\/noticias\/2026\/02\/23\/filho-de-rob-reiner-declara-se-inocente-do-homicidio-dos-pais\/#primaryimage\"},\"thumbnailUrl\":\"https:\/\/portaltela.pt\/s.01k8rhncp4jt1\/2026\/02\/image-1735.jpg\",\"keywords\":[\"Barack Obama\",\"crime\",\"fam\u00edlia\",\"homic\u00eddio\",\"justi\u00e7a\",\"pessoas p\u00fablicas\"],\"articleSection\":[\"Not\u00edcias\"],\"inLanguage\":\"pt-PT\"},{\"@type\":\"WebPage\",\"@id\":\"https:\/\/portaltela.pt\/noticias\/2026\/02\/23\/filho-de-rob-reiner-declara-se-inocente-do-homicidio-dos-pais\/\",\"url\":\"https:\/\/portaltela.pt\/noticias\/2026\/02\/23\/filho-de-rob-reiner-declara-se-inocente-do-homicidio-dos-pais\/\",\"name\":\"Filho de Rob Reiner declara-se inocente do homic\u00eddio dos pais - Portal Tela Portugal\",\"isPartOf\":{\"@id\":\"https:\/\/portaltela.pt\/#website\"},\"primaryImageOfPage\":{\"@id\":\"https:\/\/portaltela.pt\/noticias\/2026\/02\/23\/filho-de-rob-reiner-declara-se-inocente-do-homicidio-dos-pais\/#primaryimage\"},\"image\":{\"@id\":\"https:\/\/portaltela.pt\/noticias\/2026\/02\/23\/filho-de-rob-reiner-declara-se-inocente-do-homicidio-dos-pais\/#primaryimage\"},\"thumbnailUrl\":\"https:\/\/portaltela.pt\/s.01k8rhncp4jt1\/2026\/02\/image-1735.jpg\",\"datePublished\":\"2026-02-24T00:42:00+00:00\",\"author\":{\"@id\":\"https:\/\/portaltela.pt\/#\/schema\/person\/c4278d4a6028830caff9ee44b42d32ed\"},\"breadcrumb\":{\"@id\":\"https:\/\/portaltela.pt\/noticias\/2026\/02\/23\/filho-de-rob-reiner-declara-se-inocente-do-homicidio-dos-pais\/#breadcrumb\"},\"inLanguage\":\"pt-PT\",\"potentialAction\":[{\"@type\":\"ReadAction\",\"target\":[\"https:\/\/portaltela.pt\/noticias\/2026\/02\/23\/filho-de-rob-reiner-declara-se-inocente-do-homicidio-dos-pais\/\"]}]},{\"@type\":\"ImageObject\",\"inLanguage\":\"pt-PT\",\"@id\":\"https:\/\/portaltela.pt\/noticias\/2026\/02\/23\/filho-de-rob-reiner-declara-se-inocente-do-homicidio-dos-pais\/#primaryimage\",\"url\":\"https:\/\/portaltela.pt\/s.01k8rhncp4jt1\/2026\/02\/image-1735.jpg\",\"contentUrl\":\"https:\/\/portaltela.pt\/s.01k8rhncp4jt1\/2026\/02\/image-1735.jpg\",\"width\":796,\"height\":448,\"caption\":\"Nick Reiner\"},{\"@type\":\"BreadcrumbList\",\"@id\":\"https:\/\/portaltela.pt\/noticias\/2026\/02\/23\/filho-de-rob-reiner-declara-se-inocente-do-homicidio-dos-pais\/#breadcrumb\",\"itemListElement\":[{\"@type\":\"ListItem\",\"position\":1,\"name\":\"In\u00edcio\",\"item\":\"https:\/\/portaltela.pt\/\"},{\"@type\":\"ListItem\",\"position\":2,\"name\":\"Filho de Rob Reiner declara-se inocente do homic\u00eddio dos pais\"}]},{\"@type\":\"WebSite\",\"@id\":\"https:\/\/portaltela.pt\/#website\",\"url\":\"https:\/\/portaltela.pt\/\",\"name\":\"Portal Tela Portugal\",\"description\":\"\",\"potentialAction\":[{\"@type\":\"SearchAction\",\"target\":{\"@type\":\"EntryPoint\",\"urlTemplate\":\"https:\/\/portaltela.pt\/?s={search_term_string}\"},\"query-input\":{\"@type\":\"PropertyValueSpecification\",\"valueRequired\":true,\"valueName\":\"search_term_string\"}}],\"inLanguage\":\"pt-PT\"},{\"@type\":\"Person\",\"@id\":\"https:\/\/portaltela.pt\/#\/schema\/person\/c4278d4a6028830caff9ee44b42d32ed\",\"name\":\"Telinha\",\"image\":{\"@type\":\"ImageObject\",\"inLanguage\":\"pt-PT\",\"@id\":\"https:\/\/portaltela.pt\/s.01k8rhncp4jt1\/2025\/11\/talking-bot-125x125.png\",\"url\":\"https:\/\/portaltela.pt\/s.01k8rhncp4jt1\/2025\/11\/talking-bot-125x125.png\",\"contentUrl\":\"https:\/\/portaltela.pt\/s.01k8rhncp4jt1\/2025\/11\/talking-bot-125x125.png\",\"caption\":\"Telinha\"},\"sameAs\":[\"https:\/\/portaltela.pt\/\"],\"url\":\"https:\/\/portaltela.pt\/por\/367410592786\/\"}]}<\/script>\n<!-- \/ Yoast SEO plugin. -->","yoast_head_json":{"title":"Filho de Rob Reiner declara-se inocente do homic\u00eddio dos pais - Portal Tela Portugal","robots":{"index":"index","follow":"follow","max-snippet":"max-snippet:-1","max-image-preview":"max-image-preview:large","max-video-preview":"max-video-preview:-1"},"og_locale":"pt_PT","og_type":"article","og_title":"Filho de Rob Reiner declara-se inocente do homic\u00eddio dos pais - Portal Tela Portugal","og_description":"Nick Reiner, filho do realizador Rob Reiner, declarou-se inocente, em tribunal de Los Angeles, da acusa\u00e7\u00e3o de homic\u00eddio dos pais, ocorridos em dezembro. Os corpos do cineasta de 78 anos e da mulher, de 70, foram encontrados \u00e0 firma de casa em Brentwood, Los Angeles, assassinados com esfaqueamentos. A defesa aponta para a sa\u00fade mental de Nick, com historial de abuso de subst\u00e2ncias e diagn\u00f3stico de esquizofrenia, como poss\u00edvel fator no caso. O tribunal rejeitou fian\u00e7a; Nick permanece detido e a pr\u00f3xima audi\u00eancia ficou marcada para 29 de abril; o advogado anterior abandonou o caso. Nick viveu num anexo da propriedade dos pais; houve relatos de uma discuss\u00e3o violenta ap\u00f3s interromper uma festa de Conan O\u2019Brien; uma massagem marcada para o dia do facto e a descoberta dos corpos tamb\u00e9m s\u00e3o mencionadas.","og_url":"https:\/\/portaltela.pt\/noticias\/2026\/02\/23\/filho-de-rob-reiner-declara-se-inocente-do-homicidio-dos-pais\/","og_site_name":"Portal Tela Portugal","article_published_time":"2026-02-24T00:42:00+00:00","author":"Telinha","twitter_card":"summary_large_image","twitter_misc":{"Escrito por":"Telinha","Tempo estimado de leitura":"1 minuto"},"schema":{"@context":"https:\/\/schema.org","@graph":[{"@type":"Article","@id":"https:\/\/portaltela.pt\/noticias\/2026\/02\/23\/filho-de-rob-reiner-declara-se-inocente-do-homicidio-dos-pais\/#article","isPartOf":{"@id":"https:\/\/portaltela.pt\/noticias\/2026\/02\/23\/filho-de-rob-reiner-declara-se-inocente-do-homicidio-dos-pais\/"},"author":{"name":"Telinha","@id":"https:\/\/portaltela.pt\/#\/schema\/person\/c4278d4a6028830caff9ee44b42d32ed"},"headline":"Filho de Rob Reiner declara-se inocente do homic\u00eddio dos pais","datePublished":"2026-02-24T00:42:00+00:00","mainEntityOfPage":{"@id":"https:\/\/portaltela.pt\/noticias\/2026\/02\/23\/filho-de-rob-reiner-declara-se-inocente-do-homicidio-dos-pais\/"},"wordCount":308,"image":{"@id":"https:\/\/portaltela.pt\/noticias\/2026\/02\/23\/filho-de-rob-reiner-declara-se-inocente-do-homicidio-dos-pais\/#primaryimage"},"thumbnailUrl":"https:\/\/portaltela.pt\/s.01k8rhncp4jt1\/2026\/02\/image-1735.jpg","keywords":["Barack Obama","crime","fam\u00edlia","homic\u00eddio","justi\u00e7a","pessoas p\u00fablicas"],"articleSection":["Not\u00edcias"],"inLanguage":"pt-PT"},{"@type":"WebPage","@id":"https:\/\/portaltela.pt\/noticias\/2026\/02\/23\/filho-de-rob-reiner-declara-se-inocente-do-homicidio-dos-pais\/","url":"https:\/\/portaltela.pt\/noticias\/2026\/02\/23\/filho-de-rob-reiner-declara-se-inocente-do-homicidio-dos-pais\/","name":"Filho de Rob Reiner declara-se inocente do homic\u00eddio dos pais - Portal Tela Portugal","isPartOf":{"@id":"https:\/\/portaltela.pt\/#website"},"primaryImageOfPage":{"@id":"https:\/\/portaltela.pt\/noticias\/2026\/02\/23\/filho-de-rob-reiner-declara-se-inocente-do-homicidio-dos-pais\/#primaryimage"},"image":{"@id":"https:\/\/portaltela.pt\/noticias\/2026\/02\/23\/filho-de-rob-reiner-declara-se-inocente-do-homicidio-dos-pais\/#primaryimage"},"thumbnailUrl":"https:\/\/portaltela.pt\/s.01k8rhncp4jt1\/2026\/02\/image-1735.jpg","datePublished":"2026-02-24T00:42:00+00:00","author":{"@id":"https:\/\/portaltela.pt\/#\/schema\/person\/c4278d4a6028830caff9ee44b42d32ed"},"breadcrumb":{"@id":"https:\/\/portaltela.pt\/noticias\/2026\/02\/23\/filho-de-rob-reiner-declara-se-inocente-do-homicidio-dos-pais\/#breadcrumb"},"inLanguage":"pt-PT","potentialAction":[{"@type":"ReadAction","target":["https:\/\/portaltela.pt\/noticias\/2026\/02\/23\/filho-de-rob-reiner-declara-se-inocente-do-homicidio-dos-pais\/"]}]},{"@type":"ImageObject","inLanguage":"pt-PT","@id":"https:\/\/portaltela.pt\/noticias\/2026\/02\/23\/filho-de-rob-reiner-declara-se-inocente-do-homicidio-dos-pais\/#primaryimage","url":"https:\/\/portaltela.pt\/s.01k8rhncp4jt1\/2026\/02\/image-1735.jpg","contentUrl":"https:\/\/portaltela.pt\/s.01k8rhncp4jt1\/2026\/02\/image-1735.jpg","width":796,"height":448,"caption":"Nick Reiner"},{"@type":"BreadcrumbList","@id":"https:\/\/portaltela.pt\/noticias\/2026\/02\/23\/filho-de-rob-reiner-declara-se-inocente-do-homicidio-dos-pais\/#breadcrumb","itemListElement":[{"@type":"ListItem","position":1,"name":"In\u00edcio","item":"https:\/\/portaltela.pt\/"},{"@type":"ListItem","position":2,"name":"Filho de Rob Reiner declara-se inocente do homic\u00eddio dos pais"}]},{"@type":"WebSite","@id":"https:\/\/portaltela.pt\/#website","url":"https:\/\/portaltela.pt\/","name":"Portal Tela Portugal","description":"","potentialAction":[{"@type":"SearchAction","target":{"@type":"EntryPoint","urlTemplate":"https:\/\/portaltela.pt\/?s={search_term_string}"},"query-input":{"@type":"PropertyValueSpecification","valueRequired":true,"valueName":"search_term_string"}}],"inLanguage":"pt-PT"},{"@type":"Person","@id":"https:\/\/portaltela.pt\/#\/schema\/person\/c4278d4a6028830caff9ee44b42d32ed","name":"Telinha","image":{"@type":"ImageObject","inLanguage":"pt-PT","@id":"https:\/\/portaltela.pt\/s.01k8rhncp4jt1\/2025\/11\/talking-bot-125x125.png","url":"https:\/\/portaltela.pt\/s.01k8rhncp4jt1\/2025\/11\/talking-bot-125x125.png","contentUrl":"https:\/\/portaltela.pt\/s.01k8rhncp4jt1\/2025\/11\/talking-bot-125x125.png","caption":"Telinha"},"sameAs":["https:\/\/portaltela.pt\/"],"url":"https:\/\/portaltela.pt\/por\/367410592786\/"}]}},"_links":{"self":[{"href":"https:\/\/portaltela.pt\/api\/wp\/v2\/posts\/223598","targetHints":{"allow":["GET"]}}],"collection":[{"href":"https:\/\/portaltela.pt\/api\/wp\/v2\/posts"}],"about":[{"href":"https:\/\/portaltela.pt\/api\/wp\/v2\/types\/post"}],"author":[{"embeddable":true,"href":"https:\/\/portaltela.pt\/api\/wp\/v2\/users\/2"}],"replies":[{"embeddable":true,"href":"https:\/\/portaltela.pt\/api\/wp\/v2\/comments?post=223598"}],"version-history":[{"count":0,"href":"https:\/\/portaltela.pt\/api\/wp\/v2\/posts\/223598\/revisions"}],"wp:featuredmedia":[{"embeddable":true,"href":"https:\/\/portaltela.pt\/api\/wp\/v2\/media\/223599"}],"wp:attachment":[{"href":"https:\/\/portaltela.pt\/api\/wp\/v2\/media?parent=223598"}],"wp:term":[{"taxonomy":"category","embeddable":true,"href":"https:\/\/portaltela.pt\/api\/wp\/v2\/categories?post=223598"},{"taxonomy":"post_tag","embeddable":true,"href":"https:\/\/portaltela.pt\/api\/wp\/v2\/tags?post=223598"}],"curies":[{"name":"wp","href":"https:\/\/api.w.org\/{rel}","templated":true}]}}