{"id":223591,"date":"2026-02-23T22:30:00","date_gmt":"2026-02-24T01:30:00","guid":{"rendered":"https:\/\/portaltela.pt\/noticias\/2026\/02\/23\/ministerio-da-saude-alerta-para-risco-do-desafio-do-paracetamol\/"},"modified":"2026-02-23T22:30:00","modified_gmt":"2026-02-24T01:30:00","slug":"ministerio-da-saude-alerta-para-risco-do-desafio-do-paracetamol","status":"publish","type":"post","link":"https:\/\/portaltela.pt\/noticias\/2026\/02\/23\/ministerio-da-saude-alerta-para-risco-do-desafio-do-paracetamol\/","title":{"rendered":"Minist\u00e9rio da Sa\u00fade alerta para risco do Desafio do Paracetamol"},"content":{"rendered":"<p>O Minist\u00e9rio da Sa\u00fade emitiu um alerta sobre o aumento de intoxica\u00e7\u00f5es entre jovens ligado ao Desafio do Paracetamol, que circula nas redes sociais. O desafio envolve tomar grandes quantidades do medicamento de uma s\u00f3 vez e vence quem n\u00e3o precisa ir ao hospital.<\/p>\n<p>O alerta destaca que o tema representa um risco grave para a sa\u00fade e que n\u00e3o h\u00e1 benef\u00edcio m\u00e9dico no desafio. O Governo refor\u00e7a que \u00e9 necess\u00e1rio evitar qualquer participa\u00e7\u00e3o, partilha ou incentivo entre os jovens.<\/p>\n<p>A PSP tamb\u00e9m se associou ao alerta, apelando \u00e0 atua\u00e7\u00e3o preventiva de pais e familiares. A pol\u00edcia refor\u00e7a a import\u00e2ncia de prevenir situa\u00e7\u00f5es que possam colocar menores em risco.<\/p>\n<h3>A\u00e7\u00e3o de preven\u00e7\u00e3o<\/h3>\n<p>A autoridade de seguran\u00e7a solicita di\u00e1logo com crian\u00e7as, adolescentes e cuidadores para esclarecer os perigos do desafio. N\u00e3o h\u00e1 confirma\u00e7\u00e3o de incidentes espec\u00edficos pela PSP, mas o foco \u00e9 reduzir casos potenciais.<\/p>\n<h3>Contexto das orienta\u00e7\u00f5es<\/h3>\n<p>As informa\u00e7\u00f5es destacam que o paracetamol, quando usado de forma inadequada, pode causar danos graves ao f\u00edgado. Autoridades pedem aten\u00e7\u00e3o para sinais de intoxica\u00e7\u00e3o e a busca de apoio m\u00e9dico imediato.<\/p>\n","protected":false},"excerpt":{"rendered":"<ul>\n<li>O Minist\u00e9rio da Sa\u00fade emitiu um alerta sobre o aumento de intoxica\u00e7\u00f5es entre jovens associadas ao \u201cDesafio do Paracetamol\u201d nas redes sociais.<\/li>\n<li>O objetivo do desafio \u00e9 tomar grandes quantidades do medicamento de uma s\u00f3 vez, com o suposto esquema de vencer quem n\u00e3o precisa de hospitaliza\u00e7\u00e3o.<\/li>\n<li>O Governo alerta que n\u00e3o se trata de um jogo e que o desafio representa um risco s\u00e9rio para a sa\u00fade.<\/li>\n<li>A mensagem oficial exorta: n\u00e3o participes, n\u00e3o partilhes e n\u00e3o incentiv\u00eas.<\/li>\n<li>A Pol\u00edcia de Seguran\u00e7a P\u00fablica (PSP) pediu a\u00e7\u00e3o preventiva a todos os pais e familiares.<\/li>\n<\/ul>\n","protected":false},"author":2,"featured_media":223597,"comment_status":"closed","ping_status":"closed","sticky":false,"template":"","format":"standard","meta":{"footnotes":""},"categories":[1],"tags":[5563,5296,74,172,271,250],"class_list":["post-223591","post","type-post","status-publish","format-standard","has-post-thumbnail","hentry","category-noticias","tag-informacao-publica","tag-intoxicacoes","tag-prevencao","tag-saude","tag-saude-publica","tag-seguranca-publica"],"yoast_head":"<!-- This site is optimized with the Yoast SEO plugin v27.2 - https:\/\/yoast.com\/product\/yoast-seo-wordpress\/ -->\n<title>Minist\u00e9rio da Sa\u00fade alerta para risco do Desafio do Paracetamol - Portal Tela Portugal<\/title>\n<meta name=\"robots\" content=\"index, follow, max-snippet:-1, max-image-preview:large, max-video-preview:-1\" \/>\n<meta property=\"og:locale\" content=\"pt_PT\" \/>\n<meta property=\"og:type\" content=\"article\" \/>\n<meta property=\"og:title\" content=\"Minist\u00e9rio da Sa\u00fade alerta para risco do Desafio do Paracetamol - Portal Tela Portugal\" \/>\n<meta property=\"og:description\" content=\"O Minist\u00e9rio da Sa\u00fade emitiu um alerta sobre o aumento de intoxica\u00e7\u00f5es entre jovens associadas ao \u201cDesafio do Paracetamol\u201d nas redes sociais. O objetivo do desafio \u00e9 tomar grandes quantidades do medicamento de uma s\u00f3 vez, com o suposto esquema de vencer quem n\u00e3o precisa de hospitaliza\u00e7\u00e3o. O Governo alerta que n\u00e3o se trata de um jogo e que o desafio representa um risco s\u00e9rio para a sa\u00fade. A mensagem oficial exorta: n\u00e3o participes, n\u00e3o partilhes e n\u00e3o incentiv\u00eas. A Pol\u00edcia de Seguran\u00e7a P\u00fablica (PSP) pediu a\u00e7\u00e3o preventiva a todos os pais e familiares.\" \/>\n<meta property=\"og:url\" content=\"https:\/\/portaltela.pt\/noticias\/2026\/02\/23\/ministerio-da-saude-alerta-para-risco-do-desafio-do-paracetamol\/\" \/>\n<meta property=\"og:site_name\" content=\"Portal Tela Portugal\" \/>\n<meta property=\"article:published_time\" content=\"2026-02-24T01:30:00+00:00\" \/>\n<meta name=\"author\" content=\"Telinha\" \/>\n<meta name=\"twitter:card\" content=\"summary_large_image\" \/>\n<meta name=\"twitter:label1\" content=\"Escrito por\" \/>\n\t<meta name=\"twitter:data1\" content=\"Telinha\" \/>\n\t<meta name=\"twitter:label2\" content=\"Tempo estimado de leitura\" \/>\n\t<meta name=\"twitter:data2\" content=\"1 minuto\" \/>\n<script type=\"application\/ld+json\" class=\"yoast-schema-graph\">{\"@context\":\"https:\/\/schema.org\",\"@graph\":[{\"@type\":\"Article\",\"@id\":\"https:\/\/portaltela.pt\/noticias\/2026\/02\/23\/ministerio-da-saude-alerta-para-risco-do-desafio-do-paracetamol\/#article\",\"isPartOf\":{\"@id\":\"https:\/\/portaltela.pt\/noticias\/2026\/02\/23\/ministerio-da-saude-alerta-para-risco-do-desafio-do-paracetamol\/\"},\"author\":{\"name\":\"Telinha\",\"@id\":\"https:\/\/portaltela.pt\/#\/schema\/person\/c4278d4a6028830caff9ee44b42d32ed\"},\"headline\":\"Minist\u00e9rio da Sa\u00fade alerta para risco do Desafio do Paracetamol\",\"datePublished\":\"2026-02-24T01:30:00+00:00\",\"mainEntityOfPage\":{\"@id\":\"https:\/\/portaltela.pt\/noticias\/2026\/02\/23\/ministerio-da-saude-alerta-para-risco-do-desafio-do-paracetamol\/\"},\"wordCount\":218,\"image\":{\"@id\":\"https:\/\/portaltela.pt\/noticias\/2026\/02\/23\/ministerio-da-saude-alerta-para-risco-do-desafio-do-paracetamol\/#primaryimage\"},\"thumbnailUrl\":\"https:\/\/portaltela.pt\/s.01k8rhncp4jt1\/2026\/02\/img_1500x1000uu2026-02-23-21-10-02-2268651-im-639074778156596416.jpg\",\"keywords\":[\"informa\u00e7\u00e3o p\u00fablica\",\"intoxica\u00e7\u00f5es\",\"preven\u00e7\u00e3o\",\"sa\u00fade\",\"sa\u00fade p\u00fablica\",\"seguran\u00e7a p\u00fablica\"],\"articleSection\":[\"Not\u00edcias\"],\"inLanguage\":\"pt-PT\"},{\"@type\":\"WebPage\",\"@id\":\"https:\/\/portaltela.pt\/noticias\/2026\/02\/23\/ministerio-da-saude-alerta-para-risco-do-desafio-do-paracetamol\/\",\"url\":\"https:\/\/portaltela.pt\/noticias\/2026\/02\/23\/ministerio-da-saude-alerta-para-risco-do-desafio-do-paracetamol\/\",\"name\":\"Minist\u00e9rio da Sa\u00fade alerta para risco do Desafio do Paracetamol - Portal Tela Portugal\",\"isPartOf\":{\"@id\":\"https:\/\/portaltela.pt\/#website\"},\"primaryImageOfPage\":{\"@id\":\"https:\/\/portaltela.pt\/noticias\/2026\/02\/23\/ministerio-da-saude-alerta-para-risco-do-desafio-do-paracetamol\/#primaryimage\"},\"image\":{\"@id\":\"https:\/\/portaltela.pt\/noticias\/2026\/02\/23\/ministerio-da-saude-alerta-para-risco-do-desafio-do-paracetamol\/#primaryimage\"},\"thumbnailUrl\":\"https:\/\/portaltela.pt\/s.01k8rhncp4jt1\/2026\/02\/img_1500x1000uu2026-02-23-21-10-02-2268651-im-639074778156596416.jpg\",\"datePublished\":\"2026-02-24T01:30:00+00:00\",\"author\":{\"@id\":\"https:\/\/portaltela.pt\/#\/schema\/person\/c4278d4a6028830caff9ee44b42d32ed\"},\"breadcrumb\":{\"@id\":\"https:\/\/portaltela.pt\/noticias\/2026\/02\/23\/ministerio-da-saude-alerta-para-risco-do-desafio-do-paracetamol\/#breadcrumb\"},\"inLanguage\":\"pt-PT\",\"potentialAction\":[{\"@type\":\"ReadAction\",\"target\":[\"https:\/\/portaltela.pt\/noticias\/2026\/02\/23\/ministerio-da-saude-alerta-para-risco-do-desafio-do-paracetamol\/\"]}]},{\"@type\":\"ImageObject\",\"inLanguage\":\"pt-PT\",\"@id\":\"https:\/\/portaltela.pt\/noticias\/2026\/02\/23\/ministerio-da-saude-alerta-para-risco-do-desafio-do-paracetamol\/#primaryimage\",\"url\":\"https:\/\/portaltela.pt\/s.01k8rhncp4jt1\/2026\/02\/img_1500x1000uu2026-02-23-21-10-02-2268651-im-639074778156596416.jpg\",\"contentUrl\":\"https:\/\/portaltela.pt\/s.01k8rhncp4jt1\/2026\/02\/img_1500x1000uu2026-02-23-21-10-02-2268651-im-639074778156596416.jpg\",\"width\":1500,\"height\":1000,\"caption\":\"Aumentam as intoxica\u00e7\u00f5es entre os jovens que tomam em excesso paracetamol\"},{\"@type\":\"BreadcrumbList\",\"@id\":\"https:\/\/portaltela.pt\/noticias\/2026\/02\/23\/ministerio-da-saude-alerta-para-risco-do-desafio-do-paracetamol\/#breadcrumb\",\"itemListElement\":[{\"@type\":\"ListItem\",\"position\":1,\"name\":\"In\u00edcio\",\"item\":\"https:\/\/portaltela.pt\/\"},{\"@type\":\"ListItem\",\"position\":2,\"name\":\"Minist\u00e9rio da Sa\u00fade alerta para risco do Desafio do Paracetamol\"}]},{\"@type\":\"WebSite\",\"@id\":\"https:\/\/portaltela.pt\/#website\",\"url\":\"https:\/\/portaltela.pt\/\",\"name\":\"Portal Tela Portugal\",\"description\":\"\",\"potentialAction\":[{\"@type\":\"SearchAction\",\"target\":{\"@type\":\"EntryPoint\",\"urlTemplate\":\"https:\/\/portaltela.pt\/?s={search_term_string}\"},\"query-input\":{\"@type\":\"PropertyValueSpecification\",\"valueRequired\":true,\"valueName\":\"search_term_string\"}}],\"inLanguage\":\"pt-PT\"},{\"@type\":\"Person\",\"@id\":\"https:\/\/portaltela.pt\/#\/schema\/person\/c4278d4a6028830caff9ee44b42d32ed\",\"name\":\"Telinha\",\"image\":{\"@type\":\"ImageObject\",\"inLanguage\":\"pt-PT\",\"@id\":\"https:\/\/portaltela.pt\/s.01k8rhncp4jt1\/2025\/11\/talking-bot-125x125.png\",\"url\":\"https:\/\/portaltela.pt\/s.01k8rhncp4jt1\/2025\/11\/talking-bot-125x125.png\",\"contentUrl\":\"https:\/\/portaltela.pt\/s.01k8rhncp4jt1\/2025\/11\/talking-bot-125x125.png\",\"caption\":\"Telinha\"},\"sameAs\":[\"https:\/\/portaltela.pt\/\"],\"url\":\"https:\/\/portaltela.pt\/por\/367410592786\/\"}]}<\/script>\n<!-- \/ Yoast SEO plugin. -->","yoast_head_json":{"title":"Minist\u00e9rio da Sa\u00fade alerta para risco do Desafio do Paracetamol - Portal Tela Portugal","robots":{"index":"index","follow":"follow","max-snippet":"max-snippet:-1","max-image-preview":"max-image-preview:large","max-video-preview":"max-video-preview:-1"},"og_locale":"pt_PT","og_type":"article","og_title":"Minist\u00e9rio da Sa\u00fade alerta para risco do Desafio do Paracetamol - Portal Tela Portugal","og_description":"O Minist\u00e9rio da Sa\u00fade emitiu um alerta sobre o aumento de intoxica\u00e7\u00f5es entre jovens associadas ao \u201cDesafio do Paracetamol\u201d nas redes sociais. O objetivo do desafio \u00e9 tomar grandes quantidades do medicamento de uma s\u00f3 vez, com o suposto esquema de vencer quem n\u00e3o precisa de hospitaliza\u00e7\u00e3o. O Governo alerta que n\u00e3o se trata de um jogo e que o desafio representa um risco s\u00e9rio para a sa\u00fade. A mensagem oficial exorta: n\u00e3o participes, n\u00e3o partilhes e n\u00e3o incentiv\u00eas. A Pol\u00edcia de Seguran\u00e7a P\u00fablica (PSP) pediu a\u00e7\u00e3o preventiva a todos os pais e familiares.","og_url":"https:\/\/portaltela.pt\/noticias\/2026\/02\/23\/ministerio-da-saude-alerta-para-risco-do-desafio-do-paracetamol\/","og_site_name":"Portal Tela Portugal","article_published_time":"2026-02-24T01:30:00+00:00","author":"Telinha","twitter_card":"summary_large_image","twitter_misc":{"Escrito por":"Telinha","Tempo estimado de leitura":"1 minuto"},"schema":{"@context":"https:\/\/schema.org","@graph":[{"@type":"Article","@id":"https:\/\/portaltela.pt\/noticias\/2026\/02\/23\/ministerio-da-saude-alerta-para-risco-do-desafio-do-paracetamol\/#article","isPartOf":{"@id":"https:\/\/portaltela.pt\/noticias\/2026\/02\/23\/ministerio-da-saude-alerta-para-risco-do-desafio-do-paracetamol\/"},"author":{"name":"Telinha","@id":"https:\/\/portaltela.pt\/#\/schema\/person\/c4278d4a6028830caff9ee44b42d32ed"},"headline":"Minist\u00e9rio da Sa\u00fade alerta para risco do Desafio do Paracetamol","datePublished":"2026-02-24T01:30:00+00:00","mainEntityOfPage":{"@id":"https:\/\/portaltela.pt\/noticias\/2026\/02\/23\/ministerio-da-saude-alerta-para-risco-do-desafio-do-paracetamol\/"},"wordCount":218,"image":{"@id":"https:\/\/portaltela.pt\/noticias\/2026\/02\/23\/ministerio-da-saude-alerta-para-risco-do-desafio-do-paracetamol\/#primaryimage"},"thumbnailUrl":"https:\/\/portaltela.pt\/s.01k8rhncp4jt1\/2026\/02\/img_1500x1000uu2026-02-23-21-10-02-2268651-im-639074778156596416.jpg","keywords":["informa\u00e7\u00e3o p\u00fablica","intoxica\u00e7\u00f5es","preven\u00e7\u00e3o","sa\u00fade","sa\u00fade p\u00fablica","seguran\u00e7a p\u00fablica"],"articleSection":["Not\u00edcias"],"inLanguage":"pt-PT"},{"@type":"WebPage","@id":"https:\/\/portaltela.pt\/noticias\/2026\/02\/23\/ministerio-da-saude-alerta-para-risco-do-desafio-do-paracetamol\/","url":"https:\/\/portaltela.pt\/noticias\/2026\/02\/23\/ministerio-da-saude-alerta-para-risco-do-desafio-do-paracetamol\/","name":"Minist\u00e9rio da Sa\u00fade alerta para risco do Desafio do Paracetamol - Portal Tela Portugal","isPartOf":{"@id":"https:\/\/portaltela.pt\/#website"},"primaryImageOfPage":{"@id":"https:\/\/portaltela.pt\/noticias\/2026\/02\/23\/ministerio-da-saude-alerta-para-risco-do-desafio-do-paracetamol\/#primaryimage"},"image":{"@id":"https:\/\/portaltela.pt\/noticias\/2026\/02\/23\/ministerio-da-saude-alerta-para-risco-do-desafio-do-paracetamol\/#primaryimage"},"thumbnailUrl":"https:\/\/portaltela.pt\/s.01k8rhncp4jt1\/2026\/02\/img_1500x1000uu2026-02-23-21-10-02-2268651-im-639074778156596416.jpg","datePublished":"2026-02-24T01:30:00+00:00","author":{"@id":"https:\/\/portaltela.pt\/#\/schema\/person\/c4278d4a6028830caff9ee44b42d32ed"},"breadcrumb":{"@id":"https:\/\/portaltela.pt\/noticias\/2026\/02\/23\/ministerio-da-saude-alerta-para-risco-do-desafio-do-paracetamol\/#breadcrumb"},"inLanguage":"pt-PT","potentialAction":[{"@type":"ReadAction","target":["https:\/\/portaltela.pt\/noticias\/2026\/02\/23\/ministerio-da-saude-alerta-para-risco-do-desafio-do-paracetamol\/"]}]},{"@type":"ImageObject","inLanguage":"pt-PT","@id":"https:\/\/portaltela.pt\/noticias\/2026\/02\/23\/ministerio-da-saude-alerta-para-risco-do-desafio-do-paracetamol\/#primaryimage","url":"https:\/\/portaltela.pt\/s.01k8rhncp4jt1\/2026\/02\/img_1500x1000uu2026-02-23-21-10-02-2268651-im-639074778156596416.jpg","contentUrl":"https:\/\/portaltela.pt\/s.01k8rhncp4jt1\/2026\/02\/img_1500x1000uu2026-02-23-21-10-02-2268651-im-639074778156596416.jpg","width":1500,"height":1000,"caption":"Aumentam as intoxica\u00e7\u00f5es entre os jovens que tomam em excesso paracetamol"},{"@type":"BreadcrumbList","@id":"https:\/\/portaltela.pt\/noticias\/2026\/02\/23\/ministerio-da-saude-alerta-para-risco-do-desafio-do-paracetamol\/#breadcrumb","itemListElement":[{"@type":"ListItem","position":1,"name":"In\u00edcio","item":"https:\/\/portaltela.pt\/"},{"@type":"ListItem","position":2,"name":"Minist\u00e9rio da Sa\u00fade alerta para risco do Desafio do Paracetamol"}]},{"@type":"WebSite","@id":"https:\/\/portaltela.pt\/#website","url":"https:\/\/portaltela.pt\/","name":"Portal Tela Portugal","description":"","potentialAction":[{"@type":"SearchAction","target":{"@type":"EntryPoint","urlTemplate":"https:\/\/portaltela.pt\/?s={search_term_string}"},"query-input":{"@type":"PropertyValueSpecification","valueRequired":true,"valueName":"search_term_string"}}],"inLanguage":"pt-PT"},{"@type":"Person","@id":"https:\/\/portaltela.pt\/#\/schema\/person\/c4278d4a6028830caff9ee44b42d32ed","name":"Telinha","image":{"@type":"ImageObject","inLanguage":"pt-PT","@id":"https:\/\/portaltela.pt\/s.01k8rhncp4jt1\/2025\/11\/talking-bot-125x125.png","url":"https:\/\/portaltela.pt\/s.01k8rhncp4jt1\/2025\/11\/talking-bot-125x125.png","contentUrl":"https:\/\/portaltela.pt\/s.01k8rhncp4jt1\/2025\/11\/talking-bot-125x125.png","caption":"Telinha"},"sameAs":["https:\/\/portaltela.pt\/"],"url":"https:\/\/portaltela.pt\/por\/367410592786\/"}]}},"_links":{"self":[{"href":"https:\/\/portaltela.pt\/api\/wp\/v2\/posts\/223591","targetHints":{"allow":["GET"]}}],"collection":[{"href":"https:\/\/portaltela.pt\/api\/wp\/v2\/posts"}],"about":[{"href":"https:\/\/portaltela.pt\/api\/wp\/v2\/types\/post"}],"author":[{"embeddable":true,"href":"https:\/\/portaltela.pt\/api\/wp\/v2\/users\/2"}],"replies":[{"embeddable":true,"href":"https:\/\/portaltela.pt\/api\/wp\/v2\/comments?post=223591"}],"version-history":[{"count":0,"href":"https:\/\/portaltela.pt\/api\/wp\/v2\/posts\/223591\/revisions"}],"wp:featuredmedia":[{"embeddable":true,"href":"https:\/\/portaltela.pt\/api\/wp\/v2\/media\/223597"}],"wp:attachment":[{"href":"https:\/\/portaltela.pt\/api\/wp\/v2\/media?parent=223591"}],"wp:term":[{"taxonomy":"category","embeddable":true,"href":"https:\/\/portaltela.pt\/api\/wp\/v2\/categories?post=223591"},{"taxonomy":"post_tag","embeddable":true,"href":"https:\/\/portaltela.pt\/api\/wp\/v2\/tags?post=223591"}],"curies":[{"name":"wp","href":"https:\/\/api.w.org\/{rel}","templated":true}]}}