{"id":223582,"date":"2026-02-23T22:30:00","date_gmt":"2026-02-24T01:30:00","guid":{"rendered":"https:\/\/portaltela.pt\/noticias\/2026\/02\/23\/ronaldo-apoia-lindsey-vonn\/"},"modified":"2026-02-23T22:30:00","modified_gmt":"2026-02-24T01:30:00","slug":"ronaldo-apoia-lindsey-vonn","status":"publish","type":"post","link":"https:\/\/portaltela.pt\/desporto\/2026\/02\/23\/ronaldo-apoia-lindsey-vonn\/","title":{"rendered":"Ronaldo apoia Lindsey Vonn"},"content":{"rendered":"<p>Cristiano Ronaldo revelou apoio p\u00fablico a Lindsey Vonn ap\u00f3s a queda que lhe provocou les\u00f5es graves nos Jogos Ol\u00edmpicos de Inverno. O gesto foi partilhado nas redes sociais do astro portugu\u00eas, como reconhecimento da for\u00e7a demonstrada pela atleta.<\/p>\n<p>Na mensagem, o craque elogiou Vonn pela determina\u00e7\u00e3o mostrada nos momentos dif\u00edceis, destacando que as campe\u00e3s se definem tamb\u00e9m pela capacidade de n\u00e3o desistir. A publica\u00e7\u00e3o chegou a v\u00e1rias plataformas digitais, atraindo aten\u00e7\u00e3o de f\u00e3s e do mundo desportivo.<\/p>\n<h3>Apoio nas redes<\/h3>\n<p>Lindsey Vonn respondeu aos elogios agradecendo a mensagem, indicando que o apoio de Ronaldo tem significado especial. A esquiadora continua em recupera\u00e7\u00e3o ap\u00f3s a queda que a deixa sem parte da perna esquerda, segundo informa\u00e7\u00f5es ainda a confirmar pelos organizadores.<\/p>\n<p>A reinterpreta\u00e7\u00e3o das palavras de Ronaldo enfatiza o reconhecimento p\u00fablico da atleta, cuja les\u00e3o ocorreu durante a competi\u00e7\u00e3o ol\u00edmp\u00edca de Inverno. O incidente gerou como\u00e7\u00e3o entre f\u00e3s e colegas do desporto, que acompanharam o evoluir do quadro cl\u00ednico.<\/p>\n","protected":false},"excerpt":{"rendered":"<ul>\n<li>Cristiano Ronaldo ofereceu apoio a Lindsey Vonn ap\u00f3s a queda nos Jogos Ol\u00edmpicos de Inverno, que deixou a esquiadora gravemente lesionada.<\/li>\n<li>O post de Ronaldo elogia as vit\u00f3rias e a determina\u00e7\u00e3o de Vonn, dizendo que as montanhas conquistadas n\u00e3o ser\u00e3o t\u00e3o grandes quanto a for\u00e7a que emana.<\/li>\n<li>Lindsey Vonn respondeu, dizendo: \u00abCristiano, vindo de ti isso significa tanto\u00bb.<\/li>\n<li>A les\u00e3o quase levou \u00e0 perda da perna esquerda de Vonn.<\/li>\n<li>O incidente ocorreu durante os Jogos Ol\u00edmpicos de Inverno, gerando mensagens de apoio de v\u00e1rias personalidades.<\/li>\n<\/ul>\n","protected":false},"author":2,"featured_media":223587,"comment_status":"closed","ping_status":"closed","sticky":false,"template":"","format":"standard","meta":{"footnotes":""},"categories":[21],"tags":[1947,152,2681,5661,2175],"class_list":["post-223582","post","type-post","status-publish","format-standard","has-post-thumbnail","hentry","category-desporto","tag-cristiano-ronaldo","tag-desporto","tag-desporto-internacional","tag-pessoas-publicas","tag-reconhecimentos-internacionais"],"yoast_head":"<!-- This site is optimized with the Yoast SEO plugin v27.2 - https:\/\/yoast.com\/product\/yoast-seo-wordpress\/ -->\n<title>Ronaldo apoia Lindsey Vonn - Portal Tela Portugal<\/title>\n<meta name=\"robots\" content=\"index, follow, max-snippet:-1, max-image-preview:large, max-video-preview:-1\" \/>\n<meta property=\"og:locale\" content=\"pt_PT\" \/>\n<meta property=\"og:type\" content=\"article\" \/>\n<meta property=\"og:title\" content=\"Ronaldo apoia Lindsey Vonn - Portal Tela Portugal\" \/>\n<meta property=\"og:description\" content=\"Cristiano Ronaldo ofereceu apoio a Lindsey Vonn ap\u00f3s a queda nos Jogos Ol\u00edmpicos de Inverno, que deixou a esquiadora gravemente lesionada. O post de Ronaldo elogia as vit\u00f3rias e a determina\u00e7\u00e3o de Vonn, dizendo que as montanhas conquistadas n\u00e3o ser\u00e3o t\u00e3o grandes quanto a for\u00e7a que emana. Lindsey Vonn respondeu, dizendo: \u00abCristiano, vindo de ti isso significa tanto\u00bb. A les\u00e3o quase levou \u00e0 perda da perna esquerda de Vonn. O incidente ocorreu durante os Jogos Ol\u00edmpicos de Inverno, gerando mensagens de apoio de v\u00e1rias personalidades.\" \/>\n<meta property=\"og:url\" content=\"https:\/\/portaltela.pt\/noticias\/2026\/02\/23\/ronaldo-apoia-lindsey-vonn\/\" \/>\n<meta property=\"og:site_name\" content=\"Portal Tela Portugal\" \/>\n<meta property=\"article:published_time\" content=\"2026-02-24T01:30:00+00:00\" \/>\n<meta name=\"author\" content=\"Telinha\" \/>\n<meta name=\"twitter:card\" content=\"summary_large_image\" \/>\n<meta name=\"twitter:label1\" content=\"Escrito por\" \/>\n\t<meta name=\"twitter:data1\" content=\"Telinha\" \/>\n\t<meta name=\"twitter:label2\" content=\"Tempo estimado de leitura\" \/>\n\t<meta name=\"twitter:data2\" content=\"1 minuto\" \/>\n<script type=\"application\/ld+json\" class=\"yoast-schema-graph\">{\"@context\":\"https:\/\/schema.org\",\"@graph\":[{\"@type\":\"Article\",\"@id\":\"https:\/\/portaltela.pt\/noticias\/2026\/02\/23\/ronaldo-apoia-lindsey-vonn\/#article\",\"isPartOf\":{\"@id\":\"https:\/\/portaltela.pt\/noticias\/2026\/02\/23\/ronaldo-apoia-lindsey-vonn\/\"},\"author\":{\"name\":\"Telinha\",\"@id\":\"https:\/\/portaltela.pt\/#\/schema\/person\/c4278d4a6028830caff9ee44b42d32ed\"},\"headline\":\"Ronaldo apoia Lindsey Vonn\",\"datePublished\":\"2026-02-24T01:30:00+00:00\",\"mainEntityOfPage\":{\"@id\":\"https:\/\/portaltela.pt\/noticias\/2026\/02\/23\/ronaldo-apoia-lindsey-vonn\/\"},\"wordCount\":189,\"image\":{\"@id\":\"https:\/\/portaltela.pt\/noticias\/2026\/02\/23\/ronaldo-apoia-lindsey-vonn\/#primaryimage\"},\"thumbnailUrl\":\"https:\/\/portaltela.pt\/s.01k8rhncp4jt1\/2026\/02\/img_1500x1000uu2026-02-23-23-03-58-2268685-im-639074847110564751.jpg\",\"keywords\":[\"Cristiano Ronaldo\",\"desporto\",\"desporto internacional\",\"pessoas p\u00fablicas\",\"reconhecimentos internacionais\"],\"articleSection\":[\"Desporto\"],\"inLanguage\":\"pt-PT\"},{\"@type\":\"WebPage\",\"@id\":\"https:\/\/portaltela.pt\/noticias\/2026\/02\/23\/ronaldo-apoia-lindsey-vonn\/\",\"url\":\"https:\/\/portaltela.pt\/noticias\/2026\/02\/23\/ronaldo-apoia-lindsey-vonn\/\",\"name\":\"Ronaldo apoia Lindsey Vonn - Portal Tela Portugal\",\"isPartOf\":{\"@id\":\"https:\/\/portaltela.pt\/#website\"},\"primaryImageOfPage\":{\"@id\":\"https:\/\/portaltela.pt\/noticias\/2026\/02\/23\/ronaldo-apoia-lindsey-vonn\/#primaryimage\"},\"image\":{\"@id\":\"https:\/\/portaltela.pt\/noticias\/2026\/02\/23\/ronaldo-apoia-lindsey-vonn\/#primaryimage\"},\"thumbnailUrl\":\"https:\/\/portaltela.pt\/s.01k8rhncp4jt1\/2026\/02\/img_1500x1000uu2026-02-23-23-03-58-2268685-im-639074847110564751.jpg\",\"datePublished\":\"2026-02-24T01:30:00+00:00\",\"author\":{\"@id\":\"https:\/\/portaltela.pt\/#\/schema\/person\/c4278d4a6028830caff9ee44b42d32ed\"},\"breadcrumb\":{\"@id\":\"https:\/\/portaltela.pt\/noticias\/2026\/02\/23\/ronaldo-apoia-lindsey-vonn\/#breadcrumb\"},\"inLanguage\":\"pt-PT\",\"potentialAction\":[{\"@type\":\"ReadAction\",\"target\":[\"https:\/\/portaltela.pt\/noticias\/2026\/02\/23\/ronaldo-apoia-lindsey-vonn\/\"]}]},{\"@type\":\"ImageObject\",\"inLanguage\":\"pt-PT\",\"@id\":\"https:\/\/portaltela.pt\/noticias\/2026\/02\/23\/ronaldo-apoia-lindsey-vonn\/#primaryimage\",\"url\":\"https:\/\/portaltela.pt\/s.01k8rhncp4jt1\/2026\/02\/img_1500x1000uu2026-02-23-23-03-58-2268685-im-639074847110564751.jpg\",\"contentUrl\":\"https:\/\/portaltela.pt\/s.01k8rhncp4jt1\/2026\/02\/img_1500x1000uu2026-02-23-23-03-58-2268685-im-639074847110564751.jpg\",\"width\":796,\"height\":448,\"caption\":\"Lindsey Vonn\"},{\"@type\":\"BreadcrumbList\",\"@id\":\"https:\/\/portaltela.pt\/noticias\/2026\/02\/23\/ronaldo-apoia-lindsey-vonn\/#breadcrumb\",\"itemListElement\":[{\"@type\":\"ListItem\",\"position\":1,\"name\":\"In\u00edcio\",\"item\":\"https:\/\/portaltela.pt\/\"},{\"@type\":\"ListItem\",\"position\":2,\"name\":\"Ronaldo apoia Lindsey Vonn\"}]},{\"@type\":\"WebSite\",\"@id\":\"https:\/\/portaltela.pt\/#website\",\"url\":\"https:\/\/portaltela.pt\/\",\"name\":\"Portal Tela Portugal\",\"description\":\"\",\"potentialAction\":[{\"@type\":\"SearchAction\",\"target\":{\"@type\":\"EntryPoint\",\"urlTemplate\":\"https:\/\/portaltela.pt\/?s={search_term_string}\"},\"query-input\":{\"@type\":\"PropertyValueSpecification\",\"valueRequired\":true,\"valueName\":\"search_term_string\"}}],\"inLanguage\":\"pt-PT\"},{\"@type\":\"Person\",\"@id\":\"https:\/\/portaltela.pt\/#\/schema\/person\/c4278d4a6028830caff9ee44b42d32ed\",\"name\":\"Telinha\",\"image\":{\"@type\":\"ImageObject\",\"inLanguage\":\"pt-PT\",\"@id\":\"https:\/\/portaltela.pt\/s.01k8rhncp4jt1\/2025\/11\/talking-bot-125x125.png\",\"url\":\"https:\/\/portaltela.pt\/s.01k8rhncp4jt1\/2025\/11\/talking-bot-125x125.png\",\"contentUrl\":\"https:\/\/portaltela.pt\/s.01k8rhncp4jt1\/2025\/11\/talking-bot-125x125.png\",\"caption\":\"Telinha\"},\"sameAs\":[\"https:\/\/portaltela.pt\/\"],\"url\":\"https:\/\/portaltela.pt\/por\/367410592786\/\"}]}<\/script>\n<!-- \/ Yoast SEO plugin. -->","yoast_head_json":{"title":"Ronaldo apoia Lindsey Vonn - Portal Tela Portugal","robots":{"index":"index","follow":"follow","max-snippet":"max-snippet:-1","max-image-preview":"max-image-preview:large","max-video-preview":"max-video-preview:-1"},"og_locale":"pt_PT","og_type":"article","og_title":"Ronaldo apoia Lindsey Vonn - Portal Tela Portugal","og_description":"Cristiano Ronaldo ofereceu apoio a Lindsey Vonn ap\u00f3s a queda nos Jogos Ol\u00edmpicos de Inverno, que deixou a esquiadora gravemente lesionada. O post de Ronaldo elogia as vit\u00f3rias e a determina\u00e7\u00e3o de Vonn, dizendo que as montanhas conquistadas n\u00e3o ser\u00e3o t\u00e3o grandes quanto a for\u00e7a que emana. Lindsey Vonn respondeu, dizendo: \u00abCristiano, vindo de ti isso significa tanto\u00bb. A les\u00e3o quase levou \u00e0 perda da perna esquerda de Vonn. O incidente ocorreu durante os Jogos Ol\u00edmpicos de Inverno, gerando mensagens de apoio de v\u00e1rias personalidades.","og_url":"https:\/\/portaltela.pt\/noticias\/2026\/02\/23\/ronaldo-apoia-lindsey-vonn\/","og_site_name":"Portal Tela Portugal","article_published_time":"2026-02-24T01:30:00+00:00","author":"Telinha","twitter_card":"summary_large_image","twitter_misc":{"Escrito por":"Telinha","Tempo estimado de leitura":"1 minuto"},"schema":{"@context":"https:\/\/schema.org","@graph":[{"@type":"Article","@id":"https:\/\/portaltela.pt\/noticias\/2026\/02\/23\/ronaldo-apoia-lindsey-vonn\/#article","isPartOf":{"@id":"https:\/\/portaltela.pt\/noticias\/2026\/02\/23\/ronaldo-apoia-lindsey-vonn\/"},"author":{"name":"Telinha","@id":"https:\/\/portaltela.pt\/#\/schema\/person\/c4278d4a6028830caff9ee44b42d32ed"},"headline":"Ronaldo apoia Lindsey Vonn","datePublished":"2026-02-24T01:30:00+00:00","mainEntityOfPage":{"@id":"https:\/\/portaltela.pt\/noticias\/2026\/02\/23\/ronaldo-apoia-lindsey-vonn\/"},"wordCount":189,"image":{"@id":"https:\/\/portaltela.pt\/noticias\/2026\/02\/23\/ronaldo-apoia-lindsey-vonn\/#primaryimage"},"thumbnailUrl":"https:\/\/portaltela.pt\/s.01k8rhncp4jt1\/2026\/02\/img_1500x1000uu2026-02-23-23-03-58-2268685-im-639074847110564751.jpg","keywords":["Cristiano Ronaldo","desporto","desporto internacional","pessoas p\u00fablicas","reconhecimentos internacionais"],"articleSection":["Desporto"],"inLanguage":"pt-PT"},{"@type":"WebPage","@id":"https:\/\/portaltela.pt\/noticias\/2026\/02\/23\/ronaldo-apoia-lindsey-vonn\/","url":"https:\/\/portaltela.pt\/noticias\/2026\/02\/23\/ronaldo-apoia-lindsey-vonn\/","name":"Ronaldo apoia Lindsey Vonn - Portal Tela Portugal","isPartOf":{"@id":"https:\/\/portaltela.pt\/#website"},"primaryImageOfPage":{"@id":"https:\/\/portaltela.pt\/noticias\/2026\/02\/23\/ronaldo-apoia-lindsey-vonn\/#primaryimage"},"image":{"@id":"https:\/\/portaltela.pt\/noticias\/2026\/02\/23\/ronaldo-apoia-lindsey-vonn\/#primaryimage"},"thumbnailUrl":"https:\/\/portaltela.pt\/s.01k8rhncp4jt1\/2026\/02\/img_1500x1000uu2026-02-23-23-03-58-2268685-im-639074847110564751.jpg","datePublished":"2026-02-24T01:30:00+00:00","author":{"@id":"https:\/\/portaltela.pt\/#\/schema\/person\/c4278d4a6028830caff9ee44b42d32ed"},"breadcrumb":{"@id":"https:\/\/portaltela.pt\/noticias\/2026\/02\/23\/ronaldo-apoia-lindsey-vonn\/#breadcrumb"},"inLanguage":"pt-PT","potentialAction":[{"@type":"ReadAction","target":["https:\/\/portaltela.pt\/noticias\/2026\/02\/23\/ronaldo-apoia-lindsey-vonn\/"]}]},{"@type":"ImageObject","inLanguage":"pt-PT","@id":"https:\/\/portaltela.pt\/noticias\/2026\/02\/23\/ronaldo-apoia-lindsey-vonn\/#primaryimage","url":"https:\/\/portaltela.pt\/s.01k8rhncp4jt1\/2026\/02\/img_1500x1000uu2026-02-23-23-03-58-2268685-im-639074847110564751.jpg","contentUrl":"https:\/\/portaltela.pt\/s.01k8rhncp4jt1\/2026\/02\/img_1500x1000uu2026-02-23-23-03-58-2268685-im-639074847110564751.jpg","width":796,"height":448,"caption":"Lindsey Vonn"},{"@type":"BreadcrumbList","@id":"https:\/\/portaltela.pt\/noticias\/2026\/02\/23\/ronaldo-apoia-lindsey-vonn\/#breadcrumb","itemListElement":[{"@type":"ListItem","position":1,"name":"In\u00edcio","item":"https:\/\/portaltela.pt\/"},{"@type":"ListItem","position":2,"name":"Ronaldo apoia Lindsey Vonn"}]},{"@type":"WebSite","@id":"https:\/\/portaltela.pt\/#website","url":"https:\/\/portaltela.pt\/","name":"Portal Tela Portugal","description":"","potentialAction":[{"@type":"SearchAction","target":{"@type":"EntryPoint","urlTemplate":"https:\/\/portaltela.pt\/?s={search_term_string}"},"query-input":{"@type":"PropertyValueSpecification","valueRequired":true,"valueName":"search_term_string"}}],"inLanguage":"pt-PT"},{"@type":"Person","@id":"https:\/\/portaltela.pt\/#\/schema\/person\/c4278d4a6028830caff9ee44b42d32ed","name":"Telinha","image":{"@type":"ImageObject","inLanguage":"pt-PT","@id":"https:\/\/portaltela.pt\/s.01k8rhncp4jt1\/2025\/11\/talking-bot-125x125.png","url":"https:\/\/portaltela.pt\/s.01k8rhncp4jt1\/2025\/11\/talking-bot-125x125.png","contentUrl":"https:\/\/portaltela.pt\/s.01k8rhncp4jt1\/2025\/11\/talking-bot-125x125.png","caption":"Telinha"},"sameAs":["https:\/\/portaltela.pt\/"],"url":"https:\/\/portaltela.pt\/por\/367410592786\/"}]}},"_links":{"self":[{"href":"https:\/\/portaltela.pt\/api\/wp\/v2\/posts\/223582","targetHints":{"allow":["GET"]}}],"collection":[{"href":"https:\/\/portaltela.pt\/api\/wp\/v2\/posts"}],"about":[{"href":"https:\/\/portaltela.pt\/api\/wp\/v2\/types\/post"}],"author":[{"embeddable":true,"href":"https:\/\/portaltela.pt\/api\/wp\/v2\/users\/2"}],"replies":[{"embeddable":true,"href":"https:\/\/portaltela.pt\/api\/wp\/v2\/comments?post=223582"}],"version-history":[{"count":0,"href":"https:\/\/portaltela.pt\/api\/wp\/v2\/posts\/223582\/revisions"}],"wp:featuredmedia":[{"embeddable":true,"href":"https:\/\/portaltela.pt\/api\/wp\/v2\/media\/223587"}],"wp:attachment":[{"href":"https:\/\/portaltela.pt\/api\/wp\/v2\/media?parent=223582"}],"wp:term":[{"taxonomy":"category","embeddable":true,"href":"https:\/\/portaltela.pt\/api\/wp\/v2\/categories?post=223582"},{"taxonomy":"post_tag","embeddable":true,"href":"https:\/\/portaltela.pt\/api\/wp\/v2\/tags?post=223582"}],"curies":[{"name":"wp","href":"https:\/\/api.w.org\/{rel}","templated":true}]}}