{"id":223546,"date":"2026-02-23T21:14:00","date_gmt":"2026-02-24T00:14:00","guid":{"rendered":"https:\/\/portaltela.pt\/noticias\/2026\/02\/23\/prisao-preventiva-para-suspeito-de-varios-furtos-em-ilhavo-e-aveiro\/"},"modified":"2026-02-23T21:14:00","modified_gmt":"2026-02-24T00:14:00","slug":"prisao-preventiva-para-suspeito-de-varios-furtos-em-ilhavo-e-aveiro","status":"publish","type":"post","link":"https:\/\/portaltela.pt\/noticias\/2026\/02\/23\/prisao-preventiva-para-suspeito-de-varios-furtos-em-ilhavo-e-aveiro\/","title":{"rendered":"Pris\u00e3o preventiva para suspeito de v\u00e1rios furtos em \u00cdlhavo e Aveiro"},"content":{"rendered":"<p>Um arguido ficou sujeito \u00e0 medida de coa\u00e7\u00e3o de pris\u00e3o preventiva ap\u00f3s ter sido presente ao tribunal de instru\u00e7\u00e3o criminal de Aveiro, suspeito de v\u00e1rios furtos. A deten\u00e7\u00e3o ocorreu na sequ\u00eancia de um alerta de furto numa farm\u00e1cia na Gafanha da Nazar\u00e9, \u00cdlhavo, tendo o suspeito sido detido em flagrante.<\/p>\n<p>A Guarda Nacional Republicana (GNR) realizou dilig\u00eancias para identificar a viatura utilizada no transporte do suspeito. O carro foi sinalizado a circular na A25, na zona de Estarreja, e o condutor acabou por ser intercetado pela GNR de Cacia. A opera\u00e7\u00e3o permitiu apurar que o ve\u00edculo circulava com matr\u00edculas falsas e que o condutor n\u00e3o possu\u00eda habilita\u00e7\u00e3o para conduzir.<\/p>\n<p>No conjunto de facto, o detido \u00e9 suspeito de cinco crimes, incluindo um furto num posto de abastecimento em Taboeira, tr\u00eas furtos em ve\u00edculos por via de arrombamento e um furto numa farm\u00e1cia, onde as caixas registadoras ter\u00e3o sido furtadas. O suspeito foi encaminhado pela GNR ao estabelecimento prisional de Aveiro para cumprimento da medida de coa\u00e7\u00e3o.<\/p>\n<h3>Detalhes do caso<\/h3>\n<p>A investiga\u00e7\u00e3o decorre das dilig\u00eancias ap\u00f3s o alerta inicial, com a GNR a manter o acompanhamento do suspeito e da documenta\u00e7\u00e3o associada ao ve\u00edculo. O Minist\u00e9rio P\u00fablico dever\u00e1 confirmar os seguintes passos processuais previstos para este tipo de processo. O caso fica agora dependente da avalia\u00e7\u00e3o judicial sobre a pris\u00e3o preventiva.<\/p>\n","protected":false},"excerpt":{"rendered":"<ul>\n<li>Um arguido ficou em pris\u00e3o preventiva ap\u00f3s ser apresentado ao tribunal de instru\u00e7\u00e3o criminal de Aveiro, suspeito de v\u00e1rios furtos.<\/li>\n<li>A deten\u00e7\u00e3o decorreu na sequ\u00eancia de um alerta de furto numa farm\u00e1cia na Gafanha da Nazar\u00e9, \u00cdlhavo, com o suspeito alegadamente envolvido noutros crimes em \u00cdlhavo e Aveiro.<\/li>\n<li>A Guarda Nacional Republicana (GNR) localizou a viatura utilizada no transporte do suspeito e intercetou-a na A25, na zona de Estarreja, verificando que o carro circulava com matr\u00edculas falsas e que o condutor n\u00e3o possu\u00eda habilita\u00e7\u00e3o legal para conduzir.<\/li>\n<li>No total, o detido \u00e9 suspeito de cinco furtos: um furto num posto de abastecimento em Taboeira, tr\u00eas furtos no interior de viaturas (com quebras de vidros) e um furto numa farm\u00e1cia, arrombando a porta e levando as caixas registadoras.<\/li>\n<li>O homem foi encaminhado para o Estabelecimento Prisional de Aveiro para iniciar a medida de coa\u00e7\u00e3o de pris\u00e3o preventiva.<\/li>\n<\/ul>\n","protected":false},"author":2,"featured_media":223553,"comment_status":"closed","ping_status":"closed","sticky":false,"template":"","format":"standard","meta":{"footnotes":""},"categories":[1],"tags":[1059,147,3576,424,3686,1080],"class_list":["post-223546","post","type-post","status-publish","format-standard","has-post-thumbnail","hentry","category-noticias","tag-aveiro","tag-crime","tag-estarreja","tag-furto","tag-furtos","tag-ilhavo"],"yoast_head":"<!-- This site is optimized with the Yoast SEO plugin v27.2 - https:\/\/yoast.com\/product\/yoast-seo-wordpress\/ -->\n<title>Pris\u00e3o preventiva para suspeito de v\u00e1rios furtos em \u00cdlhavo e Aveiro - Portal Tela Portugal<\/title>\n<meta name=\"robots\" content=\"index, follow, max-snippet:-1, max-image-preview:large, max-video-preview:-1\" \/>\n<meta property=\"og:locale\" content=\"pt_PT\" \/>\n<meta property=\"og:type\" content=\"article\" \/>\n<meta property=\"og:title\" content=\"Pris\u00e3o preventiva para suspeito de v\u00e1rios furtos em \u00cdlhavo e Aveiro - Portal Tela Portugal\" \/>\n<meta property=\"og:description\" content=\"Um arguido ficou em pris\u00e3o preventiva ap\u00f3s ser apresentado ao tribunal de instru\u00e7\u00e3o criminal de Aveiro, suspeito de v\u00e1rios furtos. A deten\u00e7\u00e3o decorreu na sequ\u00eancia de um alerta de furto numa farm\u00e1cia na Gafanha da Nazar\u00e9, \u00cdlhavo, com o suspeito alegadamente envolvido noutros crimes em \u00cdlhavo e Aveiro. A Guarda Nacional Republicana (GNR) localizou a viatura utilizada no transporte do suspeito e intercetou-a na A25, na zona de Estarreja, verificando que o carro circulava com matr\u00edculas falsas e que o condutor n\u00e3o possu\u00eda habilita\u00e7\u00e3o legal para conduzir. No total, o detido \u00e9 suspeito de cinco furtos: um furto num posto de abastecimento em Taboeira, tr\u00eas furtos no interior de viaturas (com quebras de vidros) e um furto numa farm\u00e1cia, arrombando a porta e levando as caixas registadoras. O homem foi encaminhado para o Estabelecimento Prisional de Aveiro para iniciar a medida de coa\u00e7\u00e3o de pris\u00e3o preventiva.\" \/>\n<meta property=\"og:url\" content=\"https:\/\/portaltela.pt\/noticias\/2026\/02\/23\/prisao-preventiva-para-suspeito-de-varios-furtos-em-ilhavo-e-aveiro\/\" \/>\n<meta property=\"og:site_name\" content=\"Portal Tela Portugal\" \/>\n<meta property=\"article:published_time\" content=\"2026-02-24T00:14:00+00:00\" \/>\n<meta name=\"author\" content=\"Telinha\" \/>\n<meta name=\"twitter:card\" content=\"summary_large_image\" \/>\n<meta name=\"twitter:label1\" content=\"Escrito por\" \/>\n\t<meta name=\"twitter:data1\" content=\"Telinha\" \/>\n\t<meta name=\"twitter:label2\" content=\"Tempo estimado de leitura\" \/>\n\t<meta name=\"twitter:data2\" content=\"1 minuto\" \/>\n<script type=\"application\/ld+json\" class=\"yoast-schema-graph\">{\"@context\":\"https:\/\/schema.org\",\"@graph\":[{\"@type\":\"Article\",\"@id\":\"https:\/\/portaltela.pt\/noticias\/2026\/02\/23\/prisao-preventiva-para-suspeito-de-varios-furtos-em-ilhavo-e-aveiro\/#article\",\"isPartOf\":{\"@id\":\"https:\/\/portaltela.pt\/noticias\/2026\/02\/23\/prisao-preventiva-para-suspeito-de-varios-furtos-em-ilhavo-e-aveiro\/\"},\"author\":{\"name\":\"Telinha\",\"@id\":\"https:\/\/portaltela.pt\/#\/schema\/person\/c4278d4a6028830caff9ee44b42d32ed\"},\"headline\":\"Pris\u00e3o preventiva para suspeito de v\u00e1rios furtos em \u00cdlhavo e Aveiro\",\"datePublished\":\"2026-02-24T00:14:00+00:00\",\"mainEntityOfPage\":{\"@id\":\"https:\/\/portaltela.pt\/noticias\/2026\/02\/23\/prisao-preventiva-para-suspeito-de-varios-furtos-em-ilhavo-e-aveiro\/\"},\"wordCount\":260,\"image\":{\"@id\":\"https:\/\/portaltela.pt\/noticias\/2026\/02\/23\/prisao-preventiva-para-suspeito-de-varios-furtos-em-ilhavo-e-aveiro\/#primaryimage\"},\"thumbnailUrl\":\"https:\/\/portaltela.pt\/s.01k8rhncp4jt1\/2026\/02\/img_1500x1000uu2026-01-22-11-33-29-2249182.jpg\",\"keywords\":[\"Aveiro\",\"crime\",\"Estarreja\",\"furto\",\"furtos\",\"\u00cdlhavo\"],\"articleSection\":[\"Not\u00edcias\"],\"inLanguage\":\"pt-PT\"},{\"@type\":\"WebPage\",\"@id\":\"https:\/\/portaltela.pt\/noticias\/2026\/02\/23\/prisao-preventiva-para-suspeito-de-varios-furtos-em-ilhavo-e-aveiro\/\",\"url\":\"https:\/\/portaltela.pt\/noticias\/2026\/02\/23\/prisao-preventiva-para-suspeito-de-varios-furtos-em-ilhavo-e-aveiro\/\",\"name\":\"Pris\u00e3o preventiva para suspeito de v\u00e1rios furtos em \u00cdlhavo e Aveiro - Portal Tela Portugal\",\"isPartOf\":{\"@id\":\"https:\/\/portaltela.pt\/#website\"},\"primaryImageOfPage\":{\"@id\":\"https:\/\/portaltela.pt\/noticias\/2026\/02\/23\/prisao-preventiva-para-suspeito-de-varios-furtos-em-ilhavo-e-aveiro\/#primaryimage\"},\"image\":{\"@id\":\"https:\/\/portaltela.pt\/noticias\/2026\/02\/23\/prisao-preventiva-para-suspeito-de-varios-furtos-em-ilhavo-e-aveiro\/#primaryimage\"},\"thumbnailUrl\":\"https:\/\/portaltela.pt\/s.01k8rhncp4jt1\/2026\/02\/img_1500x1000uu2026-01-22-11-33-29-2249182.jpg\",\"datePublished\":\"2026-02-24T00:14:00+00:00\",\"author\":{\"@id\":\"https:\/\/portaltela.pt\/#\/schema\/person\/c4278d4a6028830caff9ee44b42d32ed\"},\"breadcrumb\":{\"@id\":\"https:\/\/portaltela.pt\/noticias\/2026\/02\/23\/prisao-preventiva-para-suspeito-de-varios-furtos-em-ilhavo-e-aveiro\/#breadcrumb\"},\"inLanguage\":\"pt-PT\",\"potentialAction\":[{\"@type\":\"ReadAction\",\"target\":[\"https:\/\/portaltela.pt\/noticias\/2026\/02\/23\/prisao-preventiva-para-suspeito-de-varios-furtos-em-ilhavo-e-aveiro\/\"]}]},{\"@type\":\"ImageObject\",\"inLanguage\":\"pt-PT\",\"@id\":\"https:\/\/portaltela.pt\/noticias\/2026\/02\/23\/prisao-preventiva-para-suspeito-de-varios-furtos-em-ilhavo-e-aveiro\/#primaryimage\",\"url\":\"https:\/\/portaltela.pt\/s.01k8rhncp4jt1\/2026\/02\/img_1500x1000uu2026-01-22-11-33-29-2249182.jpg\",\"contentUrl\":\"https:\/\/portaltela.pt\/s.01k8rhncp4jt1\/2026\/02\/img_1500x1000uu2026-01-22-11-33-29-2249182.jpg\",\"width\":796,\"height\":448,\"caption\":\"Tribunal de Aveiro\"},{\"@type\":\"BreadcrumbList\",\"@id\":\"https:\/\/portaltela.pt\/noticias\/2026\/02\/23\/prisao-preventiva-para-suspeito-de-varios-furtos-em-ilhavo-e-aveiro\/#breadcrumb\",\"itemListElement\":[{\"@type\":\"ListItem\",\"position\":1,\"name\":\"In\u00edcio\",\"item\":\"https:\/\/portaltela.pt\/\"},{\"@type\":\"ListItem\",\"position\":2,\"name\":\"Pris\u00e3o preventiva para suspeito de v\u00e1rios furtos em \u00cdlhavo e Aveiro\"}]},{\"@type\":\"WebSite\",\"@id\":\"https:\/\/portaltela.pt\/#website\",\"url\":\"https:\/\/portaltela.pt\/\",\"name\":\"Portal Tela Portugal\",\"description\":\"\",\"potentialAction\":[{\"@type\":\"SearchAction\",\"target\":{\"@type\":\"EntryPoint\",\"urlTemplate\":\"https:\/\/portaltela.pt\/?s={search_term_string}\"},\"query-input\":{\"@type\":\"PropertyValueSpecification\",\"valueRequired\":true,\"valueName\":\"search_term_string\"}}],\"inLanguage\":\"pt-PT\"},{\"@type\":\"Person\",\"@id\":\"https:\/\/portaltela.pt\/#\/schema\/person\/c4278d4a6028830caff9ee44b42d32ed\",\"name\":\"Telinha\",\"image\":{\"@type\":\"ImageObject\",\"inLanguage\":\"pt-PT\",\"@id\":\"https:\/\/portaltela.pt\/s.01k8rhncp4jt1\/2025\/11\/talking-bot-125x125.png\",\"url\":\"https:\/\/portaltela.pt\/s.01k8rhncp4jt1\/2025\/11\/talking-bot-125x125.png\",\"contentUrl\":\"https:\/\/portaltela.pt\/s.01k8rhncp4jt1\/2025\/11\/talking-bot-125x125.png\",\"caption\":\"Telinha\"},\"sameAs\":[\"https:\/\/portaltela.pt\/\"],\"url\":\"https:\/\/portaltela.pt\/por\/367410592786\/\"}]}<\/script>\n<!-- \/ Yoast SEO plugin. -->","yoast_head_json":{"title":"Pris\u00e3o preventiva para suspeito de v\u00e1rios furtos em \u00cdlhavo e Aveiro - Portal Tela Portugal","robots":{"index":"index","follow":"follow","max-snippet":"max-snippet:-1","max-image-preview":"max-image-preview:large","max-video-preview":"max-video-preview:-1"},"og_locale":"pt_PT","og_type":"article","og_title":"Pris\u00e3o preventiva para suspeito de v\u00e1rios furtos em \u00cdlhavo e Aveiro - Portal Tela Portugal","og_description":"Um arguido ficou em pris\u00e3o preventiva ap\u00f3s ser apresentado ao tribunal de instru\u00e7\u00e3o criminal de Aveiro, suspeito de v\u00e1rios furtos. A deten\u00e7\u00e3o decorreu na sequ\u00eancia de um alerta de furto numa farm\u00e1cia na Gafanha da Nazar\u00e9, \u00cdlhavo, com o suspeito alegadamente envolvido noutros crimes em \u00cdlhavo e Aveiro. A Guarda Nacional Republicana (GNR) localizou a viatura utilizada no transporte do suspeito e intercetou-a na A25, na zona de Estarreja, verificando que o carro circulava com matr\u00edculas falsas e que o condutor n\u00e3o possu\u00eda habilita\u00e7\u00e3o legal para conduzir. No total, o detido \u00e9 suspeito de cinco furtos: um furto num posto de abastecimento em Taboeira, tr\u00eas furtos no interior de viaturas (com quebras de vidros) e um furto numa farm\u00e1cia, arrombando a porta e levando as caixas registadoras. O homem foi encaminhado para o Estabelecimento Prisional de Aveiro para iniciar a medida de coa\u00e7\u00e3o de pris\u00e3o preventiva.","og_url":"https:\/\/portaltela.pt\/noticias\/2026\/02\/23\/prisao-preventiva-para-suspeito-de-varios-furtos-em-ilhavo-e-aveiro\/","og_site_name":"Portal Tela Portugal","article_published_time":"2026-02-24T00:14:00+00:00","author":"Telinha","twitter_card":"summary_large_image","twitter_misc":{"Escrito por":"Telinha","Tempo estimado de leitura":"1 minuto"},"schema":{"@context":"https:\/\/schema.org","@graph":[{"@type":"Article","@id":"https:\/\/portaltela.pt\/noticias\/2026\/02\/23\/prisao-preventiva-para-suspeito-de-varios-furtos-em-ilhavo-e-aveiro\/#article","isPartOf":{"@id":"https:\/\/portaltela.pt\/noticias\/2026\/02\/23\/prisao-preventiva-para-suspeito-de-varios-furtos-em-ilhavo-e-aveiro\/"},"author":{"name":"Telinha","@id":"https:\/\/portaltela.pt\/#\/schema\/person\/c4278d4a6028830caff9ee44b42d32ed"},"headline":"Pris\u00e3o preventiva para suspeito de v\u00e1rios furtos em \u00cdlhavo e Aveiro","datePublished":"2026-02-24T00:14:00+00:00","mainEntityOfPage":{"@id":"https:\/\/portaltela.pt\/noticias\/2026\/02\/23\/prisao-preventiva-para-suspeito-de-varios-furtos-em-ilhavo-e-aveiro\/"},"wordCount":260,"image":{"@id":"https:\/\/portaltela.pt\/noticias\/2026\/02\/23\/prisao-preventiva-para-suspeito-de-varios-furtos-em-ilhavo-e-aveiro\/#primaryimage"},"thumbnailUrl":"https:\/\/portaltela.pt\/s.01k8rhncp4jt1\/2026\/02\/img_1500x1000uu2026-01-22-11-33-29-2249182.jpg","keywords":["Aveiro","crime","Estarreja","furto","furtos","\u00cdlhavo"],"articleSection":["Not\u00edcias"],"inLanguage":"pt-PT"},{"@type":"WebPage","@id":"https:\/\/portaltela.pt\/noticias\/2026\/02\/23\/prisao-preventiva-para-suspeito-de-varios-furtos-em-ilhavo-e-aveiro\/","url":"https:\/\/portaltela.pt\/noticias\/2026\/02\/23\/prisao-preventiva-para-suspeito-de-varios-furtos-em-ilhavo-e-aveiro\/","name":"Pris\u00e3o preventiva para suspeito de v\u00e1rios furtos em \u00cdlhavo e Aveiro - Portal Tela Portugal","isPartOf":{"@id":"https:\/\/portaltela.pt\/#website"},"primaryImageOfPage":{"@id":"https:\/\/portaltela.pt\/noticias\/2026\/02\/23\/prisao-preventiva-para-suspeito-de-varios-furtos-em-ilhavo-e-aveiro\/#primaryimage"},"image":{"@id":"https:\/\/portaltela.pt\/noticias\/2026\/02\/23\/prisao-preventiva-para-suspeito-de-varios-furtos-em-ilhavo-e-aveiro\/#primaryimage"},"thumbnailUrl":"https:\/\/portaltela.pt\/s.01k8rhncp4jt1\/2026\/02\/img_1500x1000uu2026-01-22-11-33-29-2249182.jpg","datePublished":"2026-02-24T00:14:00+00:00","author":{"@id":"https:\/\/portaltela.pt\/#\/schema\/person\/c4278d4a6028830caff9ee44b42d32ed"},"breadcrumb":{"@id":"https:\/\/portaltela.pt\/noticias\/2026\/02\/23\/prisao-preventiva-para-suspeito-de-varios-furtos-em-ilhavo-e-aveiro\/#breadcrumb"},"inLanguage":"pt-PT","potentialAction":[{"@type":"ReadAction","target":["https:\/\/portaltela.pt\/noticias\/2026\/02\/23\/prisao-preventiva-para-suspeito-de-varios-furtos-em-ilhavo-e-aveiro\/"]}]},{"@type":"ImageObject","inLanguage":"pt-PT","@id":"https:\/\/portaltela.pt\/noticias\/2026\/02\/23\/prisao-preventiva-para-suspeito-de-varios-furtos-em-ilhavo-e-aveiro\/#primaryimage","url":"https:\/\/portaltela.pt\/s.01k8rhncp4jt1\/2026\/02\/img_1500x1000uu2026-01-22-11-33-29-2249182.jpg","contentUrl":"https:\/\/portaltela.pt\/s.01k8rhncp4jt1\/2026\/02\/img_1500x1000uu2026-01-22-11-33-29-2249182.jpg","width":796,"height":448,"caption":"Tribunal de Aveiro"},{"@type":"BreadcrumbList","@id":"https:\/\/portaltela.pt\/noticias\/2026\/02\/23\/prisao-preventiva-para-suspeito-de-varios-furtos-em-ilhavo-e-aveiro\/#breadcrumb","itemListElement":[{"@type":"ListItem","position":1,"name":"In\u00edcio","item":"https:\/\/portaltela.pt\/"},{"@type":"ListItem","position":2,"name":"Pris\u00e3o preventiva para suspeito de v\u00e1rios furtos em \u00cdlhavo e Aveiro"}]},{"@type":"WebSite","@id":"https:\/\/portaltela.pt\/#website","url":"https:\/\/portaltela.pt\/","name":"Portal Tela Portugal","description":"","potentialAction":[{"@type":"SearchAction","target":{"@type":"EntryPoint","urlTemplate":"https:\/\/portaltela.pt\/?s={search_term_string}"},"query-input":{"@type":"PropertyValueSpecification","valueRequired":true,"valueName":"search_term_string"}}],"inLanguage":"pt-PT"},{"@type":"Person","@id":"https:\/\/portaltela.pt\/#\/schema\/person\/c4278d4a6028830caff9ee44b42d32ed","name":"Telinha","image":{"@type":"ImageObject","inLanguage":"pt-PT","@id":"https:\/\/portaltela.pt\/s.01k8rhncp4jt1\/2025\/11\/talking-bot-125x125.png","url":"https:\/\/portaltela.pt\/s.01k8rhncp4jt1\/2025\/11\/talking-bot-125x125.png","contentUrl":"https:\/\/portaltela.pt\/s.01k8rhncp4jt1\/2025\/11\/talking-bot-125x125.png","caption":"Telinha"},"sameAs":["https:\/\/portaltela.pt\/"],"url":"https:\/\/portaltela.pt\/por\/367410592786\/"}]}},"_links":{"self":[{"href":"https:\/\/portaltela.pt\/api\/wp\/v2\/posts\/223546","targetHints":{"allow":["GET"]}}],"collection":[{"href":"https:\/\/portaltela.pt\/api\/wp\/v2\/posts"}],"about":[{"href":"https:\/\/portaltela.pt\/api\/wp\/v2\/types\/post"}],"author":[{"embeddable":true,"href":"https:\/\/portaltela.pt\/api\/wp\/v2\/users\/2"}],"replies":[{"embeddable":true,"href":"https:\/\/portaltela.pt\/api\/wp\/v2\/comments?post=223546"}],"version-history":[{"count":0,"href":"https:\/\/portaltela.pt\/api\/wp\/v2\/posts\/223546\/revisions"}],"wp:featuredmedia":[{"embeddable":true,"href":"https:\/\/portaltela.pt\/api\/wp\/v2\/media\/223553"}],"wp:attachment":[{"href":"https:\/\/portaltela.pt\/api\/wp\/v2\/media?parent=223546"}],"wp:term":[{"taxonomy":"category","embeddable":true,"href":"https:\/\/portaltela.pt\/api\/wp\/v2\/categories?post=223546"},{"taxonomy":"post_tag","embeddable":true,"href":"https:\/\/portaltela.pt\/api\/wp\/v2\/tags?post=223546"}],"curies":[{"name":"wp","href":"https:\/\/api.w.org\/{rel}","templated":true}]}}