{"id":223525,"date":"2026-02-23T20:22:43","date_gmt":"2026-02-23T23:22:43","guid":{"rendered":"https:\/\/portaltela.pt\/noticias\/2026\/02\/23\/19-paises-condenam-medidas-israelitas-que-configuram-anexacao-na-cisjordania\/"},"modified":"2026-02-23T20:22:43","modified_gmt":"2026-02-23T23:22:43","slug":"19-paises-condenam-medidas-israelitas-que-configuram-anexacao-na-cisjordania","status":"publish","type":"post","link":"https:\/\/portaltela.pt\/noticias\/politica\/2026\/02\/23\/19-paises-condenam-medidas-israelitas-que-configuram-anexacao-na-cisjordania\/","title":{"rendered":"19 pa\u00edses condenam medidas israelitas que configuram anexa\u00e7\u00e3o na Cisjord\u00e2nia"},"content":{"rendered":"<p>O Conselho de Ministros dos Neg\u00f3cios Estrangeiros de 19 pa\u00edses condenou, de forma veemente, as recentes medidas de Israel para ampliar o controlo sobre a Cisjord\u00e2nia. O grupo inclui Portugal, Brasil e Espanha. A declara\u00e7\u00e3o pediu rever imediatamente as decis\u00f5es e respeitar obriga\u00e7\u00f5es internacionais.<\/p>\n<p>As medidas em quest\u00e3o, iniciadas no in\u00edcio do m\u00eas, visam aumentar a presen\u00e7a e o controle israelitas na Cisjord\u00e2nia, territ\u00f3rio ocupado desde 1967. Fontes diplom\u00e1ticas destacam que as a\u00e7\u00f5es dificultam a viabilidade de um Estado palestiniano.<\/p>\n<p>Os signat\u00e1rios afirmam que as decis\u00f5es constituem uma anexa\u00e7\u00e3o de facto e um ataque \u00e0 solu\u00e7\u00e3o de dois Estados. A chamada \u00e9 para que Israel altere o curso, mantendo o respeito pelo direito internacional.<\/p>\n<h3>Rea\u00e7\u00e3o de Portugal<\/h3>\n<p>O ministro dos Neg\u00f3cios Estrangeiros de Portugal j\u00e1 admitiu refor\u00e7ar san\u00e7\u00f5es da UE contra Israel, em resposta \u00e0 expans\u00e3o de colonatos na Cisjord\u00e2nia. O objetivo \u00e9 enviar um sinal claro a Telavive.<\/p>\n<p>Paulo Rangel, em Bruxelas, afirmou que Portugal tem condenado a situa\u00e7\u00e3o na Cisjord\u00e2nia e est\u00e1 aberto a considerar san\u00e7\u00f5es adicionais, caso haja decis\u00e3o comunit\u00e1ria, especialmente sobre colonatos.<\/p>\n<p>O Governo portugu\u00eas tem reiterado a preocupa\u00e7\u00e3o com a estabilidade regional e com o impedimento \u00e0 solu\u00e7\u00e3o de dois Estados, \u00e0 qual Portugal tem mostrado apoio hist\u00f3rico, incluindo o reconhecimento da Palestina em 2025.<\/p>\n<h3>Contexto internacional<\/h3>\n<p>No \u00e2mbito das Na\u00e7\u00f5es Unidas, j\u00e1 foram emitidas condena\u00e7\u00f5es por 85 Estados-membros, incluindo Portugal. Observadores apontam que a expans\u00e3o de colonatos ganhou for\u00e7a sob o atual governo israelita, ainda que o tema permane\u00e7a dependente de negocia\u00e7\u00f5es diplom\u00e1ticas.<\/p>\n<p>Segundo dados das Na\u00e7\u00f5es Unidas, fora de Jerusal\u00e9m Oriental vivem mais de meio milh\u00e3o de israelitas em colonatos e cerca de tr\u00eas milh\u00f5es de palestinianos na regi\u00e3o, com a comunidade internacional a considerar grande parte desses lugares como ilegais ao abrigo do direito internacional.<\/p>\n","protected":false},"excerpt":{"rendered":"<ul>\n<li>Dezenove ministros dos Neg\u00f3cios Estrangeiros, incluindo Portugal, Brasil e Espanha, condenaram as medidas de Israel para refor\u00e7ar o controlo sobre a Cisjord\u00e2nia.<\/li>\n<li>A declara\u00e7\u00e3o conjunto descreve as a\u00e7\u00f5es como parte de uma estrat\u00e9gia para alterar a situa\u00e7\u00e3o no terreno e avan\u00e7ar para uma anexa\u00e7\u00e3o de facto inaceit\u00e1vel.<\/li>\n<li>As medidas, desde o in\u00edcio do m\u00eas, visam aumentar o controlo de Israel sobre a Cisjord\u00e2nia, ocupada desde 1967, incluindo \u00e1reas sob controlo da Autoridade Palestiniana.<\/li>\n<li>Os signat\u00e1rios apelam ao Governo israelita para reverter as decis\u00f5es e respeitar as obriga\u00e7\u00f5es internacionais, considerando as a\u00e7\u00f5es um ataque \u00e0 viabilidade do Estado palestiniano e \u00e0 solu\u00e7\u00e3o de dois Estados.<\/li>\n<li>Al\u00e9m de Portugal, firmaram a declara\u00e7\u00e3o pa\u00edses escandinavos, Fran\u00e7a, Irlanda, Egito, Ar\u00e1bia Saudita, Turquia e Indon\u00e9sia, bem como a Liga \u00c1rabe e a Organiza\u00e7\u00e3o de Coopera\u00e7\u00e3o Isl\u00e2mica; Portugal j\u00e1 discutiu refor\u00e7ar san\u00e7\u00f5es da Uni\u00e3o Europeia.<\/li>\n<\/ul>\n","protected":false},"author":2,"featured_media":223526,"comment_status":"closed","ping_status":"closed","sticky":false,"template":"","format":"standard","meta":{"footnotes":""},"categories":[1,5],"tags":[5720,1384,3034,2127,2023,2030],"class_list":["post-223525","post","type-post","status-publish","format-standard","has-post-thumbnail","hentry","category-noticias","category-politica","tag-colonatos","tag-condenacoes-internacionais","tag-direito-internacional","tag-nacoes-unidas","tag-organizacoes-internacionais","tag-palestina"],"yoast_head":"<!-- This site is optimized with the Yoast SEO plugin v27.2 - https:\/\/yoast.com\/product\/yoast-seo-wordpress\/ -->\n<title>19 pa\u00edses condenam medidas israelitas que configuram anexa\u00e7\u00e3o na Cisjord\u00e2nia - Portal Tela Portugal<\/title>\n<meta name=\"robots\" content=\"index, follow, max-snippet:-1, max-image-preview:large, max-video-preview:-1\" \/>\n<meta property=\"og:locale\" content=\"pt_PT\" \/>\n<meta property=\"og:type\" content=\"article\" \/>\n<meta property=\"og:title\" content=\"19 pa\u00edses condenam medidas israelitas que configuram anexa\u00e7\u00e3o na Cisjord\u00e2nia - Portal Tela Portugal\" \/>\n<meta property=\"og:description\" content=\"Dezenove ministros dos Neg\u00f3cios Estrangeiros, incluindo Portugal, Brasil e Espanha, condenaram as medidas de Israel para refor\u00e7ar o controlo sobre a Cisjord\u00e2nia. A declara\u00e7\u00e3o conjunto descreve as a\u00e7\u00f5es como parte de uma estrat\u00e9gia para alterar a situa\u00e7\u00e3o no terreno e avan\u00e7ar para uma anexa\u00e7\u00e3o de facto inaceit\u00e1vel. As medidas, desde o in\u00edcio do m\u00eas, visam aumentar o controlo de Israel sobre a Cisjord\u00e2nia, ocupada desde 1967, incluindo \u00e1reas sob controlo da Autoridade Palestiniana. Os signat\u00e1rios apelam ao Governo israelita para reverter as decis\u00f5es e respeitar as obriga\u00e7\u00f5es internacionais, considerando as a\u00e7\u00f5es um ataque \u00e0 viabilidade do Estado palestiniano e \u00e0 solu\u00e7\u00e3o de dois Estados. Al\u00e9m de Portugal, firmaram a declara\u00e7\u00e3o pa\u00edses escandinavos, Fran\u00e7a, Irlanda, Egito, Ar\u00e1bia Saudita, Turquia e Indon\u00e9sia, bem como a Liga \u00c1rabe e a Organiza\u00e7\u00e3o de Coopera\u00e7\u00e3o Isl\u00e2mica; Portugal j\u00e1 discutiu refor\u00e7ar san\u00e7\u00f5es da Uni\u00e3o Europeia.\" \/>\n<meta property=\"og:url\" content=\"https:\/\/portaltela.pt\/noticias\/2026\/02\/23\/19-paises-condenam-medidas-israelitas-que-configuram-anexacao-na-cisjordania\/\" \/>\n<meta property=\"og:site_name\" content=\"Portal Tela Portugal\" \/>\n<meta property=\"article:published_time\" content=\"2026-02-23T23:22:43+00:00\" \/>\n<meta name=\"author\" content=\"Telinha\" \/>\n<meta name=\"twitter:card\" content=\"summary_large_image\" \/>\n<meta name=\"twitter:label1\" content=\"Escrito por\" \/>\n\t<meta name=\"twitter:data1\" content=\"Telinha\" \/>\n\t<meta name=\"twitter:label2\" content=\"Tempo estimado de leitura\" \/>\n\t<meta name=\"twitter:data2\" content=\"2 minutos\" \/>\n<script type=\"application\/ld+json\" class=\"yoast-schema-graph\">{\"@context\":\"https:\/\/schema.org\",\"@graph\":[{\"@type\":\"Article\",\"@id\":\"https:\/\/portaltela.pt\/noticias\/2026\/02\/23\/19-paises-condenam-medidas-israelitas-que-configuram-anexacao-na-cisjordania\/#article\",\"isPartOf\":{\"@id\":\"https:\/\/portaltela.pt\/noticias\/2026\/02\/23\/19-paises-condenam-medidas-israelitas-que-configuram-anexacao-na-cisjordania\/\"},\"author\":{\"name\":\"Telinha\",\"@id\":\"https:\/\/portaltela.pt\/#\/schema\/person\/c4278d4a6028830caff9ee44b42d32ed\"},\"headline\":\"19 pa\u00edses condenam medidas israelitas que configuram anexa\u00e7\u00e3o na Cisjord\u00e2nia\",\"datePublished\":\"2026-02-23T23:22:43+00:00\",\"mainEntityOfPage\":{\"@id\":\"https:\/\/portaltela.pt\/noticias\/2026\/02\/23\/19-paises-condenam-medidas-israelitas-que-configuram-anexacao-na-cisjordania\/\"},\"wordCount\":341,\"image\":{\"@id\":\"https:\/\/portaltela.pt\/noticias\/2026\/02\/23\/19-paises-condenam-medidas-israelitas-que-configuram-anexacao-na-cisjordania\/#primaryimage\"},\"thumbnailUrl\":\"https:\/\/portaltela.pt\/s.01k8rhncp4jt1\/2026\/02\/img_1280x721uu2025-09-12-11-22-50-2234822-1.jpg\",\"keywords\":[\"colonatos\",\"condena\u00e7\u00f5es internacionais\",\"direito internacional\",\"Na\u00e7\u00f5es Unidas\",\"organiza\u00e7\u00f5es internacionais\",\"Palestina\"],\"articleSection\":[\"Not\u00edcias\",\"Pol\u00edtica\"],\"inLanguage\":\"pt-PT\"},{\"@type\":\"WebPage\",\"@id\":\"https:\/\/portaltela.pt\/noticias\/2026\/02\/23\/19-paises-condenam-medidas-israelitas-que-configuram-anexacao-na-cisjordania\/\",\"url\":\"https:\/\/portaltela.pt\/noticias\/2026\/02\/23\/19-paises-condenam-medidas-israelitas-que-configuram-anexacao-na-cisjordania\/\",\"name\":\"19 pa\u00edses condenam medidas israelitas que configuram anexa\u00e7\u00e3o na Cisjord\u00e2nia - Portal Tela Portugal\",\"isPartOf\":{\"@id\":\"https:\/\/portaltela.pt\/#website\"},\"primaryImageOfPage\":{\"@id\":\"https:\/\/portaltela.pt\/noticias\/2026\/02\/23\/19-paises-condenam-medidas-israelitas-que-configuram-anexacao-na-cisjordania\/#primaryimage\"},\"image\":{\"@id\":\"https:\/\/portaltela.pt\/noticias\/2026\/02\/23\/19-paises-condenam-medidas-israelitas-que-configuram-anexacao-na-cisjordania\/#primaryimage\"},\"thumbnailUrl\":\"https:\/\/portaltela.pt\/s.01k8rhncp4jt1\/2026\/02\/img_1280x721uu2025-09-12-11-22-50-2234822-1.jpg\",\"datePublished\":\"2026-02-23T23:22:43+00:00\",\"author\":{\"@id\":\"https:\/\/portaltela.pt\/#\/schema\/person\/c4278d4a6028830caff9ee44b42d32ed\"},\"breadcrumb\":{\"@id\":\"https:\/\/portaltela.pt\/noticias\/2026\/02\/23\/19-paises-condenam-medidas-israelitas-que-configuram-anexacao-na-cisjordania\/#breadcrumb\"},\"inLanguage\":\"pt-PT\",\"potentialAction\":[{\"@type\":\"ReadAction\",\"target\":[\"https:\/\/portaltela.pt\/noticias\/2026\/02\/23\/19-paises-condenam-medidas-israelitas-que-configuram-anexacao-na-cisjordania\/\"]}]},{\"@type\":\"ImageObject\",\"inLanguage\":\"pt-PT\",\"@id\":\"https:\/\/portaltela.pt\/noticias\/2026\/02\/23\/19-paises-condenam-medidas-israelitas-que-configuram-anexacao-na-cisjordania\/#primaryimage\",\"url\":\"https:\/\/portaltela.pt\/s.01k8rhncp4jt1\/2026\/02\/img_1280x721uu2025-09-12-11-22-50-2234822-1.jpg\",\"contentUrl\":\"https:\/\/portaltela.pt\/s.01k8rhncp4jt1\/2026\/02\/img_1280x721uu2025-09-12-11-22-50-2234822-1.jpg\",\"width\":796,\"height\":448,\"caption\":\"Photo\"},{\"@type\":\"BreadcrumbList\",\"@id\":\"https:\/\/portaltela.pt\/noticias\/2026\/02\/23\/19-paises-condenam-medidas-israelitas-que-configuram-anexacao-na-cisjordania\/#breadcrumb\",\"itemListElement\":[{\"@type\":\"ListItem\",\"position\":1,\"name\":\"In\u00edcio\",\"item\":\"https:\/\/portaltela.pt\/\"},{\"@type\":\"ListItem\",\"position\":2,\"name\":\"19 pa\u00edses condenam medidas israelitas que configuram anexa\u00e7\u00e3o na Cisjord\u00e2nia\"}]},{\"@type\":\"WebSite\",\"@id\":\"https:\/\/portaltela.pt\/#website\",\"url\":\"https:\/\/portaltela.pt\/\",\"name\":\"Portal Tela Portugal\",\"description\":\"\",\"potentialAction\":[{\"@type\":\"SearchAction\",\"target\":{\"@type\":\"EntryPoint\",\"urlTemplate\":\"https:\/\/portaltela.pt\/?s={search_term_string}\"},\"query-input\":{\"@type\":\"PropertyValueSpecification\",\"valueRequired\":true,\"valueName\":\"search_term_string\"}}],\"inLanguage\":\"pt-PT\"},{\"@type\":\"Person\",\"@id\":\"https:\/\/portaltela.pt\/#\/schema\/person\/c4278d4a6028830caff9ee44b42d32ed\",\"name\":\"Telinha\",\"image\":{\"@type\":\"ImageObject\",\"inLanguage\":\"pt-PT\",\"@id\":\"https:\/\/portaltela.pt\/s.01k8rhncp4jt1\/2025\/11\/talking-bot-125x125.png\",\"url\":\"https:\/\/portaltela.pt\/s.01k8rhncp4jt1\/2025\/11\/talking-bot-125x125.png\",\"contentUrl\":\"https:\/\/portaltela.pt\/s.01k8rhncp4jt1\/2025\/11\/talking-bot-125x125.png\",\"caption\":\"Telinha\"},\"sameAs\":[\"https:\/\/portaltela.pt\/\"],\"url\":\"https:\/\/portaltela.pt\/por\/367410592786\/\"}]}<\/script>\n<!-- \/ Yoast SEO plugin. -->","yoast_head_json":{"title":"19 pa\u00edses condenam medidas israelitas que configuram anexa\u00e7\u00e3o na Cisjord\u00e2nia - Portal Tela Portugal","robots":{"index":"index","follow":"follow","max-snippet":"max-snippet:-1","max-image-preview":"max-image-preview:large","max-video-preview":"max-video-preview:-1"},"og_locale":"pt_PT","og_type":"article","og_title":"19 pa\u00edses condenam medidas israelitas que configuram anexa\u00e7\u00e3o na Cisjord\u00e2nia - Portal Tela Portugal","og_description":"Dezenove ministros dos Neg\u00f3cios Estrangeiros, incluindo Portugal, Brasil e Espanha, condenaram as medidas de Israel para refor\u00e7ar o controlo sobre a Cisjord\u00e2nia. A declara\u00e7\u00e3o conjunto descreve as a\u00e7\u00f5es como parte de uma estrat\u00e9gia para alterar a situa\u00e7\u00e3o no terreno e avan\u00e7ar para uma anexa\u00e7\u00e3o de facto inaceit\u00e1vel. As medidas, desde o in\u00edcio do m\u00eas, visam aumentar o controlo de Israel sobre a Cisjord\u00e2nia, ocupada desde 1967, incluindo \u00e1reas sob controlo da Autoridade Palestiniana. Os signat\u00e1rios apelam ao Governo israelita para reverter as decis\u00f5es e respeitar as obriga\u00e7\u00f5es internacionais, considerando as a\u00e7\u00f5es um ataque \u00e0 viabilidade do Estado palestiniano e \u00e0 solu\u00e7\u00e3o de dois Estados. Al\u00e9m de Portugal, firmaram a declara\u00e7\u00e3o pa\u00edses escandinavos, Fran\u00e7a, Irlanda, Egito, Ar\u00e1bia Saudita, Turquia e Indon\u00e9sia, bem como a Liga \u00c1rabe e a Organiza\u00e7\u00e3o de Coopera\u00e7\u00e3o Isl\u00e2mica; Portugal j\u00e1 discutiu refor\u00e7ar san\u00e7\u00f5es da Uni\u00e3o Europeia.","og_url":"https:\/\/portaltela.pt\/noticias\/2026\/02\/23\/19-paises-condenam-medidas-israelitas-que-configuram-anexacao-na-cisjordania\/","og_site_name":"Portal Tela Portugal","article_published_time":"2026-02-23T23:22:43+00:00","author":"Telinha","twitter_card":"summary_large_image","twitter_misc":{"Escrito por":"Telinha","Tempo estimado de leitura":"2 minutos"},"schema":{"@context":"https:\/\/schema.org","@graph":[{"@type":"Article","@id":"https:\/\/portaltela.pt\/noticias\/2026\/02\/23\/19-paises-condenam-medidas-israelitas-que-configuram-anexacao-na-cisjordania\/#article","isPartOf":{"@id":"https:\/\/portaltela.pt\/noticias\/2026\/02\/23\/19-paises-condenam-medidas-israelitas-que-configuram-anexacao-na-cisjordania\/"},"author":{"name":"Telinha","@id":"https:\/\/portaltela.pt\/#\/schema\/person\/c4278d4a6028830caff9ee44b42d32ed"},"headline":"19 pa\u00edses condenam medidas israelitas que configuram anexa\u00e7\u00e3o na Cisjord\u00e2nia","datePublished":"2026-02-23T23:22:43+00:00","mainEntityOfPage":{"@id":"https:\/\/portaltela.pt\/noticias\/2026\/02\/23\/19-paises-condenam-medidas-israelitas-que-configuram-anexacao-na-cisjordania\/"},"wordCount":341,"image":{"@id":"https:\/\/portaltela.pt\/noticias\/2026\/02\/23\/19-paises-condenam-medidas-israelitas-que-configuram-anexacao-na-cisjordania\/#primaryimage"},"thumbnailUrl":"https:\/\/portaltela.pt\/s.01k8rhncp4jt1\/2026\/02\/img_1280x721uu2025-09-12-11-22-50-2234822-1.jpg","keywords":["colonatos","condena\u00e7\u00f5es internacionais","direito internacional","Na\u00e7\u00f5es Unidas","organiza\u00e7\u00f5es internacionais","Palestina"],"articleSection":["Not\u00edcias","Pol\u00edtica"],"inLanguage":"pt-PT"},{"@type":"WebPage","@id":"https:\/\/portaltela.pt\/noticias\/2026\/02\/23\/19-paises-condenam-medidas-israelitas-que-configuram-anexacao-na-cisjordania\/","url":"https:\/\/portaltela.pt\/noticias\/2026\/02\/23\/19-paises-condenam-medidas-israelitas-que-configuram-anexacao-na-cisjordania\/","name":"19 pa\u00edses condenam medidas israelitas que configuram anexa\u00e7\u00e3o na Cisjord\u00e2nia - Portal Tela Portugal","isPartOf":{"@id":"https:\/\/portaltela.pt\/#website"},"primaryImageOfPage":{"@id":"https:\/\/portaltela.pt\/noticias\/2026\/02\/23\/19-paises-condenam-medidas-israelitas-que-configuram-anexacao-na-cisjordania\/#primaryimage"},"image":{"@id":"https:\/\/portaltela.pt\/noticias\/2026\/02\/23\/19-paises-condenam-medidas-israelitas-que-configuram-anexacao-na-cisjordania\/#primaryimage"},"thumbnailUrl":"https:\/\/portaltela.pt\/s.01k8rhncp4jt1\/2026\/02\/img_1280x721uu2025-09-12-11-22-50-2234822-1.jpg","datePublished":"2026-02-23T23:22:43+00:00","author":{"@id":"https:\/\/portaltela.pt\/#\/schema\/person\/c4278d4a6028830caff9ee44b42d32ed"},"breadcrumb":{"@id":"https:\/\/portaltela.pt\/noticias\/2026\/02\/23\/19-paises-condenam-medidas-israelitas-que-configuram-anexacao-na-cisjordania\/#breadcrumb"},"inLanguage":"pt-PT","potentialAction":[{"@type":"ReadAction","target":["https:\/\/portaltela.pt\/noticias\/2026\/02\/23\/19-paises-condenam-medidas-israelitas-que-configuram-anexacao-na-cisjordania\/"]}]},{"@type":"ImageObject","inLanguage":"pt-PT","@id":"https:\/\/portaltela.pt\/noticias\/2026\/02\/23\/19-paises-condenam-medidas-israelitas-que-configuram-anexacao-na-cisjordania\/#primaryimage","url":"https:\/\/portaltela.pt\/s.01k8rhncp4jt1\/2026\/02\/img_1280x721uu2025-09-12-11-22-50-2234822-1.jpg","contentUrl":"https:\/\/portaltela.pt\/s.01k8rhncp4jt1\/2026\/02\/img_1280x721uu2025-09-12-11-22-50-2234822-1.jpg","width":796,"height":448,"caption":"Photo"},{"@type":"BreadcrumbList","@id":"https:\/\/portaltela.pt\/noticias\/2026\/02\/23\/19-paises-condenam-medidas-israelitas-que-configuram-anexacao-na-cisjordania\/#breadcrumb","itemListElement":[{"@type":"ListItem","position":1,"name":"In\u00edcio","item":"https:\/\/portaltela.pt\/"},{"@type":"ListItem","position":2,"name":"19 pa\u00edses condenam medidas israelitas que configuram anexa\u00e7\u00e3o na Cisjord\u00e2nia"}]},{"@type":"WebSite","@id":"https:\/\/portaltela.pt\/#website","url":"https:\/\/portaltela.pt\/","name":"Portal Tela Portugal","description":"","potentialAction":[{"@type":"SearchAction","target":{"@type":"EntryPoint","urlTemplate":"https:\/\/portaltela.pt\/?s={search_term_string}"},"query-input":{"@type":"PropertyValueSpecification","valueRequired":true,"valueName":"search_term_string"}}],"inLanguage":"pt-PT"},{"@type":"Person","@id":"https:\/\/portaltela.pt\/#\/schema\/person\/c4278d4a6028830caff9ee44b42d32ed","name":"Telinha","image":{"@type":"ImageObject","inLanguage":"pt-PT","@id":"https:\/\/portaltela.pt\/s.01k8rhncp4jt1\/2025\/11\/talking-bot-125x125.png","url":"https:\/\/portaltela.pt\/s.01k8rhncp4jt1\/2025\/11\/talking-bot-125x125.png","contentUrl":"https:\/\/portaltela.pt\/s.01k8rhncp4jt1\/2025\/11\/talking-bot-125x125.png","caption":"Telinha"},"sameAs":["https:\/\/portaltela.pt\/"],"url":"https:\/\/portaltela.pt\/por\/367410592786\/"}]}},"_links":{"self":[{"href":"https:\/\/portaltela.pt\/api\/wp\/v2\/posts\/223525","targetHints":{"allow":["GET"]}}],"collection":[{"href":"https:\/\/portaltela.pt\/api\/wp\/v2\/posts"}],"about":[{"href":"https:\/\/portaltela.pt\/api\/wp\/v2\/types\/post"}],"author":[{"embeddable":true,"href":"https:\/\/portaltela.pt\/api\/wp\/v2\/users\/2"}],"replies":[{"embeddable":true,"href":"https:\/\/portaltela.pt\/api\/wp\/v2\/comments?post=223525"}],"version-history":[{"count":0,"href":"https:\/\/portaltela.pt\/api\/wp\/v2\/posts\/223525\/revisions"}],"wp:featuredmedia":[{"embeddable":true,"href":"https:\/\/portaltela.pt\/api\/wp\/v2\/media\/223526"}],"wp:attachment":[{"href":"https:\/\/portaltela.pt\/api\/wp\/v2\/media?parent=223525"}],"wp:term":[{"taxonomy":"category","embeddable":true,"href":"https:\/\/portaltela.pt\/api\/wp\/v2\/categories?post=223525"},{"taxonomy":"post_tag","embeddable":true,"href":"https:\/\/portaltela.pt\/api\/wp\/v2\/tags?post=223525"}],"curies":[{"name":"wp","href":"https:\/\/api.w.org\/{rel}","templated":true}]}}