{"id":223504,"date":"2026-02-23T19:50:00","date_gmt":"2026-02-23T22:50:00","guid":{"rendered":"https:\/\/portaltela.pt\/noticias\/2026\/02\/23\/tempestade-de-neve-paralisa-nova-iorque-e-o-nordeste-dos-eua\/"},"modified":"2026-02-23T19:50:00","modified_gmt":"2026-02-23T22:50:00","slug":"tempestade-de-neve-paralisa-nova-iorque-e-o-nordeste-dos-eua","status":"publish","type":"post","link":"https:\/\/portaltela.pt\/noticias\/2026\/02\/23\/tempestade-de-neve-paralisa-nova-iorque-e-o-nordeste-dos-eua\/","title":{"rendered":"Tempestade de neve paralisa Nova Iorque e o nordeste dos EUA"},"content":{"rendered":"<p>Uma forte tempestade de neve atingiu o nordeste dos Estados Unidos nesta segunda-feira, deixando milh\u00f5es de pessoas em casa. Alertas de neve e ventos intensos foram emitidos em v\u00e1rias regi\u00f5es, incluindo a cidade de Nova Iorque.<\/p>\n<p>As autoridades meteorol\u00f3gicas reportaram fortes reduzidas de visibilidade e acumula\u00e7\u00e3o r\u00e1pida de neve, levando a interrup\u00e7\u00f5es de servi\u00e7os e a medidas de precau\u00e7\u00e3o por parte dos habitantes. Servi\u00e7os de emerg\u00eancia mobilizaram recursos para atender chamadas ligadas a estradas escorregadias e quedas de energia.<\/p>\n<p>O fen\u00f3meno ocorreu na manh\u00e3 de segunda-feira, estendendo-se pelo dia em Nova Iorque e \u00e1reas vizinhas do nordeste. O objetivo das autoridades foi reduzir riscos, aconselhar a permanecer em casa sempre que poss\u00edvel e manter vias de acesso desobstru\u00eddas para emerg\u00eancias.<\/p>\n<h3>Impacto e resposta<\/h3>\n<p>Cidades da regi\u00e3o, incluindo Nova Iorque, implementaram restri\u00e7\u00f5es de mobilidade e encerraram \u00e1reas p\u00fablicas n\u00e3o essenciais. Hospitais e servi\u00e7os de sa\u00fade alinharam-se ao aumento de demanda prevista por condi\u00e7\u00f5es associadas ao frio intenso e \u00e0 neve. Os previsores indicam possibilidade de queda de neve adicional ao longo dos pr\u00f3ximos dias.<\/p>\n<p>As autoridades locais reiteraram mensagens de orienta\u00e7\u00e3o \u00e0 popula\u00e7\u00e3o, destacando a import\u00e2ncia de acompanhar os comunicados oficiais. Meteorologistas ressaltaram que o tempo dever\u00e1 manter-se inst\u00e1vel at\u00e9 ao decurso desta semana, com potencial de novas tempestades situadas na mesma zona geogr\u00e1fica.<\/p>\n","protected":false},"excerpt":{"rendered":"<ul>\n<li>Uma forte tempestade de neve atingiu o nordeste dos Estados Unidos, nesta segunda-feira, paralisando Nova Iorque e comunidades da regi\u00e3o.<\/li>\n<li>Milh\u00f5es de pessoas ficaram em casa devido a avisos de neve e a ventos intensos.<\/li>\n<li>A situa\u00e7\u00e3o levou a interrup\u00e7\u00f5es no tr\u00e1fego e a medidas de seguran\u00e7a relacionadas com as condi\u00e7\u00f5es meteorol\u00f3gicas extremas.<\/li>\n<li>As autoridades continuam a monitorizar a evolu\u00e7\u00e3o do fen\u00f3meno e a emitir orienta\u00e7\u00f5es para os residentes da regi\u00e3o.<\/li>\n<\/ul>\n","protected":false},"author":2,"featured_media":223506,"comment_status":"closed","ping_status":"closed","sticky":false,"template":"","format":"standard","meta":{"footnotes":""},"categories":[1],"tags":[5159,5224,1935,1600,4364,5632],"class_list":["post-223504","post","type-post","status-publish","format-standard","has-post-thumbnail","hentry","category-noticias","tag-aviso-de-mau-tempo","tag-clima","tag-emergencias","tag-estados-unidos","tag-meteorologia","tag-nova-iorque"],"yoast_head":"<!-- This site is optimized with the Yoast SEO plugin v27.2 - https:\/\/yoast.com\/product\/yoast-seo-wordpress\/ -->\n<title>Tempestade de neve paralisa Nova Iorque e o nordeste dos EUA - Portal Tela Portugal<\/title>\n<meta name=\"robots\" content=\"index, follow, max-snippet:-1, max-image-preview:large, max-video-preview:-1\" \/>\n<meta property=\"og:locale\" content=\"pt_PT\" \/>\n<meta property=\"og:type\" content=\"article\" \/>\n<meta property=\"og:title\" content=\"Tempestade de neve paralisa Nova Iorque e o nordeste dos EUA - Portal Tela Portugal\" \/>\n<meta property=\"og:description\" content=\"Uma forte tempestade de neve atingiu o nordeste dos Estados Unidos, nesta segunda-feira, paralisando Nova Iorque e comunidades da regi\u00e3o. Milh\u00f5es de pessoas ficaram em casa devido a avisos de neve e a ventos intensos. A situa\u00e7\u00e3o levou a interrup\u00e7\u00f5es no tr\u00e1fego e a medidas de seguran\u00e7a relacionadas com as condi\u00e7\u00f5es meteorol\u00f3gicas extremas. As autoridades continuam a monitorizar a evolu\u00e7\u00e3o do fen\u00f3meno e a emitir orienta\u00e7\u00f5es para os residentes da regi\u00e3o.\" \/>\n<meta property=\"og:url\" content=\"https:\/\/portaltela.pt\/noticias\/2026\/02\/23\/tempestade-de-neve-paralisa-nova-iorque-e-o-nordeste-dos-eua\/\" \/>\n<meta property=\"og:site_name\" content=\"Portal Tela Portugal\" \/>\n<meta property=\"article:published_time\" content=\"2026-02-23T22:50:00+00:00\" \/>\n<meta name=\"author\" content=\"Telinha\" \/>\n<meta name=\"twitter:card\" content=\"summary_large_image\" \/>\n<meta name=\"twitter:label1\" content=\"Escrito por\" \/>\n\t<meta name=\"twitter:data1\" content=\"Telinha\" \/>\n\t<meta name=\"twitter:label2\" content=\"Tempo estimado de leitura\" \/>\n\t<meta name=\"twitter:data2\" content=\"1 minuto\" \/>\n<script type=\"application\/ld+json\" class=\"yoast-schema-graph\">{\"@context\":\"https:\/\/schema.org\",\"@graph\":[{\"@type\":\"Article\",\"@id\":\"https:\/\/portaltela.pt\/noticias\/2026\/02\/23\/tempestade-de-neve-paralisa-nova-iorque-e-o-nordeste-dos-eua\/#article\",\"isPartOf\":{\"@id\":\"https:\/\/portaltela.pt\/noticias\/2026\/02\/23\/tempestade-de-neve-paralisa-nova-iorque-e-o-nordeste-dos-eua\/\"},\"author\":{\"name\":\"Telinha\",\"@id\":\"https:\/\/portaltela.pt\/#\/schema\/person\/c4278d4a6028830caff9ee44b42d32ed\"},\"headline\":\"Tempestade de neve paralisa Nova Iorque e o nordeste dos EUA\",\"datePublished\":\"2026-02-23T22:50:00+00:00\",\"mainEntityOfPage\":{\"@id\":\"https:\/\/portaltela.pt\/noticias\/2026\/02\/23\/tempestade-de-neve-paralisa-nova-iorque-e-o-nordeste-dos-eua\/\"},\"wordCount\":250,\"image\":{\"@id\":\"https:\/\/portaltela.pt\/noticias\/2026\/02\/23\/tempestade-de-neve-paralisa-nova-iorque-e-o-nordeste-dos-eua\/#primaryimage\"},\"thumbnailUrl\":\"https:\/\/portaltela.pt\/s.01k8rhncp4jt1\/2026\/02\/img_1280x722uu2026-02-23-22-42-55-2268672.jpg\",\"keywords\":[\"aviso de mau tempo\",\"clima\",\"emerg\u00eancias\",\"Estados Unidos\",\"meteorologia\",\"Nova Iorque\"],\"articleSection\":[\"Not\u00edcias\"],\"inLanguage\":\"pt-PT\"},{\"@type\":\"WebPage\",\"@id\":\"https:\/\/portaltela.pt\/noticias\/2026\/02\/23\/tempestade-de-neve-paralisa-nova-iorque-e-o-nordeste-dos-eua\/\",\"url\":\"https:\/\/portaltela.pt\/noticias\/2026\/02\/23\/tempestade-de-neve-paralisa-nova-iorque-e-o-nordeste-dos-eua\/\",\"name\":\"Tempestade de neve paralisa Nova Iorque e o nordeste dos EUA - Portal Tela Portugal\",\"isPartOf\":{\"@id\":\"https:\/\/portaltela.pt\/#website\"},\"primaryImageOfPage\":{\"@id\":\"https:\/\/portaltela.pt\/noticias\/2026\/02\/23\/tempestade-de-neve-paralisa-nova-iorque-e-o-nordeste-dos-eua\/#primaryimage\"},\"image\":{\"@id\":\"https:\/\/portaltela.pt\/noticias\/2026\/02\/23\/tempestade-de-neve-paralisa-nova-iorque-e-o-nordeste-dos-eua\/#primaryimage\"},\"thumbnailUrl\":\"https:\/\/portaltela.pt\/s.01k8rhncp4jt1\/2026\/02\/img_1280x722uu2026-02-23-22-42-55-2268672.jpg\",\"datePublished\":\"2026-02-23T22:50:00+00:00\",\"author\":{\"@id\":\"https:\/\/portaltela.pt\/#\/schema\/person\/c4278d4a6028830caff9ee44b42d32ed\"},\"breadcrumb\":{\"@id\":\"https:\/\/portaltela.pt\/noticias\/2026\/02\/23\/tempestade-de-neve-paralisa-nova-iorque-e-o-nordeste-dos-eua\/#breadcrumb\"},\"inLanguage\":\"pt-PT\",\"potentialAction\":[{\"@type\":\"ReadAction\",\"target\":[\"https:\/\/portaltela.pt\/noticias\/2026\/02\/23\/tempestade-de-neve-paralisa-nova-iorque-e-o-nordeste-dos-eua\/\"]}]},{\"@type\":\"ImageObject\",\"inLanguage\":\"pt-PT\",\"@id\":\"https:\/\/portaltela.pt\/noticias\/2026\/02\/23\/tempestade-de-neve-paralisa-nova-iorque-e-o-nordeste-dos-eua\/#primaryimage\",\"url\":\"https:\/\/portaltela.pt\/s.01k8rhncp4jt1\/2026\/02\/img_1280x722uu2026-02-23-22-42-55-2268672.jpg\",\"contentUrl\":\"https:\/\/portaltela.pt\/s.01k8rhncp4jt1\/2026\/02\/img_1280x722uu2026-02-23-22-42-55-2268672.jpg\",\"width\":796,\"height\":448,\"caption\":\"Tempestade de neve paralisa Nova Iorque e nordeste dos Estados Unidos\"},{\"@type\":\"BreadcrumbList\",\"@id\":\"https:\/\/portaltela.pt\/noticias\/2026\/02\/23\/tempestade-de-neve-paralisa-nova-iorque-e-o-nordeste-dos-eua\/#breadcrumb\",\"itemListElement\":[{\"@type\":\"ListItem\",\"position\":1,\"name\":\"In\u00edcio\",\"item\":\"https:\/\/portaltela.pt\/\"},{\"@type\":\"ListItem\",\"position\":2,\"name\":\"Tempestade de neve paralisa Nova Iorque e o nordeste dos EUA\"}]},{\"@type\":\"WebSite\",\"@id\":\"https:\/\/portaltela.pt\/#website\",\"url\":\"https:\/\/portaltela.pt\/\",\"name\":\"Portal Tela Portugal\",\"description\":\"\",\"potentialAction\":[{\"@type\":\"SearchAction\",\"target\":{\"@type\":\"EntryPoint\",\"urlTemplate\":\"https:\/\/portaltela.pt\/?s={search_term_string}\"},\"query-input\":{\"@type\":\"PropertyValueSpecification\",\"valueRequired\":true,\"valueName\":\"search_term_string\"}}],\"inLanguage\":\"pt-PT\"},{\"@type\":\"Person\",\"@id\":\"https:\/\/portaltela.pt\/#\/schema\/person\/c4278d4a6028830caff9ee44b42d32ed\",\"name\":\"Telinha\",\"image\":{\"@type\":\"ImageObject\",\"inLanguage\":\"pt-PT\",\"@id\":\"https:\/\/portaltela.pt\/s.01k8rhncp4jt1\/2025\/11\/talking-bot-125x125.png\",\"url\":\"https:\/\/portaltela.pt\/s.01k8rhncp4jt1\/2025\/11\/talking-bot-125x125.png\",\"contentUrl\":\"https:\/\/portaltela.pt\/s.01k8rhncp4jt1\/2025\/11\/talking-bot-125x125.png\",\"caption\":\"Telinha\"},\"sameAs\":[\"https:\/\/portaltela.pt\/\"],\"url\":\"https:\/\/portaltela.pt\/por\/367410592786\/\"}]}<\/script>\n<!-- \/ Yoast SEO plugin. -->","yoast_head_json":{"title":"Tempestade de neve paralisa Nova Iorque e o nordeste dos EUA - Portal Tela Portugal","robots":{"index":"index","follow":"follow","max-snippet":"max-snippet:-1","max-image-preview":"max-image-preview:large","max-video-preview":"max-video-preview:-1"},"og_locale":"pt_PT","og_type":"article","og_title":"Tempestade de neve paralisa Nova Iorque e o nordeste dos EUA - Portal Tela Portugal","og_description":"Uma forte tempestade de neve atingiu o nordeste dos Estados Unidos, nesta segunda-feira, paralisando Nova Iorque e comunidades da regi\u00e3o. Milh\u00f5es de pessoas ficaram em casa devido a avisos de neve e a ventos intensos. A situa\u00e7\u00e3o levou a interrup\u00e7\u00f5es no tr\u00e1fego e a medidas de seguran\u00e7a relacionadas com as condi\u00e7\u00f5es meteorol\u00f3gicas extremas. As autoridades continuam a monitorizar a evolu\u00e7\u00e3o do fen\u00f3meno e a emitir orienta\u00e7\u00f5es para os residentes da regi\u00e3o.","og_url":"https:\/\/portaltela.pt\/noticias\/2026\/02\/23\/tempestade-de-neve-paralisa-nova-iorque-e-o-nordeste-dos-eua\/","og_site_name":"Portal Tela Portugal","article_published_time":"2026-02-23T22:50:00+00:00","author":"Telinha","twitter_card":"summary_large_image","twitter_misc":{"Escrito por":"Telinha","Tempo estimado de leitura":"1 minuto"},"schema":{"@context":"https:\/\/schema.org","@graph":[{"@type":"Article","@id":"https:\/\/portaltela.pt\/noticias\/2026\/02\/23\/tempestade-de-neve-paralisa-nova-iorque-e-o-nordeste-dos-eua\/#article","isPartOf":{"@id":"https:\/\/portaltela.pt\/noticias\/2026\/02\/23\/tempestade-de-neve-paralisa-nova-iorque-e-o-nordeste-dos-eua\/"},"author":{"name":"Telinha","@id":"https:\/\/portaltela.pt\/#\/schema\/person\/c4278d4a6028830caff9ee44b42d32ed"},"headline":"Tempestade de neve paralisa Nova Iorque e o nordeste dos EUA","datePublished":"2026-02-23T22:50:00+00:00","mainEntityOfPage":{"@id":"https:\/\/portaltela.pt\/noticias\/2026\/02\/23\/tempestade-de-neve-paralisa-nova-iorque-e-o-nordeste-dos-eua\/"},"wordCount":250,"image":{"@id":"https:\/\/portaltela.pt\/noticias\/2026\/02\/23\/tempestade-de-neve-paralisa-nova-iorque-e-o-nordeste-dos-eua\/#primaryimage"},"thumbnailUrl":"https:\/\/portaltela.pt\/s.01k8rhncp4jt1\/2026\/02\/img_1280x722uu2026-02-23-22-42-55-2268672.jpg","keywords":["aviso de mau tempo","clima","emerg\u00eancias","Estados Unidos","meteorologia","Nova Iorque"],"articleSection":["Not\u00edcias"],"inLanguage":"pt-PT"},{"@type":"WebPage","@id":"https:\/\/portaltela.pt\/noticias\/2026\/02\/23\/tempestade-de-neve-paralisa-nova-iorque-e-o-nordeste-dos-eua\/","url":"https:\/\/portaltela.pt\/noticias\/2026\/02\/23\/tempestade-de-neve-paralisa-nova-iorque-e-o-nordeste-dos-eua\/","name":"Tempestade de neve paralisa Nova Iorque e o nordeste dos EUA - Portal Tela Portugal","isPartOf":{"@id":"https:\/\/portaltela.pt\/#website"},"primaryImageOfPage":{"@id":"https:\/\/portaltela.pt\/noticias\/2026\/02\/23\/tempestade-de-neve-paralisa-nova-iorque-e-o-nordeste-dos-eua\/#primaryimage"},"image":{"@id":"https:\/\/portaltela.pt\/noticias\/2026\/02\/23\/tempestade-de-neve-paralisa-nova-iorque-e-o-nordeste-dos-eua\/#primaryimage"},"thumbnailUrl":"https:\/\/portaltela.pt\/s.01k8rhncp4jt1\/2026\/02\/img_1280x722uu2026-02-23-22-42-55-2268672.jpg","datePublished":"2026-02-23T22:50:00+00:00","author":{"@id":"https:\/\/portaltela.pt\/#\/schema\/person\/c4278d4a6028830caff9ee44b42d32ed"},"breadcrumb":{"@id":"https:\/\/portaltela.pt\/noticias\/2026\/02\/23\/tempestade-de-neve-paralisa-nova-iorque-e-o-nordeste-dos-eua\/#breadcrumb"},"inLanguage":"pt-PT","potentialAction":[{"@type":"ReadAction","target":["https:\/\/portaltela.pt\/noticias\/2026\/02\/23\/tempestade-de-neve-paralisa-nova-iorque-e-o-nordeste-dos-eua\/"]}]},{"@type":"ImageObject","inLanguage":"pt-PT","@id":"https:\/\/portaltela.pt\/noticias\/2026\/02\/23\/tempestade-de-neve-paralisa-nova-iorque-e-o-nordeste-dos-eua\/#primaryimage","url":"https:\/\/portaltela.pt\/s.01k8rhncp4jt1\/2026\/02\/img_1280x722uu2026-02-23-22-42-55-2268672.jpg","contentUrl":"https:\/\/portaltela.pt\/s.01k8rhncp4jt1\/2026\/02\/img_1280x722uu2026-02-23-22-42-55-2268672.jpg","width":796,"height":448,"caption":"Tempestade de neve paralisa Nova Iorque e nordeste dos Estados Unidos"},{"@type":"BreadcrumbList","@id":"https:\/\/portaltela.pt\/noticias\/2026\/02\/23\/tempestade-de-neve-paralisa-nova-iorque-e-o-nordeste-dos-eua\/#breadcrumb","itemListElement":[{"@type":"ListItem","position":1,"name":"In\u00edcio","item":"https:\/\/portaltela.pt\/"},{"@type":"ListItem","position":2,"name":"Tempestade de neve paralisa Nova Iorque e o nordeste dos EUA"}]},{"@type":"WebSite","@id":"https:\/\/portaltela.pt\/#website","url":"https:\/\/portaltela.pt\/","name":"Portal Tela Portugal","description":"","potentialAction":[{"@type":"SearchAction","target":{"@type":"EntryPoint","urlTemplate":"https:\/\/portaltela.pt\/?s={search_term_string}"},"query-input":{"@type":"PropertyValueSpecification","valueRequired":true,"valueName":"search_term_string"}}],"inLanguage":"pt-PT"},{"@type":"Person","@id":"https:\/\/portaltela.pt\/#\/schema\/person\/c4278d4a6028830caff9ee44b42d32ed","name":"Telinha","image":{"@type":"ImageObject","inLanguage":"pt-PT","@id":"https:\/\/portaltela.pt\/s.01k8rhncp4jt1\/2025\/11\/talking-bot-125x125.png","url":"https:\/\/portaltela.pt\/s.01k8rhncp4jt1\/2025\/11\/talking-bot-125x125.png","contentUrl":"https:\/\/portaltela.pt\/s.01k8rhncp4jt1\/2025\/11\/talking-bot-125x125.png","caption":"Telinha"},"sameAs":["https:\/\/portaltela.pt\/"],"url":"https:\/\/portaltela.pt\/por\/367410592786\/"}]}},"_links":{"self":[{"href":"https:\/\/portaltela.pt\/api\/wp\/v2\/posts\/223504","targetHints":{"allow":["GET"]}}],"collection":[{"href":"https:\/\/portaltela.pt\/api\/wp\/v2\/posts"}],"about":[{"href":"https:\/\/portaltela.pt\/api\/wp\/v2\/types\/post"}],"author":[{"embeddable":true,"href":"https:\/\/portaltela.pt\/api\/wp\/v2\/users\/2"}],"replies":[{"embeddable":true,"href":"https:\/\/portaltela.pt\/api\/wp\/v2\/comments?post=223504"}],"version-history":[{"count":0,"href":"https:\/\/portaltela.pt\/api\/wp\/v2\/posts\/223504\/revisions"}],"wp:featuredmedia":[{"embeddable":true,"href":"https:\/\/portaltela.pt\/api\/wp\/v2\/media\/223506"}],"wp:attachment":[{"href":"https:\/\/portaltela.pt\/api\/wp\/v2\/media?parent=223504"}],"wp:term":[{"taxonomy":"category","embeddable":true,"href":"https:\/\/portaltela.pt\/api\/wp\/v2\/categories?post=223504"},{"taxonomy":"post_tag","embeddable":true,"href":"https:\/\/portaltela.pt\/api\/wp\/v2\/tags?post=223504"}],"curies":[{"name":"wp","href":"https:\/\/api.w.org\/{rel}","templated":true}]}}