{"id":223501,"date":"2026-02-23T19:51:09","date_gmt":"2026-02-23T22:51:09","guid":{"rendered":"https:\/\/portaltela.pt\/noticias\/2026\/02\/23\/incendio-florestal-cresce-rapidamente-numa-autoestrada-em-nova-orleaes\/"},"modified":"2026-02-23T19:51:09","modified_gmt":"2026-02-23T22:51:09","slug":"incendio-florestal-cresce-rapidamente-numa-autoestrada-em-nova-orleaes","status":"publish","type":"post","link":"https:\/\/portaltela.pt\/noticias\/2026\/02\/23\/incendio-florestal-cresce-rapidamente-numa-autoestrada-em-nova-orleaes\/","title":{"rendered":"Inc\u00eandio florestal cresce rapidamente numa autoestrada em Nova Orle\u00e3es"},"content":{"rendered":"<p>Um inc\u00eandio florestal deflagrou-se neste domingo numa zona arborizada perto de Lacombe, a cerca de uma hora de Nova Orle\u00e3es, no estado da Louisiana. Um v\u00eddeo divulgado mostra as chamas a crescer rapidamente junto a uma autoestrada. A causa do fogo n\u00e3o foi detalhada.<\/p>\n<p>N\u00e3o h\u00e1 informa\u00e7\u00f5es dispon\u00edveis sobre danos materiais ou feridos. As autoridades locais n\u00e3o confirmaram o tamanho exacto do fogo nem o n\u00famero de ve\u00edculos de emerg\u00eancia envolvidos at\u00e9 ao momento.<\/p>\n<p>A tempor\u00e1ria presen\u00e7a de fumo e o avan\u00e7o do fogo obrigaram equipas de bombeiros a emitir alertas na \u00e1rea e a monitorizar a situa\u00e7\u00e3o com vigil\u00e2ncia a\u00e9rea. N\u00e3o foi indicado se houve interrup\u00e7\u00f5es de circula\u00e7\u00e3o na autoestrada.<\/p>\n<h3>Situa\u00e7\u00e3o atual<\/h3>\n<p>As autoridades continuam a avaliar a extens\u00e3o do inc\u00eandio e tomam medidas para evitar que o fogo se alastre. N\u00e3o houve declara\u00e7\u00f5es oficiais sobre respons\u00e1veis ou estimativas de conten\u00e7\u00e3o.<\/p>\n","protected":false},"excerpt":{"rendered":"<ul>\n<li>Um inc\u00eandio florestal deflagrou este domingo numa zona arborizada perto de Lacombe, a cerca de uma hora de Nova Orle\u00e3es.<\/li>\n<li>Um v\u00eddeo mostra o fogo a crescer rapidamente numa autoestrada na \u00e1rea.<\/li>\n<li>A not\u00edcia \u00e9 atribu\u00edda \u00e0 Associated Press (AP).<\/li>\n<li>N\u00e3o h\u00e1 informa\u00e7\u00f5es adicionais sobre causas ou danos dispon\u00edveis no texto fornecido.<\/li>\n<li>N\u00e3o h\u00e1 dados sobre evacua\u00e7\u00f5es ou estrutura de emerg\u00eancias neste resumo.<\/li>\n<\/ul>\n","protected":false},"author":2,"featured_media":223510,"comment_status":"closed","ping_status":"closed","sticky":false,"template":"","format":"standard","meta":{"footnotes":""},"categories":[1],"tags":[5792,1600,4576,1438,2617,5915],"class_list":["post-223501","post","type-post","status-publish","format-standard","has-post-thumbnail","hentry","category-noticias","tag-autoestradas","tag-estados-unidos","tag-florestal","tag-incendio","tag-incendios","tag-rodoviarios"],"yoast_head":"<!-- This site is optimized with the Yoast SEO plugin v27.2 - https:\/\/yoast.com\/product\/yoast-seo-wordpress\/ -->\n<title>Inc\u00eandio florestal cresce rapidamente numa autoestrada em Nova Orle\u00e3es - Portal Tela Portugal<\/title>\n<meta name=\"robots\" content=\"index, follow, max-snippet:-1, max-image-preview:large, max-video-preview:-1\" \/>\n<meta property=\"og:locale\" content=\"pt_PT\" \/>\n<meta property=\"og:type\" content=\"article\" \/>\n<meta property=\"og:title\" content=\"Inc\u00eandio florestal cresce rapidamente numa autoestrada em Nova Orle\u00e3es - Portal Tela Portugal\" \/>\n<meta property=\"og:description\" content=\"Um inc\u00eandio florestal deflagrou este domingo numa zona arborizada perto de Lacombe, a cerca de uma hora de Nova Orle\u00e3es. Um v\u00eddeo mostra o fogo a crescer rapidamente numa autoestrada na \u00e1rea. A not\u00edcia \u00e9 atribu\u00edda \u00e0 Associated Press (AP). N\u00e3o h\u00e1 informa\u00e7\u00f5es adicionais sobre causas ou danos dispon\u00edveis no texto fornecido. N\u00e3o h\u00e1 dados sobre evacua\u00e7\u00f5es ou estrutura de emerg\u00eancias neste resumo.\" \/>\n<meta property=\"og:url\" content=\"https:\/\/portaltela.pt\/noticias\/2026\/02\/23\/incendio-florestal-cresce-rapidamente-numa-autoestrada-em-nova-orleaes\/\" \/>\n<meta property=\"og:site_name\" content=\"Portal Tela Portugal\" \/>\n<meta property=\"article:published_time\" content=\"2026-02-23T22:51:09+00:00\" \/>\n<meta name=\"author\" content=\"Telinha\" \/>\n<meta name=\"twitter:card\" content=\"summary_large_image\" \/>\n<meta name=\"twitter:label1\" content=\"Escrito por\" \/>\n\t<meta name=\"twitter:data1\" content=\"Telinha\" \/>\n\t<meta name=\"twitter:label2\" content=\"Tempo estimado de leitura\" \/>\n\t<meta name=\"twitter:data2\" content=\"1 minuto\" \/>\n<script type=\"application\/ld+json\" class=\"yoast-schema-graph\">{\"@context\":\"https:\/\/schema.org\",\"@graph\":[{\"@type\":\"Article\",\"@id\":\"https:\/\/portaltela.pt\/noticias\/2026\/02\/23\/incendio-florestal-cresce-rapidamente-numa-autoestrada-em-nova-orleaes\/#article\",\"isPartOf\":{\"@id\":\"https:\/\/portaltela.pt\/noticias\/2026\/02\/23\/incendio-florestal-cresce-rapidamente-numa-autoestrada-em-nova-orleaes\/\"},\"author\":{\"name\":\"Telinha\",\"@id\":\"https:\/\/portaltela.pt\/#\/schema\/person\/c4278d4a6028830caff9ee44b42d32ed\"},\"headline\":\"Inc\u00eandio florestal cresce rapidamente numa autoestrada em Nova Orle\u00e3es\",\"datePublished\":\"2026-02-23T22:51:09+00:00\",\"mainEntityOfPage\":{\"@id\":\"https:\/\/portaltela.pt\/noticias\/2026\/02\/23\/incendio-florestal-cresce-rapidamente-numa-autoestrada-em-nova-orleaes\/\"},\"wordCount\":180,\"image\":{\"@id\":\"https:\/\/portaltela.pt\/noticias\/2026\/02\/23\/incendio-florestal-cresce-rapidamente-numa-autoestrada-em-nova-orleaes\/#primaryimage\"},\"thumbnailUrl\":\"https:\/\/portaltela.pt\/s.01k8rhncp4jt1\/2026\/02\/img_1280x722uu2026-02-23-22-44-48-2268676.jpg\",\"keywords\":[\"autoestradas\",\"Estados Unidos\",\"florestal\",\"inc\u00eandio\",\"inc\u00eandios\",\"rodovi\u00e1rios\"],\"articleSection\":[\"Not\u00edcias\"],\"inLanguage\":\"pt-PT\"},{\"@type\":\"WebPage\",\"@id\":\"https:\/\/portaltela.pt\/noticias\/2026\/02\/23\/incendio-florestal-cresce-rapidamente-numa-autoestrada-em-nova-orleaes\/\",\"url\":\"https:\/\/portaltela.pt\/noticias\/2026\/02\/23\/incendio-florestal-cresce-rapidamente-numa-autoestrada-em-nova-orleaes\/\",\"name\":\"Inc\u00eandio florestal cresce rapidamente numa autoestrada em Nova Orle\u00e3es - Portal Tela Portugal\",\"isPartOf\":{\"@id\":\"https:\/\/portaltela.pt\/#website\"},\"primaryImageOfPage\":{\"@id\":\"https:\/\/portaltela.pt\/noticias\/2026\/02\/23\/incendio-florestal-cresce-rapidamente-numa-autoestrada-em-nova-orleaes\/#primaryimage\"},\"image\":{\"@id\":\"https:\/\/portaltela.pt\/noticias\/2026\/02\/23\/incendio-florestal-cresce-rapidamente-numa-autoestrada-em-nova-orleaes\/#primaryimage\"},\"thumbnailUrl\":\"https:\/\/portaltela.pt\/s.01k8rhncp4jt1\/2026\/02\/img_1280x722uu2026-02-23-22-44-48-2268676.jpg\",\"datePublished\":\"2026-02-23T22:51:09+00:00\",\"author\":{\"@id\":\"https:\/\/portaltela.pt\/#\/schema\/person\/c4278d4a6028830caff9ee44b42d32ed\"},\"breadcrumb\":{\"@id\":\"https:\/\/portaltela.pt\/noticias\/2026\/02\/23\/incendio-florestal-cresce-rapidamente-numa-autoestrada-em-nova-orleaes\/#breadcrumb\"},\"inLanguage\":\"pt-PT\",\"potentialAction\":[{\"@type\":\"ReadAction\",\"target\":[\"https:\/\/portaltela.pt\/noticias\/2026\/02\/23\/incendio-florestal-cresce-rapidamente-numa-autoestrada-em-nova-orleaes\/\"]}]},{\"@type\":\"ImageObject\",\"inLanguage\":\"pt-PT\",\"@id\":\"https:\/\/portaltela.pt\/noticias\/2026\/02\/23\/incendio-florestal-cresce-rapidamente-numa-autoestrada-em-nova-orleaes\/#primaryimage\",\"url\":\"https:\/\/portaltela.pt\/s.01k8rhncp4jt1\/2026\/02\/img_1280x722uu2026-02-23-22-44-48-2268676.jpg\",\"contentUrl\":\"https:\/\/portaltela.pt\/s.01k8rhncp4jt1\/2026\/02\/img_1280x722uu2026-02-23-22-44-48-2268676.jpg\",\"width\":796,\"height\":448,\"caption\":\"Photo\"},{\"@type\":\"BreadcrumbList\",\"@id\":\"https:\/\/portaltela.pt\/noticias\/2026\/02\/23\/incendio-florestal-cresce-rapidamente-numa-autoestrada-em-nova-orleaes\/#breadcrumb\",\"itemListElement\":[{\"@type\":\"ListItem\",\"position\":1,\"name\":\"In\u00edcio\",\"item\":\"https:\/\/portaltela.pt\/\"},{\"@type\":\"ListItem\",\"position\":2,\"name\":\"Inc\u00eandio florestal cresce rapidamente numa autoestrada em Nova Orle\u00e3es\"}]},{\"@type\":\"WebSite\",\"@id\":\"https:\/\/portaltela.pt\/#website\",\"url\":\"https:\/\/portaltela.pt\/\",\"name\":\"Portal Tela Portugal\",\"description\":\"\",\"potentialAction\":[{\"@type\":\"SearchAction\",\"target\":{\"@type\":\"EntryPoint\",\"urlTemplate\":\"https:\/\/portaltela.pt\/?s={search_term_string}\"},\"query-input\":{\"@type\":\"PropertyValueSpecification\",\"valueRequired\":true,\"valueName\":\"search_term_string\"}}],\"inLanguage\":\"pt-PT\"},{\"@type\":\"Person\",\"@id\":\"https:\/\/portaltela.pt\/#\/schema\/person\/c4278d4a6028830caff9ee44b42d32ed\",\"name\":\"Telinha\",\"image\":{\"@type\":\"ImageObject\",\"inLanguage\":\"pt-PT\",\"@id\":\"https:\/\/portaltela.pt\/s.01k8rhncp4jt1\/2025\/11\/talking-bot-125x125.png\",\"url\":\"https:\/\/portaltela.pt\/s.01k8rhncp4jt1\/2025\/11\/talking-bot-125x125.png\",\"contentUrl\":\"https:\/\/portaltela.pt\/s.01k8rhncp4jt1\/2025\/11\/talking-bot-125x125.png\",\"caption\":\"Telinha\"},\"sameAs\":[\"https:\/\/portaltela.pt\/\"],\"url\":\"https:\/\/portaltela.pt\/por\/367410592786\/\"}]}<\/script>\n<!-- \/ Yoast SEO plugin. -->","yoast_head_json":{"title":"Inc\u00eandio florestal cresce rapidamente numa autoestrada em Nova Orle\u00e3es - Portal Tela Portugal","robots":{"index":"index","follow":"follow","max-snippet":"max-snippet:-1","max-image-preview":"max-image-preview:large","max-video-preview":"max-video-preview:-1"},"og_locale":"pt_PT","og_type":"article","og_title":"Inc\u00eandio florestal cresce rapidamente numa autoestrada em Nova Orle\u00e3es - Portal Tela Portugal","og_description":"Um inc\u00eandio florestal deflagrou este domingo numa zona arborizada perto de Lacombe, a cerca de uma hora de Nova Orle\u00e3es. Um v\u00eddeo mostra o fogo a crescer rapidamente numa autoestrada na \u00e1rea. A not\u00edcia \u00e9 atribu\u00edda \u00e0 Associated Press (AP). N\u00e3o h\u00e1 informa\u00e7\u00f5es adicionais sobre causas ou danos dispon\u00edveis no texto fornecido. N\u00e3o h\u00e1 dados sobre evacua\u00e7\u00f5es ou estrutura de emerg\u00eancias neste resumo.","og_url":"https:\/\/portaltela.pt\/noticias\/2026\/02\/23\/incendio-florestal-cresce-rapidamente-numa-autoestrada-em-nova-orleaes\/","og_site_name":"Portal Tela Portugal","article_published_time":"2026-02-23T22:51:09+00:00","author":"Telinha","twitter_card":"summary_large_image","twitter_misc":{"Escrito por":"Telinha","Tempo estimado de leitura":"1 minuto"},"schema":{"@context":"https:\/\/schema.org","@graph":[{"@type":"Article","@id":"https:\/\/portaltela.pt\/noticias\/2026\/02\/23\/incendio-florestal-cresce-rapidamente-numa-autoestrada-em-nova-orleaes\/#article","isPartOf":{"@id":"https:\/\/portaltela.pt\/noticias\/2026\/02\/23\/incendio-florestal-cresce-rapidamente-numa-autoestrada-em-nova-orleaes\/"},"author":{"name":"Telinha","@id":"https:\/\/portaltela.pt\/#\/schema\/person\/c4278d4a6028830caff9ee44b42d32ed"},"headline":"Inc\u00eandio florestal cresce rapidamente numa autoestrada em Nova Orle\u00e3es","datePublished":"2026-02-23T22:51:09+00:00","mainEntityOfPage":{"@id":"https:\/\/portaltela.pt\/noticias\/2026\/02\/23\/incendio-florestal-cresce-rapidamente-numa-autoestrada-em-nova-orleaes\/"},"wordCount":180,"image":{"@id":"https:\/\/portaltela.pt\/noticias\/2026\/02\/23\/incendio-florestal-cresce-rapidamente-numa-autoestrada-em-nova-orleaes\/#primaryimage"},"thumbnailUrl":"https:\/\/portaltela.pt\/s.01k8rhncp4jt1\/2026\/02\/img_1280x722uu2026-02-23-22-44-48-2268676.jpg","keywords":["autoestradas","Estados Unidos","florestal","inc\u00eandio","inc\u00eandios","rodovi\u00e1rios"],"articleSection":["Not\u00edcias"],"inLanguage":"pt-PT"},{"@type":"WebPage","@id":"https:\/\/portaltela.pt\/noticias\/2026\/02\/23\/incendio-florestal-cresce-rapidamente-numa-autoestrada-em-nova-orleaes\/","url":"https:\/\/portaltela.pt\/noticias\/2026\/02\/23\/incendio-florestal-cresce-rapidamente-numa-autoestrada-em-nova-orleaes\/","name":"Inc\u00eandio florestal cresce rapidamente numa autoestrada em Nova Orle\u00e3es - Portal Tela Portugal","isPartOf":{"@id":"https:\/\/portaltela.pt\/#website"},"primaryImageOfPage":{"@id":"https:\/\/portaltela.pt\/noticias\/2026\/02\/23\/incendio-florestal-cresce-rapidamente-numa-autoestrada-em-nova-orleaes\/#primaryimage"},"image":{"@id":"https:\/\/portaltela.pt\/noticias\/2026\/02\/23\/incendio-florestal-cresce-rapidamente-numa-autoestrada-em-nova-orleaes\/#primaryimage"},"thumbnailUrl":"https:\/\/portaltela.pt\/s.01k8rhncp4jt1\/2026\/02\/img_1280x722uu2026-02-23-22-44-48-2268676.jpg","datePublished":"2026-02-23T22:51:09+00:00","author":{"@id":"https:\/\/portaltela.pt\/#\/schema\/person\/c4278d4a6028830caff9ee44b42d32ed"},"breadcrumb":{"@id":"https:\/\/portaltela.pt\/noticias\/2026\/02\/23\/incendio-florestal-cresce-rapidamente-numa-autoestrada-em-nova-orleaes\/#breadcrumb"},"inLanguage":"pt-PT","potentialAction":[{"@type":"ReadAction","target":["https:\/\/portaltela.pt\/noticias\/2026\/02\/23\/incendio-florestal-cresce-rapidamente-numa-autoestrada-em-nova-orleaes\/"]}]},{"@type":"ImageObject","inLanguage":"pt-PT","@id":"https:\/\/portaltela.pt\/noticias\/2026\/02\/23\/incendio-florestal-cresce-rapidamente-numa-autoestrada-em-nova-orleaes\/#primaryimage","url":"https:\/\/portaltela.pt\/s.01k8rhncp4jt1\/2026\/02\/img_1280x722uu2026-02-23-22-44-48-2268676.jpg","contentUrl":"https:\/\/portaltela.pt\/s.01k8rhncp4jt1\/2026\/02\/img_1280x722uu2026-02-23-22-44-48-2268676.jpg","width":796,"height":448,"caption":"Photo"},{"@type":"BreadcrumbList","@id":"https:\/\/portaltela.pt\/noticias\/2026\/02\/23\/incendio-florestal-cresce-rapidamente-numa-autoestrada-em-nova-orleaes\/#breadcrumb","itemListElement":[{"@type":"ListItem","position":1,"name":"In\u00edcio","item":"https:\/\/portaltela.pt\/"},{"@type":"ListItem","position":2,"name":"Inc\u00eandio florestal cresce rapidamente numa autoestrada em Nova Orle\u00e3es"}]},{"@type":"WebSite","@id":"https:\/\/portaltela.pt\/#website","url":"https:\/\/portaltela.pt\/","name":"Portal Tela Portugal","description":"","potentialAction":[{"@type":"SearchAction","target":{"@type":"EntryPoint","urlTemplate":"https:\/\/portaltela.pt\/?s={search_term_string}"},"query-input":{"@type":"PropertyValueSpecification","valueRequired":true,"valueName":"search_term_string"}}],"inLanguage":"pt-PT"},{"@type":"Person","@id":"https:\/\/portaltela.pt\/#\/schema\/person\/c4278d4a6028830caff9ee44b42d32ed","name":"Telinha","image":{"@type":"ImageObject","inLanguage":"pt-PT","@id":"https:\/\/portaltela.pt\/s.01k8rhncp4jt1\/2025\/11\/talking-bot-125x125.png","url":"https:\/\/portaltela.pt\/s.01k8rhncp4jt1\/2025\/11\/talking-bot-125x125.png","contentUrl":"https:\/\/portaltela.pt\/s.01k8rhncp4jt1\/2025\/11\/talking-bot-125x125.png","caption":"Telinha"},"sameAs":["https:\/\/portaltela.pt\/"],"url":"https:\/\/portaltela.pt\/por\/367410592786\/"}]}},"_links":{"self":[{"href":"https:\/\/portaltela.pt\/api\/wp\/v2\/posts\/223501","targetHints":{"allow":["GET"]}}],"collection":[{"href":"https:\/\/portaltela.pt\/api\/wp\/v2\/posts"}],"about":[{"href":"https:\/\/portaltela.pt\/api\/wp\/v2\/types\/post"}],"author":[{"embeddable":true,"href":"https:\/\/portaltela.pt\/api\/wp\/v2\/users\/2"}],"replies":[{"embeddable":true,"href":"https:\/\/portaltela.pt\/api\/wp\/v2\/comments?post=223501"}],"version-history":[{"count":0,"href":"https:\/\/portaltela.pt\/api\/wp\/v2\/posts\/223501\/revisions"}],"wp:featuredmedia":[{"embeddable":true,"href":"https:\/\/portaltela.pt\/api\/wp\/v2\/media\/223510"}],"wp:attachment":[{"href":"https:\/\/portaltela.pt\/api\/wp\/v2\/media?parent=223501"}],"wp:term":[{"taxonomy":"category","embeddable":true,"href":"https:\/\/portaltela.pt\/api\/wp\/v2\/categories?post=223501"},{"taxonomy":"post_tag","embeddable":true,"href":"https:\/\/portaltela.pt\/api\/wp\/v2\/tags?post=223501"}],"curies":[{"name":"wp","href":"https:\/\/api.w.org\/{rel}","templated":true}]}}