{"id":223492,"date":"2026-02-23T19:47:16","date_gmt":"2026-02-23T22:47:16","guid":{"rendered":"https:\/\/portaltela.pt\/noticias\/2026\/02\/23\/uefa-futsal-champions-league-resultados-e-destaques\/"},"modified":"2026-02-23T19:47:16","modified_gmt":"2026-02-23T22:47:16","slug":"uefa-futsal-champions-league-resultados-e-destaques","status":"publish","type":"post","link":"https:\/\/portaltela.pt\/desporto\/futebol\/2026\/02\/23\/uefa-futsal-champions-league-resultados-e-destaques\/","title":{"rendered":"UEFA Futsal Champions League: resultados e destaques"},"content":{"rendered":"<p>O Sporting garantiu o acesso ao Final Four da Liga dos Campe\u00f5es de futsal ao vencer o Anderlecht por 4-1, em jogo disputado em casa. A derrota de Braga ou a combina\u00e7\u00e3o de resultados confirmou a presen\u00e7a do conjunto leonino na fase final.<\/p>\n<h3>Anderlecht vence e aguarda o desfecho<\/h3>\n<p>O Anderlecht ficou a aguardar o desfecho da ronda ap\u00f3s vencer o SK Interobal Plzen por 3-2, mantendo-se na luta por uma vaga nessa fase da competi\u00e7\u00e3o.<\/p>\n<h3>Sporting domina o Grupo C<\/h3>\n<p>O Sporting goleou o Plzen por 7-2 e isolou-se na lideran\u00e7a do Grupo C da Ronda de Elite, com ataque dominante e defesa a responder com efic\u00e1cia sob orienta\u00e7\u00e3o de Nuno Dias.<\/p>\n<h3>Braga \u00e9 goleado pelo Anderlecht<\/h3>\n<p>O Sp. Braga saiu derrotado por 6-1 diante do Anderlecht na ronda de elite, complicando a caminhada rumo ao Final Four.<\/p>\n<h3>A cr\u00f3nica do Sp. Braga vs Plzen<\/h3>\n<p>No confronto entre Arsenalistas e checos, o Braga entrou a vencer, acabando por perder o momentum e ceder o jogo por 4-2 ao final, no Grupo C.<\/p>\n<h3>A cr\u00f3nica do Sporting vs Anderlecht<\/h3>\n<p>O Le\u00e3o, ap\u00f3s regresso de Zicky T\u00e9, venceu por 4-1, assegurando a passagem \u00e0 fase final pela oitava vez nas \u00faltimas dez \u00e9pocas, com Debast a acompanhar da bancada.<\/p>\n<h3>Joel Rocha celebra o regresso \u00e0 Champions<\/h3>\n<p>O treinador do Sp. Braga, Joel Rocha, descreveu o regresso \u00e0 competi\u00e7\u00e3o como especial, enfatizando o objetivo de chegar \u00e0 Main Round com 9 pontos.<\/p>\n<h3>Caminho europeu do Sporting prossegue<\/h3>\n<p>O Sporting arrancou a Ronda Principal com uma vit\u00f3ria sobre o Semey, por 6-4, com Taynan em destaque ao apontar um hat-trick.<\/p>\n","protected":false},"excerpt":{"rendered":"<ul>\n<li>Sporting garantiu o final four da Liga dos Campe\u00f5es de futsal ao vencer o Anderlecht em casa, 4-1, mantendo a presen\u00e7a na fase a oito vezes nas \u00faltimas dez \u00e9pocas.<\/li>\n<li>Anderlecht venceu o SK Interobal Plzen por 3-2 na Ronda de Elite e aguarda o desfecho do confronto com o Sporting\u2013Braga.<\/li>\n<li>O Sporting goleou o Plzen por 7-2 e assumiu a lideran\u00e7a do Grupo C da Ronda de Elite.<\/li>\n<li>Sp. Braga foi derrotado pelo Anderlecht, 6-1, na Ronda de Elite da Liga dos Campe\u00f5es de futsal.<\/li>\n<li>Nuno Dias, treinador do Sporting, destacou a qualidade da equipa ap\u00f3s a vit\u00f3ria sobre o Anderlecht e o apuramento para o final four.<\/li>\n<\/ul>\n","protected":false},"author":2,"featured_media":223493,"comment_status":"closed","ping_status":"closed","sticky":false,"template":"","format":"standard","meta":{"footnotes":""},"categories":[21,24],"tags":[2726,1207,161,2070,1652,79],"class_list":["post-223492","post","type-post","status-publish","format-standard","has-post-thumbnail","hentry","category-desporto","category-futebol","tag-anderlecht","tag-braga","tag-futsal","tag-sp-braga","tag-sporting","tag-uefa-champions-league"],"yoast_head":"<!-- This site is optimized with the Yoast SEO plugin v27.2 - https:\/\/yoast.com\/product\/yoast-seo-wordpress\/ -->\n<title>UEFA Futsal Champions League: resultados e destaques - Portal Tela Portugal<\/title>\n<meta name=\"robots\" content=\"index, follow, max-snippet:-1, max-image-preview:large, max-video-preview:-1\" \/>\n<meta property=\"og:locale\" content=\"pt_PT\" \/>\n<meta property=\"og:type\" content=\"article\" \/>\n<meta property=\"og:title\" content=\"UEFA Futsal Champions League: resultados e destaques - Portal Tela Portugal\" \/>\n<meta property=\"og:description\" content=\"Sporting garantiu o final four da Liga dos Campe\u00f5es de futsal ao vencer o Anderlecht em casa, 4-1, mantendo a presen\u00e7a na fase a oito vezes nas \u00faltimas dez \u00e9pocas. Anderlecht venceu o SK Interobal Plzen por 3-2 na Ronda de Elite e aguarda o desfecho do confronto com o Sporting\u2013Braga. O Sporting goleou o Plzen por 7-2 e assumiu a lideran\u00e7a do Grupo C da Ronda de Elite. Sp. Braga foi derrotado pelo Anderlecht, 6-1, na Ronda de Elite da Liga dos Campe\u00f5es de futsal. Nuno Dias, treinador do Sporting, destacou a qualidade da equipa ap\u00f3s a vit\u00f3ria sobre o Anderlecht e o apuramento para o final four.\" \/>\n<meta property=\"og:url\" content=\"https:\/\/portaltela.pt\/noticias\/2026\/02\/23\/uefa-futsal-champions-league-resultados-e-destaques\/\" \/>\n<meta property=\"og:site_name\" content=\"Portal Tela Portugal\" \/>\n<meta property=\"article:published_time\" content=\"2026-02-23T22:47:16+00:00\" \/>\n<meta name=\"author\" content=\"Telinha\" \/>\n<meta name=\"twitter:card\" content=\"summary_large_image\" \/>\n<meta name=\"twitter:label1\" content=\"Escrito por\" \/>\n\t<meta name=\"twitter:data1\" content=\"Telinha\" \/>\n\t<meta name=\"twitter:label2\" content=\"Tempo estimado de leitura\" \/>\n\t<meta name=\"twitter:data2\" content=\"1 minuto\" \/>\n<script type=\"application\/ld+json\" class=\"yoast-schema-graph\">{\"@context\":\"https:\/\/schema.org\",\"@graph\":[{\"@type\":\"Article\",\"@id\":\"https:\/\/portaltela.pt\/noticias\/2026\/02\/23\/uefa-futsal-champions-league-resultados-e-destaques\/#article\",\"isPartOf\":{\"@id\":\"https:\/\/portaltela.pt\/noticias\/2026\/02\/23\/uefa-futsal-champions-league-resultados-e-destaques\/\"},\"author\":{\"name\":\"Telinha\",\"@id\":\"https:\/\/portaltela.pt\/#\/schema\/person\/c4278d4a6028830caff9ee44b42d32ed\"},\"headline\":\"UEFA Futsal Champions League: resultados e destaques\",\"datePublished\":\"2026-02-23T22:47:16+00:00\",\"mainEntityOfPage\":{\"@id\":\"https:\/\/portaltela.pt\/noticias\/2026\/02\/23\/uefa-futsal-champions-league-resultados-e-destaques\/\"},\"wordCount\":282,\"image\":{\"@id\":\"https:\/\/portaltela.pt\/noticias\/2026\/02\/23\/uefa-futsal-champions-league-resultados-e-destaques\/#primaryimage\"},\"thumbnailUrl\":\"https:\/\/portaltela.pt\/s.01k8rhncp4jt1\/2026\/02\/img_920x518uu2024-11-29-21-47-44-2316657.jpg\",\"keywords\":[\"Anderlecht\",\"Braga\",\"futsal\",\"Sp. Braga\",\"Sporting\",\"uefa champions league\"],\"articleSection\":[\"Desporto\",\"Futebol\"],\"inLanguage\":\"pt-PT\"},{\"@type\":\"WebPage\",\"@id\":\"https:\/\/portaltela.pt\/noticias\/2026\/02\/23\/uefa-futsal-champions-league-resultados-e-destaques\/\",\"url\":\"https:\/\/portaltela.pt\/noticias\/2026\/02\/23\/uefa-futsal-champions-league-resultados-e-destaques\/\",\"name\":\"UEFA Futsal Champions League: resultados e destaques - Portal Tela Portugal\",\"isPartOf\":{\"@id\":\"https:\/\/portaltela.pt\/#website\"},\"primaryImageOfPage\":{\"@id\":\"https:\/\/portaltela.pt\/noticias\/2026\/02\/23\/uefa-futsal-champions-league-resultados-e-destaques\/#primaryimage\"},\"image\":{\"@id\":\"https:\/\/portaltela.pt\/noticias\/2026\/02\/23\/uefa-futsal-champions-league-resultados-e-destaques\/#primaryimage\"},\"thumbnailUrl\":\"https:\/\/portaltela.pt\/s.01k8rhncp4jt1\/2026\/02\/img_920x518uu2024-11-29-21-47-44-2316657.jpg\",\"datePublished\":\"2026-02-23T22:47:16+00:00\",\"author\":{\"@id\":\"https:\/\/portaltela.pt\/#\/schema\/person\/c4278d4a6028830caff9ee44b42d32ed\"},\"breadcrumb\":{\"@id\":\"https:\/\/portaltela.pt\/noticias\/2026\/02\/23\/uefa-futsal-champions-league-resultados-e-destaques\/#breadcrumb\"},\"inLanguage\":\"pt-PT\",\"potentialAction\":[{\"@type\":\"ReadAction\",\"target\":[\"https:\/\/portaltela.pt\/noticias\/2026\/02\/23\/uefa-futsal-champions-league-resultados-e-destaques\/\"]}]},{\"@type\":\"ImageObject\",\"inLanguage\":\"pt-PT\",\"@id\":\"https:\/\/portaltela.pt\/noticias\/2026\/02\/23\/uefa-futsal-champions-league-resultados-e-destaques\/#primaryimage\",\"url\":\"https:\/\/portaltela.pt\/s.01k8rhncp4jt1\/2026\/02\/img_920x518uu2024-11-29-21-47-44-2316657.jpg\",\"contentUrl\":\"https:\/\/portaltela.pt\/s.01k8rhncp4jt1\/2026\/02\/img_920x518uu2024-11-29-21-47-44-2316657.jpg\",\"width\":796,\"height\":448,\"caption\":\"Photo\"},{\"@type\":\"BreadcrumbList\",\"@id\":\"https:\/\/portaltela.pt\/noticias\/2026\/02\/23\/uefa-futsal-champions-league-resultados-e-destaques\/#breadcrumb\",\"itemListElement\":[{\"@type\":\"ListItem\",\"position\":1,\"name\":\"In\u00edcio\",\"item\":\"https:\/\/portaltela.pt\/\"},{\"@type\":\"ListItem\",\"position\":2,\"name\":\"UEFA Futsal Champions League: resultados e destaques\"}]},{\"@type\":\"WebSite\",\"@id\":\"https:\/\/portaltela.pt\/#website\",\"url\":\"https:\/\/portaltela.pt\/\",\"name\":\"Portal Tela Portugal\",\"description\":\"\",\"potentialAction\":[{\"@type\":\"SearchAction\",\"target\":{\"@type\":\"EntryPoint\",\"urlTemplate\":\"https:\/\/portaltela.pt\/?s={search_term_string}\"},\"query-input\":{\"@type\":\"PropertyValueSpecification\",\"valueRequired\":true,\"valueName\":\"search_term_string\"}}],\"inLanguage\":\"pt-PT\"},{\"@type\":\"Person\",\"@id\":\"https:\/\/portaltela.pt\/#\/schema\/person\/c4278d4a6028830caff9ee44b42d32ed\",\"name\":\"Telinha\",\"image\":{\"@type\":\"ImageObject\",\"inLanguage\":\"pt-PT\",\"@id\":\"https:\/\/portaltela.pt\/s.01k8rhncp4jt1\/2025\/11\/talking-bot-125x125.png\",\"url\":\"https:\/\/portaltela.pt\/s.01k8rhncp4jt1\/2025\/11\/talking-bot-125x125.png\",\"contentUrl\":\"https:\/\/portaltela.pt\/s.01k8rhncp4jt1\/2025\/11\/talking-bot-125x125.png\",\"caption\":\"Telinha\"},\"sameAs\":[\"https:\/\/portaltela.pt\/\"],\"url\":\"https:\/\/portaltela.pt\/por\/367410592786\/\"}]}<\/script>\n<!-- \/ Yoast SEO plugin. -->","yoast_head_json":{"title":"UEFA Futsal Champions League: resultados e destaques - Portal Tela Portugal","robots":{"index":"index","follow":"follow","max-snippet":"max-snippet:-1","max-image-preview":"max-image-preview:large","max-video-preview":"max-video-preview:-1"},"og_locale":"pt_PT","og_type":"article","og_title":"UEFA Futsal Champions League: resultados e destaques - Portal Tela Portugal","og_description":"Sporting garantiu o final four da Liga dos Campe\u00f5es de futsal ao vencer o Anderlecht em casa, 4-1, mantendo a presen\u00e7a na fase a oito vezes nas \u00faltimas dez \u00e9pocas. Anderlecht venceu o SK Interobal Plzen por 3-2 na Ronda de Elite e aguarda o desfecho do confronto com o Sporting\u2013Braga. O Sporting goleou o Plzen por 7-2 e assumiu a lideran\u00e7a do Grupo C da Ronda de Elite. Sp. Braga foi derrotado pelo Anderlecht, 6-1, na Ronda de Elite da Liga dos Campe\u00f5es de futsal. Nuno Dias, treinador do Sporting, destacou a qualidade da equipa ap\u00f3s a vit\u00f3ria sobre o Anderlecht e o apuramento para o final four.","og_url":"https:\/\/portaltela.pt\/noticias\/2026\/02\/23\/uefa-futsal-champions-league-resultados-e-destaques\/","og_site_name":"Portal Tela Portugal","article_published_time":"2026-02-23T22:47:16+00:00","author":"Telinha","twitter_card":"summary_large_image","twitter_misc":{"Escrito por":"Telinha","Tempo estimado de leitura":"1 minuto"},"schema":{"@context":"https:\/\/schema.org","@graph":[{"@type":"Article","@id":"https:\/\/portaltela.pt\/noticias\/2026\/02\/23\/uefa-futsal-champions-league-resultados-e-destaques\/#article","isPartOf":{"@id":"https:\/\/portaltela.pt\/noticias\/2026\/02\/23\/uefa-futsal-champions-league-resultados-e-destaques\/"},"author":{"name":"Telinha","@id":"https:\/\/portaltela.pt\/#\/schema\/person\/c4278d4a6028830caff9ee44b42d32ed"},"headline":"UEFA Futsal Champions League: resultados e destaques","datePublished":"2026-02-23T22:47:16+00:00","mainEntityOfPage":{"@id":"https:\/\/portaltela.pt\/noticias\/2026\/02\/23\/uefa-futsal-champions-league-resultados-e-destaques\/"},"wordCount":282,"image":{"@id":"https:\/\/portaltela.pt\/noticias\/2026\/02\/23\/uefa-futsal-champions-league-resultados-e-destaques\/#primaryimage"},"thumbnailUrl":"https:\/\/portaltela.pt\/s.01k8rhncp4jt1\/2026\/02\/img_920x518uu2024-11-29-21-47-44-2316657.jpg","keywords":["Anderlecht","Braga","futsal","Sp. Braga","Sporting","uefa champions league"],"articleSection":["Desporto","Futebol"],"inLanguage":"pt-PT"},{"@type":"WebPage","@id":"https:\/\/portaltela.pt\/noticias\/2026\/02\/23\/uefa-futsal-champions-league-resultados-e-destaques\/","url":"https:\/\/portaltela.pt\/noticias\/2026\/02\/23\/uefa-futsal-champions-league-resultados-e-destaques\/","name":"UEFA Futsal Champions League: resultados e destaques - Portal Tela Portugal","isPartOf":{"@id":"https:\/\/portaltela.pt\/#website"},"primaryImageOfPage":{"@id":"https:\/\/portaltela.pt\/noticias\/2026\/02\/23\/uefa-futsal-champions-league-resultados-e-destaques\/#primaryimage"},"image":{"@id":"https:\/\/portaltela.pt\/noticias\/2026\/02\/23\/uefa-futsal-champions-league-resultados-e-destaques\/#primaryimage"},"thumbnailUrl":"https:\/\/portaltela.pt\/s.01k8rhncp4jt1\/2026\/02\/img_920x518uu2024-11-29-21-47-44-2316657.jpg","datePublished":"2026-02-23T22:47:16+00:00","author":{"@id":"https:\/\/portaltela.pt\/#\/schema\/person\/c4278d4a6028830caff9ee44b42d32ed"},"breadcrumb":{"@id":"https:\/\/portaltela.pt\/noticias\/2026\/02\/23\/uefa-futsal-champions-league-resultados-e-destaques\/#breadcrumb"},"inLanguage":"pt-PT","potentialAction":[{"@type":"ReadAction","target":["https:\/\/portaltela.pt\/noticias\/2026\/02\/23\/uefa-futsal-champions-league-resultados-e-destaques\/"]}]},{"@type":"ImageObject","inLanguage":"pt-PT","@id":"https:\/\/portaltela.pt\/noticias\/2026\/02\/23\/uefa-futsal-champions-league-resultados-e-destaques\/#primaryimage","url":"https:\/\/portaltela.pt\/s.01k8rhncp4jt1\/2026\/02\/img_920x518uu2024-11-29-21-47-44-2316657.jpg","contentUrl":"https:\/\/portaltela.pt\/s.01k8rhncp4jt1\/2026\/02\/img_920x518uu2024-11-29-21-47-44-2316657.jpg","width":796,"height":448,"caption":"Photo"},{"@type":"BreadcrumbList","@id":"https:\/\/portaltela.pt\/noticias\/2026\/02\/23\/uefa-futsal-champions-league-resultados-e-destaques\/#breadcrumb","itemListElement":[{"@type":"ListItem","position":1,"name":"In\u00edcio","item":"https:\/\/portaltela.pt\/"},{"@type":"ListItem","position":2,"name":"UEFA Futsal Champions League: resultados e destaques"}]},{"@type":"WebSite","@id":"https:\/\/portaltela.pt\/#website","url":"https:\/\/portaltela.pt\/","name":"Portal Tela Portugal","description":"","potentialAction":[{"@type":"SearchAction","target":{"@type":"EntryPoint","urlTemplate":"https:\/\/portaltela.pt\/?s={search_term_string}"},"query-input":{"@type":"PropertyValueSpecification","valueRequired":true,"valueName":"search_term_string"}}],"inLanguage":"pt-PT"},{"@type":"Person","@id":"https:\/\/portaltela.pt\/#\/schema\/person\/c4278d4a6028830caff9ee44b42d32ed","name":"Telinha","image":{"@type":"ImageObject","inLanguage":"pt-PT","@id":"https:\/\/portaltela.pt\/s.01k8rhncp4jt1\/2025\/11\/talking-bot-125x125.png","url":"https:\/\/portaltela.pt\/s.01k8rhncp4jt1\/2025\/11\/talking-bot-125x125.png","contentUrl":"https:\/\/portaltela.pt\/s.01k8rhncp4jt1\/2025\/11\/talking-bot-125x125.png","caption":"Telinha"},"sameAs":["https:\/\/portaltela.pt\/"],"url":"https:\/\/portaltela.pt\/por\/367410592786\/"}]}},"_links":{"self":[{"href":"https:\/\/portaltela.pt\/api\/wp\/v2\/posts\/223492","targetHints":{"allow":["GET"]}}],"collection":[{"href":"https:\/\/portaltela.pt\/api\/wp\/v2\/posts"}],"about":[{"href":"https:\/\/portaltela.pt\/api\/wp\/v2\/types\/post"}],"author":[{"embeddable":true,"href":"https:\/\/portaltela.pt\/api\/wp\/v2\/users\/2"}],"replies":[{"embeddable":true,"href":"https:\/\/portaltela.pt\/api\/wp\/v2\/comments?post=223492"}],"version-history":[{"count":0,"href":"https:\/\/portaltela.pt\/api\/wp\/v2\/posts\/223492\/revisions"}],"wp:featuredmedia":[{"embeddable":true,"href":"https:\/\/portaltela.pt\/api\/wp\/v2\/media\/223493"}],"wp:attachment":[{"href":"https:\/\/portaltela.pt\/api\/wp\/v2\/media?parent=223492"}],"wp:term":[{"taxonomy":"category","embeddable":true,"href":"https:\/\/portaltela.pt\/api\/wp\/v2\/categories?post=223492"},{"taxonomy":"post_tag","embeddable":true,"href":"https:\/\/portaltela.pt\/api\/wp\/v2\/tags?post=223492"}],"curies":[{"name":"wp","href":"https:\/\/api.w.org\/{rel}","templated":true}]}}