{"id":223481,"date":"2026-02-23T19:39:00","date_gmt":"2026-02-23T22:39:00","guid":{"rendered":"https:\/\/portaltela.pt\/noticias\/2026\/02\/23\/manchester-united-consolida-quarto-lugar-na-premier-league\/"},"modified":"2026-02-23T19:39:00","modified_gmt":"2026-02-23T22:39:00","slug":"manchester-united-consolida-quarto-lugar-na-premier-league","status":"publish","type":"post","link":"https:\/\/portaltela.pt\/desporto\/futebol\/2026\/02\/23\/manchester-united-consolida-quarto-lugar-na-premier-league\/","title":{"rendered":"Manchester United consolida quarto lugar na Premier League"},"content":{"rendered":"<p>O Manchester United venceu o Everton por 0-1 na 27.\u00aa jornada da Premier League, mantendo a s\u00e9rie de invencibilidade sob a gest\u00e3o interina de Michael Carrick. A derrota foi conhecida no Goodison Park, num encontro disputado nesta segunda-feira.<\/p>\n<p>Benjamin Sesko surgiu como o titular no onze de sa\u00edda, ao lado de Diogo Dalot e Bruno Fernandes. O avan\u00e7ado esloveno garantiu os tr\u00eas pontos aos 71 minutos, finalizando uma das poucas ocasi\u00f5es claras criadas pelos red devils.<\/p>\n<p>O Everton teve o dom\u00ednio de cantos durante o per\u00edodo final, somando dez ao longo do jogo, mas poucas amea\u00e7as reais \u00e0s redes advers\u00e1rias se verificaram. O United, em contrapartida, soube gerir o resultado com cuidada conten\u00e7\u00e3o defensiva.<\/p>\n<p>Desde a entrada de Carrick no comando, o United n\u00e3o perde no campeonato e j\u00e1 n\u00e3o sabe o sabor da derrota. O triunfo consolidou a equipa no quarto lugar, aproveitando igualmente o empate do Chelsea em rela\u00e7\u00e3o aos seus perseguidores.<\/p>\n","protected":false},"excerpt":{"rendered":"<ul>\n<li>O Manchester United venceu o Everton, por 0-1, no Goodison Park, na 27.\u00aa jornada da Premier League.<\/li>\n<li>Benjamin Sesko estreou o papel de her\u00f3i ao marcar aos 71 minutos, garantindo a vit\u00f3ria para os azuis de Manchester.<\/li>\n<li>Diogo Dalot e Bruno Fernandes atuaram como titulares no United, que manteve a invencibilidade desde que Michael Carrick assumiu o comando interino.<\/li>\n<li>O United beneficiou do empate do Chelsea para consolidar o quarto lugar na tabela.<\/li>\n<li>O Everton terminou o jogo com dez cantos, mas sem criar oportunidades claras de golo.<\/li>\n<\/ul>\n","protected":false},"author":2,"featured_media":223486,"comment_status":"closed","ping_status":"closed","sticky":false,"template":"","format":"standard","meta":{"footnotes":""},"categories":[21,24],"tags":[6299,1941,2536,32,3187,3369],"class_list":["post-223481","post","type-post","status-publish","format-standard","has-post-thumbnail","hentry","category-desporto","category-futebol","tag-benjamin-sesko","tag-bruno-fernandes","tag-diogo-dalot","tag-futebol","tag-manchester-united","tag-premier-league"],"yoast_head":"<!-- This site is optimized with the Yoast SEO plugin v27.2 - https:\/\/yoast.com\/product\/yoast-seo-wordpress\/ -->\n<title>Manchester United consolida quarto lugar na Premier League - Portal Tela Portugal<\/title>\n<meta name=\"robots\" content=\"index, follow, max-snippet:-1, max-image-preview:large, max-video-preview:-1\" \/>\n<meta property=\"og:locale\" content=\"pt_PT\" \/>\n<meta property=\"og:type\" content=\"article\" \/>\n<meta property=\"og:title\" content=\"Manchester United consolida quarto lugar na Premier League - Portal Tela Portugal\" \/>\n<meta property=\"og:description\" content=\"O Manchester United venceu o Everton, por 0-1, no Goodison Park, na 27.\u00aa jornada da Premier League. Benjamin Sesko estreou o papel de her\u00f3i ao marcar aos 71 minutos, garantindo a vit\u00f3ria para os azuis de Manchester. Diogo Dalot e Bruno Fernandes atuaram como titulares no United, que manteve a invencibilidade desde que Michael Carrick assumiu o comando interino. O United beneficiou do empate do Chelsea para consolidar o quarto lugar na tabela. O Everton terminou o jogo com dez cantos, mas sem criar oportunidades claras de golo.\" \/>\n<meta property=\"og:url\" content=\"https:\/\/portaltela.pt\/noticias\/2026\/02\/23\/manchester-united-consolida-quarto-lugar-na-premier-league\/\" \/>\n<meta property=\"og:site_name\" content=\"Portal Tela Portugal\" \/>\n<meta property=\"article:published_time\" content=\"2026-02-23T22:39:00+00:00\" \/>\n<meta name=\"author\" content=\"Telinha\" \/>\n<meta name=\"twitter:card\" content=\"summary_large_image\" \/>\n<meta name=\"twitter:label1\" content=\"Escrito por\" \/>\n\t<meta name=\"twitter:data1\" content=\"Telinha\" \/>\n\t<meta name=\"twitter:label2\" content=\"Tempo estimado de leitura\" \/>\n\t<meta name=\"twitter:data2\" content=\"1 minuto\" \/>\n<script type=\"application\/ld+json\" class=\"yoast-schema-graph\">{\"@context\":\"https:\/\/schema.org\",\"@graph\":[{\"@type\":\"Article\",\"@id\":\"https:\/\/portaltela.pt\/noticias\/2026\/02\/23\/manchester-united-consolida-quarto-lugar-na-premier-league\/#article\",\"isPartOf\":{\"@id\":\"https:\/\/portaltela.pt\/noticias\/2026\/02\/23\/manchester-united-consolida-quarto-lugar-na-premier-league\/\"},\"author\":{\"name\":\"Telinha\",\"@id\":\"https:\/\/portaltela.pt\/#\/schema\/person\/c4278d4a6028830caff9ee44b42d32ed\"},\"headline\":\"Manchester United consolida quarto lugar na Premier League\",\"datePublished\":\"2026-02-23T22:39:00+00:00\",\"mainEntityOfPage\":{\"@id\":\"https:\/\/portaltela.pt\/noticias\/2026\/02\/23\/manchester-united-consolida-quarto-lugar-na-premier-league\/\"},\"wordCount\":174,\"image\":{\"@id\":\"https:\/\/portaltela.pt\/noticias\/2026\/02\/23\/manchester-united-consolida-quarto-lugar-na-premier-league\/#primaryimage\"},\"thumbnailUrl\":\"https:\/\/portaltela.pt\/s.01k8rhncp4jt1\/2026\/02\/image-1728.jpg\",\"keywords\":[\"Benjamin Sesko\",\"Bruno Fernandes\",\"Diogo Dalot\",\"futebol\",\"Manchester United\",\"Premier League\"],\"articleSection\":[\"Desporto\",\"Futebol\"],\"inLanguage\":\"pt-PT\"},{\"@type\":\"WebPage\",\"@id\":\"https:\/\/portaltela.pt\/noticias\/2026\/02\/23\/manchester-united-consolida-quarto-lugar-na-premier-league\/\",\"url\":\"https:\/\/portaltela.pt\/noticias\/2026\/02\/23\/manchester-united-consolida-quarto-lugar-na-premier-league\/\",\"name\":\"Manchester United consolida quarto lugar na Premier League - Portal Tela Portugal\",\"isPartOf\":{\"@id\":\"https:\/\/portaltela.pt\/#website\"},\"primaryImageOfPage\":{\"@id\":\"https:\/\/portaltela.pt\/noticias\/2026\/02\/23\/manchester-united-consolida-quarto-lugar-na-premier-league\/#primaryimage\"},\"image\":{\"@id\":\"https:\/\/portaltela.pt\/noticias\/2026\/02\/23\/manchester-united-consolida-quarto-lugar-na-premier-league\/#primaryimage\"},\"thumbnailUrl\":\"https:\/\/portaltela.pt\/s.01k8rhncp4jt1\/2026\/02\/image-1728.jpg\",\"datePublished\":\"2026-02-23T22:39:00+00:00\",\"author\":{\"@id\":\"https:\/\/portaltela.pt\/#\/schema\/person\/c4278d4a6028830caff9ee44b42d32ed\"},\"breadcrumb\":{\"@id\":\"https:\/\/portaltela.pt\/noticias\/2026\/02\/23\/manchester-united-consolida-quarto-lugar-na-premier-league\/#breadcrumb\"},\"inLanguage\":\"pt-PT\",\"potentialAction\":[{\"@type\":\"ReadAction\",\"target\":[\"https:\/\/portaltela.pt\/noticias\/2026\/02\/23\/manchester-united-consolida-quarto-lugar-na-premier-league\/\"]}]},{\"@type\":\"ImageObject\",\"inLanguage\":\"pt-PT\",\"@id\":\"https:\/\/portaltela.pt\/noticias\/2026\/02\/23\/manchester-united-consolida-quarto-lugar-na-premier-league\/#primaryimage\",\"url\":\"https:\/\/portaltela.pt\/s.01k8rhncp4jt1\/2026\/02\/image-1728.jpg\",\"contentUrl\":\"https:\/\/portaltela.pt\/s.01k8rhncp4jt1\/2026\/02\/image-1728.jpg\",\"width\":796,\"height\":448,\"caption\":\"Benjamin Sesko foi o her\u00f3i da vit\u00f3ria do Manchester United sobre o Everton\"},{\"@type\":\"BreadcrumbList\",\"@id\":\"https:\/\/portaltela.pt\/noticias\/2026\/02\/23\/manchester-united-consolida-quarto-lugar-na-premier-league\/#breadcrumb\",\"itemListElement\":[{\"@type\":\"ListItem\",\"position\":1,\"name\":\"In\u00edcio\",\"item\":\"https:\/\/portaltela.pt\/\"},{\"@type\":\"ListItem\",\"position\":2,\"name\":\"Manchester United consolida quarto lugar na Premier League\"}]},{\"@type\":\"WebSite\",\"@id\":\"https:\/\/portaltela.pt\/#website\",\"url\":\"https:\/\/portaltela.pt\/\",\"name\":\"Portal Tela Portugal\",\"description\":\"\",\"potentialAction\":[{\"@type\":\"SearchAction\",\"target\":{\"@type\":\"EntryPoint\",\"urlTemplate\":\"https:\/\/portaltela.pt\/?s={search_term_string}\"},\"query-input\":{\"@type\":\"PropertyValueSpecification\",\"valueRequired\":true,\"valueName\":\"search_term_string\"}}],\"inLanguage\":\"pt-PT\"},{\"@type\":\"Person\",\"@id\":\"https:\/\/portaltela.pt\/#\/schema\/person\/c4278d4a6028830caff9ee44b42d32ed\",\"name\":\"Telinha\",\"image\":{\"@type\":\"ImageObject\",\"inLanguage\":\"pt-PT\",\"@id\":\"https:\/\/portaltela.pt\/s.01k8rhncp4jt1\/2025\/11\/talking-bot-125x125.png\",\"url\":\"https:\/\/portaltela.pt\/s.01k8rhncp4jt1\/2025\/11\/talking-bot-125x125.png\",\"contentUrl\":\"https:\/\/portaltela.pt\/s.01k8rhncp4jt1\/2025\/11\/talking-bot-125x125.png\",\"caption\":\"Telinha\"},\"sameAs\":[\"https:\/\/portaltela.pt\/\"],\"url\":\"https:\/\/portaltela.pt\/por\/367410592786\/\"}]}<\/script>\n<!-- \/ Yoast SEO plugin. -->","yoast_head_json":{"title":"Manchester United consolida quarto lugar na Premier League - Portal Tela Portugal","robots":{"index":"index","follow":"follow","max-snippet":"max-snippet:-1","max-image-preview":"max-image-preview:large","max-video-preview":"max-video-preview:-1"},"og_locale":"pt_PT","og_type":"article","og_title":"Manchester United consolida quarto lugar na Premier League - Portal Tela Portugal","og_description":"O Manchester United venceu o Everton, por 0-1, no Goodison Park, na 27.\u00aa jornada da Premier League. Benjamin Sesko estreou o papel de her\u00f3i ao marcar aos 71 minutos, garantindo a vit\u00f3ria para os azuis de Manchester. Diogo Dalot e Bruno Fernandes atuaram como titulares no United, que manteve a invencibilidade desde que Michael Carrick assumiu o comando interino. O United beneficiou do empate do Chelsea para consolidar o quarto lugar na tabela. O Everton terminou o jogo com dez cantos, mas sem criar oportunidades claras de golo.","og_url":"https:\/\/portaltela.pt\/noticias\/2026\/02\/23\/manchester-united-consolida-quarto-lugar-na-premier-league\/","og_site_name":"Portal Tela Portugal","article_published_time":"2026-02-23T22:39:00+00:00","author":"Telinha","twitter_card":"summary_large_image","twitter_misc":{"Escrito por":"Telinha","Tempo estimado de leitura":"1 minuto"},"schema":{"@context":"https:\/\/schema.org","@graph":[{"@type":"Article","@id":"https:\/\/portaltela.pt\/noticias\/2026\/02\/23\/manchester-united-consolida-quarto-lugar-na-premier-league\/#article","isPartOf":{"@id":"https:\/\/portaltela.pt\/noticias\/2026\/02\/23\/manchester-united-consolida-quarto-lugar-na-premier-league\/"},"author":{"name":"Telinha","@id":"https:\/\/portaltela.pt\/#\/schema\/person\/c4278d4a6028830caff9ee44b42d32ed"},"headline":"Manchester United consolida quarto lugar na Premier League","datePublished":"2026-02-23T22:39:00+00:00","mainEntityOfPage":{"@id":"https:\/\/portaltela.pt\/noticias\/2026\/02\/23\/manchester-united-consolida-quarto-lugar-na-premier-league\/"},"wordCount":174,"image":{"@id":"https:\/\/portaltela.pt\/noticias\/2026\/02\/23\/manchester-united-consolida-quarto-lugar-na-premier-league\/#primaryimage"},"thumbnailUrl":"https:\/\/portaltela.pt\/s.01k8rhncp4jt1\/2026\/02\/image-1728.jpg","keywords":["Benjamin Sesko","Bruno Fernandes","Diogo Dalot","futebol","Manchester United","Premier League"],"articleSection":["Desporto","Futebol"],"inLanguage":"pt-PT"},{"@type":"WebPage","@id":"https:\/\/portaltela.pt\/noticias\/2026\/02\/23\/manchester-united-consolida-quarto-lugar-na-premier-league\/","url":"https:\/\/portaltela.pt\/noticias\/2026\/02\/23\/manchester-united-consolida-quarto-lugar-na-premier-league\/","name":"Manchester United consolida quarto lugar na Premier League - Portal Tela Portugal","isPartOf":{"@id":"https:\/\/portaltela.pt\/#website"},"primaryImageOfPage":{"@id":"https:\/\/portaltela.pt\/noticias\/2026\/02\/23\/manchester-united-consolida-quarto-lugar-na-premier-league\/#primaryimage"},"image":{"@id":"https:\/\/portaltela.pt\/noticias\/2026\/02\/23\/manchester-united-consolida-quarto-lugar-na-premier-league\/#primaryimage"},"thumbnailUrl":"https:\/\/portaltela.pt\/s.01k8rhncp4jt1\/2026\/02\/image-1728.jpg","datePublished":"2026-02-23T22:39:00+00:00","author":{"@id":"https:\/\/portaltela.pt\/#\/schema\/person\/c4278d4a6028830caff9ee44b42d32ed"},"breadcrumb":{"@id":"https:\/\/portaltela.pt\/noticias\/2026\/02\/23\/manchester-united-consolida-quarto-lugar-na-premier-league\/#breadcrumb"},"inLanguage":"pt-PT","potentialAction":[{"@type":"ReadAction","target":["https:\/\/portaltela.pt\/noticias\/2026\/02\/23\/manchester-united-consolida-quarto-lugar-na-premier-league\/"]}]},{"@type":"ImageObject","inLanguage":"pt-PT","@id":"https:\/\/portaltela.pt\/noticias\/2026\/02\/23\/manchester-united-consolida-quarto-lugar-na-premier-league\/#primaryimage","url":"https:\/\/portaltela.pt\/s.01k8rhncp4jt1\/2026\/02\/image-1728.jpg","contentUrl":"https:\/\/portaltela.pt\/s.01k8rhncp4jt1\/2026\/02\/image-1728.jpg","width":796,"height":448,"caption":"Benjamin Sesko foi o her\u00f3i da vit\u00f3ria do Manchester United sobre o Everton"},{"@type":"BreadcrumbList","@id":"https:\/\/portaltela.pt\/noticias\/2026\/02\/23\/manchester-united-consolida-quarto-lugar-na-premier-league\/#breadcrumb","itemListElement":[{"@type":"ListItem","position":1,"name":"In\u00edcio","item":"https:\/\/portaltela.pt\/"},{"@type":"ListItem","position":2,"name":"Manchester United consolida quarto lugar na Premier League"}]},{"@type":"WebSite","@id":"https:\/\/portaltela.pt\/#website","url":"https:\/\/portaltela.pt\/","name":"Portal Tela Portugal","description":"","potentialAction":[{"@type":"SearchAction","target":{"@type":"EntryPoint","urlTemplate":"https:\/\/portaltela.pt\/?s={search_term_string}"},"query-input":{"@type":"PropertyValueSpecification","valueRequired":true,"valueName":"search_term_string"}}],"inLanguage":"pt-PT"},{"@type":"Person","@id":"https:\/\/portaltela.pt\/#\/schema\/person\/c4278d4a6028830caff9ee44b42d32ed","name":"Telinha","image":{"@type":"ImageObject","inLanguage":"pt-PT","@id":"https:\/\/portaltela.pt\/s.01k8rhncp4jt1\/2025\/11\/talking-bot-125x125.png","url":"https:\/\/portaltela.pt\/s.01k8rhncp4jt1\/2025\/11\/talking-bot-125x125.png","contentUrl":"https:\/\/portaltela.pt\/s.01k8rhncp4jt1\/2025\/11\/talking-bot-125x125.png","caption":"Telinha"},"sameAs":["https:\/\/portaltela.pt\/"],"url":"https:\/\/portaltela.pt\/por\/367410592786\/"}]}},"_links":{"self":[{"href":"https:\/\/portaltela.pt\/api\/wp\/v2\/posts\/223481","targetHints":{"allow":["GET"]}}],"collection":[{"href":"https:\/\/portaltela.pt\/api\/wp\/v2\/posts"}],"about":[{"href":"https:\/\/portaltela.pt\/api\/wp\/v2\/types\/post"}],"author":[{"embeddable":true,"href":"https:\/\/portaltela.pt\/api\/wp\/v2\/users\/2"}],"replies":[{"embeddable":true,"href":"https:\/\/portaltela.pt\/api\/wp\/v2\/comments?post=223481"}],"version-history":[{"count":0,"href":"https:\/\/portaltela.pt\/api\/wp\/v2\/posts\/223481\/revisions"}],"wp:featuredmedia":[{"embeddable":true,"href":"https:\/\/portaltela.pt\/api\/wp\/v2\/media\/223486"}],"wp:attachment":[{"href":"https:\/\/portaltela.pt\/api\/wp\/v2\/media?parent=223481"}],"wp:term":[{"taxonomy":"category","embeddable":true,"href":"https:\/\/portaltela.pt\/api\/wp\/v2\/categories?post=223481"},{"taxonomy":"post_tag","embeddable":true,"href":"https:\/\/portaltela.pt\/api\/wp\/v2\/tags?post=223481"}],"curies":[{"name":"wp","href":"https:\/\/api.w.org\/{rel}","templated":true}]}}