{"id":223453,"date":"2026-02-23T18:03:00","date_gmt":"2026-02-23T21:03:00","guid":{"rendered":"https:\/\/portaltela.pt\/noticias\/2026\/02\/23\/acao-humana-aumenta-calor-extremo-na-europa-10-vezes-2010-2024\/"},"modified":"2026-02-23T18:03:00","modified_gmt":"2026-02-23T21:03:00","slug":"acao-humana-aumenta-calor-extremo-na-europa-10-vezes-2010-2024","status":"publish","type":"post","link":"https:\/\/portaltela.pt\/noticias\/2026\/02\/23\/acao-humana-aumenta-calor-extremo-na-europa-10-vezes-2010-2024\/","title":{"rendered":"A\u00e7\u00e3o humana aumenta calor extremo na Europa 10 vezes (2010-2024)"},"content":{"rendered":"<p>O calor extremo tornou-se dez vezes mais comum na Europa Central e do Sul entre 2010 e 2024, devido a altera\u00e7\u00f5es clim\u00e1ticas provocadas pela atividade humana, segundo um estudo divulgado recentemente. A compara\u00e7\u00e3o \u00e9 feita com o per\u00edodo de refer\u00eancia 1961\/1990.<\/p>\n<p>A pesquisa, liderada por Gottfried Kirchengast, do Centro Wegener para as Altera\u00e7\u00f5es do Clima e Globais, da Universidade de Graz, apresenta um novo m\u00e9todo para calcular riscos de fen\u00f3menos extremos como calor, cheias e secas.<\/p>\n<p>O estudo define limiares de temperatura extremos: 35 \u00b0C no sul de Espanha, 30 \u00b0C na \u00c1ustria e 25 \u00b0C na Finl\u00e2ndia, usados para avaliar a incid\u00eancia de eventos extremos na regi\u00e3o.<\/p>\n<p>O novo m\u00e9todo permite medir v\u00e1rias m\u00e9tricas de risco para extremos clim\u00e1ticos, fornecendo uma base para quantificar impactos em pessoas, ecossistemas e infraestruturas.<\/p>\n<p>Muitas \u00e1reas sofrem com os impactos dos extremos clim\u00e1ticos, em setores como sa\u00fade, constru\u00e7\u00e3o, agricultura, silvicultura e energia, tornando essencial avaliar a gravidade dos riscos para adapta\u00e7\u00e3o.<\/p>\n<h3>Novo m\u00e9todo e m\u00e9tricas<\/h3>\n<p>As descobertas destacam que o aumento da frequ\u00eancia, dura\u00e7\u00e3o e magnitude dos eventos vai al\u00e9m da variabilidade natural, evidenciando a influ\u00eancia humana nas altera\u00e7\u00f5es clim\u00e1ticas.<\/p>\n<p>Segundo o comunicado, o m\u00e9todo facilita a atribui\u00e7\u00e3o de danos clim\u00e1ticos a emissores significativos de gases com efeito de estufa, como Estados ou grandes empresas, num contexto de responsabiliza\u00e7\u00e3o legal.<\/p>\n","protected":false},"excerpt":{"rendered":"<ul>\n<li>As altera\u00e7\u00f5es clim\u00e1ticas causadas pela atividade humana tornaram os epis\u00f3dios de calor extremo dez vezes mais comuns na Europa Central e do Sul entre 2010 e 2024, face ao per\u00edodo de 1961\/1990.<\/li>\n<li>A investiga\u00e7\u00e3o apresentou um novo m\u00e9todo para calcular riscos de fen\u00f3menos extremos (ondas de calor, inunda\u00e7\u00f5es, secas) e avaliar o impacto humano nesses eventos.<\/li>\n<li>Os limiares usados para considerar uma temperatura extrema s\u00e3o: acima de 35 graus Celsius no sul de Espanha, 30 graus na \u00c1ustria e 25 graus na Finl\u00e2ndia.<\/li>\n<li>O m\u00e9todo permite quantificar riscos relevantes para impactos em pessoas, ecossistemas e infraestruturas, e apoiar avalia\u00e7\u00f5es de adapta\u00e7\u00e3o clim\u00e1tica.<\/li>\n<li>A ferramenta pode tamb\u00e9m sustentar a atribui\u00e7\u00e3o de responsabilidade por danos clim\u00e1ticos a emissores significativos, como Estados ou grandes empresas.<\/li>\n<\/ul>\n","protected":false},"author":2,"featured_media":223458,"comment_status":"closed","ping_status":"closed","sticky":false,"template":"","format":"standard","meta":{"footnotes":""},"categories":[1],"tags":[2665,167,5224,6262,2487,159],"class_list":["post-223453","post","type-post","status-publish","format-standard","has-post-thumbnail","hentry","category-noticias","tag-alteracoes-climaticas","tag-ambiente","tag-clima","tag-emissoes-de-gases-com-efeito-de-estufa","tag-europa","tag-investigacao-cientifica"],"yoast_head":"<!-- This site is optimized with the Yoast SEO plugin v27.2 - https:\/\/yoast.com\/product\/yoast-seo-wordpress\/ -->\n<title>A\u00e7\u00e3o humana aumenta calor extremo na Europa 10 vezes (2010-2024) - Portal Tela Portugal<\/title>\n<meta name=\"robots\" content=\"index, follow, max-snippet:-1, max-image-preview:large, max-video-preview:-1\" \/>\n<meta property=\"og:locale\" content=\"pt_PT\" \/>\n<meta property=\"og:type\" content=\"article\" \/>\n<meta property=\"og:title\" content=\"A\u00e7\u00e3o humana aumenta calor extremo na Europa 10 vezes (2010-2024) - Portal Tela Portugal\" \/>\n<meta property=\"og:description\" content=\"As altera\u00e7\u00f5es clim\u00e1ticas causadas pela atividade humana tornaram os epis\u00f3dios de calor extremo dez vezes mais comuns na Europa Central e do Sul entre 2010 e 2024, face ao per\u00edodo de 1961\/1990. A investiga\u00e7\u00e3o apresentou um novo m\u00e9todo para calcular riscos de fen\u00f3menos extremos (ondas de calor, inunda\u00e7\u00f5es, secas) e avaliar o impacto humano nesses eventos. Os limiares usados para considerar uma temperatura extrema s\u00e3o: acima de 35 graus Celsius no sul de Espanha, 30 graus na \u00c1ustria e 25 graus na Finl\u00e2ndia. O m\u00e9todo permite quantificar riscos relevantes para impactos em pessoas, ecossistemas e infraestruturas, e apoiar avalia\u00e7\u00f5es de adapta\u00e7\u00e3o clim\u00e1tica. A ferramenta pode tamb\u00e9m sustentar a atribui\u00e7\u00e3o de responsabilidade por danos clim\u00e1ticos a emissores significativos, como Estados ou grandes empresas.\" \/>\n<meta property=\"og:url\" content=\"https:\/\/portaltela.pt\/noticias\/2026\/02\/23\/acao-humana-aumenta-calor-extremo-na-europa-10-vezes-2010-2024\/\" \/>\n<meta property=\"og:site_name\" content=\"Portal Tela Portugal\" \/>\n<meta property=\"article:published_time\" content=\"2026-02-23T21:03:00+00:00\" \/>\n<meta name=\"author\" content=\"Telinha\" \/>\n<meta name=\"twitter:card\" content=\"summary_large_image\" \/>\n<meta name=\"twitter:label1\" content=\"Escrito por\" \/>\n\t<meta name=\"twitter:data1\" content=\"Telinha\" \/>\n\t<meta name=\"twitter:label2\" content=\"Tempo estimado de leitura\" \/>\n\t<meta name=\"twitter:data2\" content=\"1 minuto\" \/>\n<script type=\"application\/ld+json\" class=\"yoast-schema-graph\">{\"@context\":\"https:\/\/schema.org\",\"@graph\":[{\"@type\":\"Article\",\"@id\":\"https:\/\/portaltela.pt\/noticias\/2026\/02\/23\/acao-humana-aumenta-calor-extremo-na-europa-10-vezes-2010-2024\/#article\",\"isPartOf\":{\"@id\":\"https:\/\/portaltela.pt\/noticias\/2026\/02\/23\/acao-humana-aumenta-calor-extremo-na-europa-10-vezes-2010-2024\/\"},\"author\":{\"name\":\"Telinha\",\"@id\":\"https:\/\/portaltela.pt\/#\/schema\/person\/c4278d4a6028830caff9ee44b42d32ed\"},\"headline\":\"A\u00e7\u00e3o humana aumenta calor extremo na Europa 10 vezes (2010-2024)\",\"datePublished\":\"2026-02-23T21:03:00+00:00\",\"mainEntityOfPage\":{\"@id\":\"https:\/\/portaltela.pt\/noticias\/2026\/02\/23\/acao-humana-aumenta-calor-extremo-na-europa-10-vezes-2010-2024\/\"},\"wordCount\":251,\"image\":{\"@id\":\"https:\/\/portaltela.pt\/noticias\/2026\/02\/23\/acao-humana-aumenta-calor-extremo-na-europa-10-vezes-2010-2024\/#primaryimage\"},\"thumbnailUrl\":\"https:\/\/portaltela.pt\/s.01k8rhncp4jt1\/2026\/02\/2069236.jpg\",\"keywords\":[\"Altera\u00e7\u00f5es Clim\u00e1ticas\",\"ambiente\",\"clima\",\"Emiss\u00f5es de gases com efeito de estufa\",\"Europa\",\"investiga\u00e7\u00e3o cient\u00edfica\"],\"articleSection\":[\"Not\u00edcias\"],\"inLanguage\":\"pt-PT\"},{\"@type\":\"WebPage\",\"@id\":\"https:\/\/portaltela.pt\/noticias\/2026\/02\/23\/acao-humana-aumenta-calor-extremo-na-europa-10-vezes-2010-2024\/\",\"url\":\"https:\/\/portaltela.pt\/noticias\/2026\/02\/23\/acao-humana-aumenta-calor-extremo-na-europa-10-vezes-2010-2024\/\",\"name\":\"A\u00e7\u00e3o humana aumenta calor extremo na Europa 10 vezes (2010-2024) - Portal Tela Portugal\",\"isPartOf\":{\"@id\":\"https:\/\/portaltela.pt\/#website\"},\"primaryImageOfPage\":{\"@id\":\"https:\/\/portaltela.pt\/noticias\/2026\/02\/23\/acao-humana-aumenta-calor-extremo-na-europa-10-vezes-2010-2024\/#primaryimage\"},\"image\":{\"@id\":\"https:\/\/portaltela.pt\/noticias\/2026\/02\/23\/acao-humana-aumenta-calor-extremo-na-europa-10-vezes-2010-2024\/#primaryimage\"},\"thumbnailUrl\":\"https:\/\/portaltela.pt\/s.01k8rhncp4jt1\/2026\/02\/2069236.jpg\",\"datePublished\":\"2026-02-23T21:03:00+00:00\",\"author\":{\"@id\":\"https:\/\/portaltela.pt\/#\/schema\/person\/c4278d4a6028830caff9ee44b42d32ed\"},\"breadcrumb\":{\"@id\":\"https:\/\/portaltela.pt\/noticias\/2026\/02\/23\/acao-humana-aumenta-calor-extremo-na-europa-10-vezes-2010-2024\/#breadcrumb\"},\"inLanguage\":\"pt-PT\",\"potentialAction\":[{\"@type\":\"ReadAction\",\"target\":[\"https:\/\/portaltela.pt\/noticias\/2026\/02\/23\/acao-humana-aumenta-calor-extremo-na-europa-10-vezes-2010-2024\/\"]}]},{\"@type\":\"ImageObject\",\"inLanguage\":\"pt-PT\",\"@id\":\"https:\/\/portaltela.pt\/noticias\/2026\/02\/23\/acao-humana-aumenta-calor-extremo-na-europa-10-vezes-2010-2024\/#primaryimage\",\"url\":\"https:\/\/portaltela.pt\/s.01k8rhncp4jt1\/2026\/02\/2069236.jpg\",\"contentUrl\":\"https:\/\/portaltela.pt\/s.01k8rhncp4jt1\/2026\/02\/2069236.jpg\",\"width\":796,\"height\":448,\"caption\":\"Calor extremo, neste estudo, foi definido como acima de 35 graus no sul de Espanha, 30\u00b0C na \u00c1ustria e 25\u00baC na Finl\u00e2ndia.\"},{\"@type\":\"BreadcrumbList\",\"@id\":\"https:\/\/portaltela.pt\/noticias\/2026\/02\/23\/acao-humana-aumenta-calor-extremo-na-europa-10-vezes-2010-2024\/#breadcrumb\",\"itemListElement\":[{\"@type\":\"ListItem\",\"position\":1,\"name\":\"In\u00edcio\",\"item\":\"https:\/\/portaltela.pt\/\"},{\"@type\":\"ListItem\",\"position\":2,\"name\":\"A\u00e7\u00e3o humana aumenta calor extremo na Europa 10 vezes (2010-2024)\"}]},{\"@type\":\"WebSite\",\"@id\":\"https:\/\/portaltela.pt\/#website\",\"url\":\"https:\/\/portaltela.pt\/\",\"name\":\"Portal Tela Portugal\",\"description\":\"\",\"potentialAction\":[{\"@type\":\"SearchAction\",\"target\":{\"@type\":\"EntryPoint\",\"urlTemplate\":\"https:\/\/portaltela.pt\/?s={search_term_string}\"},\"query-input\":{\"@type\":\"PropertyValueSpecification\",\"valueRequired\":true,\"valueName\":\"search_term_string\"}}],\"inLanguage\":\"pt-PT\"},{\"@type\":\"Person\",\"@id\":\"https:\/\/portaltela.pt\/#\/schema\/person\/c4278d4a6028830caff9ee44b42d32ed\",\"name\":\"Telinha\",\"image\":{\"@type\":\"ImageObject\",\"inLanguage\":\"pt-PT\",\"@id\":\"https:\/\/portaltela.pt\/s.01k8rhncp4jt1\/2025\/11\/talking-bot-125x125.png\",\"url\":\"https:\/\/portaltela.pt\/s.01k8rhncp4jt1\/2025\/11\/talking-bot-125x125.png\",\"contentUrl\":\"https:\/\/portaltela.pt\/s.01k8rhncp4jt1\/2025\/11\/talking-bot-125x125.png\",\"caption\":\"Telinha\"},\"sameAs\":[\"https:\/\/portaltela.pt\/\"],\"url\":\"https:\/\/portaltela.pt\/por\/367410592786\/\"}]}<\/script>\n<!-- \/ Yoast SEO plugin. -->","yoast_head_json":{"title":"A\u00e7\u00e3o humana aumenta calor extremo na Europa 10 vezes (2010-2024) - Portal Tela Portugal","robots":{"index":"index","follow":"follow","max-snippet":"max-snippet:-1","max-image-preview":"max-image-preview:large","max-video-preview":"max-video-preview:-1"},"og_locale":"pt_PT","og_type":"article","og_title":"A\u00e7\u00e3o humana aumenta calor extremo na Europa 10 vezes (2010-2024) - Portal Tela Portugal","og_description":"As altera\u00e7\u00f5es clim\u00e1ticas causadas pela atividade humana tornaram os epis\u00f3dios de calor extremo dez vezes mais comuns na Europa Central e do Sul entre 2010 e 2024, face ao per\u00edodo de 1961\/1990. A investiga\u00e7\u00e3o apresentou um novo m\u00e9todo para calcular riscos de fen\u00f3menos extremos (ondas de calor, inunda\u00e7\u00f5es, secas) e avaliar o impacto humano nesses eventos. Os limiares usados para considerar uma temperatura extrema s\u00e3o: acima de 35 graus Celsius no sul de Espanha, 30 graus na \u00c1ustria e 25 graus na Finl\u00e2ndia. O m\u00e9todo permite quantificar riscos relevantes para impactos em pessoas, ecossistemas e infraestruturas, e apoiar avalia\u00e7\u00f5es de adapta\u00e7\u00e3o clim\u00e1tica. A ferramenta pode tamb\u00e9m sustentar a atribui\u00e7\u00e3o de responsabilidade por danos clim\u00e1ticos a emissores significativos, como Estados ou grandes empresas.","og_url":"https:\/\/portaltela.pt\/noticias\/2026\/02\/23\/acao-humana-aumenta-calor-extremo-na-europa-10-vezes-2010-2024\/","og_site_name":"Portal Tela Portugal","article_published_time":"2026-02-23T21:03:00+00:00","author":"Telinha","twitter_card":"summary_large_image","twitter_misc":{"Escrito por":"Telinha","Tempo estimado de leitura":"1 minuto"},"schema":{"@context":"https:\/\/schema.org","@graph":[{"@type":"Article","@id":"https:\/\/portaltela.pt\/noticias\/2026\/02\/23\/acao-humana-aumenta-calor-extremo-na-europa-10-vezes-2010-2024\/#article","isPartOf":{"@id":"https:\/\/portaltela.pt\/noticias\/2026\/02\/23\/acao-humana-aumenta-calor-extremo-na-europa-10-vezes-2010-2024\/"},"author":{"name":"Telinha","@id":"https:\/\/portaltela.pt\/#\/schema\/person\/c4278d4a6028830caff9ee44b42d32ed"},"headline":"A\u00e7\u00e3o humana aumenta calor extremo na Europa 10 vezes (2010-2024)","datePublished":"2026-02-23T21:03:00+00:00","mainEntityOfPage":{"@id":"https:\/\/portaltela.pt\/noticias\/2026\/02\/23\/acao-humana-aumenta-calor-extremo-na-europa-10-vezes-2010-2024\/"},"wordCount":251,"image":{"@id":"https:\/\/portaltela.pt\/noticias\/2026\/02\/23\/acao-humana-aumenta-calor-extremo-na-europa-10-vezes-2010-2024\/#primaryimage"},"thumbnailUrl":"https:\/\/portaltela.pt\/s.01k8rhncp4jt1\/2026\/02\/2069236.jpg","keywords":["Altera\u00e7\u00f5es Clim\u00e1ticas","ambiente","clima","Emiss\u00f5es de gases com efeito de estufa","Europa","investiga\u00e7\u00e3o cient\u00edfica"],"articleSection":["Not\u00edcias"],"inLanguage":"pt-PT"},{"@type":"WebPage","@id":"https:\/\/portaltela.pt\/noticias\/2026\/02\/23\/acao-humana-aumenta-calor-extremo-na-europa-10-vezes-2010-2024\/","url":"https:\/\/portaltela.pt\/noticias\/2026\/02\/23\/acao-humana-aumenta-calor-extremo-na-europa-10-vezes-2010-2024\/","name":"A\u00e7\u00e3o humana aumenta calor extremo na Europa 10 vezes (2010-2024) - Portal Tela Portugal","isPartOf":{"@id":"https:\/\/portaltela.pt\/#website"},"primaryImageOfPage":{"@id":"https:\/\/portaltela.pt\/noticias\/2026\/02\/23\/acao-humana-aumenta-calor-extremo-na-europa-10-vezes-2010-2024\/#primaryimage"},"image":{"@id":"https:\/\/portaltela.pt\/noticias\/2026\/02\/23\/acao-humana-aumenta-calor-extremo-na-europa-10-vezes-2010-2024\/#primaryimage"},"thumbnailUrl":"https:\/\/portaltela.pt\/s.01k8rhncp4jt1\/2026\/02\/2069236.jpg","datePublished":"2026-02-23T21:03:00+00:00","author":{"@id":"https:\/\/portaltela.pt\/#\/schema\/person\/c4278d4a6028830caff9ee44b42d32ed"},"breadcrumb":{"@id":"https:\/\/portaltela.pt\/noticias\/2026\/02\/23\/acao-humana-aumenta-calor-extremo-na-europa-10-vezes-2010-2024\/#breadcrumb"},"inLanguage":"pt-PT","potentialAction":[{"@type":"ReadAction","target":["https:\/\/portaltela.pt\/noticias\/2026\/02\/23\/acao-humana-aumenta-calor-extremo-na-europa-10-vezes-2010-2024\/"]}]},{"@type":"ImageObject","inLanguage":"pt-PT","@id":"https:\/\/portaltela.pt\/noticias\/2026\/02\/23\/acao-humana-aumenta-calor-extremo-na-europa-10-vezes-2010-2024\/#primaryimage","url":"https:\/\/portaltela.pt\/s.01k8rhncp4jt1\/2026\/02\/2069236.jpg","contentUrl":"https:\/\/portaltela.pt\/s.01k8rhncp4jt1\/2026\/02\/2069236.jpg","width":796,"height":448,"caption":"Calor extremo, neste estudo, foi definido como acima de 35 graus no sul de Espanha, 30\u00b0C na \u00c1ustria e 25\u00baC na Finl\u00e2ndia."},{"@type":"BreadcrumbList","@id":"https:\/\/portaltela.pt\/noticias\/2026\/02\/23\/acao-humana-aumenta-calor-extremo-na-europa-10-vezes-2010-2024\/#breadcrumb","itemListElement":[{"@type":"ListItem","position":1,"name":"In\u00edcio","item":"https:\/\/portaltela.pt\/"},{"@type":"ListItem","position":2,"name":"A\u00e7\u00e3o humana aumenta calor extremo na Europa 10 vezes (2010-2024)"}]},{"@type":"WebSite","@id":"https:\/\/portaltela.pt\/#website","url":"https:\/\/portaltela.pt\/","name":"Portal Tela Portugal","description":"","potentialAction":[{"@type":"SearchAction","target":{"@type":"EntryPoint","urlTemplate":"https:\/\/portaltela.pt\/?s={search_term_string}"},"query-input":{"@type":"PropertyValueSpecification","valueRequired":true,"valueName":"search_term_string"}}],"inLanguage":"pt-PT"},{"@type":"Person","@id":"https:\/\/portaltela.pt\/#\/schema\/person\/c4278d4a6028830caff9ee44b42d32ed","name":"Telinha","image":{"@type":"ImageObject","inLanguage":"pt-PT","@id":"https:\/\/portaltela.pt\/s.01k8rhncp4jt1\/2025\/11\/talking-bot-125x125.png","url":"https:\/\/portaltela.pt\/s.01k8rhncp4jt1\/2025\/11\/talking-bot-125x125.png","contentUrl":"https:\/\/portaltela.pt\/s.01k8rhncp4jt1\/2025\/11\/talking-bot-125x125.png","caption":"Telinha"},"sameAs":["https:\/\/portaltela.pt\/"],"url":"https:\/\/portaltela.pt\/por\/367410592786\/"}]}},"_links":{"self":[{"href":"https:\/\/portaltela.pt\/api\/wp\/v2\/posts\/223453","targetHints":{"allow":["GET"]}}],"collection":[{"href":"https:\/\/portaltela.pt\/api\/wp\/v2\/posts"}],"about":[{"href":"https:\/\/portaltela.pt\/api\/wp\/v2\/types\/post"}],"author":[{"embeddable":true,"href":"https:\/\/portaltela.pt\/api\/wp\/v2\/users\/2"}],"replies":[{"embeddable":true,"href":"https:\/\/portaltela.pt\/api\/wp\/v2\/comments?post=223453"}],"version-history":[{"count":0,"href":"https:\/\/portaltela.pt\/api\/wp\/v2\/posts\/223453\/revisions"}],"wp:featuredmedia":[{"embeddable":true,"href":"https:\/\/portaltela.pt\/api\/wp\/v2\/media\/223458"}],"wp:attachment":[{"href":"https:\/\/portaltela.pt\/api\/wp\/v2\/media?parent=223453"}],"wp:term":[{"taxonomy":"category","embeddable":true,"href":"https:\/\/portaltela.pt\/api\/wp\/v2\/categories?post=223453"},{"taxonomy":"post_tag","embeddable":true,"href":"https:\/\/portaltela.pt\/api\/wp\/v2\/tags?post=223453"}],"curies":[{"name":"wp","href":"https:\/\/api.w.org\/{rel}","templated":true}]}}