{"id":223450,"date":"2026-02-23T18:01:00","date_gmt":"2026-02-23T21:01:00","guid":{"rendered":"https:\/\/portaltela.pt\/noticias\/2026\/02\/23\/suspeito-de-atropelar-cinco-pessoas-em-lisboa-fica-em-prisao-preventiva\/"},"modified":"2026-02-23T18:01:00","modified_gmt":"2026-02-23T21:01:00","slug":"suspeito-de-atropelar-cinco-pessoas-em-lisboa-fica-em-prisao-preventiva","status":"publish","type":"post","link":"https:\/\/portaltela.pt\/noticias\/2026\/02\/23\/suspeito-de-atropelar-cinco-pessoas-em-lisboa-fica-em-prisao-preventiva\/","title":{"rendered":"Suspeito de atropelar cinco pessoas em Lisboa fica em pris\u00e3o preventiva"},"content":{"rendered":"<p>Tr\u00eas pessoas ficaram feridas na noite de sexta-feira na zona do Chiado, em Lisboa, ap\u00f3s uma viatura se desgovernar, embater num ciclomotor e atropelar cinco pe\u00f5es. O condutor fugiu a p\u00e9 do local, deixando as v\u00edtimas e a viatura no local do acidente.<\/p>\n<p>A PSP confirmou que o ve\u00edculo estava a ser utilizado indevidamente. Segundo a autoridade, o suspeito, um homem de 27 anos, foi detido com um mandado de deten\u00e7\u00e3o fora de flagrante delito. O atropelo ocorreu na noite de sexta-feira; as v\u00edtimas receberam assist\u00eancia m\u00e9dica no local e foram encaminhadas para hospitais lisboetas.<\/p>\n<p>Na segunda-feira, o suspeito foi presente a ju\u00edzo de instru\u00e7\u00e3o e ficou em pris\u00e3o preventiva. Est\u00e1 indiciado por furto de viatura, ofensas \u00e0 integridade f\u00edsica qualificada e condu\u00e7\u00e3o sem habilita\u00e7\u00e3o legal, conforme a investiga\u00e7\u00e3o da PSP. A pol\u00edcia continua a investigar as circunst\u00e2ncias do atropelamento e a origem do ve\u00edculo.<\/p>\n","protected":false},"excerpt":{"rendered":"<ul>\n<li>O suspeito, de 27 anos, ficou em pris\u00e3o preventiva ap\u00f3s ser indiciado por furto de viatura, ofensas \u00e0 integridade f\u00edsica qualificada e condu\u00e7\u00e3o sem habilita\u00e7\u00e3o legal.<\/li>\n<li>O atropelamento ocorreu na sexta-feira \u00e0 noite na zona do Chiado, Lisboa, quando a viatura se despistou e embateu num ciclomotor, provocando ferimentos graves a duas pessoas.<\/li>\n<li>O motorista fugiu a p\u00e9 e foi detido no s\u00e1bado, \u00e0s 14h40, pela Divis\u00e3o de Investiga\u00e7\u00e3o Criminal da PSP de Lisboa no Largo do Martim Moniz, com mandado de deten\u00e7\u00e3o fora de flagrante.<\/li>\n<li>A PSP indicou que a viatura estava a ser conduzida com o uso de carro roubado no momento do atropelamento.<\/li>\n<li>As v\u00edtimas receberam assist\u00eancia no local e foram encaminhadas para os Hospitais de S\u00e3o Jos\u00e9 e Santa Maria, em Lisboa.<\/li>\n<\/ul>\n","protected":false},"author":2,"featured_media":223455,"comment_status":"closed","ping_status":"closed","sticky":false,"template":"","format":"standard","meta":{"footnotes":""},"categories":[1],"tags":[5487,160,6291,981,5573,4343],"class_list":["post-223450","post","type-post","status-publish","format-standard","has-post-thumbnail","hentry","category-noticias","tag-acidente","tag-conducao-sem-habilitacao","tag-furto-de-viatura","tag-lisboa","tag-ofensas-a-integridade-fisica-qualificada","tag-prisoes"],"yoast_head":"<!-- This site is optimized with the Yoast SEO plugin v27.2 - https:\/\/yoast.com\/product\/yoast-seo-wordpress\/ -->\n<title>Suspeito de atropelar cinco pessoas em Lisboa fica em pris\u00e3o preventiva - Portal Tela Portugal<\/title>\n<meta name=\"robots\" content=\"index, follow, max-snippet:-1, max-image-preview:large, max-video-preview:-1\" \/>\n<meta property=\"og:locale\" content=\"pt_PT\" \/>\n<meta property=\"og:type\" content=\"article\" \/>\n<meta property=\"og:title\" content=\"Suspeito de atropelar cinco pessoas em Lisboa fica em pris\u00e3o preventiva - Portal Tela Portugal\" \/>\n<meta property=\"og:description\" content=\"O suspeito, de 27 anos, ficou em pris\u00e3o preventiva ap\u00f3s ser indiciado por furto de viatura, ofensas \u00e0 integridade f\u00edsica qualificada e condu\u00e7\u00e3o sem habilita\u00e7\u00e3o legal. O atropelamento ocorreu na sexta-feira \u00e0 noite na zona do Chiado, Lisboa, quando a viatura se despistou e embateu num ciclomotor, provocando ferimentos graves a duas pessoas. O motorista fugiu a p\u00e9 e foi detido no s\u00e1bado, \u00e0s 14h40, pela Divis\u00e3o de Investiga\u00e7\u00e3o Criminal da PSP de Lisboa no Largo do Martim Moniz, com mandado de deten\u00e7\u00e3o fora de flagrante. A PSP indicou que a viatura estava a ser conduzida com o uso de carro roubado no momento do atropelamento. As v\u00edtimas receberam assist\u00eancia no local e foram encaminhadas para os Hospitais de S\u00e3o Jos\u00e9 e Santa Maria, em Lisboa.\" \/>\n<meta property=\"og:url\" content=\"https:\/\/portaltela.pt\/noticias\/2026\/02\/23\/suspeito-de-atropelar-cinco-pessoas-em-lisboa-fica-em-prisao-preventiva\/\" \/>\n<meta property=\"og:site_name\" content=\"Portal Tela Portugal\" \/>\n<meta property=\"article:published_time\" content=\"2026-02-23T21:01:00+00:00\" \/>\n<meta name=\"author\" content=\"Telinha\" \/>\n<meta name=\"twitter:card\" content=\"summary_large_image\" \/>\n<meta name=\"twitter:label1\" content=\"Escrito por\" \/>\n\t<meta name=\"twitter:data1\" content=\"Telinha\" \/>\n\t<meta name=\"twitter:label2\" content=\"Tempo estimado de leitura\" \/>\n\t<meta name=\"twitter:data2\" content=\"1 minuto\" \/>\n<script type=\"application\/ld+json\" class=\"yoast-schema-graph\">{\"@context\":\"https:\/\/schema.org\",\"@graph\":[{\"@type\":\"Article\",\"@id\":\"https:\/\/portaltela.pt\/noticias\/2026\/02\/23\/suspeito-de-atropelar-cinco-pessoas-em-lisboa-fica-em-prisao-preventiva\/#article\",\"isPartOf\":{\"@id\":\"https:\/\/portaltela.pt\/noticias\/2026\/02\/23\/suspeito-de-atropelar-cinco-pessoas-em-lisboa-fica-em-prisao-preventiva\/\"},\"author\":{\"name\":\"Telinha\",\"@id\":\"https:\/\/portaltela.pt\/#\/schema\/person\/c4278d4a6028830caff9ee44b42d32ed\"},\"headline\":\"Suspeito de atropelar cinco pessoas em Lisboa fica em pris\u00e3o preventiva\",\"datePublished\":\"2026-02-23T21:01:00+00:00\",\"mainEntityOfPage\":{\"@id\":\"https:\/\/portaltela.pt\/noticias\/2026\/02\/23\/suspeito-de-atropelar-cinco-pessoas-em-lisboa-fica-em-prisao-preventiva\/\"},\"wordCount\":174,\"image\":{\"@id\":\"https:\/\/portaltela.pt\/noticias\/2026\/02\/23\/suspeito-de-atropelar-cinco-pessoas-em-lisboa-fica-em-prisao-preventiva\/#primaryimage\"},\"thumbnailUrl\":\"https:\/\/portaltela.pt\/s.01k8rhncp4jt1\/2026\/02\/2069270.jpg\",\"keywords\":[\"acidente\",\"condu\u00e7\u00e3o sem habilita\u00e7\u00e3o\",\"furto de viatura\",\"Lisboa\",\"ofensas \u00e0 integridade f\u00edsica qualificada\",\"pris\u00f5es\"],\"articleSection\":[\"Not\u00edcias\"],\"inLanguage\":\"pt-PT\"},{\"@type\":\"WebPage\",\"@id\":\"https:\/\/portaltela.pt\/noticias\/2026\/02\/23\/suspeito-de-atropelar-cinco-pessoas-em-lisboa-fica-em-prisao-preventiva\/\",\"url\":\"https:\/\/portaltela.pt\/noticias\/2026\/02\/23\/suspeito-de-atropelar-cinco-pessoas-em-lisboa-fica-em-prisao-preventiva\/\",\"name\":\"Suspeito de atropelar cinco pessoas em Lisboa fica em pris\u00e3o preventiva - Portal Tela Portugal\",\"isPartOf\":{\"@id\":\"https:\/\/portaltela.pt\/#website\"},\"primaryImageOfPage\":{\"@id\":\"https:\/\/portaltela.pt\/noticias\/2026\/02\/23\/suspeito-de-atropelar-cinco-pessoas-em-lisboa-fica-em-prisao-preventiva\/#primaryimage\"},\"image\":{\"@id\":\"https:\/\/portaltela.pt\/noticias\/2026\/02\/23\/suspeito-de-atropelar-cinco-pessoas-em-lisboa-fica-em-prisao-preventiva\/#primaryimage\"},\"thumbnailUrl\":\"https:\/\/portaltela.pt\/s.01k8rhncp4jt1\/2026\/02\/2069270.jpg\",\"datePublished\":\"2026-02-23T21:01:00+00:00\",\"author\":{\"@id\":\"https:\/\/portaltela.pt\/#\/schema\/person\/c4278d4a6028830caff9ee44b42d32ed\"},\"breadcrumb\":{\"@id\":\"https:\/\/portaltela.pt\/noticias\/2026\/02\/23\/suspeito-de-atropelar-cinco-pessoas-em-lisboa-fica-em-prisao-preventiva\/#breadcrumb\"},\"inLanguage\":\"pt-PT\",\"potentialAction\":[{\"@type\":\"ReadAction\",\"target\":[\"https:\/\/portaltela.pt\/noticias\/2026\/02\/23\/suspeito-de-atropelar-cinco-pessoas-em-lisboa-fica-em-prisao-preventiva\/\"]}]},{\"@type\":\"ImageObject\",\"inLanguage\":\"pt-PT\",\"@id\":\"https:\/\/portaltela.pt\/noticias\/2026\/02\/23\/suspeito-de-atropelar-cinco-pessoas-em-lisboa-fica-em-prisao-preventiva\/#primaryimage\",\"url\":\"https:\/\/portaltela.pt\/s.01k8rhncp4jt1\/2026\/02\/2069270.jpg\",\"contentUrl\":\"https:\/\/portaltela.pt\/s.01k8rhncp4jt1\/2026\/02\/2069270.jpg\",\"width\":796,\"height\":448,\"caption\":\"Na sexta-feira \u00e0 noite, uma viatura entrou em despiste na zona do Chiado e acabou por atropelar cinco pessoas, duas das quais sofreram ferimentos graves\"},{\"@type\":\"BreadcrumbList\",\"@id\":\"https:\/\/portaltela.pt\/noticias\/2026\/02\/23\/suspeito-de-atropelar-cinco-pessoas-em-lisboa-fica-em-prisao-preventiva\/#breadcrumb\",\"itemListElement\":[{\"@type\":\"ListItem\",\"position\":1,\"name\":\"In\u00edcio\",\"item\":\"https:\/\/portaltela.pt\/\"},{\"@type\":\"ListItem\",\"position\":2,\"name\":\"Suspeito de atropelar cinco pessoas em Lisboa fica em pris\u00e3o preventiva\"}]},{\"@type\":\"WebSite\",\"@id\":\"https:\/\/portaltela.pt\/#website\",\"url\":\"https:\/\/portaltela.pt\/\",\"name\":\"Portal Tela Portugal\",\"description\":\"\",\"potentialAction\":[{\"@type\":\"SearchAction\",\"target\":{\"@type\":\"EntryPoint\",\"urlTemplate\":\"https:\/\/portaltela.pt\/?s={search_term_string}\"},\"query-input\":{\"@type\":\"PropertyValueSpecification\",\"valueRequired\":true,\"valueName\":\"search_term_string\"}}],\"inLanguage\":\"pt-PT\"},{\"@type\":\"Person\",\"@id\":\"https:\/\/portaltela.pt\/#\/schema\/person\/c4278d4a6028830caff9ee44b42d32ed\",\"name\":\"Telinha\",\"image\":{\"@type\":\"ImageObject\",\"inLanguage\":\"pt-PT\",\"@id\":\"https:\/\/portaltela.pt\/s.01k8rhncp4jt1\/2025\/11\/talking-bot-125x125.png\",\"url\":\"https:\/\/portaltela.pt\/s.01k8rhncp4jt1\/2025\/11\/talking-bot-125x125.png\",\"contentUrl\":\"https:\/\/portaltela.pt\/s.01k8rhncp4jt1\/2025\/11\/talking-bot-125x125.png\",\"caption\":\"Telinha\"},\"sameAs\":[\"https:\/\/portaltela.pt\/\"],\"url\":\"https:\/\/portaltela.pt\/por\/367410592786\/\"}]}<\/script>\n<!-- \/ Yoast SEO plugin. -->","yoast_head_json":{"title":"Suspeito de atropelar cinco pessoas em Lisboa fica em pris\u00e3o preventiva - Portal Tela Portugal","robots":{"index":"index","follow":"follow","max-snippet":"max-snippet:-1","max-image-preview":"max-image-preview:large","max-video-preview":"max-video-preview:-1"},"og_locale":"pt_PT","og_type":"article","og_title":"Suspeito de atropelar cinco pessoas em Lisboa fica em pris\u00e3o preventiva - Portal Tela Portugal","og_description":"O suspeito, de 27 anos, ficou em pris\u00e3o preventiva ap\u00f3s ser indiciado por furto de viatura, ofensas \u00e0 integridade f\u00edsica qualificada e condu\u00e7\u00e3o sem habilita\u00e7\u00e3o legal. O atropelamento ocorreu na sexta-feira \u00e0 noite na zona do Chiado, Lisboa, quando a viatura se despistou e embateu num ciclomotor, provocando ferimentos graves a duas pessoas. O motorista fugiu a p\u00e9 e foi detido no s\u00e1bado, \u00e0s 14h40, pela Divis\u00e3o de Investiga\u00e7\u00e3o Criminal da PSP de Lisboa no Largo do Martim Moniz, com mandado de deten\u00e7\u00e3o fora de flagrante. A PSP indicou que a viatura estava a ser conduzida com o uso de carro roubado no momento do atropelamento. As v\u00edtimas receberam assist\u00eancia no local e foram encaminhadas para os Hospitais de S\u00e3o Jos\u00e9 e Santa Maria, em Lisboa.","og_url":"https:\/\/portaltela.pt\/noticias\/2026\/02\/23\/suspeito-de-atropelar-cinco-pessoas-em-lisboa-fica-em-prisao-preventiva\/","og_site_name":"Portal Tela Portugal","article_published_time":"2026-02-23T21:01:00+00:00","author":"Telinha","twitter_card":"summary_large_image","twitter_misc":{"Escrito por":"Telinha","Tempo estimado de leitura":"1 minuto"},"schema":{"@context":"https:\/\/schema.org","@graph":[{"@type":"Article","@id":"https:\/\/portaltela.pt\/noticias\/2026\/02\/23\/suspeito-de-atropelar-cinco-pessoas-em-lisboa-fica-em-prisao-preventiva\/#article","isPartOf":{"@id":"https:\/\/portaltela.pt\/noticias\/2026\/02\/23\/suspeito-de-atropelar-cinco-pessoas-em-lisboa-fica-em-prisao-preventiva\/"},"author":{"name":"Telinha","@id":"https:\/\/portaltela.pt\/#\/schema\/person\/c4278d4a6028830caff9ee44b42d32ed"},"headline":"Suspeito de atropelar cinco pessoas em Lisboa fica em pris\u00e3o preventiva","datePublished":"2026-02-23T21:01:00+00:00","mainEntityOfPage":{"@id":"https:\/\/portaltela.pt\/noticias\/2026\/02\/23\/suspeito-de-atropelar-cinco-pessoas-em-lisboa-fica-em-prisao-preventiva\/"},"wordCount":174,"image":{"@id":"https:\/\/portaltela.pt\/noticias\/2026\/02\/23\/suspeito-de-atropelar-cinco-pessoas-em-lisboa-fica-em-prisao-preventiva\/#primaryimage"},"thumbnailUrl":"https:\/\/portaltela.pt\/s.01k8rhncp4jt1\/2026\/02\/2069270.jpg","keywords":["acidente","condu\u00e7\u00e3o sem habilita\u00e7\u00e3o","furto de viatura","Lisboa","ofensas \u00e0 integridade f\u00edsica qualificada","pris\u00f5es"],"articleSection":["Not\u00edcias"],"inLanguage":"pt-PT"},{"@type":"WebPage","@id":"https:\/\/portaltela.pt\/noticias\/2026\/02\/23\/suspeito-de-atropelar-cinco-pessoas-em-lisboa-fica-em-prisao-preventiva\/","url":"https:\/\/portaltela.pt\/noticias\/2026\/02\/23\/suspeito-de-atropelar-cinco-pessoas-em-lisboa-fica-em-prisao-preventiva\/","name":"Suspeito de atropelar cinco pessoas em Lisboa fica em pris\u00e3o preventiva - Portal Tela Portugal","isPartOf":{"@id":"https:\/\/portaltela.pt\/#website"},"primaryImageOfPage":{"@id":"https:\/\/portaltela.pt\/noticias\/2026\/02\/23\/suspeito-de-atropelar-cinco-pessoas-em-lisboa-fica-em-prisao-preventiva\/#primaryimage"},"image":{"@id":"https:\/\/portaltela.pt\/noticias\/2026\/02\/23\/suspeito-de-atropelar-cinco-pessoas-em-lisboa-fica-em-prisao-preventiva\/#primaryimage"},"thumbnailUrl":"https:\/\/portaltela.pt\/s.01k8rhncp4jt1\/2026\/02\/2069270.jpg","datePublished":"2026-02-23T21:01:00+00:00","author":{"@id":"https:\/\/portaltela.pt\/#\/schema\/person\/c4278d4a6028830caff9ee44b42d32ed"},"breadcrumb":{"@id":"https:\/\/portaltela.pt\/noticias\/2026\/02\/23\/suspeito-de-atropelar-cinco-pessoas-em-lisboa-fica-em-prisao-preventiva\/#breadcrumb"},"inLanguage":"pt-PT","potentialAction":[{"@type":"ReadAction","target":["https:\/\/portaltela.pt\/noticias\/2026\/02\/23\/suspeito-de-atropelar-cinco-pessoas-em-lisboa-fica-em-prisao-preventiva\/"]}]},{"@type":"ImageObject","inLanguage":"pt-PT","@id":"https:\/\/portaltela.pt\/noticias\/2026\/02\/23\/suspeito-de-atropelar-cinco-pessoas-em-lisboa-fica-em-prisao-preventiva\/#primaryimage","url":"https:\/\/portaltela.pt\/s.01k8rhncp4jt1\/2026\/02\/2069270.jpg","contentUrl":"https:\/\/portaltela.pt\/s.01k8rhncp4jt1\/2026\/02\/2069270.jpg","width":796,"height":448,"caption":"Na sexta-feira \u00e0 noite, uma viatura entrou em despiste na zona do Chiado e acabou por atropelar cinco pessoas, duas das quais sofreram ferimentos graves"},{"@type":"BreadcrumbList","@id":"https:\/\/portaltela.pt\/noticias\/2026\/02\/23\/suspeito-de-atropelar-cinco-pessoas-em-lisboa-fica-em-prisao-preventiva\/#breadcrumb","itemListElement":[{"@type":"ListItem","position":1,"name":"In\u00edcio","item":"https:\/\/portaltela.pt\/"},{"@type":"ListItem","position":2,"name":"Suspeito de atropelar cinco pessoas em Lisboa fica em pris\u00e3o preventiva"}]},{"@type":"WebSite","@id":"https:\/\/portaltela.pt\/#website","url":"https:\/\/portaltela.pt\/","name":"Portal Tela Portugal","description":"","potentialAction":[{"@type":"SearchAction","target":{"@type":"EntryPoint","urlTemplate":"https:\/\/portaltela.pt\/?s={search_term_string}"},"query-input":{"@type":"PropertyValueSpecification","valueRequired":true,"valueName":"search_term_string"}}],"inLanguage":"pt-PT"},{"@type":"Person","@id":"https:\/\/portaltela.pt\/#\/schema\/person\/c4278d4a6028830caff9ee44b42d32ed","name":"Telinha","image":{"@type":"ImageObject","inLanguage":"pt-PT","@id":"https:\/\/portaltela.pt\/s.01k8rhncp4jt1\/2025\/11\/talking-bot-125x125.png","url":"https:\/\/portaltela.pt\/s.01k8rhncp4jt1\/2025\/11\/talking-bot-125x125.png","contentUrl":"https:\/\/portaltela.pt\/s.01k8rhncp4jt1\/2025\/11\/talking-bot-125x125.png","caption":"Telinha"},"sameAs":["https:\/\/portaltela.pt\/"],"url":"https:\/\/portaltela.pt\/por\/367410592786\/"}]}},"_links":{"self":[{"href":"https:\/\/portaltela.pt\/api\/wp\/v2\/posts\/223450","targetHints":{"allow":["GET"]}}],"collection":[{"href":"https:\/\/portaltela.pt\/api\/wp\/v2\/posts"}],"about":[{"href":"https:\/\/portaltela.pt\/api\/wp\/v2\/types\/post"}],"author":[{"embeddable":true,"href":"https:\/\/portaltela.pt\/api\/wp\/v2\/users\/2"}],"replies":[{"embeddable":true,"href":"https:\/\/portaltela.pt\/api\/wp\/v2\/comments?post=223450"}],"version-history":[{"count":0,"href":"https:\/\/portaltela.pt\/api\/wp\/v2\/posts\/223450\/revisions"}],"wp:featuredmedia":[{"embeddable":true,"href":"https:\/\/portaltela.pt\/api\/wp\/v2\/media\/223455"}],"wp:attachment":[{"href":"https:\/\/portaltela.pt\/api\/wp\/v2\/media?parent=223450"}],"wp:term":[{"taxonomy":"category","embeddable":true,"href":"https:\/\/portaltela.pt\/api\/wp\/v2\/categories?post=223450"},{"taxonomy":"post_tag","embeddable":true,"href":"https:\/\/portaltela.pt\/api\/wp\/v2\/tags?post=223450"}],"curies":[{"name":"wp","href":"https:\/\/api.w.org\/{rel}","templated":true}]}}