{"id":223428,"date":"2026-02-23T17:59:04","date_gmt":"2026-02-23T20:59:04","guid":{"rendered":"https:\/\/portaltela.pt\/noticias\/2026\/02\/23\/torino-demite-baroni-e-nomeia-d-aversa-como-novo-treinador\/"},"modified":"2026-02-23T17:59:04","modified_gmt":"2026-02-23T20:59:04","slug":"torino-demite-baroni-e-nomeia-d-aversa-como-novo-treinador","status":"publish","type":"post","link":"https:\/\/portaltela.pt\/desporto\/futebol\/2026\/02\/23\/torino-demite-baroni-e-nomeia-d-aversa-como-novo-treinador\/","title":{"rendered":"Torino demite Baroni e nomeia D&#8217;Aversa como novo treinador"},"content":{"rendered":"<p>O Torino demitiu Marco Baroni e anunciou a contrata\u00e7\u00e3o de Roberto D&#8217;Aversa, que assumir\u00e1 o comando at\u00e9 ao final da \u00e9poca. A decis\u00e3o foi comunicada na segunda-feira, pelo clube de Turim, ap\u00f3s o despedimento do treinador italiano.<\/p>\n<p>D&#8217;Aversa, de 50 anos, encontrava-se inativo desde junho de 2025, depois de deixar o Empoli. O t\u00e9cnico sucede a Baroni, de 62 anos, que orientou o Torino com 10 vit\u00f3rias, 6 empates e 14 derrotas em 30 jogos.<\/p>\n<p>Ao fim de 26 jornadas, o Torino \u00e9 15.\u00ba classificado da Serie A, com 27 pontos, a tr\u00eas da zona de descida. O clube foi eliminado na Ta\u00e7a de It\u00e1lia pelos atuais l\u00edderes Inter Mil\u00e3o, nos quartos de final.<\/p>\n<h3>Roberto D&#8217;Aversa<\/h3>\n<p>D&#8217;Aversa assinou contrato at\u00e9 30 de junho de 2026 e dever\u00e1 preparar a equipa para os pr\u00f3ximos jogos da liga e da Ta\u00e7a.<\/p>\n<h3>Contexto atual do Torino<\/h3>\n<p>A equipa continua a defender-se na tabela e procura estabilizar o desempenho sob o novo treinador, buscando evitar despromo\u00e7\u00e3o e melhorar o rendimento ofensivo e defensivo.<\/p>\n","protected":false},"excerpt":{"rendered":"<ul>\n<li>O Torino demitiu Marco Baroni e contratou Roberto D&#8217;Aversa, que assume o comando at\u00e9 ao fim da \u00e9poca, com contrato at\u00e9 30 de junho de 2026.<\/li>\n<li>D&#8217;Aversa, de 50 anos, encontrava-se inativo desde junho de 2025, ap\u00f3s deixar o Empoli.<\/li>\n<li>O t\u00e9cnico nasceu na Alemanha e tem dupla nacionalidade, sucedendo a Marco Baroni, de 62 anos.<\/li>\n<li>Baroni contabilizou 10 vit\u00f3rias, 6 empates e 14 derrotas em 30 jogos na \u00e9poca.<\/li>\n<li>O Torino ocupa o 15.\u00ba lugar, com 27 pontos em 26 jornadas, a tr\u00eas pontos da zona de descida, e foi eliminado da Ta\u00e7a de It\u00e1lia nos quartos de final pelo Inter.<\/li>\n<\/ul>\n","protected":false},"author":2,"featured_media":223430,"comment_status":"closed","ping_status":"closed","sticky":false,"template":"","format":"standard","meta":{"footnotes":""},"categories":[21,24],"tags":[2219,5757,32,2062,6258,2477],"class_list":["post-223428","post","type-post","status-publish","format-standard","has-post-thumbnail","hentry","category-desporto","category-futebol","tag-contratacoes","tag-demissao","tag-futebol","tag-serie-a","tag-torino","tag-treinadores"],"yoast_head":"<!-- This site is optimized with the Yoast SEO plugin v27.2 - https:\/\/yoast.com\/product\/yoast-seo-wordpress\/ -->\n<title>Torino demite Baroni e nomeia D&#039;Aversa como novo treinador - Portal Tela Portugal<\/title>\n<meta name=\"robots\" content=\"index, follow, max-snippet:-1, max-image-preview:large, max-video-preview:-1\" \/>\n<meta property=\"og:locale\" content=\"pt_PT\" \/>\n<meta property=\"og:type\" content=\"article\" \/>\n<meta property=\"og:title\" content=\"Torino demite Baroni e nomeia D&#039;Aversa como novo treinador - Portal Tela Portugal\" \/>\n<meta property=\"og:description\" content=\"O Torino demitiu Marco Baroni e contratou Roberto D&#039;Aversa, que assume o comando at\u00e9 ao fim da \u00e9poca, com contrato at\u00e9 30 de junho de 2026. D&#039;Aversa, de 50 anos, encontrava-se inativo desde junho de 2025, ap\u00f3s deixar o Empoli. O t\u00e9cnico nasceu na Alemanha e tem dupla nacionalidade, sucedendo a Marco Baroni, de 62 anos. Baroni contabilizou 10 vit\u00f3rias, 6 empates e 14 derrotas em 30 jogos na \u00e9poca. O Torino ocupa o 15.\u00ba lugar, com 27 pontos em 26 jornadas, a tr\u00eas pontos da zona de descida, e foi eliminado da Ta\u00e7a de It\u00e1lia nos quartos de final pelo Inter.\" \/>\n<meta property=\"og:url\" content=\"https:\/\/portaltela.pt\/noticias\/2026\/02\/23\/torino-demite-baroni-e-nomeia-d-aversa-como-novo-treinador\/\" \/>\n<meta property=\"og:site_name\" content=\"Portal Tela Portugal\" \/>\n<meta property=\"article:published_time\" content=\"2026-02-23T20:59:04+00:00\" \/>\n<meta name=\"author\" content=\"Telinha\" \/>\n<meta name=\"twitter:card\" content=\"summary_large_image\" \/>\n<meta name=\"twitter:label1\" content=\"Escrito por\" \/>\n\t<meta name=\"twitter:data1\" content=\"Telinha\" \/>\n\t<meta name=\"twitter:label2\" content=\"Tempo estimado de leitura\" \/>\n\t<meta name=\"twitter:data2\" content=\"1 minuto\" \/>\n<script type=\"application\/ld+json\" class=\"yoast-schema-graph\">{\"@context\":\"https:\/\/schema.org\",\"@graph\":[{\"@type\":\"Article\",\"@id\":\"https:\/\/portaltela.pt\/noticias\/2026\/02\/23\/torino-demite-baroni-e-nomeia-d-aversa-como-novo-treinador\/#article\",\"isPartOf\":{\"@id\":\"https:\/\/portaltela.pt\/noticias\/2026\/02\/23\/torino-demite-baroni-e-nomeia-d-aversa-como-novo-treinador\/\"},\"author\":{\"name\":\"Telinha\",\"@id\":\"https:\/\/portaltela.pt\/#\/schema\/person\/c4278d4a6028830caff9ee44b42d32ed\"},\"headline\":\"Torino demite Baroni e nomeia D&#8217;Aversa como novo treinador\",\"datePublished\":\"2026-02-23T20:59:04+00:00\",\"mainEntityOfPage\":{\"@id\":\"https:\/\/portaltela.pt\/noticias\/2026\/02\/23\/torino-demite-baroni-e-nomeia-d-aversa-como-novo-treinador\/\"},\"wordCount\":183,\"image\":{\"@id\":\"https:\/\/portaltela.pt\/noticias\/2026\/02\/23\/torino-demite-baroni-e-nomeia-d-aversa-como-novo-treinador\/#primaryimage\"},\"thumbnailUrl\":\"https:\/\/portaltela.pt\/s.01k8rhncp4jt1\/2026\/02\/img_920x518uu2026-02-23-20-58-56-2423351.jpg\",\"keywords\":[\"contrata\u00e7\u00f5es\",\"demiss\u00e3o\",\"futebol\",\"S\u00e9rie A\",\"Torino\",\"treinadores\"],\"articleSection\":[\"Desporto\",\"Futebol\"],\"inLanguage\":\"pt-PT\"},{\"@type\":\"WebPage\",\"@id\":\"https:\/\/portaltela.pt\/noticias\/2026\/02\/23\/torino-demite-baroni-e-nomeia-d-aversa-como-novo-treinador\/\",\"url\":\"https:\/\/portaltela.pt\/noticias\/2026\/02\/23\/torino-demite-baroni-e-nomeia-d-aversa-como-novo-treinador\/\",\"name\":\"Torino demite Baroni e nomeia D'Aversa como novo treinador - Portal Tela Portugal\",\"isPartOf\":{\"@id\":\"https:\/\/portaltela.pt\/#website\"},\"primaryImageOfPage\":{\"@id\":\"https:\/\/portaltela.pt\/noticias\/2026\/02\/23\/torino-demite-baroni-e-nomeia-d-aversa-como-novo-treinador\/#primaryimage\"},\"image\":{\"@id\":\"https:\/\/portaltela.pt\/noticias\/2026\/02\/23\/torino-demite-baroni-e-nomeia-d-aversa-como-novo-treinador\/#primaryimage\"},\"thumbnailUrl\":\"https:\/\/portaltela.pt\/s.01k8rhncp4jt1\/2026\/02\/img_920x518uu2026-02-23-20-58-56-2423351.jpg\",\"datePublished\":\"2026-02-23T20:59:04+00:00\",\"author\":{\"@id\":\"https:\/\/portaltela.pt\/#\/schema\/person\/c4278d4a6028830caff9ee44b42d32ed\"},\"breadcrumb\":{\"@id\":\"https:\/\/portaltela.pt\/noticias\/2026\/02\/23\/torino-demite-baroni-e-nomeia-d-aversa-como-novo-treinador\/#breadcrumb\"},\"inLanguage\":\"pt-PT\",\"potentialAction\":[{\"@type\":\"ReadAction\",\"target\":[\"https:\/\/portaltela.pt\/noticias\/2026\/02\/23\/torino-demite-baroni-e-nomeia-d-aversa-como-novo-treinador\/\"]}]},{\"@type\":\"ImageObject\",\"inLanguage\":\"pt-PT\",\"@id\":\"https:\/\/portaltela.pt\/noticias\/2026\/02\/23\/torino-demite-baroni-e-nomeia-d-aversa-como-novo-treinador\/#primaryimage\",\"url\":\"https:\/\/portaltela.pt\/s.01k8rhncp4jt1\/2026\/02\/img_920x518uu2026-02-23-20-58-56-2423351.jpg\",\"contentUrl\":\"https:\/\/portaltela.pt\/s.01k8rhncp4jt1\/2026\/02\/img_920x518uu2026-02-23-20-58-56-2423351.jpg\",\"width\":796,\"height\":448,\"caption\":\"Roberto D'Aversa \u00e9 o novo treinador do Torino\"},{\"@type\":\"BreadcrumbList\",\"@id\":\"https:\/\/portaltela.pt\/noticias\/2026\/02\/23\/torino-demite-baroni-e-nomeia-d-aversa-como-novo-treinador\/#breadcrumb\",\"itemListElement\":[{\"@type\":\"ListItem\",\"position\":1,\"name\":\"In\u00edcio\",\"item\":\"https:\/\/portaltela.pt\/\"},{\"@type\":\"ListItem\",\"position\":2,\"name\":\"Torino demite Baroni e nomeia D&#8217;Aversa como novo treinador\"}]},{\"@type\":\"WebSite\",\"@id\":\"https:\/\/portaltela.pt\/#website\",\"url\":\"https:\/\/portaltela.pt\/\",\"name\":\"Portal Tela Portugal\",\"description\":\"\",\"potentialAction\":[{\"@type\":\"SearchAction\",\"target\":{\"@type\":\"EntryPoint\",\"urlTemplate\":\"https:\/\/portaltela.pt\/?s={search_term_string}\"},\"query-input\":{\"@type\":\"PropertyValueSpecification\",\"valueRequired\":true,\"valueName\":\"search_term_string\"}}],\"inLanguage\":\"pt-PT\"},{\"@type\":\"Person\",\"@id\":\"https:\/\/portaltela.pt\/#\/schema\/person\/c4278d4a6028830caff9ee44b42d32ed\",\"name\":\"Telinha\",\"image\":{\"@type\":\"ImageObject\",\"inLanguage\":\"pt-PT\",\"@id\":\"https:\/\/portaltela.pt\/s.01k8rhncp4jt1\/2025\/11\/talking-bot-125x125.png\",\"url\":\"https:\/\/portaltela.pt\/s.01k8rhncp4jt1\/2025\/11\/talking-bot-125x125.png\",\"contentUrl\":\"https:\/\/portaltela.pt\/s.01k8rhncp4jt1\/2025\/11\/talking-bot-125x125.png\",\"caption\":\"Telinha\"},\"sameAs\":[\"https:\/\/portaltela.pt\/\"],\"url\":\"https:\/\/portaltela.pt\/por\/367410592786\/\"}]}<\/script>\n<!-- \/ Yoast SEO plugin. -->","yoast_head_json":{"title":"Torino demite Baroni e nomeia D'Aversa como novo treinador - Portal Tela Portugal","robots":{"index":"index","follow":"follow","max-snippet":"max-snippet:-1","max-image-preview":"max-image-preview:large","max-video-preview":"max-video-preview:-1"},"og_locale":"pt_PT","og_type":"article","og_title":"Torino demite Baroni e nomeia D'Aversa como novo treinador - Portal Tela Portugal","og_description":"O Torino demitiu Marco Baroni e contratou Roberto D'Aversa, que assume o comando at\u00e9 ao fim da \u00e9poca, com contrato at\u00e9 30 de junho de 2026. D'Aversa, de 50 anos, encontrava-se inativo desde junho de 2025, ap\u00f3s deixar o Empoli. O t\u00e9cnico nasceu na Alemanha e tem dupla nacionalidade, sucedendo a Marco Baroni, de 62 anos. Baroni contabilizou 10 vit\u00f3rias, 6 empates e 14 derrotas em 30 jogos na \u00e9poca. O Torino ocupa o 15.\u00ba lugar, com 27 pontos em 26 jornadas, a tr\u00eas pontos da zona de descida, e foi eliminado da Ta\u00e7a de It\u00e1lia nos quartos de final pelo Inter.","og_url":"https:\/\/portaltela.pt\/noticias\/2026\/02\/23\/torino-demite-baroni-e-nomeia-d-aversa-como-novo-treinador\/","og_site_name":"Portal Tela Portugal","article_published_time":"2026-02-23T20:59:04+00:00","author":"Telinha","twitter_card":"summary_large_image","twitter_misc":{"Escrito por":"Telinha","Tempo estimado de leitura":"1 minuto"},"schema":{"@context":"https:\/\/schema.org","@graph":[{"@type":"Article","@id":"https:\/\/portaltela.pt\/noticias\/2026\/02\/23\/torino-demite-baroni-e-nomeia-d-aversa-como-novo-treinador\/#article","isPartOf":{"@id":"https:\/\/portaltela.pt\/noticias\/2026\/02\/23\/torino-demite-baroni-e-nomeia-d-aversa-como-novo-treinador\/"},"author":{"name":"Telinha","@id":"https:\/\/portaltela.pt\/#\/schema\/person\/c4278d4a6028830caff9ee44b42d32ed"},"headline":"Torino demite Baroni e nomeia D&#8217;Aversa como novo treinador","datePublished":"2026-02-23T20:59:04+00:00","mainEntityOfPage":{"@id":"https:\/\/portaltela.pt\/noticias\/2026\/02\/23\/torino-demite-baroni-e-nomeia-d-aversa-como-novo-treinador\/"},"wordCount":183,"image":{"@id":"https:\/\/portaltela.pt\/noticias\/2026\/02\/23\/torino-demite-baroni-e-nomeia-d-aversa-como-novo-treinador\/#primaryimage"},"thumbnailUrl":"https:\/\/portaltela.pt\/s.01k8rhncp4jt1\/2026\/02\/img_920x518uu2026-02-23-20-58-56-2423351.jpg","keywords":["contrata\u00e7\u00f5es","demiss\u00e3o","futebol","S\u00e9rie A","Torino","treinadores"],"articleSection":["Desporto","Futebol"],"inLanguage":"pt-PT"},{"@type":"WebPage","@id":"https:\/\/portaltela.pt\/noticias\/2026\/02\/23\/torino-demite-baroni-e-nomeia-d-aversa-como-novo-treinador\/","url":"https:\/\/portaltela.pt\/noticias\/2026\/02\/23\/torino-demite-baroni-e-nomeia-d-aversa-como-novo-treinador\/","name":"Torino demite Baroni e nomeia D'Aversa como novo treinador - Portal Tela Portugal","isPartOf":{"@id":"https:\/\/portaltela.pt\/#website"},"primaryImageOfPage":{"@id":"https:\/\/portaltela.pt\/noticias\/2026\/02\/23\/torino-demite-baroni-e-nomeia-d-aversa-como-novo-treinador\/#primaryimage"},"image":{"@id":"https:\/\/portaltela.pt\/noticias\/2026\/02\/23\/torino-demite-baroni-e-nomeia-d-aversa-como-novo-treinador\/#primaryimage"},"thumbnailUrl":"https:\/\/portaltela.pt\/s.01k8rhncp4jt1\/2026\/02\/img_920x518uu2026-02-23-20-58-56-2423351.jpg","datePublished":"2026-02-23T20:59:04+00:00","author":{"@id":"https:\/\/portaltela.pt\/#\/schema\/person\/c4278d4a6028830caff9ee44b42d32ed"},"breadcrumb":{"@id":"https:\/\/portaltela.pt\/noticias\/2026\/02\/23\/torino-demite-baroni-e-nomeia-d-aversa-como-novo-treinador\/#breadcrumb"},"inLanguage":"pt-PT","potentialAction":[{"@type":"ReadAction","target":["https:\/\/portaltela.pt\/noticias\/2026\/02\/23\/torino-demite-baroni-e-nomeia-d-aversa-como-novo-treinador\/"]}]},{"@type":"ImageObject","inLanguage":"pt-PT","@id":"https:\/\/portaltela.pt\/noticias\/2026\/02\/23\/torino-demite-baroni-e-nomeia-d-aversa-como-novo-treinador\/#primaryimage","url":"https:\/\/portaltela.pt\/s.01k8rhncp4jt1\/2026\/02\/img_920x518uu2026-02-23-20-58-56-2423351.jpg","contentUrl":"https:\/\/portaltela.pt\/s.01k8rhncp4jt1\/2026\/02\/img_920x518uu2026-02-23-20-58-56-2423351.jpg","width":796,"height":448,"caption":"Roberto D'Aversa \u00e9 o novo treinador do Torino"},{"@type":"BreadcrumbList","@id":"https:\/\/portaltela.pt\/noticias\/2026\/02\/23\/torino-demite-baroni-e-nomeia-d-aversa-como-novo-treinador\/#breadcrumb","itemListElement":[{"@type":"ListItem","position":1,"name":"In\u00edcio","item":"https:\/\/portaltela.pt\/"},{"@type":"ListItem","position":2,"name":"Torino demite Baroni e nomeia D&#8217;Aversa como novo treinador"}]},{"@type":"WebSite","@id":"https:\/\/portaltela.pt\/#website","url":"https:\/\/portaltela.pt\/","name":"Portal Tela Portugal","description":"","potentialAction":[{"@type":"SearchAction","target":{"@type":"EntryPoint","urlTemplate":"https:\/\/portaltela.pt\/?s={search_term_string}"},"query-input":{"@type":"PropertyValueSpecification","valueRequired":true,"valueName":"search_term_string"}}],"inLanguage":"pt-PT"},{"@type":"Person","@id":"https:\/\/portaltela.pt\/#\/schema\/person\/c4278d4a6028830caff9ee44b42d32ed","name":"Telinha","image":{"@type":"ImageObject","inLanguage":"pt-PT","@id":"https:\/\/portaltela.pt\/s.01k8rhncp4jt1\/2025\/11\/talking-bot-125x125.png","url":"https:\/\/portaltela.pt\/s.01k8rhncp4jt1\/2025\/11\/talking-bot-125x125.png","contentUrl":"https:\/\/portaltela.pt\/s.01k8rhncp4jt1\/2025\/11\/talking-bot-125x125.png","caption":"Telinha"},"sameAs":["https:\/\/portaltela.pt\/"],"url":"https:\/\/portaltela.pt\/por\/367410592786\/"}]}},"_links":{"self":[{"href":"https:\/\/portaltela.pt\/api\/wp\/v2\/posts\/223428","targetHints":{"allow":["GET"]}}],"collection":[{"href":"https:\/\/portaltela.pt\/api\/wp\/v2\/posts"}],"about":[{"href":"https:\/\/portaltela.pt\/api\/wp\/v2\/types\/post"}],"author":[{"embeddable":true,"href":"https:\/\/portaltela.pt\/api\/wp\/v2\/users\/2"}],"replies":[{"embeddable":true,"href":"https:\/\/portaltela.pt\/api\/wp\/v2\/comments?post=223428"}],"version-history":[{"count":0,"href":"https:\/\/portaltela.pt\/api\/wp\/v2\/posts\/223428\/revisions"}],"wp:featuredmedia":[{"embeddable":true,"href":"https:\/\/portaltela.pt\/api\/wp\/v2\/media\/223430"}],"wp:attachment":[{"href":"https:\/\/portaltela.pt\/api\/wp\/v2\/media?parent=223428"}],"wp:term":[{"taxonomy":"category","embeddable":true,"href":"https:\/\/portaltela.pt\/api\/wp\/v2\/categories?post=223428"},{"taxonomy":"post_tag","embeddable":true,"href":"https:\/\/portaltela.pt\/api\/wp\/v2\/tags?post=223428"}],"curies":[{"name":"wp","href":"https:\/\/api.w.org\/{rel}","templated":true}]}}