{"id":223426,"date":"2026-02-23T17:50:00","date_gmt":"2026-02-23T20:50:00","guid":{"rendered":"https:\/\/portaltela.pt\/noticias\/2026\/02\/23\/comissao-eleitoral-da-utad-e-extinta-por-decisao-judicial\/"},"modified":"2026-02-23T17:50:00","modified_gmt":"2026-02-23T20:50:00","slug":"comissao-eleitoral-da-utad-e-extinta-por-decisao-judicial","status":"publish","type":"post","link":"https:\/\/portaltela.pt\/noticias\/2026\/02\/23\/comissao-eleitoral-da-utad-e-extinta-por-decisao-judicial\/","title":{"rendered":"Comiss\u00e3o Eleitoral da UTAD \u00e9 extinta por decis\u00e3o judicial"},"content":{"rendered":"<p>O Tribunal Administrativo e Fiscal (TAF) de Mirandela anulou o despacho do Minist\u00e9rio da Educa\u00e7\u00e3o, de 20 de outubro, que criou uma Comiss\u00e3o Eleitoral para organizar elei\u00e7\u00f5es no Conselho Geral da UTAD. A decis\u00e3o anuladora foi proferida recentemente pelo tribunal.<\/p>\n<p>A Comiss\u00e3o Eleitoral era presidida por Sebasti\u00e3o Feyo de Azevedo. Com o regulamento j\u00e1 elaborado, estavam marcadas elei\u00e7\u00f5es para o CG, que iria eleger o reitor que substitui Em\u00eddio Gomes.<\/p>\n<p>O registo de provid\u00eancia cautelar contra o despacho ministerial, apresentado h\u00e1 meses, resultou em suspens\u00e3o do ato eleitoral. O TAF de Mirandela confirmou agora a suspens\u00e3o, checando a legalidade da medida.<\/p>\n<p>A UTAD permanece em impasse quanto \u00e0 forma de elei\u00e7\u00e3o do Conselho Geral. A decis\u00e3o do tribunal implica que, pelo menos por agora, n\u00e3o haver\u00e1 o processo eleitoral previsto para o CG.<\/p>\n<p>Esta decis\u00e3o mant\u00e9m o cen\u00e1rio de incerteza sobre quem ir\u00e1 ocupar a presid\u00eancia do Conselho Geral e, por consequ\u00eancia, quem nomear\u00e1 o pr\u00f3ximo reitor da universidade.<\/p>\n","protected":false},"excerpt":{"rendered":"<ul>\n<li>O Tribunal Administrativo e Fiscal de Mirandela anulou o despacho do Minist\u00e9rio da Educa\u00e7\u00e3o de 20 de outubro que criava uma Comiss\u00e3o Eleitoral para organizar elei\u00e7\u00f5es para o Conselho Geral da UTAD.<\/li>\n<li>A Comiss\u00e3o Eleitoral era presidida por Sebasti\u00e3o Feyo de Azevedo, que j\u00e1 tinha elaborado regulamento e agendado as elei\u00e7\u00f5es para o CG, para esta ter\u00e7a-feira.<\/li>\n<li>A vota\u00e7\u00e3o visava eleger o \u00f3rg\u00e3o que escolheria o reitor que iria suceder a Em\u00eddio Gomes, atual presidente da Metro do Porto.<\/li>\n<li>Em novembro foi apresentada uma provid\u00eancia cautelar contra o despacho ministerial, cuja suspens\u00e3o deu origem \u00e0 paralisa\u00e7\u00e3o do ato eleitoral.<\/li>\n<li>Com o provimento do TAF, parece ter chegado ao fim a solu\u00e7\u00e3o governamental para a elei\u00e7\u00e3o do CG da UTAD.<\/li>\n<\/ul>\n","protected":false},"author":2,"featured_media":223427,"comment_status":"closed","ping_status":"closed","sticky":false,"template":"","format":"standard","meta":{"footnotes":""},"categories":[1],"tags":[873,163,1315,6208,58,3458],"class_list":["post-223426","post","type-post","status-publish","format-standard","has-post-thumbnail","hentry","category-noticias","tag-conselho-geral","tag-educacao","tag-mirandela","tag-tribunais","tag-universidades","tag-utad"],"yoast_head":"<!-- This site is optimized with the Yoast SEO plugin v27.2 - https:\/\/yoast.com\/product\/yoast-seo-wordpress\/ -->\n<title>Comiss\u00e3o Eleitoral da UTAD \u00e9 extinta por decis\u00e3o judicial - Portal Tela Portugal<\/title>\n<meta name=\"robots\" content=\"index, follow, max-snippet:-1, max-image-preview:large, max-video-preview:-1\" \/>\n<meta property=\"og:locale\" content=\"pt_PT\" \/>\n<meta property=\"og:type\" content=\"article\" \/>\n<meta property=\"og:title\" content=\"Comiss\u00e3o Eleitoral da UTAD \u00e9 extinta por decis\u00e3o judicial - Portal Tela Portugal\" \/>\n<meta property=\"og:description\" content=\"O Tribunal Administrativo e Fiscal de Mirandela anulou o despacho do Minist\u00e9rio da Educa\u00e7\u00e3o de 20 de outubro que criava uma Comiss\u00e3o Eleitoral para organizar elei\u00e7\u00f5es para o Conselho Geral da UTAD. A Comiss\u00e3o Eleitoral era presidida por Sebasti\u00e3o Feyo de Azevedo, que j\u00e1 tinha elaborado regulamento e agendado as elei\u00e7\u00f5es para o CG, para esta ter\u00e7a-feira. A vota\u00e7\u00e3o visava eleger o \u00f3rg\u00e3o que escolheria o reitor que iria suceder a Em\u00eddio Gomes, atual presidente da Metro do Porto. Em novembro foi apresentada uma provid\u00eancia cautelar contra o despacho ministerial, cuja suspens\u00e3o deu origem \u00e0 paralisa\u00e7\u00e3o do ato eleitoral. Com o provimento do TAF, parece ter chegado ao fim a solu\u00e7\u00e3o governamental para a elei\u00e7\u00e3o do CG da UTAD.\" \/>\n<meta property=\"og:url\" content=\"https:\/\/portaltela.pt\/noticias\/2026\/02\/23\/comissao-eleitoral-da-utad-e-extinta-por-decisao-judicial\/\" \/>\n<meta property=\"og:site_name\" content=\"Portal Tela Portugal\" \/>\n<meta property=\"article:published_time\" content=\"2026-02-23T20:50:00+00:00\" \/>\n<meta name=\"author\" content=\"Telinha\" \/>\n<meta name=\"twitter:card\" content=\"summary_large_image\" \/>\n<meta name=\"twitter:label1\" content=\"Escrito por\" \/>\n\t<meta name=\"twitter:data1\" content=\"Telinha\" \/>\n\t<meta name=\"twitter:label2\" content=\"Tempo estimado de leitura\" \/>\n\t<meta name=\"twitter:data2\" content=\"1 minuto\" \/>\n<script type=\"application\/ld+json\" class=\"yoast-schema-graph\">{\"@context\":\"https:\/\/schema.org\",\"@graph\":[{\"@type\":\"Article\",\"@id\":\"https:\/\/portaltela.pt\/noticias\/2026\/02\/23\/comissao-eleitoral-da-utad-e-extinta-por-decisao-judicial\/#article\",\"isPartOf\":{\"@id\":\"https:\/\/portaltela.pt\/noticias\/2026\/02\/23\/comissao-eleitoral-da-utad-e-extinta-por-decisao-judicial\/\"},\"author\":{\"name\":\"Telinha\",\"@id\":\"https:\/\/portaltela.pt\/#\/schema\/person\/c4278d4a6028830caff9ee44b42d32ed\"},\"headline\":\"Comiss\u00e3o Eleitoral da UTAD \u00e9 extinta por decis\u00e3o judicial\",\"datePublished\":\"2026-02-23T20:50:00+00:00\",\"mainEntityOfPage\":{\"@id\":\"https:\/\/portaltela.pt\/noticias\/2026\/02\/23\/comissao-eleitoral-da-utad-e-extinta-por-decisao-judicial\/\"},\"wordCount\":188,\"image\":{\"@id\":\"https:\/\/portaltela.pt\/noticias\/2026\/02\/23\/comissao-eleitoral-da-utad-e-extinta-por-decisao-judicial\/#primaryimage\"},\"thumbnailUrl\":\"https:\/\/portaltela.pt\/s.01k8rhncp4jt1\/2026\/02\/image-1724.jpg\",\"keywords\":[\"Conselho Geral\",\"educa\u00e7\u00e3o\",\"Mirandela\",\"Tribunais\",\"universidades\",\"UTAD\"],\"articleSection\":[\"Not\u00edcias\"],\"inLanguage\":\"pt-PT\"},{\"@type\":\"WebPage\",\"@id\":\"https:\/\/portaltela.pt\/noticias\/2026\/02\/23\/comissao-eleitoral-da-utad-e-extinta-por-decisao-judicial\/\",\"url\":\"https:\/\/portaltela.pt\/noticias\/2026\/02\/23\/comissao-eleitoral-da-utad-e-extinta-por-decisao-judicial\/\",\"name\":\"Comiss\u00e3o Eleitoral da UTAD \u00e9 extinta por decis\u00e3o judicial - Portal Tela Portugal\",\"isPartOf\":{\"@id\":\"https:\/\/portaltela.pt\/#website\"},\"primaryImageOfPage\":{\"@id\":\"https:\/\/portaltela.pt\/noticias\/2026\/02\/23\/comissao-eleitoral-da-utad-e-extinta-por-decisao-judicial\/#primaryimage\"},\"image\":{\"@id\":\"https:\/\/portaltela.pt\/noticias\/2026\/02\/23\/comissao-eleitoral-da-utad-e-extinta-por-decisao-judicial\/#primaryimage\"},\"thumbnailUrl\":\"https:\/\/portaltela.pt\/s.01k8rhncp4jt1\/2026\/02\/image-1724.jpg\",\"datePublished\":\"2026-02-23T20:50:00+00:00\",\"author\":{\"@id\":\"https:\/\/portaltela.pt\/#\/schema\/person\/c4278d4a6028830caff9ee44b42d32ed\"},\"breadcrumb\":{\"@id\":\"https:\/\/portaltela.pt\/noticias\/2026\/02\/23\/comissao-eleitoral-da-utad-e-extinta-por-decisao-judicial\/#breadcrumb\"},\"inLanguage\":\"pt-PT\",\"potentialAction\":[{\"@type\":\"ReadAction\",\"target\":[\"https:\/\/portaltela.pt\/noticias\/2026\/02\/23\/comissao-eleitoral-da-utad-e-extinta-por-decisao-judicial\/\"]}]},{\"@type\":\"ImageObject\",\"inLanguage\":\"pt-PT\",\"@id\":\"https:\/\/portaltela.pt\/noticias\/2026\/02\/23\/comissao-eleitoral-da-utad-e-extinta-por-decisao-judicial\/#primaryimage\",\"url\":\"https:\/\/portaltela.pt\/s.01k8rhncp4jt1\/2026\/02\/image-1724.jpg\",\"contentUrl\":\"https:\/\/portaltela.pt\/s.01k8rhncp4jt1\/2026\/02\/image-1724.jpg\",\"width\":796,\"height\":448,\"caption\":\"A escolha do novo reitor da UTAD come\u00e7ou em fevereiro de 2025\"},{\"@type\":\"BreadcrumbList\",\"@id\":\"https:\/\/portaltela.pt\/noticias\/2026\/02\/23\/comissao-eleitoral-da-utad-e-extinta-por-decisao-judicial\/#breadcrumb\",\"itemListElement\":[{\"@type\":\"ListItem\",\"position\":1,\"name\":\"In\u00edcio\",\"item\":\"https:\/\/portaltela.pt\/\"},{\"@type\":\"ListItem\",\"position\":2,\"name\":\"Comiss\u00e3o Eleitoral da UTAD \u00e9 extinta por decis\u00e3o judicial\"}]},{\"@type\":\"WebSite\",\"@id\":\"https:\/\/portaltela.pt\/#website\",\"url\":\"https:\/\/portaltela.pt\/\",\"name\":\"Portal Tela Portugal\",\"description\":\"\",\"potentialAction\":[{\"@type\":\"SearchAction\",\"target\":{\"@type\":\"EntryPoint\",\"urlTemplate\":\"https:\/\/portaltela.pt\/?s={search_term_string}\"},\"query-input\":{\"@type\":\"PropertyValueSpecification\",\"valueRequired\":true,\"valueName\":\"search_term_string\"}}],\"inLanguage\":\"pt-PT\"},{\"@type\":\"Person\",\"@id\":\"https:\/\/portaltela.pt\/#\/schema\/person\/c4278d4a6028830caff9ee44b42d32ed\",\"name\":\"Telinha\",\"image\":{\"@type\":\"ImageObject\",\"inLanguage\":\"pt-PT\",\"@id\":\"https:\/\/portaltela.pt\/s.01k8rhncp4jt1\/2025\/11\/talking-bot-125x125.png\",\"url\":\"https:\/\/portaltela.pt\/s.01k8rhncp4jt1\/2025\/11\/talking-bot-125x125.png\",\"contentUrl\":\"https:\/\/portaltela.pt\/s.01k8rhncp4jt1\/2025\/11\/talking-bot-125x125.png\",\"caption\":\"Telinha\"},\"sameAs\":[\"https:\/\/portaltela.pt\/\"],\"url\":\"https:\/\/portaltela.pt\/por\/367410592786\/\"}]}<\/script>\n<!-- \/ Yoast SEO plugin. -->","yoast_head_json":{"title":"Comiss\u00e3o Eleitoral da UTAD \u00e9 extinta por decis\u00e3o judicial - Portal Tela Portugal","robots":{"index":"index","follow":"follow","max-snippet":"max-snippet:-1","max-image-preview":"max-image-preview:large","max-video-preview":"max-video-preview:-1"},"og_locale":"pt_PT","og_type":"article","og_title":"Comiss\u00e3o Eleitoral da UTAD \u00e9 extinta por decis\u00e3o judicial - Portal Tela Portugal","og_description":"O Tribunal Administrativo e Fiscal de Mirandela anulou o despacho do Minist\u00e9rio da Educa\u00e7\u00e3o de 20 de outubro que criava uma Comiss\u00e3o Eleitoral para organizar elei\u00e7\u00f5es para o Conselho Geral da UTAD. A Comiss\u00e3o Eleitoral era presidida por Sebasti\u00e3o Feyo de Azevedo, que j\u00e1 tinha elaborado regulamento e agendado as elei\u00e7\u00f5es para o CG, para esta ter\u00e7a-feira. A vota\u00e7\u00e3o visava eleger o \u00f3rg\u00e3o que escolheria o reitor que iria suceder a Em\u00eddio Gomes, atual presidente da Metro do Porto. Em novembro foi apresentada uma provid\u00eancia cautelar contra o despacho ministerial, cuja suspens\u00e3o deu origem \u00e0 paralisa\u00e7\u00e3o do ato eleitoral. Com o provimento do TAF, parece ter chegado ao fim a solu\u00e7\u00e3o governamental para a elei\u00e7\u00e3o do CG da UTAD.","og_url":"https:\/\/portaltela.pt\/noticias\/2026\/02\/23\/comissao-eleitoral-da-utad-e-extinta-por-decisao-judicial\/","og_site_name":"Portal Tela Portugal","article_published_time":"2026-02-23T20:50:00+00:00","author":"Telinha","twitter_card":"summary_large_image","twitter_misc":{"Escrito por":"Telinha","Tempo estimado de leitura":"1 minuto"},"schema":{"@context":"https:\/\/schema.org","@graph":[{"@type":"Article","@id":"https:\/\/portaltela.pt\/noticias\/2026\/02\/23\/comissao-eleitoral-da-utad-e-extinta-por-decisao-judicial\/#article","isPartOf":{"@id":"https:\/\/portaltela.pt\/noticias\/2026\/02\/23\/comissao-eleitoral-da-utad-e-extinta-por-decisao-judicial\/"},"author":{"name":"Telinha","@id":"https:\/\/portaltela.pt\/#\/schema\/person\/c4278d4a6028830caff9ee44b42d32ed"},"headline":"Comiss\u00e3o Eleitoral da UTAD \u00e9 extinta por decis\u00e3o judicial","datePublished":"2026-02-23T20:50:00+00:00","mainEntityOfPage":{"@id":"https:\/\/portaltela.pt\/noticias\/2026\/02\/23\/comissao-eleitoral-da-utad-e-extinta-por-decisao-judicial\/"},"wordCount":188,"image":{"@id":"https:\/\/portaltela.pt\/noticias\/2026\/02\/23\/comissao-eleitoral-da-utad-e-extinta-por-decisao-judicial\/#primaryimage"},"thumbnailUrl":"https:\/\/portaltela.pt\/s.01k8rhncp4jt1\/2026\/02\/image-1724.jpg","keywords":["Conselho Geral","educa\u00e7\u00e3o","Mirandela","Tribunais","universidades","UTAD"],"articleSection":["Not\u00edcias"],"inLanguage":"pt-PT"},{"@type":"WebPage","@id":"https:\/\/portaltela.pt\/noticias\/2026\/02\/23\/comissao-eleitoral-da-utad-e-extinta-por-decisao-judicial\/","url":"https:\/\/portaltela.pt\/noticias\/2026\/02\/23\/comissao-eleitoral-da-utad-e-extinta-por-decisao-judicial\/","name":"Comiss\u00e3o Eleitoral da UTAD \u00e9 extinta por decis\u00e3o judicial - Portal Tela Portugal","isPartOf":{"@id":"https:\/\/portaltela.pt\/#website"},"primaryImageOfPage":{"@id":"https:\/\/portaltela.pt\/noticias\/2026\/02\/23\/comissao-eleitoral-da-utad-e-extinta-por-decisao-judicial\/#primaryimage"},"image":{"@id":"https:\/\/portaltela.pt\/noticias\/2026\/02\/23\/comissao-eleitoral-da-utad-e-extinta-por-decisao-judicial\/#primaryimage"},"thumbnailUrl":"https:\/\/portaltela.pt\/s.01k8rhncp4jt1\/2026\/02\/image-1724.jpg","datePublished":"2026-02-23T20:50:00+00:00","author":{"@id":"https:\/\/portaltela.pt\/#\/schema\/person\/c4278d4a6028830caff9ee44b42d32ed"},"breadcrumb":{"@id":"https:\/\/portaltela.pt\/noticias\/2026\/02\/23\/comissao-eleitoral-da-utad-e-extinta-por-decisao-judicial\/#breadcrumb"},"inLanguage":"pt-PT","potentialAction":[{"@type":"ReadAction","target":["https:\/\/portaltela.pt\/noticias\/2026\/02\/23\/comissao-eleitoral-da-utad-e-extinta-por-decisao-judicial\/"]}]},{"@type":"ImageObject","inLanguage":"pt-PT","@id":"https:\/\/portaltela.pt\/noticias\/2026\/02\/23\/comissao-eleitoral-da-utad-e-extinta-por-decisao-judicial\/#primaryimage","url":"https:\/\/portaltela.pt\/s.01k8rhncp4jt1\/2026\/02\/image-1724.jpg","contentUrl":"https:\/\/portaltela.pt\/s.01k8rhncp4jt1\/2026\/02\/image-1724.jpg","width":796,"height":448,"caption":"A escolha do novo reitor da UTAD come\u00e7ou em fevereiro de 2025"},{"@type":"BreadcrumbList","@id":"https:\/\/portaltela.pt\/noticias\/2026\/02\/23\/comissao-eleitoral-da-utad-e-extinta-por-decisao-judicial\/#breadcrumb","itemListElement":[{"@type":"ListItem","position":1,"name":"In\u00edcio","item":"https:\/\/portaltela.pt\/"},{"@type":"ListItem","position":2,"name":"Comiss\u00e3o Eleitoral da UTAD \u00e9 extinta por decis\u00e3o judicial"}]},{"@type":"WebSite","@id":"https:\/\/portaltela.pt\/#website","url":"https:\/\/portaltela.pt\/","name":"Portal Tela Portugal","description":"","potentialAction":[{"@type":"SearchAction","target":{"@type":"EntryPoint","urlTemplate":"https:\/\/portaltela.pt\/?s={search_term_string}"},"query-input":{"@type":"PropertyValueSpecification","valueRequired":true,"valueName":"search_term_string"}}],"inLanguage":"pt-PT"},{"@type":"Person","@id":"https:\/\/portaltela.pt\/#\/schema\/person\/c4278d4a6028830caff9ee44b42d32ed","name":"Telinha","image":{"@type":"ImageObject","inLanguage":"pt-PT","@id":"https:\/\/portaltela.pt\/s.01k8rhncp4jt1\/2025\/11\/talking-bot-125x125.png","url":"https:\/\/portaltela.pt\/s.01k8rhncp4jt1\/2025\/11\/talking-bot-125x125.png","contentUrl":"https:\/\/portaltela.pt\/s.01k8rhncp4jt1\/2025\/11\/talking-bot-125x125.png","caption":"Telinha"},"sameAs":["https:\/\/portaltela.pt\/"],"url":"https:\/\/portaltela.pt\/por\/367410592786\/"}]}},"_links":{"self":[{"href":"https:\/\/portaltela.pt\/api\/wp\/v2\/posts\/223426","targetHints":{"allow":["GET"]}}],"collection":[{"href":"https:\/\/portaltela.pt\/api\/wp\/v2\/posts"}],"about":[{"href":"https:\/\/portaltela.pt\/api\/wp\/v2\/types\/post"}],"author":[{"embeddable":true,"href":"https:\/\/portaltela.pt\/api\/wp\/v2\/users\/2"}],"replies":[{"embeddable":true,"href":"https:\/\/portaltela.pt\/api\/wp\/v2\/comments?post=223426"}],"version-history":[{"count":0,"href":"https:\/\/portaltela.pt\/api\/wp\/v2\/posts\/223426\/revisions"}],"wp:featuredmedia":[{"embeddable":true,"href":"https:\/\/portaltela.pt\/api\/wp\/v2\/media\/223427"}],"wp:attachment":[{"href":"https:\/\/portaltela.pt\/api\/wp\/v2\/media?parent=223426"}],"wp:term":[{"taxonomy":"category","embeddable":true,"href":"https:\/\/portaltela.pt\/api\/wp\/v2\/categories?post=223426"},{"taxonomy":"post_tag","embeddable":true,"href":"https:\/\/portaltela.pt\/api\/wp\/v2\/tags?post=223426"}],"curies":[{"name":"wp","href":"https:\/\/api.w.org\/{rel}","templated":true}]}}