{"id":223402,"date":"2026-02-23T17:20:00","date_gmt":"2026-02-23T20:20:00","guid":{"rendered":"https:\/\/portaltela.pt\/noticias\/2026\/02\/23\/surfista-alemao-morre-na-praia-do-canal-em-aljezur\/"},"modified":"2026-02-23T17:20:00","modified_gmt":"2026-02-23T20:20:00","slug":"surfista-alemao-morre-na-praia-do-canal-em-aljezur","status":"publish","type":"post","link":"https:\/\/portaltela.pt\/desporto\/2026\/02\/23\/surfista-alemao-morre-na-praia-do-canal-em-aljezur\/","title":{"rendered":"Surfista alem\u00e3o morre na praia do Canal, em Aljezur"},"content":{"rendered":"<p>Um surfista alem\u00e3o, com cerca de 40 anos, morreu ao in\u00edcio da tarde desta segunda-feira na praia do Canal, em Aljezur. A v\u00edtima foi retirada da \u00e1gua por um amigo que a acompanhava, segundo informa\u00e7\u00f5es avan\u00e7adas pela Marinha.<\/p>\n<p>A Morto foi declarado pelo m\u00e9dico do Instituto Nacional de Emerg\u00eancia M\u00e9dica (INEM) no local. O acidente ocorreu ao in\u00edcio da tarde, a nordeste da praia do Canal e a sul da Arrifana, no concelho de Aljezur, no distrito de Faro.<\/p>\n<p>As opera\u00e7\u00f5es de salvamento envolveram a Pol\u00edcia Mar\u00edtima de Lagos, os Bombeiros Volunt\u00e1rios de Aljezur e o INEM, com apoio de um helic\u00f3ptero. A ocorr\u00eancia \u00e9 tratada como parte de incidentes na regi\u00e3o costeira.<\/p>\n<h3>Em investiga\u00e7\u00e3o<\/h3>\n<p>O coordenador local da Pol\u00edcia Mar\u00edtima, Hugo da Guia, mencionou que o incidente ocorre perto do local onde, na passada quinta-feira, desapareceu um jovem turista romeno de 20 anos.<\/p>\n<p>As buscas pelo jovem continuam integradas nas patrulhas di\u00e1rias da Autoridade Mar\u00edtima Nacional, sem resultados at\u00e9 ao momento.<\/p>\n","protected":false},"excerpt":{"rendered":"<ul>\n<li>Surfista alem\u00e3o, de cerca de 40 anos, morreu ao in\u00edcio da tarde desta segunda-feira na praia do Canal, em Aljezur.<\/li>\n<li>O homem foi retirado da \u00e1gua por um amigo que o acompanhava; o \u00f3bito foi declarado pelo m\u00e9dico do Instituto Nacional de Emerg\u00eancia M\u00e9dica (INEM).<\/li>\n<li>O acidente ocorreu a norte da praia do Canal e a sul da Arrifana, no concelho de Aljezur, no distrito de Faro.<\/li>\n<li>As opera\u00e7\u00f5es de salvamento envolveram Pol\u00edcia Mar\u00edtima de Lagos, Bombeiros Volunt\u00e1rios de Aljezur e INEM, com apoio de um helic\u00f3ptero.<\/li>\n<li>O comandante da Pol\u00edcia Mar\u00edtima informou que, perto do local, na quinta-feira, desapareceu um jovem turista romeno de 20 anos, com buscas ainda sem resultados.<\/li>\n<\/ul>\n","protected":false},"author":2,"featured_media":223404,"comment_status":"closed","ping_status":"closed","sticky":false,"template":"","format":"standard","meta":{"footnotes":""},"categories":[21],"tags":[5487,928,1649,1922,4298,5974],"class_list":["post-223402","post","type-post","status-publish","format-standard","has-post-thumbnail","hentry","category-desporto","tag-acidente","tag-algarve","tag-aljezur","tag-inem","tag-marinha","tag-salvamento-maritimo"],"yoast_head":"<!-- This site is optimized with the Yoast SEO plugin v27.2 - https:\/\/yoast.com\/product\/yoast-seo-wordpress\/ -->\n<title>Surfista alem\u00e3o morre na praia do Canal, em Aljezur - Portal Tela Portugal<\/title>\n<meta name=\"robots\" content=\"index, follow, max-snippet:-1, max-image-preview:large, max-video-preview:-1\" \/>\n<meta property=\"og:locale\" content=\"pt_PT\" \/>\n<meta property=\"og:type\" content=\"article\" \/>\n<meta property=\"og:title\" content=\"Surfista alem\u00e3o morre na praia do Canal, em Aljezur - Portal Tela Portugal\" \/>\n<meta property=\"og:description\" content=\"Surfista alem\u00e3o, de cerca de 40 anos, morreu ao in\u00edcio da tarde desta segunda-feira na praia do Canal, em Aljezur. O homem foi retirado da \u00e1gua por um amigo que o acompanhava; o \u00f3bito foi declarado pelo m\u00e9dico do Instituto Nacional de Emerg\u00eancia M\u00e9dica (INEM). O acidente ocorreu a norte da praia do Canal e a sul da Arrifana, no concelho de Aljezur, no distrito de Faro. As opera\u00e7\u00f5es de salvamento envolveram Pol\u00edcia Mar\u00edtima de Lagos, Bombeiros Volunt\u00e1rios de Aljezur e INEM, com apoio de um helic\u00f3ptero. O comandante da Pol\u00edcia Mar\u00edtima informou que, perto do local, na quinta-feira, desapareceu um jovem turista romeno de 20 anos, com buscas ainda sem resultados.\" \/>\n<meta property=\"og:url\" content=\"https:\/\/portaltela.pt\/noticias\/2026\/02\/23\/surfista-alemao-morre-na-praia-do-canal-em-aljezur\/\" \/>\n<meta property=\"og:site_name\" content=\"Portal Tela Portugal\" \/>\n<meta property=\"article:published_time\" content=\"2026-02-23T20:20:00+00:00\" \/>\n<meta name=\"author\" content=\"Telinha\" \/>\n<meta name=\"twitter:card\" content=\"summary_large_image\" \/>\n<meta name=\"twitter:label1\" content=\"Escrito por\" \/>\n\t<meta name=\"twitter:data1\" content=\"Telinha\" \/>\n\t<meta name=\"twitter:label2\" content=\"Tempo estimado de leitura\" \/>\n\t<meta name=\"twitter:data2\" content=\"1 minuto\" \/>\n<script type=\"application\/ld+json\" class=\"yoast-schema-graph\">{\"@context\":\"https:\/\/schema.org\",\"@graph\":[{\"@type\":\"Article\",\"@id\":\"https:\/\/portaltela.pt\/noticias\/2026\/02\/23\/surfista-alemao-morre-na-praia-do-canal-em-aljezur\/#article\",\"isPartOf\":{\"@id\":\"https:\/\/portaltela.pt\/noticias\/2026\/02\/23\/surfista-alemao-morre-na-praia-do-canal-em-aljezur\/\"},\"author\":{\"name\":\"Telinha\",\"@id\":\"https:\/\/portaltela.pt\/#\/schema\/person\/c4278d4a6028830caff9ee44b42d32ed\"},\"headline\":\"Surfista alem\u00e3o morre na praia do Canal, em Aljezur\",\"datePublished\":\"2026-02-23T20:20:00+00:00\",\"mainEntityOfPage\":{\"@id\":\"https:\/\/portaltela.pt\/noticias\/2026\/02\/23\/surfista-alemao-morre-na-praia-do-canal-em-aljezur\/\"},\"wordCount\":190,\"image\":{\"@id\":\"https:\/\/portaltela.pt\/noticias\/2026\/02\/23\/surfista-alemao-morre-na-praia-do-canal-em-aljezur\/#primaryimage\"},\"thumbnailUrl\":\"https:\/\/portaltela.pt\/s.01k8rhncp4jt1\/2026\/02\/2069222.jpg\",\"keywords\":[\"acidente\",\"Algarve\",\"Aljezur\",\"INEM\",\"Marinha\",\"Salvamento Mar\u00edtimo\"],\"articleSection\":[\"Desporto\"],\"inLanguage\":\"pt-PT\"},{\"@type\":\"WebPage\",\"@id\":\"https:\/\/portaltela.pt\/noticias\/2026\/02\/23\/surfista-alemao-morre-na-praia-do-canal-em-aljezur\/\",\"url\":\"https:\/\/portaltela.pt\/noticias\/2026\/02\/23\/surfista-alemao-morre-na-praia-do-canal-em-aljezur\/\",\"name\":\"Surfista alem\u00e3o morre na praia do Canal, em Aljezur - Portal Tela Portugal\",\"isPartOf\":{\"@id\":\"https:\/\/portaltela.pt\/#website\"},\"primaryImageOfPage\":{\"@id\":\"https:\/\/portaltela.pt\/noticias\/2026\/02\/23\/surfista-alemao-morre-na-praia-do-canal-em-aljezur\/#primaryimage\"},\"image\":{\"@id\":\"https:\/\/portaltela.pt\/noticias\/2026\/02\/23\/surfista-alemao-morre-na-praia-do-canal-em-aljezur\/#primaryimage\"},\"thumbnailUrl\":\"https:\/\/portaltela.pt\/s.01k8rhncp4jt1\/2026\/02\/2069222.jpg\",\"datePublished\":\"2026-02-23T20:20:00+00:00\",\"author\":{\"@id\":\"https:\/\/portaltela.pt\/#\/schema\/person\/c4278d4a6028830caff9ee44b42d32ed\"},\"breadcrumb\":{\"@id\":\"https:\/\/portaltela.pt\/noticias\/2026\/02\/23\/surfista-alemao-morre-na-praia-do-canal-em-aljezur\/#breadcrumb\"},\"inLanguage\":\"pt-PT\",\"potentialAction\":[{\"@type\":\"ReadAction\",\"target\":[\"https:\/\/portaltela.pt\/noticias\/2026\/02\/23\/surfista-alemao-morre-na-praia-do-canal-em-aljezur\/\"]}]},{\"@type\":\"ImageObject\",\"inLanguage\":\"pt-PT\",\"@id\":\"https:\/\/portaltela.pt\/noticias\/2026\/02\/23\/surfista-alemao-morre-na-praia-do-canal-em-aljezur\/#primaryimage\",\"url\":\"https:\/\/portaltela.pt\/s.01k8rhncp4jt1\/2026\/02\/2069222.jpg\",\"contentUrl\":\"https:\/\/portaltela.pt\/s.01k8rhncp4jt1\/2026\/02\/2069222.jpg\",\"width\":796,\"height\":448,\"caption\":\"As opera\u00e7\u00f5es de salvamento mobilizaram v\u00e1rios elementos da Pol\u00edcia Mar\u00edtima de Lagos\"},{\"@type\":\"BreadcrumbList\",\"@id\":\"https:\/\/portaltela.pt\/noticias\/2026\/02\/23\/surfista-alemao-morre-na-praia-do-canal-em-aljezur\/#breadcrumb\",\"itemListElement\":[{\"@type\":\"ListItem\",\"position\":1,\"name\":\"In\u00edcio\",\"item\":\"https:\/\/portaltela.pt\/\"},{\"@type\":\"ListItem\",\"position\":2,\"name\":\"Surfista alem\u00e3o morre na praia do Canal, em Aljezur\"}]},{\"@type\":\"WebSite\",\"@id\":\"https:\/\/portaltela.pt\/#website\",\"url\":\"https:\/\/portaltela.pt\/\",\"name\":\"Portal Tela Portugal\",\"description\":\"\",\"potentialAction\":[{\"@type\":\"SearchAction\",\"target\":{\"@type\":\"EntryPoint\",\"urlTemplate\":\"https:\/\/portaltela.pt\/?s={search_term_string}\"},\"query-input\":{\"@type\":\"PropertyValueSpecification\",\"valueRequired\":true,\"valueName\":\"search_term_string\"}}],\"inLanguage\":\"pt-PT\"},{\"@type\":\"Person\",\"@id\":\"https:\/\/portaltela.pt\/#\/schema\/person\/c4278d4a6028830caff9ee44b42d32ed\",\"name\":\"Telinha\",\"image\":{\"@type\":\"ImageObject\",\"inLanguage\":\"pt-PT\",\"@id\":\"https:\/\/portaltela.pt\/s.01k8rhncp4jt1\/2025\/11\/talking-bot-125x125.png\",\"url\":\"https:\/\/portaltela.pt\/s.01k8rhncp4jt1\/2025\/11\/talking-bot-125x125.png\",\"contentUrl\":\"https:\/\/portaltela.pt\/s.01k8rhncp4jt1\/2025\/11\/talking-bot-125x125.png\",\"caption\":\"Telinha\"},\"sameAs\":[\"https:\/\/portaltela.pt\/\"],\"url\":\"https:\/\/portaltela.pt\/por\/367410592786\/\"}]}<\/script>\n<!-- \/ Yoast SEO plugin. -->","yoast_head_json":{"title":"Surfista alem\u00e3o morre na praia do Canal, em Aljezur - Portal Tela Portugal","robots":{"index":"index","follow":"follow","max-snippet":"max-snippet:-1","max-image-preview":"max-image-preview:large","max-video-preview":"max-video-preview:-1"},"og_locale":"pt_PT","og_type":"article","og_title":"Surfista alem\u00e3o morre na praia do Canal, em Aljezur - Portal Tela Portugal","og_description":"Surfista alem\u00e3o, de cerca de 40 anos, morreu ao in\u00edcio da tarde desta segunda-feira na praia do Canal, em Aljezur. O homem foi retirado da \u00e1gua por um amigo que o acompanhava; o \u00f3bito foi declarado pelo m\u00e9dico do Instituto Nacional de Emerg\u00eancia M\u00e9dica (INEM). O acidente ocorreu a norte da praia do Canal e a sul da Arrifana, no concelho de Aljezur, no distrito de Faro. As opera\u00e7\u00f5es de salvamento envolveram Pol\u00edcia Mar\u00edtima de Lagos, Bombeiros Volunt\u00e1rios de Aljezur e INEM, com apoio de um helic\u00f3ptero. O comandante da Pol\u00edcia Mar\u00edtima informou que, perto do local, na quinta-feira, desapareceu um jovem turista romeno de 20 anos, com buscas ainda sem resultados.","og_url":"https:\/\/portaltela.pt\/noticias\/2026\/02\/23\/surfista-alemao-morre-na-praia-do-canal-em-aljezur\/","og_site_name":"Portal Tela Portugal","article_published_time":"2026-02-23T20:20:00+00:00","author":"Telinha","twitter_card":"summary_large_image","twitter_misc":{"Escrito por":"Telinha","Tempo estimado de leitura":"1 minuto"},"schema":{"@context":"https:\/\/schema.org","@graph":[{"@type":"Article","@id":"https:\/\/portaltela.pt\/noticias\/2026\/02\/23\/surfista-alemao-morre-na-praia-do-canal-em-aljezur\/#article","isPartOf":{"@id":"https:\/\/portaltela.pt\/noticias\/2026\/02\/23\/surfista-alemao-morre-na-praia-do-canal-em-aljezur\/"},"author":{"name":"Telinha","@id":"https:\/\/portaltela.pt\/#\/schema\/person\/c4278d4a6028830caff9ee44b42d32ed"},"headline":"Surfista alem\u00e3o morre na praia do Canal, em Aljezur","datePublished":"2026-02-23T20:20:00+00:00","mainEntityOfPage":{"@id":"https:\/\/portaltela.pt\/noticias\/2026\/02\/23\/surfista-alemao-morre-na-praia-do-canal-em-aljezur\/"},"wordCount":190,"image":{"@id":"https:\/\/portaltela.pt\/noticias\/2026\/02\/23\/surfista-alemao-morre-na-praia-do-canal-em-aljezur\/#primaryimage"},"thumbnailUrl":"https:\/\/portaltela.pt\/s.01k8rhncp4jt1\/2026\/02\/2069222.jpg","keywords":["acidente","Algarve","Aljezur","INEM","Marinha","Salvamento Mar\u00edtimo"],"articleSection":["Desporto"],"inLanguage":"pt-PT"},{"@type":"WebPage","@id":"https:\/\/portaltela.pt\/noticias\/2026\/02\/23\/surfista-alemao-morre-na-praia-do-canal-em-aljezur\/","url":"https:\/\/portaltela.pt\/noticias\/2026\/02\/23\/surfista-alemao-morre-na-praia-do-canal-em-aljezur\/","name":"Surfista alem\u00e3o morre na praia do Canal, em Aljezur - Portal Tela Portugal","isPartOf":{"@id":"https:\/\/portaltela.pt\/#website"},"primaryImageOfPage":{"@id":"https:\/\/portaltela.pt\/noticias\/2026\/02\/23\/surfista-alemao-morre-na-praia-do-canal-em-aljezur\/#primaryimage"},"image":{"@id":"https:\/\/portaltela.pt\/noticias\/2026\/02\/23\/surfista-alemao-morre-na-praia-do-canal-em-aljezur\/#primaryimage"},"thumbnailUrl":"https:\/\/portaltela.pt\/s.01k8rhncp4jt1\/2026\/02\/2069222.jpg","datePublished":"2026-02-23T20:20:00+00:00","author":{"@id":"https:\/\/portaltela.pt\/#\/schema\/person\/c4278d4a6028830caff9ee44b42d32ed"},"breadcrumb":{"@id":"https:\/\/portaltela.pt\/noticias\/2026\/02\/23\/surfista-alemao-morre-na-praia-do-canal-em-aljezur\/#breadcrumb"},"inLanguage":"pt-PT","potentialAction":[{"@type":"ReadAction","target":["https:\/\/portaltela.pt\/noticias\/2026\/02\/23\/surfista-alemao-morre-na-praia-do-canal-em-aljezur\/"]}]},{"@type":"ImageObject","inLanguage":"pt-PT","@id":"https:\/\/portaltela.pt\/noticias\/2026\/02\/23\/surfista-alemao-morre-na-praia-do-canal-em-aljezur\/#primaryimage","url":"https:\/\/portaltela.pt\/s.01k8rhncp4jt1\/2026\/02\/2069222.jpg","contentUrl":"https:\/\/portaltela.pt\/s.01k8rhncp4jt1\/2026\/02\/2069222.jpg","width":796,"height":448,"caption":"As opera\u00e7\u00f5es de salvamento mobilizaram v\u00e1rios elementos da Pol\u00edcia Mar\u00edtima de Lagos"},{"@type":"BreadcrumbList","@id":"https:\/\/portaltela.pt\/noticias\/2026\/02\/23\/surfista-alemao-morre-na-praia-do-canal-em-aljezur\/#breadcrumb","itemListElement":[{"@type":"ListItem","position":1,"name":"In\u00edcio","item":"https:\/\/portaltela.pt\/"},{"@type":"ListItem","position":2,"name":"Surfista alem\u00e3o morre na praia do Canal, em Aljezur"}]},{"@type":"WebSite","@id":"https:\/\/portaltela.pt\/#website","url":"https:\/\/portaltela.pt\/","name":"Portal Tela Portugal","description":"","potentialAction":[{"@type":"SearchAction","target":{"@type":"EntryPoint","urlTemplate":"https:\/\/portaltela.pt\/?s={search_term_string}"},"query-input":{"@type":"PropertyValueSpecification","valueRequired":true,"valueName":"search_term_string"}}],"inLanguage":"pt-PT"},{"@type":"Person","@id":"https:\/\/portaltela.pt\/#\/schema\/person\/c4278d4a6028830caff9ee44b42d32ed","name":"Telinha","image":{"@type":"ImageObject","inLanguage":"pt-PT","@id":"https:\/\/portaltela.pt\/s.01k8rhncp4jt1\/2025\/11\/talking-bot-125x125.png","url":"https:\/\/portaltela.pt\/s.01k8rhncp4jt1\/2025\/11\/talking-bot-125x125.png","contentUrl":"https:\/\/portaltela.pt\/s.01k8rhncp4jt1\/2025\/11\/talking-bot-125x125.png","caption":"Telinha"},"sameAs":["https:\/\/portaltela.pt\/"],"url":"https:\/\/portaltela.pt\/por\/367410592786\/"}]}},"_links":{"self":[{"href":"https:\/\/portaltela.pt\/api\/wp\/v2\/posts\/223402","targetHints":{"allow":["GET"]}}],"collection":[{"href":"https:\/\/portaltela.pt\/api\/wp\/v2\/posts"}],"about":[{"href":"https:\/\/portaltela.pt\/api\/wp\/v2\/types\/post"}],"author":[{"embeddable":true,"href":"https:\/\/portaltela.pt\/api\/wp\/v2\/users\/2"}],"replies":[{"embeddable":true,"href":"https:\/\/portaltela.pt\/api\/wp\/v2\/comments?post=223402"}],"version-history":[{"count":0,"href":"https:\/\/portaltela.pt\/api\/wp\/v2\/posts\/223402\/revisions"}],"wp:featuredmedia":[{"embeddable":true,"href":"https:\/\/portaltela.pt\/api\/wp\/v2\/media\/223404"}],"wp:attachment":[{"href":"https:\/\/portaltela.pt\/api\/wp\/v2\/media?parent=223402"}],"wp:term":[{"taxonomy":"category","embeddable":true,"href":"https:\/\/portaltela.pt\/api\/wp\/v2\/categories?post=223402"},{"taxonomy":"post_tag","embeddable":true,"href":"https:\/\/portaltela.pt\/api\/wp\/v2\/tags?post=223402"}],"curies":[{"name":"wp","href":"https:\/\/api.w.org\/{rel}","templated":true}]}}