{"id":223375,"date":"2026-02-23T17:04:50","date_gmt":"2026-02-23T20:04:50","guid":{"rendered":"https:\/\/portaltela.pt\/noticias\/2026\/02\/23\/camara-da-guarda-sem-acesso-a-plataformas-digitais-apos-ciberataque\/"},"modified":"2026-02-23T17:04:50","modified_gmt":"2026-02-23T20:04:50","slug":"camara-da-guarda-sem-acesso-a-plataformas-digitais-apos-ciberataque","status":"publish","type":"post","link":"https:\/\/portaltela.pt\/noticias\/2026\/02\/23\/camara-da-guarda-sem-acesso-a-plataformas-digitais-apos-ciberataque\/","title":{"rendered":"C\u00e2mara da Guarda sem acesso a plataformas digitais ap\u00f3s ciberataque"},"content":{"rendered":"<p>A C\u00e2mara da Guarda informou, esta segunda-feira, que o acesso a v\u00e1rias plataformas e servi\u00e7os digitais do munic\u00edpio permanece indispon\u00edvel. O corte sucede ao ciberataque ocorrido no dia 12 de fevereiro, cuja resposta envolve protocolos de seguran\u00e7a e coopera\u00e7\u00e3o com autoridades competentes.<\/p>\n<p>Segundo o comunicado, os protocolos foram ativados para restabelecer a normalidade das opera\u00e7\u00f5es, com envolvimento das autoridades nacionais em mat\u00e9ria de cibercrime. A C\u00e2mara tamb\u00e9m indicou que houve encerramento das comunica\u00e7\u00f5es com o exterior e que a situa\u00e7\u00e3o afeta diretamente a atividade municipal.<\/p>\n<p>A autarquia mant\u00e9m contacto com o Centro Nacional de Ciberseguran\u00e7a para prestar informa\u00e7\u00f5es sobre o incidente, que est\u00e1 ainda por resolver. A Pol\u00edcia Judici\u00e1ria j\u00e1 recebeu a participa\u00e7\u00e3o do munic\u00edpio para investiga\u00e7\u00e3o do caso.<\/p>\n<h3>Investiga\u00e7\u00e3o e pr\u00f3ximos passos<\/h3>\n<p>A PJ est\u00e1 a investigar o incidente, que coincidiu com buscas na C\u00e2mara da Guarda no \u00e2mbito de um inqu\u00e9rito relativo a participa\u00e7\u00e3o econ\u00f3mica em neg\u00f3cio e prevarica\u00e7\u00e3o de titular de cargo pol\u00edtico. A C\u00e2mara promete divulgar informa\u00e7\u00f5es relevantes assim que dispon\u00edveis.<\/p>\n<p>Na altura do ataque, a C\u00e2mara informou nas redes sociais que os servi\u00e7os online e o site oficiais estavam indispon\u00edveis e que a equipa trabalhava para repor o sistema o mais rapidamente poss\u00edvel. O caso j\u00e1 inclui avalia\u00e7\u00f5es de impacto para a continuidade dos servi\u00e7os.<\/p>\n","protected":false},"excerpt":{"rendered":"<ul>\n<li>A C\u00e2mara da Guarda mant\u00e9m o acesso a v\u00e1rias plataformas digitais indispon\u00edvel ap\u00f3s o ciberataque de 12 de fevereiro, com os protocolos de seguran\u00e7a ativados.<\/li>\n<li>O ataque impediu as comunica\u00e7\u00f5es com o exterior e tem impacto direto na atividade municipal; o Centro Nacional de Ciberseguran\u00e7a est\u00e1 a acompanhar o caso.<\/li>\n<li>A Pol\u00edcia Judici\u00e1ria foi informada e est\u00e1 a investigar o incidente.<\/li>\n<li>A autarquia informou que ir\u00e1 divulgar a evolu\u00e7\u00e3o e desenvolvimentos relevantes oportunamente.<\/li>\n<li>O presidente S\u00e9rgio Costa afirmou que o incidente \u00e9 complexo, com apenas o Balc\u00e3o \u00danico a funcionar de forma condicionada; agradeceu a compreens\u00e3o da popula\u00e7\u00e3o.<\/li>\n<\/ul>\n","protected":false},"author":2,"featured_media":223378,"comment_status":"closed","ping_status":"closed","sticky":false,"template":"","format":"standard","meta":{"footnotes":""},"categories":[1],"tags":[703,1471,1724,3195,1113,1802],"class_list":["post-223375","post","type-post","status-publish","format-standard","has-post-thumbnail","hentry","category-noticias","tag-camara","tag-ciberataque","tag-cibercrime","tag-ciberseguranca","tag-guarda","tag-policia-judiciaria"],"yoast_head":"<!-- This site is optimized with the Yoast SEO plugin v27.2 - https:\/\/yoast.com\/product\/yoast-seo-wordpress\/ -->\n<title>C\u00e2mara da Guarda sem acesso a plataformas digitais ap\u00f3s ciberataque - Portal Tela Portugal<\/title>\n<meta name=\"robots\" content=\"index, follow, max-snippet:-1, max-image-preview:large, max-video-preview:-1\" \/>\n<meta property=\"og:locale\" content=\"pt_PT\" \/>\n<meta property=\"og:type\" content=\"article\" \/>\n<meta property=\"og:title\" content=\"C\u00e2mara da Guarda sem acesso a plataformas digitais ap\u00f3s ciberataque - Portal Tela Portugal\" \/>\n<meta property=\"og:description\" content=\"A C\u00e2mara da Guarda mant\u00e9m o acesso a v\u00e1rias plataformas digitais indispon\u00edvel ap\u00f3s o ciberataque de 12 de fevereiro, com os protocolos de seguran\u00e7a ativados. O ataque impediu as comunica\u00e7\u00f5es com o exterior e tem impacto direto na atividade municipal; o Centro Nacional de Ciberseguran\u00e7a est\u00e1 a acompanhar o caso. A Pol\u00edcia Judici\u00e1ria foi informada e est\u00e1 a investigar o incidente. A autarquia informou que ir\u00e1 divulgar a evolu\u00e7\u00e3o e desenvolvimentos relevantes oportunamente. O presidente S\u00e9rgio Costa afirmou que o incidente \u00e9 complexo, com apenas o Balc\u00e3o \u00danico a funcionar de forma condicionada; agradeceu a compreens\u00e3o da popula\u00e7\u00e3o.\" \/>\n<meta property=\"og:url\" content=\"https:\/\/portaltela.pt\/noticias\/2026\/02\/23\/camara-da-guarda-sem-acesso-a-plataformas-digitais-apos-ciberataque\/\" \/>\n<meta property=\"og:site_name\" content=\"Portal Tela Portugal\" \/>\n<meta property=\"article:published_time\" content=\"2026-02-23T20:04:50+00:00\" \/>\n<meta name=\"author\" content=\"Telinha\" \/>\n<meta name=\"twitter:card\" content=\"summary_large_image\" \/>\n<meta name=\"twitter:label1\" content=\"Escrito por\" \/>\n\t<meta name=\"twitter:data1\" content=\"Telinha\" \/>\n\t<meta name=\"twitter:label2\" content=\"Tempo estimado de leitura\" \/>\n\t<meta name=\"twitter:data2\" content=\"1 minuto\" \/>\n<script type=\"application\/ld+json\" class=\"yoast-schema-graph\">{\"@context\":\"https:\/\/schema.org\",\"@graph\":[{\"@type\":\"Article\",\"@id\":\"https:\/\/portaltela.pt\/noticias\/2026\/02\/23\/camara-da-guarda-sem-acesso-a-plataformas-digitais-apos-ciberataque\/#article\",\"isPartOf\":{\"@id\":\"https:\/\/portaltela.pt\/noticias\/2026\/02\/23\/camara-da-guarda-sem-acesso-a-plataformas-digitais-apos-ciberataque\/\"},\"author\":{\"name\":\"Telinha\",\"@id\":\"https:\/\/portaltela.pt\/#\/schema\/person\/c4278d4a6028830caff9ee44b42d32ed\"},\"headline\":\"C\u00e2mara da Guarda sem acesso a plataformas digitais ap\u00f3s ciberataque\",\"datePublished\":\"2026-02-23T20:04:50+00:00\",\"mainEntityOfPage\":{\"@id\":\"https:\/\/portaltela.pt\/noticias\/2026\/02\/23\/camara-da-guarda-sem-acesso-a-plataformas-digitais-apos-ciberataque\/\"},\"wordCount\":260,\"image\":{\"@id\":\"https:\/\/portaltela.pt\/noticias\/2026\/02\/23\/camara-da-guarda-sem-acesso-a-plataformas-digitais-apos-ciberataque\/#primaryimage\"},\"thumbnailUrl\":\"https:\/\/portaltela.pt\/s.01k8rhncp4jt1\/2026\/02\/img_1500x1000uu2020-11-16-07-43-39-991236-1.jpg\",\"keywords\":[\"c\u00e2mara\",\"ciberataque\",\"cibercrime\",\"ciberseguran\u00e7a\",\"Guarda\",\"Pol\u00edcia Judici\u00e1ria\"],\"articleSection\":[\"Not\u00edcias\"],\"inLanguage\":\"pt-PT\"},{\"@type\":\"WebPage\",\"@id\":\"https:\/\/portaltela.pt\/noticias\/2026\/02\/23\/camara-da-guarda-sem-acesso-a-plataformas-digitais-apos-ciberataque\/\",\"url\":\"https:\/\/portaltela.pt\/noticias\/2026\/02\/23\/camara-da-guarda-sem-acesso-a-plataformas-digitais-apos-ciberataque\/\",\"name\":\"C\u00e2mara da Guarda sem acesso a plataformas digitais ap\u00f3s ciberataque - Portal Tela Portugal\",\"isPartOf\":{\"@id\":\"https:\/\/portaltela.pt\/#website\"},\"primaryImageOfPage\":{\"@id\":\"https:\/\/portaltela.pt\/noticias\/2026\/02\/23\/camara-da-guarda-sem-acesso-a-plataformas-digitais-apos-ciberataque\/#primaryimage\"},\"image\":{\"@id\":\"https:\/\/portaltela.pt\/noticias\/2026\/02\/23\/camara-da-guarda-sem-acesso-a-plataformas-digitais-apos-ciberataque\/#primaryimage\"},\"thumbnailUrl\":\"https:\/\/portaltela.pt\/s.01k8rhncp4jt1\/2026\/02\/img_1500x1000uu2020-11-16-07-43-39-991236-1.jpg\",\"datePublished\":\"2026-02-23T20:04:50+00:00\",\"author\":{\"@id\":\"https:\/\/portaltela.pt\/#\/schema\/person\/c4278d4a6028830caff9ee44b42d32ed\"},\"breadcrumb\":{\"@id\":\"https:\/\/portaltela.pt\/noticias\/2026\/02\/23\/camara-da-guarda-sem-acesso-a-plataformas-digitais-apos-ciberataque\/#breadcrumb\"},\"inLanguage\":\"pt-PT\",\"potentialAction\":[{\"@type\":\"ReadAction\",\"target\":[\"https:\/\/portaltela.pt\/noticias\/2026\/02\/23\/camara-da-guarda-sem-acesso-a-plataformas-digitais-apos-ciberataque\/\"]}]},{\"@type\":\"ImageObject\",\"inLanguage\":\"pt-PT\",\"@id\":\"https:\/\/portaltela.pt\/noticias\/2026\/02\/23\/camara-da-guarda-sem-acesso-a-plataformas-digitais-apos-ciberataque\/#primaryimage\",\"url\":\"https:\/\/portaltela.pt\/s.01k8rhncp4jt1\/2026\/02\/img_1500x1000uu2020-11-16-07-43-39-991236-1.jpg\",\"contentUrl\":\"https:\/\/portaltela.pt\/s.01k8rhncp4jt1\/2026\/02\/img_1500x1000uu2020-11-16-07-43-39-991236-1.jpg\",\"width\":796,\"height\":448,\"caption\":\"Ataque cibern\u00e9tico\"},{\"@type\":\"BreadcrumbList\",\"@id\":\"https:\/\/portaltela.pt\/noticias\/2026\/02\/23\/camara-da-guarda-sem-acesso-a-plataformas-digitais-apos-ciberataque\/#breadcrumb\",\"itemListElement\":[{\"@type\":\"ListItem\",\"position\":1,\"name\":\"In\u00edcio\",\"item\":\"https:\/\/portaltela.pt\/\"},{\"@type\":\"ListItem\",\"position\":2,\"name\":\"C\u00e2mara da Guarda sem acesso a plataformas digitais ap\u00f3s ciberataque\"}]},{\"@type\":\"WebSite\",\"@id\":\"https:\/\/portaltela.pt\/#website\",\"url\":\"https:\/\/portaltela.pt\/\",\"name\":\"Portal Tela Portugal\",\"description\":\"\",\"potentialAction\":[{\"@type\":\"SearchAction\",\"target\":{\"@type\":\"EntryPoint\",\"urlTemplate\":\"https:\/\/portaltela.pt\/?s={search_term_string}\"},\"query-input\":{\"@type\":\"PropertyValueSpecification\",\"valueRequired\":true,\"valueName\":\"search_term_string\"}}],\"inLanguage\":\"pt-PT\"},{\"@type\":\"Person\",\"@id\":\"https:\/\/portaltela.pt\/#\/schema\/person\/c4278d4a6028830caff9ee44b42d32ed\",\"name\":\"Telinha\",\"image\":{\"@type\":\"ImageObject\",\"inLanguage\":\"pt-PT\",\"@id\":\"https:\/\/portaltela.pt\/s.01k8rhncp4jt1\/2025\/11\/talking-bot-125x125.png\",\"url\":\"https:\/\/portaltela.pt\/s.01k8rhncp4jt1\/2025\/11\/talking-bot-125x125.png\",\"contentUrl\":\"https:\/\/portaltela.pt\/s.01k8rhncp4jt1\/2025\/11\/talking-bot-125x125.png\",\"caption\":\"Telinha\"},\"sameAs\":[\"https:\/\/portaltela.pt\/\"],\"url\":\"https:\/\/portaltela.pt\/por\/367410592786\/\"}]}<\/script>\n<!-- \/ Yoast SEO plugin. -->","yoast_head_json":{"title":"C\u00e2mara da Guarda sem acesso a plataformas digitais ap\u00f3s ciberataque - Portal Tela Portugal","robots":{"index":"index","follow":"follow","max-snippet":"max-snippet:-1","max-image-preview":"max-image-preview:large","max-video-preview":"max-video-preview:-1"},"og_locale":"pt_PT","og_type":"article","og_title":"C\u00e2mara da Guarda sem acesso a plataformas digitais ap\u00f3s ciberataque - Portal Tela Portugal","og_description":"A C\u00e2mara da Guarda mant\u00e9m o acesso a v\u00e1rias plataformas digitais indispon\u00edvel ap\u00f3s o ciberataque de 12 de fevereiro, com os protocolos de seguran\u00e7a ativados. O ataque impediu as comunica\u00e7\u00f5es com o exterior e tem impacto direto na atividade municipal; o Centro Nacional de Ciberseguran\u00e7a est\u00e1 a acompanhar o caso. A Pol\u00edcia Judici\u00e1ria foi informada e est\u00e1 a investigar o incidente. A autarquia informou que ir\u00e1 divulgar a evolu\u00e7\u00e3o e desenvolvimentos relevantes oportunamente. O presidente S\u00e9rgio Costa afirmou que o incidente \u00e9 complexo, com apenas o Balc\u00e3o \u00danico a funcionar de forma condicionada; agradeceu a compreens\u00e3o da popula\u00e7\u00e3o.","og_url":"https:\/\/portaltela.pt\/noticias\/2026\/02\/23\/camara-da-guarda-sem-acesso-a-plataformas-digitais-apos-ciberataque\/","og_site_name":"Portal Tela Portugal","article_published_time":"2026-02-23T20:04:50+00:00","author":"Telinha","twitter_card":"summary_large_image","twitter_misc":{"Escrito por":"Telinha","Tempo estimado de leitura":"1 minuto"},"schema":{"@context":"https:\/\/schema.org","@graph":[{"@type":"Article","@id":"https:\/\/portaltela.pt\/noticias\/2026\/02\/23\/camara-da-guarda-sem-acesso-a-plataformas-digitais-apos-ciberataque\/#article","isPartOf":{"@id":"https:\/\/portaltela.pt\/noticias\/2026\/02\/23\/camara-da-guarda-sem-acesso-a-plataformas-digitais-apos-ciberataque\/"},"author":{"name":"Telinha","@id":"https:\/\/portaltela.pt\/#\/schema\/person\/c4278d4a6028830caff9ee44b42d32ed"},"headline":"C\u00e2mara da Guarda sem acesso a plataformas digitais ap\u00f3s ciberataque","datePublished":"2026-02-23T20:04:50+00:00","mainEntityOfPage":{"@id":"https:\/\/portaltela.pt\/noticias\/2026\/02\/23\/camara-da-guarda-sem-acesso-a-plataformas-digitais-apos-ciberataque\/"},"wordCount":260,"image":{"@id":"https:\/\/portaltela.pt\/noticias\/2026\/02\/23\/camara-da-guarda-sem-acesso-a-plataformas-digitais-apos-ciberataque\/#primaryimage"},"thumbnailUrl":"https:\/\/portaltela.pt\/s.01k8rhncp4jt1\/2026\/02\/img_1500x1000uu2020-11-16-07-43-39-991236-1.jpg","keywords":["c\u00e2mara","ciberataque","cibercrime","ciberseguran\u00e7a","Guarda","Pol\u00edcia Judici\u00e1ria"],"articleSection":["Not\u00edcias"],"inLanguage":"pt-PT"},{"@type":"WebPage","@id":"https:\/\/portaltela.pt\/noticias\/2026\/02\/23\/camara-da-guarda-sem-acesso-a-plataformas-digitais-apos-ciberataque\/","url":"https:\/\/portaltela.pt\/noticias\/2026\/02\/23\/camara-da-guarda-sem-acesso-a-plataformas-digitais-apos-ciberataque\/","name":"C\u00e2mara da Guarda sem acesso a plataformas digitais ap\u00f3s ciberataque - Portal Tela Portugal","isPartOf":{"@id":"https:\/\/portaltela.pt\/#website"},"primaryImageOfPage":{"@id":"https:\/\/portaltela.pt\/noticias\/2026\/02\/23\/camara-da-guarda-sem-acesso-a-plataformas-digitais-apos-ciberataque\/#primaryimage"},"image":{"@id":"https:\/\/portaltela.pt\/noticias\/2026\/02\/23\/camara-da-guarda-sem-acesso-a-plataformas-digitais-apos-ciberataque\/#primaryimage"},"thumbnailUrl":"https:\/\/portaltela.pt\/s.01k8rhncp4jt1\/2026\/02\/img_1500x1000uu2020-11-16-07-43-39-991236-1.jpg","datePublished":"2026-02-23T20:04:50+00:00","author":{"@id":"https:\/\/portaltela.pt\/#\/schema\/person\/c4278d4a6028830caff9ee44b42d32ed"},"breadcrumb":{"@id":"https:\/\/portaltela.pt\/noticias\/2026\/02\/23\/camara-da-guarda-sem-acesso-a-plataformas-digitais-apos-ciberataque\/#breadcrumb"},"inLanguage":"pt-PT","potentialAction":[{"@type":"ReadAction","target":["https:\/\/portaltela.pt\/noticias\/2026\/02\/23\/camara-da-guarda-sem-acesso-a-plataformas-digitais-apos-ciberataque\/"]}]},{"@type":"ImageObject","inLanguage":"pt-PT","@id":"https:\/\/portaltela.pt\/noticias\/2026\/02\/23\/camara-da-guarda-sem-acesso-a-plataformas-digitais-apos-ciberataque\/#primaryimage","url":"https:\/\/portaltela.pt\/s.01k8rhncp4jt1\/2026\/02\/img_1500x1000uu2020-11-16-07-43-39-991236-1.jpg","contentUrl":"https:\/\/portaltela.pt\/s.01k8rhncp4jt1\/2026\/02\/img_1500x1000uu2020-11-16-07-43-39-991236-1.jpg","width":796,"height":448,"caption":"Ataque cibern\u00e9tico"},{"@type":"BreadcrumbList","@id":"https:\/\/portaltela.pt\/noticias\/2026\/02\/23\/camara-da-guarda-sem-acesso-a-plataformas-digitais-apos-ciberataque\/#breadcrumb","itemListElement":[{"@type":"ListItem","position":1,"name":"In\u00edcio","item":"https:\/\/portaltela.pt\/"},{"@type":"ListItem","position":2,"name":"C\u00e2mara da Guarda sem acesso a plataformas digitais ap\u00f3s ciberataque"}]},{"@type":"WebSite","@id":"https:\/\/portaltela.pt\/#website","url":"https:\/\/portaltela.pt\/","name":"Portal Tela Portugal","description":"","potentialAction":[{"@type":"SearchAction","target":{"@type":"EntryPoint","urlTemplate":"https:\/\/portaltela.pt\/?s={search_term_string}"},"query-input":{"@type":"PropertyValueSpecification","valueRequired":true,"valueName":"search_term_string"}}],"inLanguage":"pt-PT"},{"@type":"Person","@id":"https:\/\/portaltela.pt\/#\/schema\/person\/c4278d4a6028830caff9ee44b42d32ed","name":"Telinha","image":{"@type":"ImageObject","inLanguage":"pt-PT","@id":"https:\/\/portaltela.pt\/s.01k8rhncp4jt1\/2025\/11\/talking-bot-125x125.png","url":"https:\/\/portaltela.pt\/s.01k8rhncp4jt1\/2025\/11\/talking-bot-125x125.png","contentUrl":"https:\/\/portaltela.pt\/s.01k8rhncp4jt1\/2025\/11\/talking-bot-125x125.png","caption":"Telinha"},"sameAs":["https:\/\/portaltela.pt\/"],"url":"https:\/\/portaltela.pt\/por\/367410592786\/"}]}},"_links":{"self":[{"href":"https:\/\/portaltela.pt\/api\/wp\/v2\/posts\/223375","targetHints":{"allow":["GET"]}}],"collection":[{"href":"https:\/\/portaltela.pt\/api\/wp\/v2\/posts"}],"about":[{"href":"https:\/\/portaltela.pt\/api\/wp\/v2\/types\/post"}],"author":[{"embeddable":true,"href":"https:\/\/portaltela.pt\/api\/wp\/v2\/users\/2"}],"replies":[{"embeddable":true,"href":"https:\/\/portaltela.pt\/api\/wp\/v2\/comments?post=223375"}],"version-history":[{"count":0,"href":"https:\/\/portaltela.pt\/api\/wp\/v2\/posts\/223375\/revisions"}],"wp:featuredmedia":[{"embeddable":true,"href":"https:\/\/portaltela.pt\/api\/wp\/v2\/media\/223378"}],"wp:attachment":[{"href":"https:\/\/portaltela.pt\/api\/wp\/v2\/media?parent=223375"}],"wp:term":[{"taxonomy":"category","embeddable":true,"href":"https:\/\/portaltela.pt\/api\/wp\/v2\/categories?post=223375"},{"taxonomy":"post_tag","embeddable":true,"href":"https:\/\/portaltela.pt\/api\/wp\/v2\/tags?post=223375"}],"curies":[{"name":"wp","href":"https:\/\/api.w.org\/{rel}","templated":true}]}}