{"id":223366,"date":"2026-02-23T16:49:00","date_gmt":"2026-02-23T19:49:00","guid":{"rendered":"https:\/\/portaltela.pt\/noticias\/2026\/02\/23\/cristiano-ronaldo-apoia-lindsey-vonn-as-lendas-continuam-a-erguer-se\/"},"modified":"2026-02-23T16:49:00","modified_gmt":"2026-02-23T19:49:00","slug":"cristiano-ronaldo-apoia-lindsey-vonn-as-lendas-continuam-a-erguer-se","status":"publish","type":"post","link":"https:\/\/portaltela.pt\/desporto\/2026\/02\/23\/cristiano-ronaldo-apoia-lindsey-vonn-as-lendas-continuam-a-erguer-se\/","title":{"rendered":"Cristiano Ronaldo apoia Lindsey Vonn: as lendas continuam a erguer-se"},"content":{"rendered":"<p>O internacional portugu\u00eas Cristiano Ronaldo recorreu \u00e0s redes sociais na segunda-feira para enviar apoio a Lindsey Vonn, a esquiadora que sofreu uma grave les\u00e3o numa perna durante os Jogos Ol\u00edmpicos de Inverno. Vonn j\u00e1 foi submetida a v\u00e1rias cirurgias desde o incidente.<\/p>\n<p>A mensagem publicada pela atleta no Instagram ganhou uma resposta de Ronaldo, que elogiou as conquistas de Vonn e sublinhou que os vencedores n\u00e3o desistem, lembrando as montanhas j\u00e1 vencidas pela atleta de 41 anos.<\/p>\n<p>Ronaldo incentivou Vonn a continuar a lutar, dizendo que as lendas se erguem sempre. A partilha do coment\u00e1rio foi publicada pelo jornal Record, que destaca o apoio entre duas figuras de topo do desporto.<\/p>\n<p>Este epis\u00f3dio enquadra-se num momento de recupera\u00e7\u00e3o de Vonn, que ainda n\u00e3o anunciou uma data para o regresso \u00e0s competi\u00e7\u00f5es. A not\u00edcia foi adiantada pelos meios internacionais citados pelo Record.<\/p>\n","protected":false},"excerpt":{"rendered":"<ul>\n<li>Cristiano Ronaldo utilizou as redes sociais nesta segunda-feira para apoiar Lindsey Vonn, ap\u00f3s a grave les\u00e3o nos Jogos Ol\u00edmpicos de Inverno.<\/li>\n<li>A esquiadora norte-americana, de 41 anos, j\u00e1 foi submetida a m\u00faltiplas cirurgias desde ent\u00e3o.<\/li>\n<li>No Instagram, o internacional portugu\u00eas deixou uma mensagem de motiva\u00e7\u00e3o \u00e0 atleta, com elogios \u00e0 sua for\u00e7a.<\/li>\n<li>A frase partilhada por Ronaldo: &#8220;Os campe\u00f5es s\u00e3o definidos pelos momentos em que vencem e pelos momentos em que recusam desistir. Lindsey, as montanhas que j\u00e1 conquistaste nunca foram maiores do que a for\u00e7a que carregas em ti. Continua a lutar. As lendas levantam-se sempre.&#8221;<\/li>\n<\/ul>\n","protected":false},"author":2,"featured_media":223367,"comment_status":"closed","ping_status":"closed","sticky":false,"template":"","format":"standard","meta":{"footnotes":""},"categories":[21],"tags":[1947,152,2681,5008,5146,5661],"class_list":["post-223366","post","type-post","status-publish","format-standard","has-post-thumbnail","hentry","category-desporto","tag-cristiano-ronaldo","tag-desporto","tag-desporto-internacional","tag-esqui-de-fundo","tag-pessoas-internacionais","tag-pessoas-publicas"],"yoast_head":"<!-- This site is optimized with the Yoast SEO plugin v27.2 - https:\/\/yoast.com\/product\/yoast-seo-wordpress\/ -->\n<title>Cristiano Ronaldo apoia Lindsey Vonn: as lendas continuam a erguer-se - Portal Tela Portugal<\/title>\n<meta name=\"robots\" content=\"index, follow, max-snippet:-1, max-image-preview:large, max-video-preview:-1\" \/>\n<meta property=\"og:locale\" content=\"pt_PT\" \/>\n<meta property=\"og:type\" content=\"article\" \/>\n<meta property=\"og:title\" content=\"Cristiano Ronaldo apoia Lindsey Vonn: as lendas continuam a erguer-se - Portal Tela Portugal\" \/>\n<meta property=\"og:description\" content=\"Cristiano Ronaldo utilizou as redes sociais nesta segunda-feira para apoiar Lindsey Vonn, ap\u00f3s a grave les\u00e3o nos Jogos Ol\u00edmpicos de Inverno. A esquiadora norte-americana, de 41 anos, j\u00e1 foi submetida a m\u00faltiplas cirurgias desde ent\u00e3o. No Instagram, o internacional portugu\u00eas deixou uma mensagem de motiva\u00e7\u00e3o \u00e0 atleta, com elogios \u00e0 sua for\u00e7a. A frase partilhada por Ronaldo: &quot;Os campe\u00f5es s\u00e3o definidos pelos momentos em que vencem e pelos momentos em que recusam desistir. Lindsey, as montanhas que j\u00e1 conquistaste nunca foram maiores do que a for\u00e7a que carregas em ti. Continua a lutar. As lendas levantam-se sempre.&quot;\" \/>\n<meta property=\"og:url\" content=\"https:\/\/portaltela.pt\/noticias\/2026\/02\/23\/cristiano-ronaldo-apoia-lindsey-vonn-as-lendas-continuam-a-erguer-se\/\" \/>\n<meta property=\"og:site_name\" content=\"Portal Tela Portugal\" \/>\n<meta property=\"article:published_time\" content=\"2026-02-23T19:49:00+00:00\" \/>\n<meta name=\"author\" content=\"Telinha\" \/>\n<meta name=\"twitter:card\" content=\"summary_large_image\" \/>\n<meta name=\"twitter:label1\" content=\"Escrito por\" \/>\n\t<meta name=\"twitter:data1\" content=\"Telinha\" \/>\n\t<meta name=\"twitter:label2\" content=\"Tempo estimado de leitura\" \/>\n\t<meta name=\"twitter:data2\" content=\"1 minuto\" \/>\n<script type=\"application\/ld+json\" class=\"yoast-schema-graph\">{\"@context\":\"https:\/\/schema.org\",\"@graph\":[{\"@type\":\"Article\",\"@id\":\"https:\/\/portaltela.pt\/noticias\/2026\/02\/23\/cristiano-ronaldo-apoia-lindsey-vonn-as-lendas-continuam-a-erguer-se\/#article\",\"isPartOf\":{\"@id\":\"https:\/\/portaltela.pt\/noticias\/2026\/02\/23\/cristiano-ronaldo-apoia-lindsey-vonn-as-lendas-continuam-a-erguer-se\/\"},\"author\":{\"name\":\"Telinha\",\"@id\":\"https:\/\/portaltela.pt\/#\/schema\/person\/c4278d4a6028830caff9ee44b42d32ed\"},\"headline\":\"Cristiano Ronaldo apoia Lindsey Vonn: as lendas continuam a erguer-se\",\"datePublished\":\"2026-02-23T19:49:00+00:00\",\"mainEntityOfPage\":{\"@id\":\"https:\/\/portaltela.pt\/noticias\/2026\/02\/23\/cristiano-ronaldo-apoia-lindsey-vonn-as-lendas-continuam-a-erguer-se\/\"},\"wordCount\":161,\"image\":{\"@id\":\"https:\/\/portaltela.pt\/noticias\/2026\/02\/23\/cristiano-ronaldo-apoia-lindsey-vonn-as-lendas-continuam-a-erguer-se\/#primaryimage\"},\"thumbnailUrl\":\"https:\/\/portaltela.pt\/s.01k8rhncp4jt1\/2026\/02\/img_1200x721uu2026-02-23-19-48-24-2423340.jpg\",\"keywords\":[\"Cristiano Ronaldo\",\"desporto\",\"desporto internacional\",\"esqui de fundo\",\"pessoas internacionais\",\"pessoas p\u00fablicas\"],\"articleSection\":[\"Desporto\"],\"inLanguage\":\"pt-PT\"},{\"@type\":\"WebPage\",\"@id\":\"https:\/\/portaltela.pt\/noticias\/2026\/02\/23\/cristiano-ronaldo-apoia-lindsey-vonn-as-lendas-continuam-a-erguer-se\/\",\"url\":\"https:\/\/portaltela.pt\/noticias\/2026\/02\/23\/cristiano-ronaldo-apoia-lindsey-vonn-as-lendas-continuam-a-erguer-se\/\",\"name\":\"Cristiano Ronaldo apoia Lindsey Vonn: as lendas continuam a erguer-se - Portal Tela Portugal\",\"isPartOf\":{\"@id\":\"https:\/\/portaltela.pt\/#website\"},\"primaryImageOfPage\":{\"@id\":\"https:\/\/portaltela.pt\/noticias\/2026\/02\/23\/cristiano-ronaldo-apoia-lindsey-vonn-as-lendas-continuam-a-erguer-se\/#primaryimage\"},\"image\":{\"@id\":\"https:\/\/portaltela.pt\/noticias\/2026\/02\/23\/cristiano-ronaldo-apoia-lindsey-vonn-as-lendas-continuam-a-erguer-se\/#primaryimage\"},\"thumbnailUrl\":\"https:\/\/portaltela.pt\/s.01k8rhncp4jt1\/2026\/02\/img_1200x721uu2026-02-23-19-48-24-2423340.jpg\",\"datePublished\":\"2026-02-23T19:49:00+00:00\",\"author\":{\"@id\":\"https:\/\/portaltela.pt\/#\/schema\/person\/c4278d4a6028830caff9ee44b42d32ed\"},\"breadcrumb\":{\"@id\":\"https:\/\/portaltela.pt\/noticias\/2026\/02\/23\/cristiano-ronaldo-apoia-lindsey-vonn-as-lendas-continuam-a-erguer-se\/#breadcrumb\"},\"inLanguage\":\"pt-PT\",\"potentialAction\":[{\"@type\":\"ReadAction\",\"target\":[\"https:\/\/portaltela.pt\/noticias\/2026\/02\/23\/cristiano-ronaldo-apoia-lindsey-vonn-as-lendas-continuam-a-erguer-se\/\"]}]},{\"@type\":\"ImageObject\",\"inLanguage\":\"pt-PT\",\"@id\":\"https:\/\/portaltela.pt\/noticias\/2026\/02\/23\/cristiano-ronaldo-apoia-lindsey-vonn-as-lendas-continuam-a-erguer-se\/#primaryimage\",\"url\":\"https:\/\/portaltela.pt\/s.01k8rhncp4jt1\/2026\/02\/img_1200x721uu2026-02-23-19-48-24-2423340.jpg\",\"contentUrl\":\"https:\/\/portaltela.pt\/s.01k8rhncp4jt1\/2026\/02\/img_1200x721uu2026-02-23-19-48-24-2423340.jpg\",\"width\":796,\"height\":448,\"caption\":\"Cristiano Ronaldo solid\u00e1rio com Lindsey Vonn\"},{\"@type\":\"BreadcrumbList\",\"@id\":\"https:\/\/portaltela.pt\/noticias\/2026\/02\/23\/cristiano-ronaldo-apoia-lindsey-vonn-as-lendas-continuam-a-erguer-se\/#breadcrumb\",\"itemListElement\":[{\"@type\":\"ListItem\",\"position\":1,\"name\":\"In\u00edcio\",\"item\":\"https:\/\/portaltela.pt\/\"},{\"@type\":\"ListItem\",\"position\":2,\"name\":\"Cristiano Ronaldo apoia Lindsey Vonn: as lendas continuam a erguer-se\"}]},{\"@type\":\"WebSite\",\"@id\":\"https:\/\/portaltela.pt\/#website\",\"url\":\"https:\/\/portaltela.pt\/\",\"name\":\"Portal Tela Portugal\",\"description\":\"\",\"potentialAction\":[{\"@type\":\"SearchAction\",\"target\":{\"@type\":\"EntryPoint\",\"urlTemplate\":\"https:\/\/portaltela.pt\/?s={search_term_string}\"},\"query-input\":{\"@type\":\"PropertyValueSpecification\",\"valueRequired\":true,\"valueName\":\"search_term_string\"}}],\"inLanguage\":\"pt-PT\"},{\"@type\":\"Person\",\"@id\":\"https:\/\/portaltela.pt\/#\/schema\/person\/c4278d4a6028830caff9ee44b42d32ed\",\"name\":\"Telinha\",\"image\":{\"@type\":\"ImageObject\",\"inLanguage\":\"pt-PT\",\"@id\":\"https:\/\/portaltela.pt\/s.01k8rhncp4jt1\/2025\/11\/talking-bot-125x125.png\",\"url\":\"https:\/\/portaltela.pt\/s.01k8rhncp4jt1\/2025\/11\/talking-bot-125x125.png\",\"contentUrl\":\"https:\/\/portaltela.pt\/s.01k8rhncp4jt1\/2025\/11\/talking-bot-125x125.png\",\"caption\":\"Telinha\"},\"sameAs\":[\"https:\/\/portaltela.pt\/\"],\"url\":\"https:\/\/portaltela.pt\/por\/367410592786\/\"}]}<\/script>\n<!-- \/ Yoast SEO plugin. -->","yoast_head_json":{"title":"Cristiano Ronaldo apoia Lindsey Vonn: as lendas continuam a erguer-se - Portal Tela Portugal","robots":{"index":"index","follow":"follow","max-snippet":"max-snippet:-1","max-image-preview":"max-image-preview:large","max-video-preview":"max-video-preview:-1"},"og_locale":"pt_PT","og_type":"article","og_title":"Cristiano Ronaldo apoia Lindsey Vonn: as lendas continuam a erguer-se - Portal Tela Portugal","og_description":"Cristiano Ronaldo utilizou as redes sociais nesta segunda-feira para apoiar Lindsey Vonn, ap\u00f3s a grave les\u00e3o nos Jogos Ol\u00edmpicos de Inverno. A esquiadora norte-americana, de 41 anos, j\u00e1 foi submetida a m\u00faltiplas cirurgias desde ent\u00e3o. No Instagram, o internacional portugu\u00eas deixou uma mensagem de motiva\u00e7\u00e3o \u00e0 atleta, com elogios \u00e0 sua for\u00e7a. A frase partilhada por Ronaldo: \"Os campe\u00f5es s\u00e3o definidos pelos momentos em que vencem e pelos momentos em que recusam desistir. Lindsey, as montanhas que j\u00e1 conquistaste nunca foram maiores do que a for\u00e7a que carregas em ti. Continua a lutar. As lendas levantam-se sempre.\"","og_url":"https:\/\/portaltela.pt\/noticias\/2026\/02\/23\/cristiano-ronaldo-apoia-lindsey-vonn-as-lendas-continuam-a-erguer-se\/","og_site_name":"Portal Tela Portugal","article_published_time":"2026-02-23T19:49:00+00:00","author":"Telinha","twitter_card":"summary_large_image","twitter_misc":{"Escrito por":"Telinha","Tempo estimado de leitura":"1 minuto"},"schema":{"@context":"https:\/\/schema.org","@graph":[{"@type":"Article","@id":"https:\/\/portaltela.pt\/noticias\/2026\/02\/23\/cristiano-ronaldo-apoia-lindsey-vonn-as-lendas-continuam-a-erguer-se\/#article","isPartOf":{"@id":"https:\/\/portaltela.pt\/noticias\/2026\/02\/23\/cristiano-ronaldo-apoia-lindsey-vonn-as-lendas-continuam-a-erguer-se\/"},"author":{"name":"Telinha","@id":"https:\/\/portaltela.pt\/#\/schema\/person\/c4278d4a6028830caff9ee44b42d32ed"},"headline":"Cristiano Ronaldo apoia Lindsey Vonn: as lendas continuam a erguer-se","datePublished":"2026-02-23T19:49:00+00:00","mainEntityOfPage":{"@id":"https:\/\/portaltela.pt\/noticias\/2026\/02\/23\/cristiano-ronaldo-apoia-lindsey-vonn-as-lendas-continuam-a-erguer-se\/"},"wordCount":161,"image":{"@id":"https:\/\/portaltela.pt\/noticias\/2026\/02\/23\/cristiano-ronaldo-apoia-lindsey-vonn-as-lendas-continuam-a-erguer-se\/#primaryimage"},"thumbnailUrl":"https:\/\/portaltela.pt\/s.01k8rhncp4jt1\/2026\/02\/img_1200x721uu2026-02-23-19-48-24-2423340.jpg","keywords":["Cristiano Ronaldo","desporto","desporto internacional","esqui de fundo","pessoas internacionais","pessoas p\u00fablicas"],"articleSection":["Desporto"],"inLanguage":"pt-PT"},{"@type":"WebPage","@id":"https:\/\/portaltela.pt\/noticias\/2026\/02\/23\/cristiano-ronaldo-apoia-lindsey-vonn-as-lendas-continuam-a-erguer-se\/","url":"https:\/\/portaltela.pt\/noticias\/2026\/02\/23\/cristiano-ronaldo-apoia-lindsey-vonn-as-lendas-continuam-a-erguer-se\/","name":"Cristiano Ronaldo apoia Lindsey Vonn: as lendas continuam a erguer-se - Portal Tela Portugal","isPartOf":{"@id":"https:\/\/portaltela.pt\/#website"},"primaryImageOfPage":{"@id":"https:\/\/portaltela.pt\/noticias\/2026\/02\/23\/cristiano-ronaldo-apoia-lindsey-vonn-as-lendas-continuam-a-erguer-se\/#primaryimage"},"image":{"@id":"https:\/\/portaltela.pt\/noticias\/2026\/02\/23\/cristiano-ronaldo-apoia-lindsey-vonn-as-lendas-continuam-a-erguer-se\/#primaryimage"},"thumbnailUrl":"https:\/\/portaltela.pt\/s.01k8rhncp4jt1\/2026\/02\/img_1200x721uu2026-02-23-19-48-24-2423340.jpg","datePublished":"2026-02-23T19:49:00+00:00","author":{"@id":"https:\/\/portaltela.pt\/#\/schema\/person\/c4278d4a6028830caff9ee44b42d32ed"},"breadcrumb":{"@id":"https:\/\/portaltela.pt\/noticias\/2026\/02\/23\/cristiano-ronaldo-apoia-lindsey-vonn-as-lendas-continuam-a-erguer-se\/#breadcrumb"},"inLanguage":"pt-PT","potentialAction":[{"@type":"ReadAction","target":["https:\/\/portaltela.pt\/noticias\/2026\/02\/23\/cristiano-ronaldo-apoia-lindsey-vonn-as-lendas-continuam-a-erguer-se\/"]}]},{"@type":"ImageObject","inLanguage":"pt-PT","@id":"https:\/\/portaltela.pt\/noticias\/2026\/02\/23\/cristiano-ronaldo-apoia-lindsey-vonn-as-lendas-continuam-a-erguer-se\/#primaryimage","url":"https:\/\/portaltela.pt\/s.01k8rhncp4jt1\/2026\/02\/img_1200x721uu2026-02-23-19-48-24-2423340.jpg","contentUrl":"https:\/\/portaltela.pt\/s.01k8rhncp4jt1\/2026\/02\/img_1200x721uu2026-02-23-19-48-24-2423340.jpg","width":796,"height":448,"caption":"Cristiano Ronaldo solid\u00e1rio com Lindsey Vonn"},{"@type":"BreadcrumbList","@id":"https:\/\/portaltela.pt\/noticias\/2026\/02\/23\/cristiano-ronaldo-apoia-lindsey-vonn-as-lendas-continuam-a-erguer-se\/#breadcrumb","itemListElement":[{"@type":"ListItem","position":1,"name":"In\u00edcio","item":"https:\/\/portaltela.pt\/"},{"@type":"ListItem","position":2,"name":"Cristiano Ronaldo apoia Lindsey Vonn: as lendas continuam a erguer-se"}]},{"@type":"WebSite","@id":"https:\/\/portaltela.pt\/#website","url":"https:\/\/portaltela.pt\/","name":"Portal Tela Portugal","description":"","potentialAction":[{"@type":"SearchAction","target":{"@type":"EntryPoint","urlTemplate":"https:\/\/portaltela.pt\/?s={search_term_string}"},"query-input":{"@type":"PropertyValueSpecification","valueRequired":true,"valueName":"search_term_string"}}],"inLanguage":"pt-PT"},{"@type":"Person","@id":"https:\/\/portaltela.pt\/#\/schema\/person\/c4278d4a6028830caff9ee44b42d32ed","name":"Telinha","image":{"@type":"ImageObject","inLanguage":"pt-PT","@id":"https:\/\/portaltela.pt\/s.01k8rhncp4jt1\/2025\/11\/talking-bot-125x125.png","url":"https:\/\/portaltela.pt\/s.01k8rhncp4jt1\/2025\/11\/talking-bot-125x125.png","contentUrl":"https:\/\/portaltela.pt\/s.01k8rhncp4jt1\/2025\/11\/talking-bot-125x125.png","caption":"Telinha"},"sameAs":["https:\/\/portaltela.pt\/"],"url":"https:\/\/portaltela.pt\/por\/367410592786\/"}]}},"_links":{"self":[{"href":"https:\/\/portaltela.pt\/api\/wp\/v2\/posts\/223366","targetHints":{"allow":["GET"]}}],"collection":[{"href":"https:\/\/portaltela.pt\/api\/wp\/v2\/posts"}],"about":[{"href":"https:\/\/portaltela.pt\/api\/wp\/v2\/types\/post"}],"author":[{"embeddable":true,"href":"https:\/\/portaltela.pt\/api\/wp\/v2\/users\/2"}],"replies":[{"embeddable":true,"href":"https:\/\/portaltela.pt\/api\/wp\/v2\/comments?post=223366"}],"version-history":[{"count":0,"href":"https:\/\/portaltela.pt\/api\/wp\/v2\/posts\/223366\/revisions"}],"wp:featuredmedia":[{"embeddable":true,"href":"https:\/\/portaltela.pt\/api\/wp\/v2\/media\/223367"}],"wp:attachment":[{"href":"https:\/\/portaltela.pt\/api\/wp\/v2\/media?parent=223366"}],"wp:term":[{"taxonomy":"category","embeddable":true,"href":"https:\/\/portaltela.pt\/api\/wp\/v2\/categories?post=223366"},{"taxonomy":"post_tag","embeddable":true,"href":"https:\/\/portaltela.pt\/api\/wp\/v2\/tags?post=223366"}],"curies":[{"name":"wp","href":"https:\/\/api.w.org\/{rel}","templated":true}]}}