{"id":223360,"date":"2026-02-23T15:41:00","date_gmt":"2026-02-23T18:41:00","guid":{"rendered":"https:\/\/portaltela.pt\/noticias\/2026\/02\/23\/autarca-de-alcacer-do-sal-denuncia-burocracia-nos-apoios-por-mau-tempo\/"},"modified":"2026-02-23T15:41:00","modified_gmt":"2026-02-23T18:41:00","slug":"autarca-de-alcacer-do-sal-denuncia-burocracia-nos-apoios-por-mau-tempo","status":"publish","type":"post","link":"https:\/\/portaltela.pt\/noticias\/2026\/02\/23\/autarca-de-alcacer-do-sal-denuncia-burocracia-nos-apoios-por-mau-tempo\/","title":{"rendered":"Autarca de Alc\u00e1cer do Sal denuncia burocracia nos apoios por mau tempo"},"content":{"rendered":"<p>A presidente da C\u00e2mara de Alc\u00e1cer do Sal, Clarisse Campos, afirmou hoje haver excesso de burocracia nos processos de obten\u00e7\u00e3o de apoios do Estado para quem registou preju\u00edzos com as cheias na cidade, provocadas pelo mau tempo.<\/p>\n<p>A autarca sublinhou que os tr\u00e2mites administrativos atrasam a chegada de ajuda \u00e0s fam\u00edlias e empresas afetadas, dificultando uma resposta r\u00e1pida \u00e0s consequ\u00eancias das cheias.<\/p>\n<p>Clarisse Campos pediu uma simplifica\u00e7\u00e3o dos procedimentos, de forma a facilitar o acesso aos apoios p\u00fablicos e acelerar a assist\u00eancia \u00e0 comunidade local.<\/p>\n","protected":false},"excerpt":{"rendered":"<ul>\n<li>A presidente da C\u00e2mara de Alc\u00e1cer do Sal, Clarisse Campos, reclamou hoje da burocracia nos pedidos de apoio do Estado para quem sofreu preju\u00edzos com as cheias na cidade.<\/li>\n<li>O foco das cr\u00edticas \u00e9 o processo para obten\u00e7\u00e3o de apoios destinados \u00e0s v\u00edtimas das cheias.<\/li>\n<li>A queixa foi partilhada pela autarquia no contexto da conting\u00eancia provocada pelo mau tempo.<\/li>\n<li>O objetivo \u00e9 acelerar o acesso aos apoios estatais e reduzir entraves administrativos que atrasam a ajuda \u00e0s fam\u00edlias afetadas.<\/li>\n<\/ul>\n","protected":false},"author":2,"featured_media":223363,"comment_status":"closed","ping_status":"closed","sticky":false,"template":"","format":"standard","meta":{"footnotes":""},"categories":[1],"tags":[168,1998,4818,1738,1211,5215],"class_list":["post-223360","post","type-post","status-publish","format-standard","has-post-thumbnail","hentry","category-noticias","tag-administracao-publica","tag-alcacer-do-sal","tag-apoio-as-catastrofes-naturais","tag-apoio-institucional","tag-apoio-social","tag-catastrofes-naturais"],"yoast_head":"<!-- This site is optimized with the Yoast SEO plugin v27.2 - https:\/\/yoast.com\/product\/yoast-seo-wordpress\/ -->\n<title>Autarca de Alc\u00e1cer do Sal denuncia burocracia nos apoios por mau tempo - Portal Tela Portugal<\/title>\n<meta name=\"robots\" content=\"index, follow, max-snippet:-1, max-image-preview:large, max-video-preview:-1\" \/>\n<meta property=\"og:locale\" content=\"pt_PT\" \/>\n<meta property=\"og:type\" content=\"article\" \/>\n<meta property=\"og:title\" content=\"Autarca de Alc\u00e1cer do Sal denuncia burocracia nos apoios por mau tempo - Portal Tela Portugal\" \/>\n<meta property=\"og:description\" content=\"A presidente da C\u00e2mara de Alc\u00e1cer do Sal, Clarisse Campos, reclamou hoje da burocracia nos pedidos de apoio do Estado para quem sofreu preju\u00edzos com as cheias na cidade. O foco das cr\u00edticas \u00e9 o processo para obten\u00e7\u00e3o de apoios destinados \u00e0s v\u00edtimas das cheias. A queixa foi partilhada pela autarquia no contexto da conting\u00eancia provocada pelo mau tempo. O objetivo \u00e9 acelerar o acesso aos apoios estatais e reduzir entraves administrativos que atrasam a ajuda \u00e0s fam\u00edlias afetadas.\" \/>\n<meta property=\"og:url\" content=\"https:\/\/portaltela.pt\/noticias\/2026\/02\/23\/autarca-de-alcacer-do-sal-denuncia-burocracia-nos-apoios-por-mau-tempo\/\" \/>\n<meta property=\"og:site_name\" content=\"Portal Tela Portugal\" \/>\n<meta property=\"article:published_time\" content=\"2026-02-23T18:41:00+00:00\" \/>\n<meta name=\"author\" content=\"Telinha\" \/>\n<meta name=\"twitter:card\" content=\"summary_large_image\" \/>\n<meta name=\"twitter:label1\" content=\"Escrito por\" \/>\n\t<meta name=\"twitter:data1\" content=\"Telinha\" \/>\n<script type=\"application\/ld+json\" class=\"yoast-schema-graph\">{\"@context\":\"https:\/\/schema.org\",\"@graph\":[{\"@type\":\"Article\",\"@id\":\"https:\/\/portaltela.pt\/noticias\/2026\/02\/23\/autarca-de-alcacer-do-sal-denuncia-burocracia-nos-apoios-por-mau-tempo\/#article\",\"isPartOf\":{\"@id\":\"https:\/\/portaltela.pt\/noticias\/2026\/02\/23\/autarca-de-alcacer-do-sal-denuncia-burocracia-nos-apoios-por-mau-tempo\/\"},\"author\":{\"name\":\"Telinha\",\"@id\":\"https:\/\/portaltela.pt\/#\/schema\/person\/c4278d4a6028830caff9ee44b42d32ed\"},\"headline\":\"Autarca de Alc\u00e1cer do Sal denuncia burocracia nos apoios por mau tempo\",\"datePublished\":\"2026-02-23T18:41:00+00:00\",\"mainEntityOfPage\":{\"@id\":\"https:\/\/portaltela.pt\/noticias\/2026\/02\/23\/autarca-de-alcacer-do-sal-denuncia-burocracia-nos-apoios-por-mau-tempo\/\"},\"wordCount\":108,\"image\":{\"@id\":\"https:\/\/portaltela.pt\/noticias\/2026\/02\/23\/autarca-de-alcacer-do-sal-denuncia-burocracia-nos-apoios-por-mau-tempo\/#primaryimage\"},\"thumbnailUrl\":\"https:\/\/portaltela.pt\/s.01k8rhncp4jt1\/2026\/02\/CACHE_780X1200_ANALOG_WATERMARKED_46495410_6228796_05022026021432.jpg\",\"keywords\":[\"administra\u00e7\u00e3o p\u00fablica\",\"Alc\u00e1cer do Sal\",\"Apoio \u00e0s Cat\u00e1strofes Naturais\",\"apoio institucional\",\"Apoio Social\",\"cat\u00e1strofes naturais\"],\"articleSection\":[\"Not\u00edcias\"],\"inLanguage\":\"pt-PT\"},{\"@type\":\"WebPage\",\"@id\":\"https:\/\/portaltela.pt\/noticias\/2026\/02\/23\/autarca-de-alcacer-do-sal-denuncia-burocracia-nos-apoios-por-mau-tempo\/\",\"url\":\"https:\/\/portaltela.pt\/noticias\/2026\/02\/23\/autarca-de-alcacer-do-sal-denuncia-burocracia-nos-apoios-por-mau-tempo\/\",\"name\":\"Autarca de Alc\u00e1cer do Sal denuncia burocracia nos apoios por mau tempo - Portal Tela Portugal\",\"isPartOf\":{\"@id\":\"https:\/\/portaltela.pt\/#website\"},\"primaryImageOfPage\":{\"@id\":\"https:\/\/portaltela.pt\/noticias\/2026\/02\/23\/autarca-de-alcacer-do-sal-denuncia-burocracia-nos-apoios-por-mau-tempo\/#primaryimage\"},\"image\":{\"@id\":\"https:\/\/portaltela.pt\/noticias\/2026\/02\/23\/autarca-de-alcacer-do-sal-denuncia-burocracia-nos-apoios-por-mau-tempo\/#primaryimage\"},\"thumbnailUrl\":\"https:\/\/portaltela.pt\/s.01k8rhncp4jt1\/2026\/02\/CACHE_780X1200_ANALOG_WATERMARKED_46495410_6228796_05022026021432.jpg\",\"datePublished\":\"2026-02-23T18:41:00+00:00\",\"author\":{\"@id\":\"https:\/\/portaltela.pt\/#\/schema\/person\/c4278d4a6028830caff9ee44b42d32ed\"},\"breadcrumb\":{\"@id\":\"https:\/\/portaltela.pt\/noticias\/2026\/02\/23\/autarca-de-alcacer-do-sal-denuncia-burocracia-nos-apoios-por-mau-tempo\/#breadcrumb\"},\"inLanguage\":\"pt-PT\",\"potentialAction\":[{\"@type\":\"ReadAction\",\"target\":[\"https:\/\/portaltela.pt\/noticias\/2026\/02\/23\/autarca-de-alcacer-do-sal-denuncia-burocracia-nos-apoios-por-mau-tempo\/\"]}]},{\"@type\":\"ImageObject\",\"inLanguage\":\"pt-PT\",\"@id\":\"https:\/\/portaltela.pt\/noticias\/2026\/02\/23\/autarca-de-alcacer-do-sal-denuncia-burocracia-nos-apoios-por-mau-tempo\/#primaryimage\",\"url\":\"https:\/\/portaltela.pt\/s.01k8rhncp4jt1\/2026\/02\/CACHE_780X1200_ANALOG_WATERMARKED_46495410_6228796_05022026021432.jpg\",\"contentUrl\":\"https:\/\/portaltela.pt\/s.01k8rhncp4jt1\/2026\/02\/CACHE_780X1200_ANALOG_WATERMARKED_46495410_6228796_05022026021432.jpg\",\"width\":796,\"height\":448,\"caption\":\"Autarca de Alc\u00e1cer do Sal queixa-se de excesso de burocracia nos pedidos de apoio devido ao mau tempo\"},{\"@type\":\"BreadcrumbList\",\"@id\":\"https:\/\/portaltela.pt\/noticias\/2026\/02\/23\/autarca-de-alcacer-do-sal-denuncia-burocracia-nos-apoios-por-mau-tempo\/#breadcrumb\",\"itemListElement\":[{\"@type\":\"ListItem\",\"position\":1,\"name\":\"In\u00edcio\",\"item\":\"https:\/\/portaltela.pt\/\"},{\"@type\":\"ListItem\",\"position\":2,\"name\":\"Autarca de Alc\u00e1cer do Sal denuncia burocracia nos apoios por mau tempo\"}]},{\"@type\":\"WebSite\",\"@id\":\"https:\/\/portaltela.pt\/#website\",\"url\":\"https:\/\/portaltela.pt\/\",\"name\":\"Portal Tela Portugal\",\"description\":\"\",\"potentialAction\":[{\"@type\":\"SearchAction\",\"target\":{\"@type\":\"EntryPoint\",\"urlTemplate\":\"https:\/\/portaltela.pt\/?s={search_term_string}\"},\"query-input\":{\"@type\":\"PropertyValueSpecification\",\"valueRequired\":true,\"valueName\":\"search_term_string\"}}],\"inLanguage\":\"pt-PT\"},{\"@type\":\"Person\",\"@id\":\"https:\/\/portaltela.pt\/#\/schema\/person\/c4278d4a6028830caff9ee44b42d32ed\",\"name\":\"Telinha\",\"image\":{\"@type\":\"ImageObject\",\"inLanguage\":\"pt-PT\",\"@id\":\"https:\/\/portaltela.pt\/s.01k8rhncp4jt1\/2025\/11\/talking-bot-125x125.png\",\"url\":\"https:\/\/portaltela.pt\/s.01k8rhncp4jt1\/2025\/11\/talking-bot-125x125.png\",\"contentUrl\":\"https:\/\/portaltela.pt\/s.01k8rhncp4jt1\/2025\/11\/talking-bot-125x125.png\",\"caption\":\"Telinha\"},\"sameAs\":[\"https:\/\/portaltela.pt\/\"],\"url\":\"https:\/\/portaltela.pt\/por\/367410592786\/\"}]}<\/script>\n<!-- \/ Yoast SEO plugin. -->","yoast_head_json":{"title":"Autarca de Alc\u00e1cer do Sal denuncia burocracia nos apoios por mau tempo - Portal Tela Portugal","robots":{"index":"index","follow":"follow","max-snippet":"max-snippet:-1","max-image-preview":"max-image-preview:large","max-video-preview":"max-video-preview:-1"},"og_locale":"pt_PT","og_type":"article","og_title":"Autarca de Alc\u00e1cer do Sal denuncia burocracia nos apoios por mau tempo - Portal Tela Portugal","og_description":"A presidente da C\u00e2mara de Alc\u00e1cer do Sal, Clarisse Campos, reclamou hoje da burocracia nos pedidos de apoio do Estado para quem sofreu preju\u00edzos com as cheias na cidade. O foco das cr\u00edticas \u00e9 o processo para obten\u00e7\u00e3o de apoios destinados \u00e0s v\u00edtimas das cheias. A queixa foi partilhada pela autarquia no contexto da conting\u00eancia provocada pelo mau tempo. O objetivo \u00e9 acelerar o acesso aos apoios estatais e reduzir entraves administrativos que atrasam a ajuda \u00e0s fam\u00edlias afetadas.","og_url":"https:\/\/portaltela.pt\/noticias\/2026\/02\/23\/autarca-de-alcacer-do-sal-denuncia-burocracia-nos-apoios-por-mau-tempo\/","og_site_name":"Portal Tela Portugal","article_published_time":"2026-02-23T18:41:00+00:00","author":"Telinha","twitter_card":"summary_large_image","twitter_misc":{"Escrito por":"Telinha"},"schema":{"@context":"https:\/\/schema.org","@graph":[{"@type":"Article","@id":"https:\/\/portaltela.pt\/noticias\/2026\/02\/23\/autarca-de-alcacer-do-sal-denuncia-burocracia-nos-apoios-por-mau-tempo\/#article","isPartOf":{"@id":"https:\/\/portaltela.pt\/noticias\/2026\/02\/23\/autarca-de-alcacer-do-sal-denuncia-burocracia-nos-apoios-por-mau-tempo\/"},"author":{"name":"Telinha","@id":"https:\/\/portaltela.pt\/#\/schema\/person\/c4278d4a6028830caff9ee44b42d32ed"},"headline":"Autarca de Alc\u00e1cer do Sal denuncia burocracia nos apoios por mau tempo","datePublished":"2026-02-23T18:41:00+00:00","mainEntityOfPage":{"@id":"https:\/\/portaltela.pt\/noticias\/2026\/02\/23\/autarca-de-alcacer-do-sal-denuncia-burocracia-nos-apoios-por-mau-tempo\/"},"wordCount":108,"image":{"@id":"https:\/\/portaltela.pt\/noticias\/2026\/02\/23\/autarca-de-alcacer-do-sal-denuncia-burocracia-nos-apoios-por-mau-tempo\/#primaryimage"},"thumbnailUrl":"https:\/\/portaltela.pt\/s.01k8rhncp4jt1\/2026\/02\/CACHE_780X1200_ANALOG_WATERMARKED_46495410_6228796_05022026021432.jpg","keywords":["administra\u00e7\u00e3o p\u00fablica","Alc\u00e1cer do Sal","Apoio \u00e0s Cat\u00e1strofes Naturais","apoio institucional","Apoio Social","cat\u00e1strofes naturais"],"articleSection":["Not\u00edcias"],"inLanguage":"pt-PT"},{"@type":"WebPage","@id":"https:\/\/portaltela.pt\/noticias\/2026\/02\/23\/autarca-de-alcacer-do-sal-denuncia-burocracia-nos-apoios-por-mau-tempo\/","url":"https:\/\/portaltela.pt\/noticias\/2026\/02\/23\/autarca-de-alcacer-do-sal-denuncia-burocracia-nos-apoios-por-mau-tempo\/","name":"Autarca de Alc\u00e1cer do Sal denuncia burocracia nos apoios por mau tempo - Portal Tela Portugal","isPartOf":{"@id":"https:\/\/portaltela.pt\/#website"},"primaryImageOfPage":{"@id":"https:\/\/portaltela.pt\/noticias\/2026\/02\/23\/autarca-de-alcacer-do-sal-denuncia-burocracia-nos-apoios-por-mau-tempo\/#primaryimage"},"image":{"@id":"https:\/\/portaltela.pt\/noticias\/2026\/02\/23\/autarca-de-alcacer-do-sal-denuncia-burocracia-nos-apoios-por-mau-tempo\/#primaryimage"},"thumbnailUrl":"https:\/\/portaltela.pt\/s.01k8rhncp4jt1\/2026\/02\/CACHE_780X1200_ANALOG_WATERMARKED_46495410_6228796_05022026021432.jpg","datePublished":"2026-02-23T18:41:00+00:00","author":{"@id":"https:\/\/portaltela.pt\/#\/schema\/person\/c4278d4a6028830caff9ee44b42d32ed"},"breadcrumb":{"@id":"https:\/\/portaltela.pt\/noticias\/2026\/02\/23\/autarca-de-alcacer-do-sal-denuncia-burocracia-nos-apoios-por-mau-tempo\/#breadcrumb"},"inLanguage":"pt-PT","potentialAction":[{"@type":"ReadAction","target":["https:\/\/portaltela.pt\/noticias\/2026\/02\/23\/autarca-de-alcacer-do-sal-denuncia-burocracia-nos-apoios-por-mau-tempo\/"]}]},{"@type":"ImageObject","inLanguage":"pt-PT","@id":"https:\/\/portaltela.pt\/noticias\/2026\/02\/23\/autarca-de-alcacer-do-sal-denuncia-burocracia-nos-apoios-por-mau-tempo\/#primaryimage","url":"https:\/\/portaltela.pt\/s.01k8rhncp4jt1\/2026\/02\/CACHE_780X1200_ANALOG_WATERMARKED_46495410_6228796_05022026021432.jpg","contentUrl":"https:\/\/portaltela.pt\/s.01k8rhncp4jt1\/2026\/02\/CACHE_780X1200_ANALOG_WATERMARKED_46495410_6228796_05022026021432.jpg","width":796,"height":448,"caption":"Autarca de Alc\u00e1cer do Sal queixa-se de excesso de burocracia nos pedidos de apoio devido ao mau tempo"},{"@type":"BreadcrumbList","@id":"https:\/\/portaltela.pt\/noticias\/2026\/02\/23\/autarca-de-alcacer-do-sal-denuncia-burocracia-nos-apoios-por-mau-tempo\/#breadcrumb","itemListElement":[{"@type":"ListItem","position":1,"name":"In\u00edcio","item":"https:\/\/portaltela.pt\/"},{"@type":"ListItem","position":2,"name":"Autarca de Alc\u00e1cer do Sal denuncia burocracia nos apoios por mau tempo"}]},{"@type":"WebSite","@id":"https:\/\/portaltela.pt\/#website","url":"https:\/\/portaltela.pt\/","name":"Portal Tela Portugal","description":"","potentialAction":[{"@type":"SearchAction","target":{"@type":"EntryPoint","urlTemplate":"https:\/\/portaltela.pt\/?s={search_term_string}"},"query-input":{"@type":"PropertyValueSpecification","valueRequired":true,"valueName":"search_term_string"}}],"inLanguage":"pt-PT"},{"@type":"Person","@id":"https:\/\/portaltela.pt\/#\/schema\/person\/c4278d4a6028830caff9ee44b42d32ed","name":"Telinha","image":{"@type":"ImageObject","inLanguage":"pt-PT","@id":"https:\/\/portaltela.pt\/s.01k8rhncp4jt1\/2025\/11\/talking-bot-125x125.png","url":"https:\/\/portaltela.pt\/s.01k8rhncp4jt1\/2025\/11\/talking-bot-125x125.png","contentUrl":"https:\/\/portaltela.pt\/s.01k8rhncp4jt1\/2025\/11\/talking-bot-125x125.png","caption":"Telinha"},"sameAs":["https:\/\/portaltela.pt\/"],"url":"https:\/\/portaltela.pt\/por\/367410592786\/"}]}},"_links":{"self":[{"href":"https:\/\/portaltela.pt\/api\/wp\/v2\/posts\/223360","targetHints":{"allow":["GET"]}}],"collection":[{"href":"https:\/\/portaltela.pt\/api\/wp\/v2\/posts"}],"about":[{"href":"https:\/\/portaltela.pt\/api\/wp\/v2\/types\/post"}],"author":[{"embeddable":true,"href":"https:\/\/portaltela.pt\/api\/wp\/v2\/users\/2"}],"replies":[{"embeddable":true,"href":"https:\/\/portaltela.pt\/api\/wp\/v2\/comments?post=223360"}],"version-history":[{"count":0,"href":"https:\/\/portaltela.pt\/api\/wp\/v2\/posts\/223360\/revisions"}],"wp:featuredmedia":[{"embeddable":true,"href":"https:\/\/portaltela.pt\/api\/wp\/v2\/media\/223363"}],"wp:attachment":[{"href":"https:\/\/portaltela.pt\/api\/wp\/v2\/media?parent=223360"}],"wp:term":[{"taxonomy":"category","embeddable":true,"href":"https:\/\/portaltela.pt\/api\/wp\/v2\/categories?post=223360"},{"taxonomy":"post_tag","embeddable":true,"href":"https:\/\/portaltela.pt\/api\/wp\/v2\/tags?post=223360"}],"curies":[{"name":"wp","href":"https:\/\/api.w.org\/{rel}","templated":true}]}}