{"id":223336,"date":"2026-02-23T16:31:54","date_gmt":"2026-02-23T19:31:54","guid":{"rendered":"https:\/\/portaltela.pt\/noticias\/2026\/02\/23\/lindsey-vonn-diz-que-o-cirurgiao-salvou-a-perna-abrindo-a-ferida-para-respirar\/"},"modified":"2026-02-23T16:31:54","modified_gmt":"2026-02-23T19:31:54","slug":"lindsey-vonn-diz-que-o-cirurgiao-salvou-a-perna-abrindo-a-ferida-para-respirar","status":"publish","type":"post","link":"https:\/\/portaltela.pt\/desporto\/2026\/02\/23\/lindsey-vonn-diz-que-o-cirurgiao-salvou-a-perna-abrindo-a-ferida-para-respirar\/","title":{"rendered":"Lindsey Vonn diz que o cirurgi\u00e3o salvou a perna abrindo a ferida para respirar"},"content":{"rendered":"<p>Lindsey Vonn, esquiadora norte-americana, foi gravemente lesionada num acidente durante os Jogos Ol\u00edmpicos de Inverno Mil\u00e3o-Cortina 2026. O incidente ocorreu a 8 de fevereiro, em Cortina d\u2019Ampezzo, ap\u00f3s tocar numa porta e sair de trajet\u00f3ria 13 segundos ap\u00f3s o in\u00edcio da descida. A les\u00e3o evoluiu para uma fratura complexa da t\u00edbia, entre outras les\u00f5es, levando a uma interven\u00e7\u00e3o de urg\u00eancia.<\/p>\n<p>A atleta, de 41 anos, sofreu epis\u00f3dios de s\u00edndrome compartimental na perna esquerda, situa\u00e7\u00e3o que aumenta a press\u00e3o interior do m\u00fasculo e pode comprometer o fluxo sangu\u00edneo. A equipa m\u00e9dica descreveu a gravidade como extrema, com risco de perda de  fun\u00e7\u00e3o da perna.<\/p>\n<h3>Cirurgia decisiva salvou a perna<\/h3>\n<p>O cirurgi\u00e3o ortop\u00e9dico Tom Hackett, que acompanha a equipa dos EUA, realizou uma fasciotomia ao longo da perna afetada. A interven\u00e7\u00e3o permitiu que a perna \u201crespirasse\u201d e foi apontada como crucial para evitar a amputa\u00e7\u00e3o. Hackett esteve em Cortina porque Vonn j\u00e1 estava a competir, numa altura em que se previa a recupera\u00e7\u00e3o do ligamento cruzado anterior, operado pouco antes.<\/p>\n<p>A balan\u00e7a de danos incluiu uma fratura tamb\u00e9m no tornozelo direito. Ap\u00f3s cirurgia, Vonn recebeu alta hospitalar e iniciou a reabilita\u00e7\u00e3o, com objetivos de mobilidade gradual e uso de muletas. A estimativa aponta para cerca de um ano at\u00e9 \u00e0 consolida\u00e7\u00e3o dos ossos da perna esquerda, antes de tratar o ligamento.<\/p>\n<h3>Estado atual e perspetivas<\/h3>\n<p>Presentemente em cadeira de rodas, Vonn concentra-se na recupera\u00e7\u00e3o e no fortalecimento. A atleta afirmou estar determinada a seguir em frente, reconhecendo o longo caminho pela frente, sem apontar para um desfecho espec\u00edfico. A equipa m\u00e9dica mant\u00e9m o plano de reabilita\u00e7\u00e3o para devolver for\u00e7a e mobilidade na perna afetada.<\/p>\n","protected":false},"excerpt":{"rendered":"<ul>\n<li>Lindsey Vonn sofreu uma grave les\u00e3o na perna esquerda ap\u00f3s uma queda nos Jogos Ol\u00edmpicos de Inverno Mil\u00e3o-Cortina&#8217;2026, perto de perder a perna.<\/li>\n<li>A atleta passou por v\u00e1rias cirurgias, incluindo uma fasciotomia para tratar a s\u00edndrome compartimental.<\/li>\n<li>O cirurgi\u00e3o ortop\u00e9dico Tom Hackett realizou o procedimento que, segundo ela, salvou-lhe a perna.<\/li>\n<li>Vonn j\u00e1 recebeu alta e est\u00e1 em reabilita\u00e7\u00e3o, com previs\u00e3o de cerca de um ano para a consolida\u00e7\u00e3o dos ossos da perna esquerda.<\/li>\n<li>Continua em cadeira de rodas, planeando evoluir para muletas, ap\u00f3s regressar de uma temporada que incluiu volta \u00e0s competi\u00e7\u00f5es ap\u00f3s seis anos.<\/li>\n<\/ul>\n","protected":false},"author":2,"featured_media":223340,"comment_status":"closed","ping_status":"closed","sticky":false,"template":"","format":"standard","meta":{"footnotes":""},"categories":[21],"tags":[60,1857,2538,84,4719,1899],"class_list":["post-223336","post","type-post","status-publish","format-standard","has-post-thumbnail","hentry","category-desporto","tag-esportes","tag-italia","tag-lesoes","tag-olimpiadas","tag-ortopedia","tag-urgencias"],"yoast_head":"<!-- This site is optimized with the Yoast SEO plugin v27.2 - https:\/\/yoast.com\/product\/yoast-seo-wordpress\/ -->\n<title>Lindsey Vonn diz que o cirurgi\u00e3o salvou a perna abrindo a ferida para respirar - Portal Tela Portugal<\/title>\n<meta name=\"robots\" content=\"index, follow, max-snippet:-1, max-image-preview:large, max-video-preview:-1\" \/>\n<meta property=\"og:locale\" content=\"pt_PT\" \/>\n<meta property=\"og:type\" content=\"article\" \/>\n<meta property=\"og:title\" content=\"Lindsey Vonn diz que o cirurgi\u00e3o salvou a perna abrindo a ferida para respirar - Portal Tela Portugal\" \/>\n<meta property=\"og:description\" content=\"Lindsey Vonn sofreu uma grave les\u00e3o na perna esquerda ap\u00f3s uma queda nos Jogos Ol\u00edmpicos de Inverno Mil\u00e3o-Cortina&#039;2026, perto de perder a perna. A atleta passou por v\u00e1rias cirurgias, incluindo uma fasciotomia para tratar a s\u00edndrome compartimental. O cirurgi\u00e3o ortop\u00e9dico Tom Hackett realizou o procedimento que, segundo ela, salvou-lhe a perna. Vonn j\u00e1 recebeu alta e est\u00e1 em reabilita\u00e7\u00e3o, com previs\u00e3o de cerca de um ano para a consolida\u00e7\u00e3o dos ossos da perna esquerda. Continua em cadeira de rodas, planeando evoluir para muletas, ap\u00f3s regressar de uma temporada que incluiu volta \u00e0s competi\u00e7\u00f5es ap\u00f3s seis anos.\" \/>\n<meta property=\"og:url\" content=\"https:\/\/portaltela.pt\/noticias\/2026\/02\/23\/lindsey-vonn-diz-que-o-cirurgiao-salvou-a-perna-abrindo-a-ferida-para-respirar\/\" \/>\n<meta property=\"og:site_name\" content=\"Portal Tela Portugal\" \/>\n<meta property=\"article:published_time\" content=\"2026-02-23T19:31:54+00:00\" \/>\n<meta name=\"author\" content=\"Telinha\" \/>\n<meta name=\"twitter:card\" content=\"summary_large_image\" \/>\n<meta name=\"twitter:label1\" content=\"Escrito por\" \/>\n\t<meta name=\"twitter:data1\" content=\"Telinha\" \/>\n\t<meta name=\"twitter:label2\" content=\"Tempo estimado de leitura\" \/>\n\t<meta name=\"twitter:data2\" content=\"2 minutos\" \/>\n<script type=\"application\/ld+json\" class=\"yoast-schema-graph\">{\"@context\":\"https:\/\/schema.org\",\"@graph\":[{\"@type\":\"Article\",\"@id\":\"https:\/\/portaltela.pt\/noticias\/2026\/02\/23\/lindsey-vonn-diz-que-o-cirurgiao-salvou-a-perna-abrindo-a-ferida-para-respirar\/#article\",\"isPartOf\":{\"@id\":\"https:\/\/portaltela.pt\/noticias\/2026\/02\/23\/lindsey-vonn-diz-que-o-cirurgiao-salvou-a-perna-abrindo-a-ferida-para-respirar\/\"},\"author\":{\"name\":\"Telinha\",\"@id\":\"https:\/\/portaltela.pt\/#\/schema\/person\/c4278d4a6028830caff9ee44b42d32ed\"},\"headline\":\"Lindsey Vonn diz que o cirurgi\u00e3o salvou a perna abrindo a ferida para respirar\",\"datePublished\":\"2026-02-23T19:31:54+00:00\",\"mainEntityOfPage\":{\"@id\":\"https:\/\/portaltela.pt\/noticias\/2026\/02\/23\/lindsey-vonn-diz-que-o-cirurgiao-salvou-a-perna-abrindo-a-ferida-para-respirar\/\"},\"wordCount\":318,\"image\":{\"@id\":\"https:\/\/portaltela.pt\/noticias\/2026\/02\/23\/lindsey-vonn-diz-que-o-cirurgiao-salvou-a-perna-abrindo-a-ferida-para-respirar\/#primaryimage\"},\"thumbnailUrl\":\"https:\/\/portaltela.pt\/s.01k8rhncp4jt1\/2026\/02\/img_920x518uu2026-02-23-19-31-44-2423338.jpg\",\"keywords\":[\"esportes\",\"It\u00e1lia\",\"les\u00f5es\",\"olimp\u00edadas\",\"ortopedia\",\"urg\u00eancias\"],\"articleSection\":[\"Desporto\"],\"inLanguage\":\"pt-PT\"},{\"@type\":\"WebPage\",\"@id\":\"https:\/\/portaltela.pt\/noticias\/2026\/02\/23\/lindsey-vonn-diz-que-o-cirurgiao-salvou-a-perna-abrindo-a-ferida-para-respirar\/\",\"url\":\"https:\/\/portaltela.pt\/noticias\/2026\/02\/23\/lindsey-vonn-diz-que-o-cirurgiao-salvou-a-perna-abrindo-a-ferida-para-respirar\/\",\"name\":\"Lindsey Vonn diz que o cirurgi\u00e3o salvou a perna abrindo a ferida para respirar - Portal Tela Portugal\",\"isPartOf\":{\"@id\":\"https:\/\/portaltela.pt\/#website\"},\"primaryImageOfPage\":{\"@id\":\"https:\/\/portaltela.pt\/noticias\/2026\/02\/23\/lindsey-vonn-diz-que-o-cirurgiao-salvou-a-perna-abrindo-a-ferida-para-respirar\/#primaryimage\"},\"image\":{\"@id\":\"https:\/\/portaltela.pt\/noticias\/2026\/02\/23\/lindsey-vonn-diz-que-o-cirurgiao-salvou-a-perna-abrindo-a-ferida-para-respirar\/#primaryimage\"},\"thumbnailUrl\":\"https:\/\/portaltela.pt\/s.01k8rhncp4jt1\/2026\/02\/img_920x518uu2026-02-23-19-31-44-2423338.jpg\",\"datePublished\":\"2026-02-23T19:31:54+00:00\",\"author\":{\"@id\":\"https:\/\/portaltela.pt\/#\/schema\/person\/c4278d4a6028830caff9ee44b42d32ed\"},\"breadcrumb\":{\"@id\":\"https:\/\/portaltela.pt\/noticias\/2026\/02\/23\/lindsey-vonn-diz-que-o-cirurgiao-salvou-a-perna-abrindo-a-ferida-para-respirar\/#breadcrumb\"},\"inLanguage\":\"pt-PT\",\"potentialAction\":[{\"@type\":\"ReadAction\",\"target\":[\"https:\/\/portaltela.pt\/noticias\/2026\/02\/23\/lindsey-vonn-diz-que-o-cirurgiao-salvou-a-perna-abrindo-a-ferida-para-respirar\/\"]}]},{\"@type\":\"ImageObject\",\"inLanguage\":\"pt-PT\",\"@id\":\"https:\/\/portaltela.pt\/noticias\/2026\/02\/23\/lindsey-vonn-diz-que-o-cirurgiao-salvou-a-perna-abrindo-a-ferida-para-respirar\/#primaryimage\",\"url\":\"https:\/\/portaltela.pt\/s.01k8rhncp4jt1\/2026\/02\/img_920x518uu2026-02-23-19-31-44-2423338.jpg\",\"contentUrl\":\"https:\/\/portaltela.pt\/s.01k8rhncp4jt1\/2026\/02\/img_920x518uu2026-02-23-19-31-44-2423338.jpg\",\"width\":796,\"height\":448,\"caption\":\"Lindsey Vonn foi j\u00e1 submetida a v\u00e1rias cirurgias \u00e0 perna\"},{\"@type\":\"BreadcrumbList\",\"@id\":\"https:\/\/portaltela.pt\/noticias\/2026\/02\/23\/lindsey-vonn-diz-que-o-cirurgiao-salvou-a-perna-abrindo-a-ferida-para-respirar\/#breadcrumb\",\"itemListElement\":[{\"@type\":\"ListItem\",\"position\":1,\"name\":\"In\u00edcio\",\"item\":\"https:\/\/portaltela.pt\/\"},{\"@type\":\"ListItem\",\"position\":2,\"name\":\"Lindsey Vonn diz que o cirurgi\u00e3o salvou a perna abrindo a ferida para respirar\"}]},{\"@type\":\"WebSite\",\"@id\":\"https:\/\/portaltela.pt\/#website\",\"url\":\"https:\/\/portaltela.pt\/\",\"name\":\"Portal Tela Portugal\",\"description\":\"\",\"potentialAction\":[{\"@type\":\"SearchAction\",\"target\":{\"@type\":\"EntryPoint\",\"urlTemplate\":\"https:\/\/portaltela.pt\/?s={search_term_string}\"},\"query-input\":{\"@type\":\"PropertyValueSpecification\",\"valueRequired\":true,\"valueName\":\"search_term_string\"}}],\"inLanguage\":\"pt-PT\"},{\"@type\":\"Person\",\"@id\":\"https:\/\/portaltela.pt\/#\/schema\/person\/c4278d4a6028830caff9ee44b42d32ed\",\"name\":\"Telinha\",\"image\":{\"@type\":\"ImageObject\",\"inLanguage\":\"pt-PT\",\"@id\":\"https:\/\/portaltela.pt\/s.01k8rhncp4jt1\/2025\/11\/talking-bot-125x125.png\",\"url\":\"https:\/\/portaltela.pt\/s.01k8rhncp4jt1\/2025\/11\/talking-bot-125x125.png\",\"contentUrl\":\"https:\/\/portaltela.pt\/s.01k8rhncp4jt1\/2025\/11\/talking-bot-125x125.png\",\"caption\":\"Telinha\"},\"sameAs\":[\"https:\/\/portaltela.pt\/\"],\"url\":\"https:\/\/portaltela.pt\/por\/367410592786\/\"}]}<\/script>\n<!-- \/ Yoast SEO plugin. -->","yoast_head_json":{"title":"Lindsey Vonn diz que o cirurgi\u00e3o salvou a perna abrindo a ferida para respirar - Portal Tela Portugal","robots":{"index":"index","follow":"follow","max-snippet":"max-snippet:-1","max-image-preview":"max-image-preview:large","max-video-preview":"max-video-preview:-1"},"og_locale":"pt_PT","og_type":"article","og_title":"Lindsey Vonn diz que o cirurgi\u00e3o salvou a perna abrindo a ferida para respirar - Portal Tela Portugal","og_description":"Lindsey Vonn sofreu uma grave les\u00e3o na perna esquerda ap\u00f3s uma queda nos Jogos Ol\u00edmpicos de Inverno Mil\u00e3o-Cortina'2026, perto de perder a perna. A atleta passou por v\u00e1rias cirurgias, incluindo uma fasciotomia para tratar a s\u00edndrome compartimental. O cirurgi\u00e3o ortop\u00e9dico Tom Hackett realizou o procedimento que, segundo ela, salvou-lhe a perna. Vonn j\u00e1 recebeu alta e est\u00e1 em reabilita\u00e7\u00e3o, com previs\u00e3o de cerca de um ano para a consolida\u00e7\u00e3o dos ossos da perna esquerda. Continua em cadeira de rodas, planeando evoluir para muletas, ap\u00f3s regressar de uma temporada que incluiu volta \u00e0s competi\u00e7\u00f5es ap\u00f3s seis anos.","og_url":"https:\/\/portaltela.pt\/noticias\/2026\/02\/23\/lindsey-vonn-diz-que-o-cirurgiao-salvou-a-perna-abrindo-a-ferida-para-respirar\/","og_site_name":"Portal Tela Portugal","article_published_time":"2026-02-23T19:31:54+00:00","author":"Telinha","twitter_card":"summary_large_image","twitter_misc":{"Escrito por":"Telinha","Tempo estimado de leitura":"2 minutos"},"schema":{"@context":"https:\/\/schema.org","@graph":[{"@type":"Article","@id":"https:\/\/portaltela.pt\/noticias\/2026\/02\/23\/lindsey-vonn-diz-que-o-cirurgiao-salvou-a-perna-abrindo-a-ferida-para-respirar\/#article","isPartOf":{"@id":"https:\/\/portaltela.pt\/noticias\/2026\/02\/23\/lindsey-vonn-diz-que-o-cirurgiao-salvou-a-perna-abrindo-a-ferida-para-respirar\/"},"author":{"name":"Telinha","@id":"https:\/\/portaltela.pt\/#\/schema\/person\/c4278d4a6028830caff9ee44b42d32ed"},"headline":"Lindsey Vonn diz que o cirurgi\u00e3o salvou a perna abrindo a ferida para respirar","datePublished":"2026-02-23T19:31:54+00:00","mainEntityOfPage":{"@id":"https:\/\/portaltela.pt\/noticias\/2026\/02\/23\/lindsey-vonn-diz-que-o-cirurgiao-salvou-a-perna-abrindo-a-ferida-para-respirar\/"},"wordCount":318,"image":{"@id":"https:\/\/portaltela.pt\/noticias\/2026\/02\/23\/lindsey-vonn-diz-que-o-cirurgiao-salvou-a-perna-abrindo-a-ferida-para-respirar\/#primaryimage"},"thumbnailUrl":"https:\/\/portaltela.pt\/s.01k8rhncp4jt1\/2026\/02\/img_920x518uu2026-02-23-19-31-44-2423338.jpg","keywords":["esportes","It\u00e1lia","les\u00f5es","olimp\u00edadas","ortopedia","urg\u00eancias"],"articleSection":["Desporto"],"inLanguage":"pt-PT"},{"@type":"WebPage","@id":"https:\/\/portaltela.pt\/noticias\/2026\/02\/23\/lindsey-vonn-diz-que-o-cirurgiao-salvou-a-perna-abrindo-a-ferida-para-respirar\/","url":"https:\/\/portaltela.pt\/noticias\/2026\/02\/23\/lindsey-vonn-diz-que-o-cirurgiao-salvou-a-perna-abrindo-a-ferida-para-respirar\/","name":"Lindsey Vonn diz que o cirurgi\u00e3o salvou a perna abrindo a ferida para respirar - Portal Tela Portugal","isPartOf":{"@id":"https:\/\/portaltela.pt\/#website"},"primaryImageOfPage":{"@id":"https:\/\/portaltela.pt\/noticias\/2026\/02\/23\/lindsey-vonn-diz-que-o-cirurgiao-salvou-a-perna-abrindo-a-ferida-para-respirar\/#primaryimage"},"image":{"@id":"https:\/\/portaltela.pt\/noticias\/2026\/02\/23\/lindsey-vonn-diz-que-o-cirurgiao-salvou-a-perna-abrindo-a-ferida-para-respirar\/#primaryimage"},"thumbnailUrl":"https:\/\/portaltela.pt\/s.01k8rhncp4jt1\/2026\/02\/img_920x518uu2026-02-23-19-31-44-2423338.jpg","datePublished":"2026-02-23T19:31:54+00:00","author":{"@id":"https:\/\/portaltela.pt\/#\/schema\/person\/c4278d4a6028830caff9ee44b42d32ed"},"breadcrumb":{"@id":"https:\/\/portaltela.pt\/noticias\/2026\/02\/23\/lindsey-vonn-diz-que-o-cirurgiao-salvou-a-perna-abrindo-a-ferida-para-respirar\/#breadcrumb"},"inLanguage":"pt-PT","potentialAction":[{"@type":"ReadAction","target":["https:\/\/portaltela.pt\/noticias\/2026\/02\/23\/lindsey-vonn-diz-que-o-cirurgiao-salvou-a-perna-abrindo-a-ferida-para-respirar\/"]}]},{"@type":"ImageObject","inLanguage":"pt-PT","@id":"https:\/\/portaltela.pt\/noticias\/2026\/02\/23\/lindsey-vonn-diz-que-o-cirurgiao-salvou-a-perna-abrindo-a-ferida-para-respirar\/#primaryimage","url":"https:\/\/portaltela.pt\/s.01k8rhncp4jt1\/2026\/02\/img_920x518uu2026-02-23-19-31-44-2423338.jpg","contentUrl":"https:\/\/portaltela.pt\/s.01k8rhncp4jt1\/2026\/02\/img_920x518uu2026-02-23-19-31-44-2423338.jpg","width":796,"height":448,"caption":"Lindsey Vonn foi j\u00e1 submetida a v\u00e1rias cirurgias \u00e0 perna"},{"@type":"BreadcrumbList","@id":"https:\/\/portaltela.pt\/noticias\/2026\/02\/23\/lindsey-vonn-diz-que-o-cirurgiao-salvou-a-perna-abrindo-a-ferida-para-respirar\/#breadcrumb","itemListElement":[{"@type":"ListItem","position":1,"name":"In\u00edcio","item":"https:\/\/portaltela.pt\/"},{"@type":"ListItem","position":2,"name":"Lindsey Vonn diz que o cirurgi\u00e3o salvou a perna abrindo a ferida para respirar"}]},{"@type":"WebSite","@id":"https:\/\/portaltela.pt\/#website","url":"https:\/\/portaltela.pt\/","name":"Portal Tela Portugal","description":"","potentialAction":[{"@type":"SearchAction","target":{"@type":"EntryPoint","urlTemplate":"https:\/\/portaltela.pt\/?s={search_term_string}"},"query-input":{"@type":"PropertyValueSpecification","valueRequired":true,"valueName":"search_term_string"}}],"inLanguage":"pt-PT"},{"@type":"Person","@id":"https:\/\/portaltela.pt\/#\/schema\/person\/c4278d4a6028830caff9ee44b42d32ed","name":"Telinha","image":{"@type":"ImageObject","inLanguage":"pt-PT","@id":"https:\/\/portaltela.pt\/s.01k8rhncp4jt1\/2025\/11\/talking-bot-125x125.png","url":"https:\/\/portaltela.pt\/s.01k8rhncp4jt1\/2025\/11\/talking-bot-125x125.png","contentUrl":"https:\/\/portaltela.pt\/s.01k8rhncp4jt1\/2025\/11\/talking-bot-125x125.png","caption":"Telinha"},"sameAs":["https:\/\/portaltela.pt\/"],"url":"https:\/\/portaltela.pt\/por\/367410592786\/"}]}},"_links":{"self":[{"href":"https:\/\/portaltela.pt\/api\/wp\/v2\/posts\/223336","targetHints":{"allow":["GET"]}}],"collection":[{"href":"https:\/\/portaltela.pt\/api\/wp\/v2\/posts"}],"about":[{"href":"https:\/\/portaltela.pt\/api\/wp\/v2\/types\/post"}],"author":[{"embeddable":true,"href":"https:\/\/portaltela.pt\/api\/wp\/v2\/users\/2"}],"replies":[{"embeddable":true,"href":"https:\/\/portaltela.pt\/api\/wp\/v2\/comments?post=223336"}],"version-history":[{"count":0,"href":"https:\/\/portaltela.pt\/api\/wp\/v2\/posts\/223336\/revisions"}],"wp:featuredmedia":[{"embeddable":true,"href":"https:\/\/portaltela.pt\/api\/wp\/v2\/media\/223340"}],"wp:attachment":[{"href":"https:\/\/portaltela.pt\/api\/wp\/v2\/media?parent=223336"}],"wp:term":[{"taxonomy":"category","embeddable":true,"href":"https:\/\/portaltela.pt\/api\/wp\/v2\/categories?post=223336"},{"taxonomy":"post_tag","embeddable":true,"href":"https:\/\/portaltela.pt\/api\/wp\/v2\/tags?post=223336"}],"curies":[{"name":"wp","href":"https:\/\/api.w.org\/{rel}","templated":true}]}}