{"id":223334,"date":"2026-02-23T16:27:00","date_gmt":"2026-02-23T19:27:00","guid":{"rendered":"https:\/\/portaltela.pt\/noticias\/2026\/02\/23\/alfandega-da-fe-constroi-praia-nos-lagos-do-sabor\/"},"modified":"2026-02-23T16:27:00","modified_gmt":"2026-02-23T19:27:00","slug":"alfandega-da-fe-constroi-praia-nos-lagos-do-sabor","status":"publish","type":"post","link":"https:\/\/portaltela.pt\/noticias\/2026\/02\/23\/alfandega-da-fe-constroi-praia-nos-lagos-do-sabor\/","title":{"rendered":"Alf\u00e2ndega da F\u00e9 constr\u00f3i praia nos Lagos do Sabor"},"content":{"rendered":"<p>A C\u00e2mara de Alf\u00e2ndega da F\u00e9 anunciou a constru\u00e7\u00e3o de uma nova praia fluvial em Santo Ant\u00e3o da Barca, integrada nos Lagos do Sabor. A obra, que j\u00e1 come\u00e7ou h\u00e1 cerca de tr\u00eas meses, dever\u00e1 ficar pronta no Ver\u00e3o de 2027, com acessos desde o santu\u00e1rio at\u00e9 \u00e0 praia, al\u00e9m de uma piscina flutuante e um ancoradouro para barcos. O objetivo \u00e9 dinamizar o turismo e ampliar as atividades n\u00e1uticas na regi\u00e3o.<\/p>\n<p>A praia deve designar-se Santo Ant\u00e3o da Barca, em honra do santu\u00e1rio que ficava na margem direita do rio. A capela foi trasladada quase na \u00edntegra ap\u00f3s a submers\u00e3o causada pela barragem do Baixo Sabor, inaugurada em 2016. O novo edif\u00edcio encontra-se numa encosta, oferecendo vistas aos lagos e \u00e0s montanhas.<\/p>\n<p>A obra \u00e9 financiada sobretudo pela Movhera, que contribui com 750 mil euros como contrapartida ambiental, sendo o restante assegurado pelo munic\u00edpio, num total de 900 mil euros. O cais da praia est\u00e1 previsto para ficar conclu\u00eddo em etapa posterior.<\/p>\n<h3>Detalhes do projeto<\/h3>\n<p>Segundo o presidente da C\u00e2mara de Alf\u00e2ndega da F\u00e9, Eduardo Tavares, o interesse \u00e9 expandir infraestruturas de apoio ao turismo e ao usufruto da \u00e1gua nos Lagos do Sabor, que se estendem por cinco concelhos. A iniciativa surge no \u00e2mbito de um plano regional de desenvolvimento socioecon\u00f3mico dos munic\u00edpios envolvidos.<\/p>\n<p>O projeto foi reivindicado h\u00e1 cerca de uma d\u00e9cada, com licenciamento pendente na Ag\u00eancia Portuguesa do Ambiente desde 2016. A mudan\u00e7a de explora\u00e7\u00e3o hidroel\u00e9ctrica da EDP para a Movhera, aliada a ajustes de custos, prolongou o processo, que j\u00e1 contemplava investimentos iniciais de at\u00e9 400 mil euros.<\/p>\n","protected":false},"excerpt":{"rendered":"<ul>\n<li>A praia fluvial de Santo Ant\u00e3o da Barca, no concelho de Alf\u00e2ndega da F\u00e9, est\u00e1 a ser constru\u00edda e dever\u00e1 ficar pronta no ver\u00e3o de 2027, com o cais a ficar para uma fase posterior.<\/li>\n<li>O projecto inclui acessos desde o santu\u00e1rio at\u00e9 \u00e0 praia, uma piscina flutuante e um ancoradouro para barcos.<\/li>\n<li>O custo da obra \u00e9 de 900 mil euros, sendo 750 mil euros financiados pela Movhera como contrapartida ambiental pela barragem do Baixo Sabor, e o restante pelo munic\u00edpio.<\/li>\n<li>A iniciativa faz parte de um plano de desenvolvimento dos Lagos do Sabor, que abrange os munic\u00edpios de Alf\u00e2ndega da F\u00e9, Torre de Moncorvo, Macedo de Cavaleiros e Mogadouro, visando turismo e atividades n\u00e1uticas.<\/li>\n<li>Os Lagos do Sabor resultam da barragem do Baixo Sabor, que est\u00e1 em funcionamento desde 2016, ao longo de cerca de setenta quil\u00f4metros.<\/li>\n<\/ul>\n","protected":false},"author":2,"featured_media":223337,"comment_status":"closed","ping_status":"closed","sticky":false,"template":"","format":"standard","meta":{"footnotes":""},"categories":[1],"tags":[1090,2231,167,1409,1615,169],"class_list":["post-223334","post","type-post","status-publish","format-standard","has-post-thumbnail","hentry","category-noticias","tag-agua","tag-alfandega","tag-ambiente","tag-desenvolvimento-regional","tag-infraestrutura","tag-turismo"],"yoast_head":"<!-- This site is optimized with the Yoast SEO plugin v27.2 - https:\/\/yoast.com\/product\/yoast-seo-wordpress\/ -->\n<title>Alf\u00e2ndega da F\u00e9 constr\u00f3i praia nos Lagos do Sabor - Portal Tela Portugal<\/title>\n<meta name=\"robots\" content=\"index, follow, max-snippet:-1, max-image-preview:large, max-video-preview:-1\" \/>\n<meta property=\"og:locale\" content=\"pt_PT\" \/>\n<meta property=\"og:type\" content=\"article\" \/>\n<meta property=\"og:title\" content=\"Alf\u00e2ndega da F\u00e9 constr\u00f3i praia nos Lagos do Sabor - Portal Tela Portugal\" \/>\n<meta property=\"og:description\" content=\"A praia fluvial de Santo Ant\u00e3o da Barca, no concelho de Alf\u00e2ndega da F\u00e9, est\u00e1 a ser constru\u00edda e dever\u00e1 ficar pronta no ver\u00e3o de 2027, com o cais a ficar para uma fase posterior. O projecto inclui acessos desde o santu\u00e1rio at\u00e9 \u00e0 praia, uma piscina flutuante e um ancoradouro para barcos. O custo da obra \u00e9 de 900 mil euros, sendo 750 mil euros financiados pela Movhera como contrapartida ambiental pela barragem do Baixo Sabor, e o restante pelo munic\u00edpio. A iniciativa faz parte de um plano de desenvolvimento dos Lagos do Sabor, que abrange os munic\u00edpios de Alf\u00e2ndega da F\u00e9, Torre de Moncorvo, Macedo de Cavaleiros e Mogadouro, visando turismo e atividades n\u00e1uticas. Os Lagos do Sabor resultam da barragem do Baixo Sabor, que est\u00e1 em funcionamento desde 2016, ao longo de cerca de setenta quil\u00f4metros.\" \/>\n<meta property=\"og:url\" content=\"https:\/\/portaltela.pt\/noticias\/2026\/02\/23\/alfandega-da-fe-constroi-praia-nos-lagos-do-sabor\/\" \/>\n<meta property=\"og:site_name\" content=\"Portal Tela Portugal\" \/>\n<meta property=\"article:published_time\" content=\"2026-02-23T19:27:00+00:00\" \/>\n<meta name=\"author\" content=\"Telinha\" \/>\n<meta name=\"twitter:card\" content=\"summary_large_image\" \/>\n<meta name=\"twitter:label1\" content=\"Escrito por\" \/>\n\t<meta name=\"twitter:data1\" content=\"Telinha\" \/>\n\t<meta name=\"twitter:label2\" content=\"Tempo estimado de leitura\" \/>\n\t<meta name=\"twitter:data2\" content=\"1 minuto\" \/>\n<script type=\"application\/ld+json\" class=\"yoast-schema-graph\">{\"@context\":\"https:\/\/schema.org\",\"@graph\":[{\"@type\":\"Article\",\"@id\":\"https:\/\/portaltela.pt\/noticias\/2026\/02\/23\/alfandega-da-fe-constroi-praia-nos-lagos-do-sabor\/#article\",\"isPartOf\":{\"@id\":\"https:\/\/portaltela.pt\/noticias\/2026\/02\/23\/alfandega-da-fe-constroi-praia-nos-lagos-do-sabor\/\"},\"author\":{\"name\":\"Telinha\",\"@id\":\"https:\/\/portaltela.pt\/#\/schema\/person\/c4278d4a6028830caff9ee44b42d32ed\"},\"headline\":\"Alf\u00e2ndega da F\u00e9 constr\u00f3i praia nos Lagos do Sabor\",\"datePublished\":\"2026-02-23T19:27:00+00:00\",\"mainEntityOfPage\":{\"@id\":\"https:\/\/portaltela.pt\/noticias\/2026\/02\/23\/alfandega-da-fe-constroi-praia-nos-lagos-do-sabor\/\"},\"wordCount\":291,\"image\":{\"@id\":\"https:\/\/portaltela.pt\/noticias\/2026\/02\/23\/alfandega-da-fe-constroi-praia-nos-lagos-do-sabor\/#primaryimage\"},\"thumbnailUrl\":\"https:\/\/portaltela.pt\/s.01k8rhncp4jt1\/2026\/02\/2069244.jpg\",\"keywords\":[\"\u00e1gua\",\"Alf\u00e2ndega\",\"ambiente\",\"desenvolvimento regional\",\"infraestrutura\",\"turismo\"],\"articleSection\":[\"Not\u00edcias\"],\"inLanguage\":\"pt-PT\"},{\"@type\":\"WebPage\",\"@id\":\"https:\/\/portaltela.pt\/noticias\/2026\/02\/23\/alfandega-da-fe-constroi-praia-nos-lagos-do-sabor\/\",\"url\":\"https:\/\/portaltela.pt\/noticias\/2026\/02\/23\/alfandega-da-fe-constroi-praia-nos-lagos-do-sabor\/\",\"name\":\"Alf\u00e2ndega da F\u00e9 constr\u00f3i praia nos Lagos do Sabor - Portal Tela Portugal\",\"isPartOf\":{\"@id\":\"https:\/\/portaltela.pt\/#website\"},\"primaryImageOfPage\":{\"@id\":\"https:\/\/portaltela.pt\/noticias\/2026\/02\/23\/alfandega-da-fe-constroi-praia-nos-lagos-do-sabor\/#primaryimage\"},\"image\":{\"@id\":\"https:\/\/portaltela.pt\/noticias\/2026\/02\/23\/alfandega-da-fe-constroi-praia-nos-lagos-do-sabor\/#primaryimage\"},\"thumbnailUrl\":\"https:\/\/portaltela.pt\/s.01k8rhncp4jt1\/2026\/02\/2069244.jpg\",\"datePublished\":\"2026-02-23T19:27:00+00:00\",\"author\":{\"@id\":\"https:\/\/portaltela.pt\/#\/schema\/person\/c4278d4a6028830caff9ee44b42d32ed\"},\"breadcrumb\":{\"@id\":\"https:\/\/portaltela.pt\/noticias\/2026\/02\/23\/alfandega-da-fe-constroi-praia-nos-lagos-do-sabor\/#breadcrumb\"},\"inLanguage\":\"pt-PT\",\"potentialAction\":[{\"@type\":\"ReadAction\",\"target\":[\"https:\/\/portaltela.pt\/noticias\/2026\/02\/23\/alfandega-da-fe-constroi-praia-nos-lagos-do-sabor\/\"]}]},{\"@type\":\"ImageObject\",\"inLanguage\":\"pt-PT\",\"@id\":\"https:\/\/portaltela.pt\/noticias\/2026\/02\/23\/alfandega-da-fe-constroi-praia-nos-lagos-do-sabor\/#primaryimage\",\"url\":\"https:\/\/portaltela.pt\/s.01k8rhncp4jt1\/2026\/02\/2069244.jpg\",\"contentUrl\":\"https:\/\/portaltela.pt\/s.01k8rhncp4jt1\/2026\/02\/2069244.jpg\",\"width\":796,\"height\":448,\"caption\":\"H\u00e1 uma d\u00e9cada que o projecto da praia de Alf\u00e2ndega da F\u00e9 nos Lagos do Sabor \u00e9 reivindicado\"},{\"@type\":\"BreadcrumbList\",\"@id\":\"https:\/\/portaltela.pt\/noticias\/2026\/02\/23\/alfandega-da-fe-constroi-praia-nos-lagos-do-sabor\/#breadcrumb\",\"itemListElement\":[{\"@type\":\"ListItem\",\"position\":1,\"name\":\"In\u00edcio\",\"item\":\"https:\/\/portaltela.pt\/\"},{\"@type\":\"ListItem\",\"position\":2,\"name\":\"Alf\u00e2ndega da F\u00e9 constr\u00f3i praia nos Lagos do Sabor\"}]},{\"@type\":\"WebSite\",\"@id\":\"https:\/\/portaltela.pt\/#website\",\"url\":\"https:\/\/portaltela.pt\/\",\"name\":\"Portal Tela Portugal\",\"description\":\"\",\"potentialAction\":[{\"@type\":\"SearchAction\",\"target\":{\"@type\":\"EntryPoint\",\"urlTemplate\":\"https:\/\/portaltela.pt\/?s={search_term_string}\"},\"query-input\":{\"@type\":\"PropertyValueSpecification\",\"valueRequired\":true,\"valueName\":\"search_term_string\"}}],\"inLanguage\":\"pt-PT\"},{\"@type\":\"Person\",\"@id\":\"https:\/\/portaltela.pt\/#\/schema\/person\/c4278d4a6028830caff9ee44b42d32ed\",\"name\":\"Telinha\",\"image\":{\"@type\":\"ImageObject\",\"inLanguage\":\"pt-PT\",\"@id\":\"https:\/\/portaltela.pt\/s.01k8rhncp4jt1\/2025\/11\/talking-bot-125x125.png\",\"url\":\"https:\/\/portaltela.pt\/s.01k8rhncp4jt1\/2025\/11\/talking-bot-125x125.png\",\"contentUrl\":\"https:\/\/portaltela.pt\/s.01k8rhncp4jt1\/2025\/11\/talking-bot-125x125.png\",\"caption\":\"Telinha\"},\"sameAs\":[\"https:\/\/portaltela.pt\/\"],\"url\":\"https:\/\/portaltela.pt\/por\/367410592786\/\"}]}<\/script>\n<!-- \/ Yoast SEO plugin. -->","yoast_head_json":{"title":"Alf\u00e2ndega da F\u00e9 constr\u00f3i praia nos Lagos do Sabor - Portal Tela Portugal","robots":{"index":"index","follow":"follow","max-snippet":"max-snippet:-1","max-image-preview":"max-image-preview:large","max-video-preview":"max-video-preview:-1"},"og_locale":"pt_PT","og_type":"article","og_title":"Alf\u00e2ndega da F\u00e9 constr\u00f3i praia nos Lagos do Sabor - Portal Tela Portugal","og_description":"A praia fluvial de Santo Ant\u00e3o da Barca, no concelho de Alf\u00e2ndega da F\u00e9, est\u00e1 a ser constru\u00edda e dever\u00e1 ficar pronta no ver\u00e3o de 2027, com o cais a ficar para uma fase posterior. O projecto inclui acessos desde o santu\u00e1rio at\u00e9 \u00e0 praia, uma piscina flutuante e um ancoradouro para barcos. O custo da obra \u00e9 de 900 mil euros, sendo 750 mil euros financiados pela Movhera como contrapartida ambiental pela barragem do Baixo Sabor, e o restante pelo munic\u00edpio. A iniciativa faz parte de um plano de desenvolvimento dos Lagos do Sabor, que abrange os munic\u00edpios de Alf\u00e2ndega da F\u00e9, Torre de Moncorvo, Macedo de Cavaleiros e Mogadouro, visando turismo e atividades n\u00e1uticas. Os Lagos do Sabor resultam da barragem do Baixo Sabor, que est\u00e1 em funcionamento desde 2016, ao longo de cerca de setenta quil\u00f4metros.","og_url":"https:\/\/portaltela.pt\/noticias\/2026\/02\/23\/alfandega-da-fe-constroi-praia-nos-lagos-do-sabor\/","og_site_name":"Portal Tela Portugal","article_published_time":"2026-02-23T19:27:00+00:00","author":"Telinha","twitter_card":"summary_large_image","twitter_misc":{"Escrito por":"Telinha","Tempo estimado de leitura":"1 minuto"},"schema":{"@context":"https:\/\/schema.org","@graph":[{"@type":"Article","@id":"https:\/\/portaltela.pt\/noticias\/2026\/02\/23\/alfandega-da-fe-constroi-praia-nos-lagos-do-sabor\/#article","isPartOf":{"@id":"https:\/\/portaltela.pt\/noticias\/2026\/02\/23\/alfandega-da-fe-constroi-praia-nos-lagos-do-sabor\/"},"author":{"name":"Telinha","@id":"https:\/\/portaltela.pt\/#\/schema\/person\/c4278d4a6028830caff9ee44b42d32ed"},"headline":"Alf\u00e2ndega da F\u00e9 constr\u00f3i praia nos Lagos do Sabor","datePublished":"2026-02-23T19:27:00+00:00","mainEntityOfPage":{"@id":"https:\/\/portaltela.pt\/noticias\/2026\/02\/23\/alfandega-da-fe-constroi-praia-nos-lagos-do-sabor\/"},"wordCount":291,"image":{"@id":"https:\/\/portaltela.pt\/noticias\/2026\/02\/23\/alfandega-da-fe-constroi-praia-nos-lagos-do-sabor\/#primaryimage"},"thumbnailUrl":"https:\/\/portaltela.pt\/s.01k8rhncp4jt1\/2026\/02\/2069244.jpg","keywords":["\u00e1gua","Alf\u00e2ndega","ambiente","desenvolvimento regional","infraestrutura","turismo"],"articleSection":["Not\u00edcias"],"inLanguage":"pt-PT"},{"@type":"WebPage","@id":"https:\/\/portaltela.pt\/noticias\/2026\/02\/23\/alfandega-da-fe-constroi-praia-nos-lagos-do-sabor\/","url":"https:\/\/portaltela.pt\/noticias\/2026\/02\/23\/alfandega-da-fe-constroi-praia-nos-lagos-do-sabor\/","name":"Alf\u00e2ndega da F\u00e9 constr\u00f3i praia nos Lagos do Sabor - Portal Tela Portugal","isPartOf":{"@id":"https:\/\/portaltela.pt\/#website"},"primaryImageOfPage":{"@id":"https:\/\/portaltela.pt\/noticias\/2026\/02\/23\/alfandega-da-fe-constroi-praia-nos-lagos-do-sabor\/#primaryimage"},"image":{"@id":"https:\/\/portaltela.pt\/noticias\/2026\/02\/23\/alfandega-da-fe-constroi-praia-nos-lagos-do-sabor\/#primaryimage"},"thumbnailUrl":"https:\/\/portaltela.pt\/s.01k8rhncp4jt1\/2026\/02\/2069244.jpg","datePublished":"2026-02-23T19:27:00+00:00","author":{"@id":"https:\/\/portaltela.pt\/#\/schema\/person\/c4278d4a6028830caff9ee44b42d32ed"},"breadcrumb":{"@id":"https:\/\/portaltela.pt\/noticias\/2026\/02\/23\/alfandega-da-fe-constroi-praia-nos-lagos-do-sabor\/#breadcrumb"},"inLanguage":"pt-PT","potentialAction":[{"@type":"ReadAction","target":["https:\/\/portaltela.pt\/noticias\/2026\/02\/23\/alfandega-da-fe-constroi-praia-nos-lagos-do-sabor\/"]}]},{"@type":"ImageObject","inLanguage":"pt-PT","@id":"https:\/\/portaltela.pt\/noticias\/2026\/02\/23\/alfandega-da-fe-constroi-praia-nos-lagos-do-sabor\/#primaryimage","url":"https:\/\/portaltela.pt\/s.01k8rhncp4jt1\/2026\/02\/2069244.jpg","contentUrl":"https:\/\/portaltela.pt\/s.01k8rhncp4jt1\/2026\/02\/2069244.jpg","width":796,"height":448,"caption":"H\u00e1 uma d\u00e9cada que o projecto da praia de Alf\u00e2ndega da F\u00e9 nos Lagos do Sabor \u00e9 reivindicado"},{"@type":"BreadcrumbList","@id":"https:\/\/portaltela.pt\/noticias\/2026\/02\/23\/alfandega-da-fe-constroi-praia-nos-lagos-do-sabor\/#breadcrumb","itemListElement":[{"@type":"ListItem","position":1,"name":"In\u00edcio","item":"https:\/\/portaltela.pt\/"},{"@type":"ListItem","position":2,"name":"Alf\u00e2ndega da F\u00e9 constr\u00f3i praia nos Lagos do Sabor"}]},{"@type":"WebSite","@id":"https:\/\/portaltela.pt\/#website","url":"https:\/\/portaltela.pt\/","name":"Portal Tela Portugal","description":"","potentialAction":[{"@type":"SearchAction","target":{"@type":"EntryPoint","urlTemplate":"https:\/\/portaltela.pt\/?s={search_term_string}"},"query-input":{"@type":"PropertyValueSpecification","valueRequired":true,"valueName":"search_term_string"}}],"inLanguage":"pt-PT"},{"@type":"Person","@id":"https:\/\/portaltela.pt\/#\/schema\/person\/c4278d4a6028830caff9ee44b42d32ed","name":"Telinha","image":{"@type":"ImageObject","inLanguage":"pt-PT","@id":"https:\/\/portaltela.pt\/s.01k8rhncp4jt1\/2025\/11\/talking-bot-125x125.png","url":"https:\/\/portaltela.pt\/s.01k8rhncp4jt1\/2025\/11\/talking-bot-125x125.png","contentUrl":"https:\/\/portaltela.pt\/s.01k8rhncp4jt1\/2025\/11\/talking-bot-125x125.png","caption":"Telinha"},"sameAs":["https:\/\/portaltela.pt\/"],"url":"https:\/\/portaltela.pt\/por\/367410592786\/"}]}},"_links":{"self":[{"href":"https:\/\/portaltela.pt\/api\/wp\/v2\/posts\/223334","targetHints":{"allow":["GET"]}}],"collection":[{"href":"https:\/\/portaltela.pt\/api\/wp\/v2\/posts"}],"about":[{"href":"https:\/\/portaltela.pt\/api\/wp\/v2\/types\/post"}],"author":[{"embeddable":true,"href":"https:\/\/portaltela.pt\/api\/wp\/v2\/users\/2"}],"replies":[{"embeddable":true,"href":"https:\/\/portaltela.pt\/api\/wp\/v2\/comments?post=223334"}],"version-history":[{"count":0,"href":"https:\/\/portaltela.pt\/api\/wp\/v2\/posts\/223334\/revisions"}],"wp:featuredmedia":[{"embeddable":true,"href":"https:\/\/portaltela.pt\/api\/wp\/v2\/media\/223337"}],"wp:attachment":[{"href":"https:\/\/portaltela.pt\/api\/wp\/v2\/media?parent=223334"}],"wp:term":[{"taxonomy":"category","embeddable":true,"href":"https:\/\/portaltela.pt\/api\/wp\/v2\/categories?post=223334"},{"taxonomy":"post_tag","embeddable":true,"href":"https:\/\/portaltela.pt\/api\/wp\/v2\/tags?post=223334"}],"curies":[{"name":"wp","href":"https:\/\/api.w.org\/{rel}","templated":true}]}}