{"id":223307,"date":"2026-02-23T16:18:15","date_gmt":"2026-02-23T19:18:15","guid":{"rendered":"https:\/\/portaltela.pt\/noticias\/2026\/02\/23\/comandante-dos-bombeiros-voluntarios-de-vimioso-apresenta-demissao\/"},"modified":"2026-02-23T16:18:15","modified_gmt":"2026-02-23T19:18:15","slug":"comandante-dos-bombeiros-voluntarios-de-vimioso-apresenta-demissao","status":"publish","type":"post","link":"https:\/\/portaltela.pt\/noticias\/2026\/02\/23\/comandante-dos-bombeiros-voluntarios-de-vimioso-apresenta-demissao\/","title":{"rendered":"Comandante dos Bombeiros Volunt\u00e1rios de Vimioso apresenta demiss\u00e3o"},"content":{"rendered":"<p>O comandante dos Bombeiros Volunt\u00e1rios de Vimioso (BVV), no distrito de Bragan\u00e7a, apresentou a sua demiss\u00e3o esta segunda-feira, em confronto com a dire\u00e7\u00e3o da associa\u00e7\u00e3o. A informa\u00e7\u00e3o foi confirmada pelo comandante sub-regional das Terras de Tr\u00e1s-os-Montes.<\/p>\n<p>Segundo Jo\u00e3o Noel Afonso, a origem da demiss\u00e3o poder\u00e1 estar ligada a diverg\u00eancias entre a estrutura de comando, liderada por Lu\u00eds Videira, e a dire\u00e7\u00e3o do BVV. A demiss\u00e3o ainda n\u00e3o chegou de forma oficial, mas j\u00e1 foi comunicada verbalmente ao \u00f3rg\u00e3o competente.<\/p>\n<p>Com a sa\u00edda do comandante, o BVV passa a ser chefiado pelo elemento mais graduado entre os seus efectivos. Lu\u00eds Videira, com 41 anos, acumula fun\u00e7\u00f5es na Comiss\u00e3o Nacional de Emerg\u00eancia e Prote\u00e7\u00e3o Civil (ANEPC), onde \u00e9 operador de comunica\u00e7\u00f5es no Comando Sub-regional das Terras de Tr\u00e1s-os-Montes.<\/p>\n<p>Videira iniciou a carreira nos bombeiros de Pinhel, na Guarda, onde atingiu o posto de subchefe. Desde novembro de 2024 permanece vazio o comando do BVV, ap\u00f3s a demiss\u00e3o do anterior respons\u00e1vel, Ant\u00f3nio Sutil, que afirmou que a decis\u00e3o era irrevers\u00edvel e passou ao quadro de honra.<\/p>\n<p>A corpora\u00e7\u00e3o de Vimioso conta, no ativo, com cerca de 60 operacionais e 30 ve\u00edculos. Os meios asseguram o socorro \u00e0 popula\u00e7\u00e3o, o combate a inc\u00eandios urbanos e florestais, bem como o transporte de doentes para unidades hospitalares da regi\u00e3o Norte e Centro.<\/p>\n","protected":false},"excerpt":{"rendered":"<ul>\n<li>O comandante Lu\u00eds Videira apresentou a demiss\u00e3o, alegando diverg\u00eancias com a dire\u00e7\u00e3o dos Bombeiros Volunt\u00e1rios de Vimioso.<\/li>\n<li>A demiss\u00e3o ainda n\u00e3o foi recebida formalmente, apenas de forma verbal, segundo o comando sub-regional.<\/li>\n<li>O BVV passa a ser comandado pelo elemento mais graduado das suas fileiras.<\/li>\n<li>Videira tem quarenta e um anos e \u00e9 funcion\u00e1rio da Autoridade Nacional de Emerg\u00eancia e Prote\u00e7\u00e3o Civil (ANEPC), onde desempenha fun\u00e7\u00f5es de operador de comunica\u00e7\u00f5es.<\/li>\n<li>A corpora\u00e7\u00e3o tem no quadro ativo cerca de sessenta operacionais e trinta ve\u00edculos.<\/li>\n<\/ul>\n","protected":false},"author":2,"featured_media":223309,"comment_status":"closed","ping_status":"closed","sticky":false,"template":"","format":"standard","meta":{"footnotes":""},"categories":[1],"tags":[4340,4351,906,2327,5757,1811],"class_list":["post-223307","post","type-post","status-publish","format-standard","has-post-thumbnail","hentry","category-noticias","tag-anepc","tag-bombeiros-voluntarios","tag-braganca","tag-comando","tag-demissao","tag-tras-os-montes"],"yoast_head":"<!-- This site is optimized with the Yoast SEO plugin v27.2 - https:\/\/yoast.com\/product\/yoast-seo-wordpress\/ -->\n<title>Comandante dos Bombeiros Volunt\u00e1rios de Vimioso apresenta demiss\u00e3o - Portal Tela Portugal<\/title>\n<meta name=\"robots\" content=\"index, follow, max-snippet:-1, max-image-preview:large, max-video-preview:-1\" \/>\n<meta property=\"og:locale\" content=\"pt_PT\" \/>\n<meta property=\"og:type\" content=\"article\" \/>\n<meta property=\"og:title\" content=\"Comandante dos Bombeiros Volunt\u00e1rios de Vimioso apresenta demiss\u00e3o - Portal Tela Portugal\" \/>\n<meta property=\"og:description\" content=\"O comandante Lu\u00eds Videira apresentou a demiss\u00e3o, alegando diverg\u00eancias com a dire\u00e7\u00e3o dos Bombeiros Volunt\u00e1rios de Vimioso. A demiss\u00e3o ainda n\u00e3o foi recebida formalmente, apenas de forma verbal, segundo o comando sub-regional. O BVV passa a ser comandado pelo elemento mais graduado das suas fileiras. Videira tem quarenta e um anos e \u00e9 funcion\u00e1rio da Autoridade Nacional de Emerg\u00eancia e Prote\u00e7\u00e3o Civil (ANEPC), onde desempenha fun\u00e7\u00f5es de operador de comunica\u00e7\u00f5es. A corpora\u00e7\u00e3o tem no quadro ativo cerca de sessenta operacionais e trinta ve\u00edculos.\" \/>\n<meta property=\"og:url\" content=\"https:\/\/portaltela.pt\/noticias\/2026\/02\/23\/comandante-dos-bombeiros-voluntarios-de-vimioso-apresenta-demissao\/\" \/>\n<meta property=\"og:site_name\" content=\"Portal Tela Portugal\" \/>\n<meta property=\"article:published_time\" content=\"2026-02-23T19:18:15+00:00\" \/>\n<meta name=\"author\" content=\"Telinha\" \/>\n<meta name=\"twitter:card\" content=\"summary_large_image\" \/>\n<meta name=\"twitter:label1\" content=\"Escrito por\" \/>\n\t<meta name=\"twitter:data1\" content=\"Telinha\" \/>\n\t<meta name=\"twitter:label2\" content=\"Tempo estimado de leitura\" \/>\n\t<meta name=\"twitter:data2\" content=\"1 minuto\" \/>\n<script type=\"application\/ld+json\" class=\"yoast-schema-graph\">{\"@context\":\"https:\/\/schema.org\",\"@graph\":[{\"@type\":\"Article\",\"@id\":\"https:\/\/portaltela.pt\/noticias\/2026\/02\/23\/comandante-dos-bombeiros-voluntarios-de-vimioso-apresenta-demissao\/#article\",\"isPartOf\":{\"@id\":\"https:\/\/portaltela.pt\/noticias\/2026\/02\/23\/comandante-dos-bombeiros-voluntarios-de-vimioso-apresenta-demissao\/\"},\"author\":{\"name\":\"Telinha\",\"@id\":\"https:\/\/portaltela.pt\/#\/schema\/person\/c4278d4a6028830caff9ee44b42d32ed\"},\"headline\":\"Comandante dos Bombeiros Volunt\u00e1rios de Vimioso apresenta demiss\u00e3o\",\"datePublished\":\"2026-02-23T19:18:15+00:00\",\"mainEntityOfPage\":{\"@id\":\"https:\/\/portaltela.pt\/noticias\/2026\/02\/23\/comandante-dos-bombeiros-voluntarios-de-vimioso-apresenta-demissao\/\"},\"wordCount\":254,\"image\":{\"@id\":\"https:\/\/portaltela.pt\/noticias\/2026\/02\/23\/comandante-dos-bombeiros-voluntarios-de-vimioso-apresenta-demissao\/#primaryimage\"},\"thumbnailUrl\":\"https:\/\/portaltela.pt\/s.01k8rhncp4jt1\/2026\/02\/img_1500x1000uu2023-04-12-10-38-06-1322787-7.jpg\",\"keywords\":[\"ANEPC\",\"Bombeiros Volunt\u00e1rios\",\"Bragan\u00e7a\",\"comando\",\"demiss\u00e3o\",\"Tr\u00e1s-os-Montes\"],\"articleSection\":[\"Not\u00edcias\"],\"inLanguage\":\"pt-PT\"},{\"@type\":\"WebPage\",\"@id\":\"https:\/\/portaltela.pt\/noticias\/2026\/02\/23\/comandante-dos-bombeiros-voluntarios-de-vimioso-apresenta-demissao\/\",\"url\":\"https:\/\/portaltela.pt\/noticias\/2026\/02\/23\/comandante-dos-bombeiros-voluntarios-de-vimioso-apresenta-demissao\/\",\"name\":\"Comandante dos Bombeiros Volunt\u00e1rios de Vimioso apresenta demiss\u00e3o - Portal Tela Portugal\",\"isPartOf\":{\"@id\":\"https:\/\/portaltela.pt\/#website\"},\"primaryImageOfPage\":{\"@id\":\"https:\/\/portaltela.pt\/noticias\/2026\/02\/23\/comandante-dos-bombeiros-voluntarios-de-vimioso-apresenta-demissao\/#primaryimage\"},\"image\":{\"@id\":\"https:\/\/portaltela.pt\/noticias\/2026\/02\/23\/comandante-dos-bombeiros-voluntarios-de-vimioso-apresenta-demissao\/#primaryimage\"},\"thumbnailUrl\":\"https:\/\/portaltela.pt\/s.01k8rhncp4jt1\/2026\/02\/img_1500x1000uu2023-04-12-10-38-06-1322787-7.jpg\",\"datePublished\":\"2026-02-23T19:18:15+00:00\",\"author\":{\"@id\":\"https:\/\/portaltela.pt\/#\/schema\/person\/c4278d4a6028830caff9ee44b42d32ed\"},\"breadcrumb\":{\"@id\":\"https:\/\/portaltela.pt\/noticias\/2026\/02\/23\/comandante-dos-bombeiros-voluntarios-de-vimioso-apresenta-demissao\/#breadcrumb\"},\"inLanguage\":\"pt-PT\",\"potentialAction\":[{\"@type\":\"ReadAction\",\"target\":[\"https:\/\/portaltela.pt\/noticias\/2026\/02\/23\/comandante-dos-bombeiros-voluntarios-de-vimioso-apresenta-demissao\/\"]}]},{\"@type\":\"ImageObject\",\"inLanguage\":\"pt-PT\",\"@id\":\"https:\/\/portaltela.pt\/noticias\/2026\/02\/23\/comandante-dos-bombeiros-voluntarios-de-vimioso-apresenta-demissao\/#primaryimage\",\"url\":\"https:\/\/portaltela.pt\/s.01k8rhncp4jt1\/2026\/02\/img_1500x1000uu2023-04-12-10-38-06-1322787-7.jpg\",\"contentUrl\":\"https:\/\/portaltela.pt\/s.01k8rhncp4jt1\/2026\/02\/img_1500x1000uu2023-04-12-10-38-06-1322787-7.jpg\",\"width\":796,\"height\":448,\"caption\":\"Bombeiros\"},{\"@type\":\"BreadcrumbList\",\"@id\":\"https:\/\/portaltela.pt\/noticias\/2026\/02\/23\/comandante-dos-bombeiros-voluntarios-de-vimioso-apresenta-demissao\/#breadcrumb\",\"itemListElement\":[{\"@type\":\"ListItem\",\"position\":1,\"name\":\"In\u00edcio\",\"item\":\"https:\/\/portaltela.pt\/\"},{\"@type\":\"ListItem\",\"position\":2,\"name\":\"Comandante dos Bombeiros Volunt\u00e1rios de Vimioso apresenta demiss\u00e3o\"}]},{\"@type\":\"WebSite\",\"@id\":\"https:\/\/portaltela.pt\/#website\",\"url\":\"https:\/\/portaltela.pt\/\",\"name\":\"Portal Tela Portugal\",\"description\":\"\",\"potentialAction\":[{\"@type\":\"SearchAction\",\"target\":{\"@type\":\"EntryPoint\",\"urlTemplate\":\"https:\/\/portaltela.pt\/?s={search_term_string}\"},\"query-input\":{\"@type\":\"PropertyValueSpecification\",\"valueRequired\":true,\"valueName\":\"search_term_string\"}}],\"inLanguage\":\"pt-PT\"},{\"@type\":\"Person\",\"@id\":\"https:\/\/portaltela.pt\/#\/schema\/person\/c4278d4a6028830caff9ee44b42d32ed\",\"name\":\"Telinha\",\"image\":{\"@type\":\"ImageObject\",\"inLanguage\":\"pt-PT\",\"@id\":\"https:\/\/portaltela.pt\/s.01k8rhncp4jt1\/2025\/11\/talking-bot-125x125.png\",\"url\":\"https:\/\/portaltela.pt\/s.01k8rhncp4jt1\/2025\/11\/talking-bot-125x125.png\",\"contentUrl\":\"https:\/\/portaltela.pt\/s.01k8rhncp4jt1\/2025\/11\/talking-bot-125x125.png\",\"caption\":\"Telinha\"},\"sameAs\":[\"https:\/\/portaltela.pt\/\"],\"url\":\"https:\/\/portaltela.pt\/por\/367410592786\/\"}]}<\/script>\n<!-- \/ Yoast SEO plugin. -->","yoast_head_json":{"title":"Comandante dos Bombeiros Volunt\u00e1rios de Vimioso apresenta demiss\u00e3o - Portal Tela Portugal","robots":{"index":"index","follow":"follow","max-snippet":"max-snippet:-1","max-image-preview":"max-image-preview:large","max-video-preview":"max-video-preview:-1"},"og_locale":"pt_PT","og_type":"article","og_title":"Comandante dos Bombeiros Volunt\u00e1rios de Vimioso apresenta demiss\u00e3o - Portal Tela Portugal","og_description":"O comandante Lu\u00eds Videira apresentou a demiss\u00e3o, alegando diverg\u00eancias com a dire\u00e7\u00e3o dos Bombeiros Volunt\u00e1rios de Vimioso. A demiss\u00e3o ainda n\u00e3o foi recebida formalmente, apenas de forma verbal, segundo o comando sub-regional. O BVV passa a ser comandado pelo elemento mais graduado das suas fileiras. Videira tem quarenta e um anos e \u00e9 funcion\u00e1rio da Autoridade Nacional de Emerg\u00eancia e Prote\u00e7\u00e3o Civil (ANEPC), onde desempenha fun\u00e7\u00f5es de operador de comunica\u00e7\u00f5es. A corpora\u00e7\u00e3o tem no quadro ativo cerca de sessenta operacionais e trinta ve\u00edculos.","og_url":"https:\/\/portaltela.pt\/noticias\/2026\/02\/23\/comandante-dos-bombeiros-voluntarios-de-vimioso-apresenta-demissao\/","og_site_name":"Portal Tela Portugal","article_published_time":"2026-02-23T19:18:15+00:00","author":"Telinha","twitter_card":"summary_large_image","twitter_misc":{"Escrito por":"Telinha","Tempo estimado de leitura":"1 minuto"},"schema":{"@context":"https:\/\/schema.org","@graph":[{"@type":"Article","@id":"https:\/\/portaltela.pt\/noticias\/2026\/02\/23\/comandante-dos-bombeiros-voluntarios-de-vimioso-apresenta-demissao\/#article","isPartOf":{"@id":"https:\/\/portaltela.pt\/noticias\/2026\/02\/23\/comandante-dos-bombeiros-voluntarios-de-vimioso-apresenta-demissao\/"},"author":{"name":"Telinha","@id":"https:\/\/portaltela.pt\/#\/schema\/person\/c4278d4a6028830caff9ee44b42d32ed"},"headline":"Comandante dos Bombeiros Volunt\u00e1rios de Vimioso apresenta demiss\u00e3o","datePublished":"2026-02-23T19:18:15+00:00","mainEntityOfPage":{"@id":"https:\/\/portaltela.pt\/noticias\/2026\/02\/23\/comandante-dos-bombeiros-voluntarios-de-vimioso-apresenta-demissao\/"},"wordCount":254,"image":{"@id":"https:\/\/portaltela.pt\/noticias\/2026\/02\/23\/comandante-dos-bombeiros-voluntarios-de-vimioso-apresenta-demissao\/#primaryimage"},"thumbnailUrl":"https:\/\/portaltela.pt\/s.01k8rhncp4jt1\/2026\/02\/img_1500x1000uu2023-04-12-10-38-06-1322787-7.jpg","keywords":["ANEPC","Bombeiros Volunt\u00e1rios","Bragan\u00e7a","comando","demiss\u00e3o","Tr\u00e1s-os-Montes"],"articleSection":["Not\u00edcias"],"inLanguage":"pt-PT"},{"@type":"WebPage","@id":"https:\/\/portaltela.pt\/noticias\/2026\/02\/23\/comandante-dos-bombeiros-voluntarios-de-vimioso-apresenta-demissao\/","url":"https:\/\/portaltela.pt\/noticias\/2026\/02\/23\/comandante-dos-bombeiros-voluntarios-de-vimioso-apresenta-demissao\/","name":"Comandante dos Bombeiros Volunt\u00e1rios de Vimioso apresenta demiss\u00e3o - Portal Tela Portugal","isPartOf":{"@id":"https:\/\/portaltela.pt\/#website"},"primaryImageOfPage":{"@id":"https:\/\/portaltela.pt\/noticias\/2026\/02\/23\/comandante-dos-bombeiros-voluntarios-de-vimioso-apresenta-demissao\/#primaryimage"},"image":{"@id":"https:\/\/portaltela.pt\/noticias\/2026\/02\/23\/comandante-dos-bombeiros-voluntarios-de-vimioso-apresenta-demissao\/#primaryimage"},"thumbnailUrl":"https:\/\/portaltela.pt\/s.01k8rhncp4jt1\/2026\/02\/img_1500x1000uu2023-04-12-10-38-06-1322787-7.jpg","datePublished":"2026-02-23T19:18:15+00:00","author":{"@id":"https:\/\/portaltela.pt\/#\/schema\/person\/c4278d4a6028830caff9ee44b42d32ed"},"breadcrumb":{"@id":"https:\/\/portaltela.pt\/noticias\/2026\/02\/23\/comandante-dos-bombeiros-voluntarios-de-vimioso-apresenta-demissao\/#breadcrumb"},"inLanguage":"pt-PT","potentialAction":[{"@type":"ReadAction","target":["https:\/\/portaltela.pt\/noticias\/2026\/02\/23\/comandante-dos-bombeiros-voluntarios-de-vimioso-apresenta-demissao\/"]}]},{"@type":"ImageObject","inLanguage":"pt-PT","@id":"https:\/\/portaltela.pt\/noticias\/2026\/02\/23\/comandante-dos-bombeiros-voluntarios-de-vimioso-apresenta-demissao\/#primaryimage","url":"https:\/\/portaltela.pt\/s.01k8rhncp4jt1\/2026\/02\/img_1500x1000uu2023-04-12-10-38-06-1322787-7.jpg","contentUrl":"https:\/\/portaltela.pt\/s.01k8rhncp4jt1\/2026\/02\/img_1500x1000uu2023-04-12-10-38-06-1322787-7.jpg","width":796,"height":448,"caption":"Bombeiros"},{"@type":"BreadcrumbList","@id":"https:\/\/portaltela.pt\/noticias\/2026\/02\/23\/comandante-dos-bombeiros-voluntarios-de-vimioso-apresenta-demissao\/#breadcrumb","itemListElement":[{"@type":"ListItem","position":1,"name":"In\u00edcio","item":"https:\/\/portaltela.pt\/"},{"@type":"ListItem","position":2,"name":"Comandante dos Bombeiros Volunt\u00e1rios de Vimioso apresenta demiss\u00e3o"}]},{"@type":"WebSite","@id":"https:\/\/portaltela.pt\/#website","url":"https:\/\/portaltela.pt\/","name":"Portal Tela Portugal","description":"","potentialAction":[{"@type":"SearchAction","target":{"@type":"EntryPoint","urlTemplate":"https:\/\/portaltela.pt\/?s={search_term_string}"},"query-input":{"@type":"PropertyValueSpecification","valueRequired":true,"valueName":"search_term_string"}}],"inLanguage":"pt-PT"},{"@type":"Person","@id":"https:\/\/portaltela.pt\/#\/schema\/person\/c4278d4a6028830caff9ee44b42d32ed","name":"Telinha","image":{"@type":"ImageObject","inLanguage":"pt-PT","@id":"https:\/\/portaltela.pt\/s.01k8rhncp4jt1\/2025\/11\/talking-bot-125x125.png","url":"https:\/\/portaltela.pt\/s.01k8rhncp4jt1\/2025\/11\/talking-bot-125x125.png","contentUrl":"https:\/\/portaltela.pt\/s.01k8rhncp4jt1\/2025\/11\/talking-bot-125x125.png","caption":"Telinha"},"sameAs":["https:\/\/portaltela.pt\/"],"url":"https:\/\/portaltela.pt\/por\/367410592786\/"}]}},"_links":{"self":[{"href":"https:\/\/portaltela.pt\/api\/wp\/v2\/posts\/223307","targetHints":{"allow":["GET"]}}],"collection":[{"href":"https:\/\/portaltela.pt\/api\/wp\/v2\/posts"}],"about":[{"href":"https:\/\/portaltela.pt\/api\/wp\/v2\/types\/post"}],"author":[{"embeddable":true,"href":"https:\/\/portaltela.pt\/api\/wp\/v2\/users\/2"}],"replies":[{"embeddable":true,"href":"https:\/\/portaltela.pt\/api\/wp\/v2\/comments?post=223307"}],"version-history":[{"count":0,"href":"https:\/\/portaltela.pt\/api\/wp\/v2\/posts\/223307\/revisions"}],"wp:featuredmedia":[{"embeddable":true,"href":"https:\/\/portaltela.pt\/api\/wp\/v2\/media\/223309"}],"wp:attachment":[{"href":"https:\/\/portaltela.pt\/api\/wp\/v2\/media?parent=223307"}],"wp:term":[{"taxonomy":"category","embeddable":true,"href":"https:\/\/portaltela.pt\/api\/wp\/v2\/categories?post=223307"},{"taxonomy":"post_tag","embeddable":true,"href":"https:\/\/portaltela.pt\/api\/wp\/v2\/tags?post=223307"}],"curies":[{"name":"wp","href":"https:\/\/api.w.org\/{rel}","templated":true}]}}